{"id":18170,"date":"2026-08-28T10:00:00","date_gmt":"2026-08-28T10:00:00","guid":{"rendered":"https:\/\/aeroespacio.com.ar\/?p=18170"},"modified":"2026-08-31T15:31:46","modified_gmt":"2026-08-31T15:31:46","slug":"el-avion-electrico-mas-grande-completa-su-primer-vuelo","status":"publish","type":"post","link":"https:\/\/aeroespacio.com.ar\/?p=18170","title":{"rendered":"El avi\u00f3n el\u00e9ctrico m\u00e1s grande completa su primer vuelo"},"content":{"rendered":"\n<p class=\"wp-block-paragraph\">La aviaci\u00f3n propulsada por bater\u00edas alcanz\u00f3 un nuevo punto de referencia con el primer vuelo del X1, el demostrador a escala real desarrollado por Heart Aerospace para poner a prueba las soluciones que luego servir\u00e1n para el futuro ES-30. La aeronave despeg\u00f3 desde el Aeropuerto Internacional de Plattsburgh, en el estado de Nueva York, y se convirti\u00f3 en el aparato propulsado por bater\u00edas de mayor tama\u00f1o que haya volado hasta ahora.<\/p>\n\n\n\n<figure class=\"wp-block-image size-large\"><img fetchpriority=\"high\" decoding=\"async\" width=\"1024\" height=\"731\" src=\"https:\/\/aeroespacio.com.ar\/wp-content\/uploads\/2026\/08\/Avion-electrico_1-1-1024x731.jpg\" alt=\"\" class=\"wp-image-18174\" srcset=\"https:\/\/aeroespacio.com.ar\/wp-content\/uploads\/2026\/08\/Avion-electrico_1-1-1024x731.jpg 1024w, https:\/\/aeroespacio.com.ar\/wp-content\/uploads\/2026\/08\/Avion-electrico_1-1-300x214.jpg 300w, https:\/\/aeroespacio.com.ar\/wp-content\/uploads\/2026\/08\/Avion-electrico_1-1-768x548.jpg 768w, https:\/\/aeroespacio.com.ar\/wp-content\/uploads\/2026\/08\/Avion-electrico_1-1.jpg 1080w\" sizes=\"(max-width: 1024px) 100vw, 1024px\" \/><\/figure>\n\n\n\n<p class=\"wp-block-paragraph\">La prueba tuvo lugar el 12 de agosto y se extendi\u00f3 durante 27 minutos. Con un piloto a bordo, el X1 alcanz\u00f3 una altura m\u00e1xima de 335 metros sobre el terreno, mientras su planta motriz entreg\u00f3 m\u00e1s de un megavatio de potencia. El ensayo permiti\u00f3 obtener datos sobre el comportamiento de una plataforma concebida para trasladar esta tecnolog\u00eda hacia una escala cercana a la requerida por el transporte de pasajeros.<\/p>\n\n\n\n<p class=\"wp-block-paragraph\">El X1 posee una envergadura de 32,3 metros, un fuselaje de poco m\u00e1s de 23 metros y un peso de despegue superior a 11 300 kilos. Cuatro motores instalados en las alas conforman su sistema de propulsi\u00f3n. Estas dimensiones lo alejan de las aeronaves el\u00e9ctricas de menor tama\u00f1o y permiten evaluar componentes, estructuras y procedimientos bajo condiciones pr\u00f3ximas a las de un avi\u00f3n regional.<\/p>\n\n\n\n<p class=\"wp-block-paragraph\">Antes de llegar a esta instancia, el proyecto atraves\u00f3 ensayos estructurales, controles de sistemas y pruebas de rodaje a distintas velocidades. En julio, la Administraci\u00f3n Federal de Aviaci\u00f3n de Estados Unidos (FAA) otorg\u00f3 un Certificado Especial de Aeronavegabilidad en categor\u00eda experimental necesario para comenzar la campa\u00f1a a\u00e9rea.<\/p>\n\n\n\n<p class=\"wp-block-paragraph\">La experiencia obtenida con este modelo servir\u00e1 como base para el desarrollo del ES-30, pensado para transportar 30 pasajeros en trayectos de corta distancia. A diferencia del demostrador, que utiliza bater\u00edas como \u00fanica fuente de energ\u00eda para sus motores, el futuro producto combinar\u00e1 propulsi\u00f3n el\u00e9ctrica con un esquema h\u00edbrido destinado a extender su autonom\u00eda.<\/p>\n\n\n\n<p class=\"wp-block-paragraph\">El fabricante proyecta un alcance de 200 kil\u00f3metros bajo configuraci\u00f3n el\u00e9ctrica y unos 400 kil\u00f3metros mediante el sistema combinado, con la capacidad completa de asientos. Esa caracter\u00edstica apunta a un segmento donde las distancias son menores y los costos condicionan la continuidad de numerosas conexiones entre ciudades peque\u00f1as.<\/p>\n\n\n\n<p class=\"wp-block-paragraph\">Detr\u00e1s de la iniciativa, tambi\u00e9n aparece el desaf\u00edo de trasladar una tecnolog\u00eda experimental al servicio regular. Certificaci\u00f3n, capacidad de las bater\u00edas, infraestructura terrestre, tiempos de recarga y viabilidad econ\u00f3mica forman parte de una ecuaci\u00f3n que todav\u00eda deber\u00e1 demostrar resultados antes de llegar al mercado.<\/p>\n\n\n\n<p class=\"wp-block-paragraph\">Heart Aerospace busca avanzar sobre ese camino a partir de pruebas a escala real. El X1 no constituye el avi\u00f3n que llegar\u00e1 a las aerol\u00edneas, sino una plataforma destinada a recopilar informaci\u00f3n y validar soluciones para las pr\u00f3ximas etapas. La compa\u00f1\u00eda prev\u00e9 aplicar lo aprendido en nuevas aeronaves de ensayo hasta alcanzar una configuraci\u00f3n apta para certificaci\u00f3n.<\/p>\n\n\n\n<p class=\"wp-block-paragraph\">El primer despegue representa as\u00ed un paso concreto dentro de un programa que intenta llevar la electrificaci\u00f3n m\u00e1s all\u00e1 de los vuelos experimentales de peque\u00f1as dimensiones. El objetivo final ser\u00e1 comprobar si esta tecnolog\u00eda puede sostener operaciones regionales regulares y ofrecer una alternativa viable para rutas cortas que hoy dependen de aeronaves convencionales.<\/p>\n\n\n\n<p class=\"wp-block-paragraph\">Fuente y fotos: Heart Aerospace<\/p>\n","protected":false},"excerpt":{"rendered":"<p>La aviaci\u00f3n propulsada por bater\u00edas alcanz\u00f3 un nuevo punto de referencia con el primer vuelo del X1, el demostrador a [&hellip;]<\/p>\n","protected":false},"author":23,"featured_media":18173,"comment_status":"open","ping_status":"closed","sticky":false,"template":"","format":"standard","meta":{"site-sidebar-layout":"default","site-content-layout":"","ast-site-content-layout":"default","site-content-style":"default","site-sidebar-style":"default","ast-global-header-display":"","ast-banner-title-visibility":"","ast-main-header-display":"","ast-hfb-above-header-display":"","ast-hfb-below-header-display":"","ast-hfb-mobile-header-display":"","site-post-title":"","ast-breadcrumbs-content":"","ast-featured-img":"","footer-sml-layout":"","ast-disable-related-posts":"","theme-transparent-header-meta":"","adv-header-id-meta":"","stick-header-meta":"","header-above-stick-meta":"","header-main-stick-meta":"","header-below-stick-meta":"","astra-migrate-meta-layouts":"default","ast-page-background-enabled":"default","ast-page-background-meta":{"desktop":{"background-color":"var(--ast-global-color-5)","background-image":"","background-repeat":"repeat","background-position":"center center","background-size":"auto","background-attachment":"scroll","background-type":"","background-media":"","overlay-type":"","overlay-color":"","overlay-opacity":"","overlay-gradient":""},"tablet":{"background-color":"","background-image":"","background-repeat":"repeat","background-position":"center center","background-size":"auto","background-attachment":"scroll","background-type":"","background-media":"","overlay-type":"","overlay-color":"","overlay-opacity":"","overlay-gradient":""},"mobile":{"background-color":"","background-image":"","background-repeat":"repeat","background-position":"center center","background-size":"auto","background-attachment":"scroll","background-type":"","background-media":"","overlay-type":"","overlay-color":"","overlay-opacity":"","overlay-gradient":""}},"ast-content-background-meta":{"desktop":{"background-color":"var(--ast-global-color-4)","background-image":"","background-repeat":"repeat","background-position":"center center","background-size":"auto","background-attachment":"scroll","background-type":"","background-media":"","overlay-type":"","overlay-color":"","overlay-opacity":"","overlay-gradient":""},"tablet":{"background-color":"var(--ast-global-color-4)","background-image":"","background-repeat":"repeat","background-position":"center center","background-size":"auto","background-attachment":"scroll","background-type":"","background-media":"","overlay-type":"","overlay-color":"","overlay-opacity":"","overlay-gradient":""},"mobile":{"background-color":"var(--ast-global-color-4)","background-image":"","background-repeat":"repeat","background-position":"center center","background-size":"auto","background-attachment":"scroll","background-type":"","background-media":"","overlay-type":"","overlay-color":"","overlay-opacity":"","overlay-gradient":""}},"footnotes":""},"categories":[1434,1441],"tags":[391,2163,2165,2164],"class_list":["post-18170","post","type-post","status-publish","format-standard","has-post-thumbnail","hentry","category-aviacion-general","category-industria-y-tecnologia","tag-aviacion-3","tag-electrica","tag-heartaerospace","tag-x1"],"yoast_head":"<!-- This site is optimized with the Yoast SEO plugin v28.1 - https:\/\/yoast.com\/product\/yoast-seo-wordpress\/ -->\n<title>El avi\u00f3n el\u00e9ctrico m\u00e1s grande completa su primer vuelo - aeroespacio<\/title>\n<meta name=\"robots\" content=\"index, follow, max-snippet:-1, max-image-preview:large, max-video-preview:-1\" \/>\n<link rel=\"canonical\" href=\"https:\/\/aeroespacio.com.ar\/?p=18170\" \/>\n<meta property=\"og:locale\" content=\"es_ES\" \/>\n<meta property=\"og:type\" content=\"article\" \/>\n<meta property=\"og:title\" content=\"El avi\u00f3n el\u00e9ctrico m\u00e1s grande completa su primer vuelo - aeroespacio\" \/>\n<meta property=\"og:description\" content=\"La aviaci\u00f3n propulsada por bater\u00edas alcanz\u00f3 un nuevo punto de referencia con el primer vuelo del X1, el demostrador a [&hellip;]\" \/>\n<meta property=\"og:url\" content=\"https:\/\/aeroespacio.com.ar\/?p=18170\" \/>\n<meta property=\"og:site_name\" content=\"aeroespacio\" \/>\n<meta property=\"article:published_time\" content=\"2026-08-28T10:00:00+00:00\" \/>\n<meta property=\"article:modified_time\" content=\"2026-08-31T15:31:46+00:00\" \/>\n<meta property=\"og:image\" content=\"https:\/\/aeroespacio.com.ar\/wp-content\/uploads\/2026\/08\/Avion-electrico_2-1.jpg\" \/>\n\t<meta property=\"og:image:width\" content=\"1280\" \/>\n\t<meta property=\"og:image:height\" content=\"853\" \/>\n\t<meta property=\"og:image:type\" content=\"image\/jpeg\" \/>\n<meta name=\"author\" content=\"MARIA SONZINI\" \/>\n<meta name=\"twitter:card\" content=\"summary_large_image\" \/>\n<meta name=\"twitter:label1\" content=\"Escrito por\" \/>\n\t<meta name=\"twitter:data1\" content=\"MARIA SONZINI\" \/>\n\t<meta name=\"twitter:label2\" content=\"Tiempo de lectura\" \/>\n\t<meta name=\"twitter:data2\" content=\"3 minutos\" \/>\n<script type=\"application\/ld+json\" class=\"yoast-schema-graph\">{\"@context\":\"https:\\\/\\\/schema.org\",\"@graph\":[{\"@type\":\"Article\",\"@id\":\"https:\\\/\\\/aeroespacio.com.ar\\\/?p=18170#article\",\"isPartOf\":{\"@id\":\"https:\\\/\\\/aeroespacio.com.ar\\\/?p=18170\"},\"author\":{\"name\":\"MARIA SONZINI\",\"@id\":\"https:\\\/\\\/aeroespacio.com.ar\\\/#\\\/schema\\\/person\\\/0a7a5403db2715e34a7c5dc55faa3c6d\"},\"headline\":\"El avi\u00f3n el\u00e9ctrico m\u00e1s grande completa su primer vuelo\",\"datePublished\":\"2026-08-28T10:00:00+00:00\",\"dateModified\":\"2026-08-31T15:31:46+00:00\",\"mainEntityOfPage\":{\"@id\":\"https:\\\/\\\/aeroespacio.com.ar\\\/?p=18170\"},\"wordCount\":566,\"commentCount\":0,\"image\":{\"@id\":\"https:\\\/\\\/aeroespacio.com.ar\\\/?p=18170#primaryimage\"},\"thumbnailUrl\":\"https:\\\/\\\/aeroespacio.com.ar\\\/wp-content\\\/uploads\\\/2026\\\/08\\\/Avion-electrico_2-1.jpg\",\"keywords\":[\"Aviaci\u00f3n\",\"El\u00e9ctrica\",\"HeartAerospace\",\"X1\"],\"articleSection\":[\"Aviaci\u00f3n General\",\"Industria y Tecnolog\u00eda\"],\"inLanguage\":\"es-AR\",\"potentialAction\":[{\"@type\":\"CommentAction\",\"name\":\"Comment\",\"target\":[\"https:\\\/\\\/aeroespacio.com.ar\\\/?p=18170#respond\"]}]},{\"@type\":\"WebPage\",\"@id\":\"https:\\\/\\\/aeroespacio.com.ar\\\/?p=18170\",\"url\":\"https:\\\/\\\/aeroespacio.com.ar\\\/?p=18170\",\"name\":\"El avi\u00f3n el\u00e9ctrico m\u00e1s grande completa su primer vuelo - aeroespacio\",\"isPartOf\":{\"@id\":\"https:\\\/\\\/aeroespacio.com.ar\\\/#website\"},\"primaryImageOfPage\":{\"@id\":\"https:\\\/\\\/aeroespacio.com.ar\\\/?p=18170#primaryimage\"},\"image\":{\"@id\":\"https:\\\/\\\/aeroespacio.com.ar\\\/?p=18170#primaryimage\"},\"thumbnailUrl\":\"https:\\\/\\\/aeroespacio.com.ar\\\/wp-content\\\/uploads\\\/2026\\\/08\\\/Avion-electrico_2-1.jpg\",\"datePublished\":\"2026-08-28T10:00:00+00:00\",\"dateModified\":\"2026-08-31T15:31:46+00:00\",\"author\":{\"@id\":\"https:\\\/\\\/aeroespacio.com.ar\\\/#\\\/schema\\\/person\\\/0a7a5403db2715e34a7c5dc55faa3c6d\"},\"breadcrumb\":{\"@id\":\"https:\\\/\\\/aeroespacio.com.ar\\\/?p=18170#breadcrumb\"},\"inLanguage\":\"es-AR\",\"potentialAction\":[{\"@type\":\"ReadAction\",\"target\":[\"https:\\\/\\\/aeroespacio.com.ar\\\/?p=18170\"]}]},{\"@type\":\"ImageObject\",\"inLanguage\":\"es-AR\",\"@id\":\"https:\\\/\\\/aeroespacio.com.ar\\\/?p=18170#primaryimage\",\"url\":\"https:\\\/\\\/aeroespacio.com.ar\\\/wp-content\\\/uploads\\\/2026\\\/08\\\/Avion-electrico_2-1.jpg\",\"contentUrl\":\"https:\\\/\\\/aeroespacio.com.ar\\\/wp-content\\\/uploads\\\/2026\\\/08\\\/Avion-electrico_2-1.jpg\",\"width\":1280,\"height\":853},{\"@type\":\"BreadcrumbList\",\"@id\":\"https:\\\/\\\/aeroespacio.com.ar\\\/?p=18170#breadcrumb\",\"itemListElement\":[{\"@type\":\"ListItem\",\"position\":1,\"name\":\"Inicio\",\"item\":\"https:\\\/\\\/aeroespacio.com.ar\\\/\"},{\"@type\":\"ListItem\",\"position\":2,\"name\":\"El avi\u00f3n el\u00e9ctrico m\u00e1s grande completa su primer vuelo\"}]},{\"@type\":\"WebSite\",\"@id\":\"https:\\\/\\\/aeroespacio.com.ar\\\/#website\",\"url\":\"https:\\\/\\\/aeroespacio.com.ar\\\/\",\"name\":\"aeroespacio.com.ar\",\"description\":\"\",\"potentialAction\":[{\"@type\":\"SearchAction\",\"target\":{\"@type\":\"EntryPoint\",\"urlTemplate\":\"https:\\\/\\\/aeroespacio.com.ar\\\/?s={search_term_string}\"},\"query-input\":{\"@type\":\"PropertyValueSpecification\",\"valueRequired\":true,\"valueName\":\"search_term_string\"}}],\"inLanguage\":\"es-AR\"},{\"@type\":\"Person\",\"@id\":\"https:\\\/\\\/aeroespacio.com.ar\\\/#\\\/schema\\\/person\\\/0a7a5403db2715e34a7c5dc55faa3c6d\",\"name\":\"MARIA SONZINI\",\"image\":{\"@type\":\"ImageObject\",\"inLanguage\":\"es-AR\",\"@id\":\"https:\\\/\\\/secure.gravatar.com\\\/avatar\\\/980871a93281a9e85f3caac37069d6828dcef4a411838365d080d4c510309c76?s=96&d=mm&r=g\",\"url\":\"https:\\\/\\\/secure.gravatar.com\\\/avatar\\\/980871a93281a9e85f3caac37069d6828dcef4a411838365d080d4c510309c76?s=96&d=mm&r=g\",\"contentUrl\":\"https:\\\/\\\/secure.gravatar.com\\\/avatar\\\/980871a93281a9e85f3caac37069d6828dcef4a411838365d080d4c510309c76?s=96&d=mm&r=g\",\"caption\":\"MARIA SONZINI\"},\"url\":\"https:\\\/\\\/aeroespacio.com.ar\\\/?author=23\"}]}<\/script>\n<!-- \/ Yoast SEO plugin. -->","yoast_head_json":{"title":"El avi\u00f3n el\u00e9ctrico m\u00e1s grande completa su primer vuelo - aeroespacio","robots":{"index":"index","follow":"follow","max-snippet":"max-snippet:-1","max-image-preview":"max-image-preview:large","max-video-preview":"max-video-preview:-1"},"canonical":"https:\/\/aeroespacio.com.ar\/?p=18170","og_locale":"es_ES","og_type":"article","og_title":"El avi\u00f3n el\u00e9ctrico m\u00e1s grande completa su primer vuelo - aeroespacio","og_description":"La aviaci\u00f3n propulsada por bater\u00edas alcanz\u00f3 un nuevo punto de referencia con el primer vuelo del X1, el demostrador a [&hellip;]","og_url":"https:\/\/aeroespacio.com.ar\/?p=18170","og_site_name":"aeroespacio","article_published_time":"2026-08-28T10:00:00+00:00","article_modified_time":"2026-08-31T15:31:46+00:00","og_image":[{"width":1280,"height":853,"url":"https:\/\/aeroespacio.com.ar\/wp-content\/uploads\/2026\/08\/Avion-electrico_2-1.jpg","type":"image\/jpeg"}],"author":"MARIA SONZINI","twitter_card":"summary_large_image","twitter_misc":{"Escrito por":"MARIA SONZINI","Tiempo de lectura":"3 minutos"},"schema":{"@context":"https:\/\/schema.org","@graph":[{"@type":"Article","@id":"https:\/\/aeroespacio.com.ar\/?p=18170#article","isPartOf":{"@id":"https:\/\/aeroespacio.com.ar\/?p=18170"},"author":{"name":"MARIA SONZINI","@id":"https:\/\/aeroespacio.com.ar\/#\/schema\/person\/0a7a5403db2715e34a7c5dc55faa3c6d"},"headline":"El avi\u00f3n el\u00e9ctrico m\u00e1s grande completa su primer vuelo","datePublished":"2026-08-28T10:00:00+00:00","dateModified":"2026-08-31T15:31:46+00:00","mainEntityOfPage":{"@id":"https:\/\/aeroespacio.com.ar\/?p=18170"},"wordCount":566,"commentCount":0,"image":{"@id":"https:\/\/aeroespacio.com.ar\/?p=18170#primaryimage"},"thumbnailUrl":"https:\/\/aeroespacio.com.ar\/wp-content\/uploads\/2026\/08\/Avion-electrico_2-1.jpg","keywords":["Aviaci\u00f3n","El\u00e9ctrica","HeartAerospace","X1"],"articleSection":["Aviaci\u00f3n General","Industria y Tecnolog\u00eda"],"inLanguage":"es-AR","potentialAction":[{"@type":"CommentAction","name":"Comment","target":["https:\/\/aeroespacio.com.ar\/?p=18170#respond"]}]},{"@type":"WebPage","@id":"https:\/\/aeroespacio.com.ar\/?p=18170","url":"https:\/\/aeroespacio.com.ar\/?p=18170","name":"El avi\u00f3n el\u00e9ctrico m\u00e1s grande completa su primer vuelo - aeroespacio","isPartOf":{"@id":"https:\/\/aeroespacio.com.ar\/#website"},"primaryImageOfPage":{"@id":"https:\/\/aeroespacio.com.ar\/?p=18170#primaryimage"},"image":{"@id":"https:\/\/aeroespacio.com.ar\/?p=18170#primaryimage"},"thumbnailUrl":"https:\/\/aeroespacio.com.ar\/wp-content\/uploads\/2026\/08\/Avion-electrico_2-1.jpg","datePublished":"2026-08-28T10:00:00+00:00","dateModified":"2026-08-31T15:31:46+00:00","author":{"@id":"https:\/\/aeroespacio.com.ar\/#\/schema\/person\/0a7a5403db2715e34a7c5dc55faa3c6d"},"breadcrumb":{"@id":"https:\/\/aeroespacio.com.ar\/?p=18170#breadcrumb"},"inLanguage":"es-AR","potentialAction":[{"@type":"ReadAction","target":["https:\/\/aeroespacio.com.ar\/?p=18170"]}]},{"@type":"ImageObject","inLanguage":"es-AR","@id":"https:\/\/aeroespacio.com.ar\/?p=18170#primaryimage","url":"https:\/\/aeroespacio.com.ar\/wp-content\/uploads\/2026\/08\/Avion-electrico_2-1.jpg","contentUrl":"https:\/\/aeroespacio.com.ar\/wp-content\/uploads\/2026\/08\/Avion-electrico_2-1.jpg","width":1280,"height":853},{"@type":"BreadcrumbList","@id":"https:\/\/aeroespacio.com.ar\/?p=18170#breadcrumb","itemListElement":[{"@type":"ListItem","position":1,"name":"Inicio","item":"https:\/\/aeroespacio.com.ar\/"},{"@type":"ListItem","position":2,"name":"El avi\u00f3n el\u00e9ctrico m\u00e1s grande completa su primer vuelo"}]},{"@type":"WebSite","@id":"https:\/\/aeroespacio.com.ar\/#website","url":"https:\/\/aeroespacio.com.ar\/","name":"aeroespacio.com.ar","description":"","potentialAction":[{"@type":"SearchAction","target":{"@type":"EntryPoint","urlTemplate":"https:\/\/aeroespacio.com.ar\/?s={search_term_string}"},"query-input":{"@type":"PropertyValueSpecification","valueRequired":true,"valueName":"search_term_string"}}],"inLanguage":"es-AR"},{"@type":"Person","@id":"https:\/\/aeroespacio.com.ar\/#\/schema\/person\/0a7a5403db2715e34a7c5dc55faa3c6d","name":"MARIA SONZINI","image":{"@type":"ImageObject","inLanguage":"es-AR","@id":"https:\/\/secure.gravatar.com\/avatar\/980871a93281a9e85f3caac37069d6828dcef4a411838365d080d4c510309c76?s=96&d=mm&r=g","url":"https:\/\/secure.gravatar.com\/avatar\/980871a93281a9e85f3caac37069d6828dcef4a411838365d080d4c510309c76?s=96&d=mm&r=g","contentUrl":"https:\/\/secure.gravatar.com\/avatar\/980871a93281a9e85f3caac37069d6828dcef4a411838365d080d4c510309c76?s=96&d=mm&r=g","caption":"MARIA SONZINI"},"url":"https:\/\/aeroespacio.com.ar\/?author=23"}]}},"rttpg_featured_image_url":{"full":["https:\/\/aeroespacio.com.ar\/wp-content\/uploads\/2026\/08\/Avion-electrico_2-1.jpg",1280,853,false],"landscape":["https:\/\/aeroespacio.com.ar\/wp-content\/uploads\/2026\/08\/Avion-electrico_2-1.jpg",1280,853,false],"portraits":["https:\/\/aeroespacio.com.ar\/wp-content\/uploads\/2026\/08\/Avion-electrico_2-1.jpg",1280,853,false],"thumbnail":["https:\/\/aeroespacio.com.ar\/wp-content\/uploads\/2026\/08\/Avion-electrico_2-1-150x150.jpg",150,150,true],"medium":["https:\/\/aeroespacio.com.ar\/wp-content\/uploads\/2026\/08\/Avion-electrico_2-1-300x200.jpg",300,200,true],"large":["https:\/\/aeroespacio.com.ar\/wp-content\/uploads\/2026\/08\/Avion-electrico_2-1-1024x682.jpg",1024,682,true],"1536x1536":["https:\/\/aeroespacio.com.ar\/wp-content\/uploads\/2026\/08\/Avion-electrico_2-1.jpg",1280,853,false],"2048x2048":["https:\/\/aeroespacio.com.ar\/wp-content\/uploads\/2026\/08\/Avion-electrico_2-1.jpg",1280,853,false]},"rttpg_author":{"display_name":"MARIA SONZINI","author_link":"https:\/\/aeroespacio.com.ar\/?author=23"},"rttpg_comment":0,"rttpg_category":"<a href=\"https:\/\/aeroespacio.com.ar\/?cat=1434\" rel=\"category\">Aviaci\u00f3n General<\/a> <a href=\"https:\/\/aeroespacio.com.ar\/?cat=1441\" rel=\"category\">Industria y Tecnolog\u00eda<\/a>","rttpg_excerpt":"La aviaci\u00f3n propulsada por bater\u00edas alcanz\u00f3 un nuevo punto de referencia con el primer vuelo del X1, el demostrador a [&hellip;]","_links":{"self":[{"href":"https:\/\/aeroespacio.com.ar\/index.php?rest_route=\/wp\/v2\/posts\/18170","targetHints":{"allow":["GET"]}}],"collection":[{"href":"https:\/\/aeroespacio.com.ar\/index.php?rest_route=\/wp\/v2\/posts"}],"about":[{"href":"https:\/\/aeroespacio.com.ar\/index.php?rest_route=\/wp\/v2\/types\/post"}],"author":[{"embeddable":true,"href":"https:\/\/aeroespacio.com.ar\/index.php?rest_route=\/wp\/v2\/users\/23"}],"replies":[{"embeddable":true,"href":"https:\/\/aeroespacio.com.ar\/index.php?rest_route=%2Fwp%2Fv2%2Fcomments&post=18170"}],"version-history":[{"count":1,"href":"https:\/\/aeroespacio.com.ar\/index.php?rest_route=\/wp\/v2\/posts\/18170\/revisions"}],"predecessor-version":[{"id":18175,"href":"https:\/\/aeroespacio.com.ar\/index.php?rest_route=\/wp\/v2\/posts\/18170\/revisions\/18175"}],"wp:featuredmedia":[{"embeddable":true,"href":"https:\/\/aeroespacio.com.ar\/index.php?rest_route=\/wp\/v2\/media\/18173"}],"wp:attachment":[{"href":"https:\/\/aeroespacio.com.ar\/index.php?rest_route=%2Fwp%2Fv2%2Fmedia&parent=18170"}],"wp:term":[{"taxonomy":"category","embeddable":true,"href":"https:\/\/aeroespacio.com.ar\/index.php?rest_route=%2Fwp%2Fv2%2Fcategories&post=18170"},{"taxonomy":"post_tag","embeddable":true,"href":"https:\/\/aeroespacio.com.ar\/index.php?rest_route=%2Fwp%2Fv2%2Ftags&post=18170"}],"curies":[{"name":"wp","href":"https:\/\/api.w.org\/{rel}","templated":true}]}}