{"id":17980,"date":"2026-04-27T14:15:53","date_gmt":"2026-04-27T14:15:53","guid":{"rendered":"https:\/\/aeroespacio.com.ar\/?p=17980"},"modified":"2026-04-27T14:15:54","modified_gmt":"2026-04-27T14:15:54","slug":"regreso-operativo-en-la-antartida-el-twin-otter-vuelve-a-escena","status":"publish","type":"post","link":"https:\/\/aeroespacio.com.ar\/?p=17980","title":{"rendered":"Regreso operativo en la Ant\u00e1rtida: el Twin Otter vuelve a escena"},"content":{"rendered":"\n<p>La Fuerza A\u00e9rea Argentina volvi\u00f3 a desplegar una de sus aeronaves m\u00e1s vers\u00e1tiles en el continente blanco. Durante abril, un DHC-6 Twin Otter oper\u00f3 nuevamente en la&nbsp;Base Conjunta Ant\u00e1rtica Marambio y recuper\u00f3 una capacidad clave para el sost\u00e9n log\u00edstico en la regi\u00f3n. La novedad fue comunicada a trav\u00e9s de los canales institucionales de la propia fuerza, que confirmaron el regreso de este sistema al escenario ant\u00e1rtico.<\/p>\n\n\n\n<figure class=\"wp-block-image size-large\"><img fetchpriority=\"high\" decoding=\"async\" width=\"1024\" height=\"576\" src=\"https:\/\/aeroespacio.com.ar\/wp-content\/uploads\/2026\/04\/TZLcZeeNRU__6ZUYHqTIM1fOld5ih1MK-BxhLXDDNIGf1vKpGam7CDkQ3JXLsA2XM42vKpOpcCxa_PvecJhuiRLblNUfuYyFGRVAI6PS7vnCnnHDrbAZDmJQ6gl305ixL_ouseRssOrWn5rgAkWyD3XZF1zMC6aER6hSaM094N_G5bEPsFwi8fhtx61rVOzW-1024x576.jpeg\" alt=\"\" class=\"wp-image-17982\" srcset=\"https:\/\/aeroespacio.com.ar\/wp-content\/uploads\/2026\/04\/TZLcZeeNRU__6ZUYHqTIM1fOld5ih1MK-BxhLXDDNIGf1vKpGam7CDkQ3JXLsA2XM42vKpOpcCxa_PvecJhuiRLblNUfuYyFGRVAI6PS7vnCnnHDrbAZDmJQ6gl305ixL_ouseRssOrWn5rgAkWyD3XZF1zMC6aER6hSaM094N_G5bEPsFwi8fhtx61rVOzW-1024x576.jpeg 1024w, https:\/\/aeroespacio.com.ar\/wp-content\/uploads\/2026\/04\/TZLcZeeNRU__6ZUYHqTIM1fOld5ih1MK-BxhLXDDNIGf1vKpGam7CDkQ3JXLsA2XM42vKpOpcCxa_PvecJhuiRLblNUfuYyFGRVAI6PS7vnCnnHDrbAZDmJQ6gl305ixL_ouseRssOrWn5rgAkWyD3XZF1zMC6aER6hSaM094N_G5bEPsFwi8fhtx61rVOzW-300x169.jpeg 300w, https:\/\/aeroespacio.com.ar\/wp-content\/uploads\/2026\/04\/TZLcZeeNRU__6ZUYHqTIM1fOld5ih1MK-BxhLXDDNIGf1vKpGam7CDkQ3JXLsA2XM42vKpOpcCxa_PvecJhuiRLblNUfuYyFGRVAI6PS7vnCnnHDrbAZDmJQ6gl305ixL_ouseRssOrWn5rgAkWyD3XZF1zMC6aER6hSaM094N_G5bEPsFwi8fhtx61rVOzW-768x432.jpeg 768w, https:\/\/aeroespacio.com.ar\/wp-content\/uploads\/2026\/04\/TZLcZeeNRU__6ZUYHqTIM1fOld5ih1MK-BxhLXDDNIGf1vKpGam7CDkQ3JXLsA2XM42vKpOpcCxa_PvecJhuiRLblNUfuYyFGRVAI6PS7vnCnnHDrbAZDmJQ6gl305ixL_ouseRssOrWn5rgAkWyD3XZF1zMC6aER6hSaM094N_G5bEPsFwi8fhtx61rVOzW.jpeg 1200w\" sizes=\"(max-width: 1024px) 100vw, 1024px\" \/><\/figure>\n\n\n\n<p>El episodio, m\u00e1s all\u00e1 de la operaci\u00f3n en s\u00ed, refleja un hecho fundamental: se vuelve a poner en servicio una herramienta pensada para resolver el tramo m\u00e1s delicado de la cadena log\u00edstica para conectar puntos aislados, sin infraestructura desarrollada y con condiciones clim\u00e1ticas y temporales que cambian de un momento a otro. En ese entorno, donde cada ventana meteorol\u00f3gica es determinante, este avi\u00f3n vuelve a ocupar un lugar que durante a\u00f1os fue central.<\/p>\n\n\n\n<p>A diferencia de otras aeronaves de mayor porte, que cubren el v\u00ednculo entre el territorio continental y Marambio, el Twin Otter est\u00e1 dise\u00f1ado para moverse dentro de la Ant\u00e1rtida. Su configuraci\u00f3n le permite operar en superficies irregulares, con despegues cortos y aterrizajes sobre nieve o hielo, algo habitual en bases alejadas. Esa capacidad, sumada a su confiabilidad, lo convierte en un recurso dif\u00edcil de reemplazar cuando se trata de llegar donde no hay pistas preparadas.<\/p>\n\n\n\n<p>Este avi\u00f3n posee un costado pr\u00e1ctico que explica su valor. Puede trasladar personal, carga liviana o responder ante una evacuaci\u00f3n sanitaria sin necesidad de grandes despliegues previos. En un contexto donde la planificaci\u00f3n se ajusta de forma constante, esa flexibilidad es tan importante como su capacidad de vuelo.<\/p>\n\n\n\n<figure class=\"wp-block-image size-large\"><img decoding=\"async\" width=\"1024\" height=\"678\" src=\"https:\/\/aeroespacio.com.ar\/wp-content\/uploads\/2026\/04\/w9srwaW5_lTU9ClT5jYyS8CqEAqHS2wMWqbXGONwxQjxtp0RoCp-P0qv_Badsk90iNc48Y7lWkgxMz_85yeDRyn24YXJRmDYVUJXq-cmzR5DA9ctpiFvxIM8H5ahQTpj5sAcLHdxxEOUVW8KE6Yr-ZWL36-jp5l3MoBI3mnxbnoDZzC9Y-A9BzxMNHpSpNj-1024x678.jpeg\" alt=\"\" class=\"wp-image-17983\" srcset=\"https:\/\/aeroespacio.com.ar\/wp-content\/uploads\/2026\/04\/w9srwaW5_lTU9ClT5jYyS8CqEAqHS2wMWqbXGONwxQjxtp0RoCp-P0qv_Badsk90iNc48Y7lWkgxMz_85yeDRyn24YXJRmDYVUJXq-cmzR5DA9ctpiFvxIM8H5ahQTpj5sAcLHdxxEOUVW8KE6Yr-ZWL36-jp5l3MoBI3mnxbnoDZzC9Y-A9BzxMNHpSpNj-1024x678.jpeg 1024w, https:\/\/aeroespacio.com.ar\/wp-content\/uploads\/2026\/04\/w9srwaW5_lTU9ClT5jYyS8CqEAqHS2wMWqbXGONwxQjxtp0RoCp-P0qv_Badsk90iNc48Y7lWkgxMz_85yeDRyn24YXJRmDYVUJXq-cmzR5DA9ctpiFvxIM8H5ahQTpj5sAcLHdxxEOUVW8KE6Yr-ZWL36-jp5l3MoBI3mnxbnoDZzC9Y-A9BzxMNHpSpNj-300x199.jpeg 300w, https:\/\/aeroespacio.com.ar\/wp-content\/uploads\/2026\/04\/w9srwaW5_lTU9ClT5jYyS8CqEAqHS2wMWqbXGONwxQjxtp0RoCp-P0qv_Badsk90iNc48Y7lWkgxMz_85yeDRyn24YXJRmDYVUJXq-cmzR5DA9ctpiFvxIM8H5ahQTpj5sAcLHdxxEOUVW8KE6Yr-ZWL36-jp5l3MoBI3mnxbnoDZzC9Y-A9BzxMNHpSpNj-768x509.jpeg 768w, https:\/\/aeroespacio.com.ar\/wp-content\/uploads\/2026\/04\/w9srwaW5_lTU9ClT5jYyS8CqEAqHS2wMWqbXGONwxQjxtp0RoCp-P0qv_Badsk90iNc48Y7lWkgxMz_85yeDRyn24YXJRmDYVUJXq-cmzR5DA9ctpiFvxIM8H5ahQTpj5sAcLHdxxEOUVW8KE6Yr-ZWL36-jp5l3MoBI3mnxbnoDZzC9Y-A9BzxMNHpSpNj-1536x1017.jpeg 1536w, https:\/\/aeroespacio.com.ar\/wp-content\/uploads\/2026\/04\/w9srwaW5_lTU9ClT5jYyS8CqEAqHS2wMWqbXGONwxQjxtp0RoCp-P0qv_Badsk90iNc48Y7lWkgxMz_85yeDRyn24YXJRmDYVUJXq-cmzR5DA9ctpiFvxIM8H5ahQTpj5sAcLHdxxEOUVW8KE6Yr-ZWL36-jp5l3MoBI3mnxbnoDZzC9Y-A9BzxMNHpSpNj-2048x1356.jpeg 2048w\" sizes=\"(max-width: 1024px) 100vw, 1024px\" \/><\/figure>\n\n\n\n<p>Este tipo de medios resulta clave para sostener la actividad cient\u00edfica y el funcionamiento de las bases permanentes. Volver a contar con este recurso ampl\u00eda el margen operativo en cada campa\u00f1a y mejora la respuesta ante situaciones imprevistas.<\/p>\n\n\n\n<p>La&nbsp;Base Marambio, que funciona como eje de las operaciones a\u00e9reas argentinas en la regi\u00f3n, vuelve a ser el punto de partida de las misiones de corto alcance. Desde all\u00ed se organizan los movimientos hacia otras posiciones distribuidas a lo largo del sector, muchas de ellas con accesos limitados y dependientes de esta herramienta.<\/p>\n\n\n\n<p>En un escenario donde la actividad en la Ant\u00e1rtida mantiene un ritmo sostenido, recuperar este recurso no es un dato menor. Implica volver a tener margen de maniobra en un territorio complejo y, al mismo tiempo, sostener una presencia activa con medios propios.<\/p>\n\n\n\n<p>Fuentes y fotos:&nbsp;Fuerza A\u00e9rea Argentina, Ministerio de Defensa de la Naci\u00f3n Argentina,&nbsp;De Havilland Canada<\/p>\n","protected":false},"excerpt":{"rendered":"<p>La Fuerza A\u00e9rea Argentina volvi\u00f3 a desplegar una de sus aeronaves m\u00e1s vers\u00e1tiles en el continente blanco. Durante abril, un [&hellip;]<\/p>\n","protected":false},"author":23,"featured_media":17981,"comment_status":"open","ping_status":"closed","sticky":false,"template":"","format":"standard","meta":{"site-sidebar-layout":"default","site-content-layout":"","ast-site-content-layout":"default","site-content-style":"default","site-sidebar-style":"default","ast-global-header-display":"","ast-banner-title-visibility":"","ast-main-header-display":"","ast-hfb-above-header-display":"","ast-hfb-below-header-display":"","ast-hfb-mobile-header-display":"","site-post-title":"","ast-breadcrumbs-content":"","ast-featured-img":"","footer-sml-layout":"","ast-disable-related-posts":"","theme-transparent-header-meta":"","adv-header-id-meta":"","stick-header-meta":"","header-above-stick-meta":"","header-main-stick-meta":"","header-below-stick-meta":"","astra-migrate-meta-layouts":"default","ast-page-background-enabled":"default","ast-page-background-meta":{"desktop":{"background-color":"var(--ast-global-color-5)","background-image":"","background-repeat":"repeat","background-position":"center center","background-size":"auto","background-attachment":"scroll","background-type":"","background-media":"","overlay-type":"","overlay-color":"","overlay-opacity":"","overlay-gradient":""},"tablet":{"background-color":"","background-image":"","background-repeat":"repeat","background-position":"center center","background-size":"auto","background-attachment":"scroll","background-type":"","background-media":"","overlay-type":"","overlay-color":"","overlay-opacity":"","overlay-gradient":""},"mobile":{"background-color":"","background-image":"","background-repeat":"repeat","background-position":"center center","background-size":"auto","background-attachment":"scroll","background-type":"","background-media":"","overlay-type":"","overlay-color":"","overlay-opacity":"","overlay-gradient":""}},"ast-content-background-meta":{"desktop":{"background-color":"var(--ast-global-color-4)","background-image":"","background-repeat":"repeat","background-position":"center center","background-size":"auto","background-attachment":"scroll","background-type":"","background-media":"","overlay-type":"","overlay-color":"","overlay-opacity":"","overlay-gradient":""},"tablet":{"background-color":"var(--ast-global-color-4)","background-image":"","background-repeat":"repeat","background-position":"center center","background-size":"auto","background-attachment":"scroll","background-type":"","background-media":"","overlay-type":"","overlay-color":"","overlay-opacity":"","overlay-gradient":""},"mobile":{"background-color":"var(--ast-global-color-4)","background-image":"","background-repeat":"repeat","background-position":"center center","background-size":"auto","background-attachment":"scroll","background-type":"","background-media":"","overlay-type":"","overlay-color":"","overlay-opacity":"","overlay-gradient":""}},"_joinchat":[],"footnotes":""},"categories":[1],"tags":[],"class_list":["post-17980","post","type-post","status-publish","format-standard","has-post-thumbnail","hentry","category-uncategorized"],"yoast_head":"<!-- This site is optimized with the Yoast SEO plugin v27.3 - https:\/\/yoast.com\/product\/yoast-seo-wordpress\/ -->\n<title>Regreso operativo en la Ant\u00e1rtida: el Twin Otter vuelve a escena - Aeroespacio<\/title>\n<meta name=\"robots\" content=\"index, follow, max-snippet:-1, max-image-preview:large, max-video-preview:-1\" \/>\n<link rel=\"canonical\" href=\"https:\/\/aeroespacio.com.ar\/?p=17980\" \/>\n<meta property=\"og:locale\" content=\"es_ES\" \/>\n<meta property=\"og:type\" content=\"article\" \/>\n<meta property=\"og:title\" content=\"Regreso operativo en la Ant\u00e1rtida: el Twin Otter vuelve a escena - Aeroespacio\" \/>\n<meta property=\"og:description\" content=\"La Fuerza A\u00e9rea Argentina volvi\u00f3 a desplegar una de sus aeronaves m\u00e1s vers\u00e1tiles en el continente blanco. Durante abril, un [&hellip;]\" \/>\n<meta property=\"og:url\" content=\"https:\/\/aeroespacio.com.ar\/?p=17980\" \/>\n<meta property=\"og:site_name\" content=\"Aeroespacio\" \/>\n<meta property=\"article:published_time\" content=\"2026-04-27T14:15:53+00:00\" \/>\n<meta property=\"article:modified_time\" content=\"2026-04-27T14:15:54+00:00\" \/>\n<meta property=\"og:image\" content=\"https:\/\/aeroespacio.com.ar\/wp-content\/uploads\/2026\/04\/J0LAkpLXN6MKAEKrSRJSMrj-CLoq3I46TqOvGDl3iSLAsyW2W92nxoHW1EbjCe6ndvv2SZV72DO0Xc3btzpnx9XVSN7R92oiMGaKAYHNbMWDqd22tdq-KJC70Wk_8WKmuULiECvaV1a_TTYV0mTmTWAsWgQCilOjwFSP4q92aJU.jpeg\" \/>\n\t<meta property=\"og:image:width\" content=\"960\" \/>\n\t<meta property=\"og:image:height\" content=\"720\" \/>\n\t<meta property=\"og:image:type\" content=\"image\/jpeg\" \/>\n<meta name=\"author\" content=\"MARIA SONZINI\" \/>\n<meta name=\"twitter:card\" content=\"summary_large_image\" \/>\n<meta name=\"twitter:label1\" content=\"Escrito por\" \/>\n\t<meta name=\"twitter:data1\" content=\"MARIA SONZINI\" \/>\n\t<meta name=\"twitter:label2\" content=\"Tiempo de lectura\" \/>\n\t<meta name=\"twitter:data2\" content=\"3 minutos\" \/>\n<script type=\"application\/ld+json\" class=\"yoast-schema-graph\">{\"@context\":\"https:\\\/\\\/schema.org\",\"@graph\":[{\"@type\":\"Article\",\"@id\":\"https:\\\/\\\/aeroespacio.com.ar\\\/?p=17980#article\",\"isPartOf\":{\"@id\":\"https:\\\/\\\/aeroespacio.com.ar\\\/?p=17980\"},\"author\":{\"name\":\"MARIA SONZINI\",\"@id\":\"https:\\\/\\\/aeroespacio.com.ar\\\/#\\\/schema\\\/person\\\/0a7a5403db2715e34a7c5dc55faa3c6d\"},\"headline\":\"Regreso operativo en la Ant\u00e1rtida: el Twin Otter vuelve a escena\",\"datePublished\":\"2026-04-27T14:15:53+00:00\",\"dateModified\":\"2026-04-27T14:15:54+00:00\",\"mainEntityOfPage\":{\"@id\":\"https:\\\/\\\/aeroespacio.com.ar\\\/?p=17980\"},\"wordCount\":464,\"commentCount\":0,\"image\":{\"@id\":\"https:\\\/\\\/aeroespacio.com.ar\\\/?p=17980#primaryimage\"},\"thumbnailUrl\":\"https:\\\/\\\/aeroespacio.com.ar\\\/wp-content\\\/uploads\\\/2026\\\/04\\\/J0LAkpLXN6MKAEKrSRJSMrj-CLoq3I46TqOvGDl3iSLAsyW2W92nxoHW1EbjCe6ndvv2SZV72DO0Xc3btzpnx9XVSN7R92oiMGaKAYHNbMWDqd22tdq-KJC70Wk_8WKmuULiECvaV1a_TTYV0mTmTWAsWgQCilOjwFSP4q92aJU.jpeg\",\"articleSection\":[\"Uncategorized\"],\"inLanguage\":\"es-AR\",\"potentialAction\":[{\"@type\":\"CommentAction\",\"name\":\"Comment\",\"target\":[\"https:\\\/\\\/aeroespacio.com.ar\\\/?p=17980#respond\"]}]},{\"@type\":\"WebPage\",\"@id\":\"https:\\\/\\\/aeroespacio.com.ar\\\/?p=17980\",\"url\":\"https:\\\/\\\/aeroespacio.com.ar\\\/?p=17980\",\"name\":\"Regreso operativo en la Ant\u00e1rtida: el Twin Otter vuelve a escena - Aeroespacio\",\"isPartOf\":{\"@id\":\"https:\\\/\\\/aeroespacio.com.ar\\\/#website\"},\"primaryImageOfPage\":{\"@id\":\"https:\\\/\\\/aeroespacio.com.ar\\\/?p=17980#primaryimage\"},\"image\":{\"@id\":\"https:\\\/\\\/aeroespacio.com.ar\\\/?p=17980#primaryimage\"},\"thumbnailUrl\":\"https:\\\/\\\/aeroespacio.com.ar\\\/wp-content\\\/uploads\\\/2026\\\/04\\\/J0LAkpLXN6MKAEKrSRJSMrj-CLoq3I46TqOvGDl3iSLAsyW2W92nxoHW1EbjCe6ndvv2SZV72DO0Xc3btzpnx9XVSN7R92oiMGaKAYHNbMWDqd22tdq-KJC70Wk_8WKmuULiECvaV1a_TTYV0mTmTWAsWgQCilOjwFSP4q92aJU.jpeg\",\"datePublished\":\"2026-04-27T14:15:53+00:00\",\"dateModified\":\"2026-04-27T14:15:54+00:00\",\"author\":{\"@id\":\"https:\\\/\\\/aeroespacio.com.ar\\\/#\\\/schema\\\/person\\\/0a7a5403db2715e34a7c5dc55faa3c6d\"},\"breadcrumb\":{\"@id\":\"https:\\\/\\\/aeroespacio.com.ar\\\/?p=17980#breadcrumb\"},\"inLanguage\":\"es-AR\",\"potentialAction\":[{\"@type\":\"ReadAction\",\"target\":[\"https:\\\/\\\/aeroespacio.com.ar\\\/?p=17980\"]}]},{\"@type\":\"ImageObject\",\"inLanguage\":\"es-AR\",\"@id\":\"https:\\\/\\\/aeroespacio.com.ar\\\/?p=17980#primaryimage\",\"url\":\"https:\\\/\\\/aeroespacio.com.ar\\\/wp-content\\\/uploads\\\/2026\\\/04\\\/J0LAkpLXN6MKAEKrSRJSMrj-CLoq3I46TqOvGDl3iSLAsyW2W92nxoHW1EbjCe6ndvv2SZV72DO0Xc3btzpnx9XVSN7R92oiMGaKAYHNbMWDqd22tdq-KJC70Wk_8WKmuULiECvaV1a_TTYV0mTmTWAsWgQCilOjwFSP4q92aJU.jpeg\",\"contentUrl\":\"https:\\\/\\\/aeroespacio.com.ar\\\/wp-content\\\/uploads\\\/2026\\\/04\\\/J0LAkpLXN6MKAEKrSRJSMrj-CLoq3I46TqOvGDl3iSLAsyW2W92nxoHW1EbjCe6ndvv2SZV72DO0Xc3btzpnx9XVSN7R92oiMGaKAYHNbMWDqd22tdq-KJC70Wk_8WKmuULiECvaV1a_TTYV0mTmTWAsWgQCilOjwFSP4q92aJU.jpeg\",\"width\":960,\"height\":720},{\"@type\":\"BreadcrumbList\",\"@id\":\"https:\\\/\\\/aeroespacio.com.ar\\\/?p=17980#breadcrumb\",\"itemListElement\":[{\"@type\":\"ListItem\",\"position\":1,\"name\":\"Inicio\",\"item\":\"https:\\\/\\\/aeroespacio.com.ar\\\/\"},{\"@type\":\"ListItem\",\"position\":2,\"name\":\"Regreso operativo en la Ant\u00e1rtida: el Twin Otter vuelve a escena\"}]},{\"@type\":\"WebSite\",\"@id\":\"https:\\\/\\\/aeroespacio.com.ar\\\/#website\",\"url\":\"https:\\\/\\\/aeroespacio.com.ar\\\/\",\"name\":\"aeroespacio.com.ar\",\"description\":\"\",\"potentialAction\":[{\"@type\":\"SearchAction\",\"target\":{\"@type\":\"EntryPoint\",\"urlTemplate\":\"https:\\\/\\\/aeroespacio.com.ar\\\/?s={search_term_string}\"},\"query-input\":{\"@type\":\"PropertyValueSpecification\",\"valueRequired\":true,\"valueName\":\"search_term_string\"}}],\"inLanguage\":\"es-AR\"},{\"@type\":\"Person\",\"@id\":\"https:\\\/\\\/aeroespacio.com.ar\\\/#\\\/schema\\\/person\\\/0a7a5403db2715e34a7c5dc55faa3c6d\",\"name\":\"MARIA SONZINI\",\"image\":{\"@type\":\"ImageObject\",\"inLanguage\":\"es-AR\",\"@id\":\"https:\\\/\\\/secure.gravatar.com\\\/avatar\\\/980871a93281a9e85f3caac37069d6828dcef4a411838365d080d4c510309c76?s=96&d=mm&r=g\",\"url\":\"https:\\\/\\\/secure.gravatar.com\\\/avatar\\\/980871a93281a9e85f3caac37069d6828dcef4a411838365d080d4c510309c76?s=96&d=mm&r=g\",\"contentUrl\":\"https:\\\/\\\/secure.gravatar.com\\\/avatar\\\/980871a93281a9e85f3caac37069d6828dcef4a411838365d080d4c510309c76?s=96&d=mm&r=g\",\"caption\":\"MARIA SONZINI\"},\"url\":\"https:\\\/\\\/aeroespacio.com.ar\\\/?author=23\"}]}<\/script>\n<!-- \/ Yoast SEO plugin. -->","yoast_head_json":{"title":"Regreso operativo en la Ant\u00e1rtida: el Twin Otter vuelve a escena - Aeroespacio","robots":{"index":"index","follow":"follow","max-snippet":"max-snippet:-1","max-image-preview":"max-image-preview:large","max-video-preview":"max-video-preview:-1"},"canonical":"https:\/\/aeroespacio.com.ar\/?p=17980","og_locale":"es_ES","og_type":"article","og_title":"Regreso operativo en la Ant\u00e1rtida: el Twin Otter vuelve a escena - Aeroespacio","og_description":"La Fuerza A\u00e9rea Argentina volvi\u00f3 a desplegar una de sus aeronaves m\u00e1s vers\u00e1tiles en el continente blanco. Durante abril, un [&hellip;]","og_url":"https:\/\/aeroespacio.com.ar\/?p=17980","og_site_name":"Aeroespacio","article_published_time":"2026-04-27T14:15:53+00:00","article_modified_time":"2026-04-27T14:15:54+00:00","og_image":[{"width":960,"height":720,"url":"https:\/\/aeroespacio.com.ar\/wp-content\/uploads\/2026\/04\/J0LAkpLXN6MKAEKrSRJSMrj-CLoq3I46TqOvGDl3iSLAsyW2W92nxoHW1EbjCe6ndvv2SZV72DO0Xc3btzpnx9XVSN7R92oiMGaKAYHNbMWDqd22tdq-KJC70Wk_8WKmuULiECvaV1a_TTYV0mTmTWAsWgQCilOjwFSP4q92aJU.jpeg","type":"image\/jpeg"}],"author":"MARIA SONZINI","twitter_card":"summary_large_image","twitter_misc":{"Escrito por":"MARIA SONZINI","Tiempo de lectura":"3 minutos"},"schema":{"@context":"https:\/\/schema.org","@graph":[{"@type":"Article","@id":"https:\/\/aeroespacio.com.ar\/?p=17980#article","isPartOf":{"@id":"https:\/\/aeroespacio.com.ar\/?p=17980"},"author":{"name":"MARIA SONZINI","@id":"https:\/\/aeroespacio.com.ar\/#\/schema\/person\/0a7a5403db2715e34a7c5dc55faa3c6d"},"headline":"Regreso operativo en la Ant\u00e1rtida: el Twin Otter vuelve a escena","datePublished":"2026-04-27T14:15:53+00:00","dateModified":"2026-04-27T14:15:54+00:00","mainEntityOfPage":{"@id":"https:\/\/aeroespacio.com.ar\/?p=17980"},"wordCount":464,"commentCount":0,"image":{"@id":"https:\/\/aeroespacio.com.ar\/?p=17980#primaryimage"},"thumbnailUrl":"https:\/\/aeroespacio.com.ar\/wp-content\/uploads\/2026\/04\/J0LAkpLXN6MKAEKrSRJSMrj-CLoq3I46TqOvGDl3iSLAsyW2W92nxoHW1EbjCe6ndvv2SZV72DO0Xc3btzpnx9XVSN7R92oiMGaKAYHNbMWDqd22tdq-KJC70Wk_8WKmuULiECvaV1a_TTYV0mTmTWAsWgQCilOjwFSP4q92aJU.jpeg","articleSection":["Uncategorized"],"inLanguage":"es-AR","potentialAction":[{"@type":"CommentAction","name":"Comment","target":["https:\/\/aeroespacio.com.ar\/?p=17980#respond"]}]},{"@type":"WebPage","@id":"https:\/\/aeroespacio.com.ar\/?p=17980","url":"https:\/\/aeroespacio.com.ar\/?p=17980","name":"Regreso operativo en la Ant\u00e1rtida: el Twin Otter vuelve a escena - Aeroespacio","isPartOf":{"@id":"https:\/\/aeroespacio.com.ar\/#website"},"primaryImageOfPage":{"@id":"https:\/\/aeroespacio.com.ar\/?p=17980#primaryimage"},"image":{"@id":"https:\/\/aeroespacio.com.ar\/?p=17980#primaryimage"},"thumbnailUrl":"https:\/\/aeroespacio.com.ar\/wp-content\/uploads\/2026\/04\/J0LAkpLXN6MKAEKrSRJSMrj-CLoq3I46TqOvGDl3iSLAsyW2W92nxoHW1EbjCe6ndvv2SZV72DO0Xc3btzpnx9XVSN7R92oiMGaKAYHNbMWDqd22tdq-KJC70Wk_8WKmuULiECvaV1a_TTYV0mTmTWAsWgQCilOjwFSP4q92aJU.jpeg","datePublished":"2026-04-27T14:15:53+00:00","dateModified":"2026-04-27T14:15:54+00:00","author":{"@id":"https:\/\/aeroespacio.com.ar\/#\/schema\/person\/0a7a5403db2715e34a7c5dc55faa3c6d"},"breadcrumb":{"@id":"https:\/\/aeroespacio.com.ar\/?p=17980#breadcrumb"},"inLanguage":"es-AR","potentialAction":[{"@type":"ReadAction","target":["https:\/\/aeroespacio.com.ar\/?p=17980"]}]},{"@type":"ImageObject","inLanguage":"es-AR","@id":"https:\/\/aeroespacio.com.ar\/?p=17980#primaryimage","url":"https:\/\/aeroespacio.com.ar\/wp-content\/uploads\/2026\/04\/J0LAkpLXN6MKAEKrSRJSMrj-CLoq3I46TqOvGDl3iSLAsyW2W92nxoHW1EbjCe6ndvv2SZV72DO0Xc3btzpnx9XVSN7R92oiMGaKAYHNbMWDqd22tdq-KJC70Wk_8WKmuULiECvaV1a_TTYV0mTmTWAsWgQCilOjwFSP4q92aJU.jpeg","contentUrl":"https:\/\/aeroespacio.com.ar\/wp-content\/uploads\/2026\/04\/J0LAkpLXN6MKAEKrSRJSMrj-CLoq3I46TqOvGDl3iSLAsyW2W92nxoHW1EbjCe6ndvv2SZV72DO0Xc3btzpnx9XVSN7R92oiMGaKAYHNbMWDqd22tdq-KJC70Wk_8WKmuULiECvaV1a_TTYV0mTmTWAsWgQCilOjwFSP4q92aJU.jpeg","width":960,"height":720},{"@type":"BreadcrumbList","@id":"https:\/\/aeroespacio.com.ar\/?p=17980#breadcrumb","itemListElement":[{"@type":"ListItem","position":1,"name":"Inicio","item":"https:\/\/aeroespacio.com.ar\/"},{"@type":"ListItem","position":2,"name":"Regreso operativo en la Ant\u00e1rtida: el Twin Otter vuelve a escena"}]},{"@type":"WebSite","@id":"https:\/\/aeroespacio.com.ar\/#website","url":"https:\/\/aeroespacio.com.ar\/","name":"aeroespacio.com.ar","description":"","potentialAction":[{"@type":"SearchAction","target":{"@type":"EntryPoint","urlTemplate":"https:\/\/aeroespacio.com.ar\/?s={search_term_string}"},"query-input":{"@type":"PropertyValueSpecification","valueRequired":true,"valueName":"search_term_string"}}],"inLanguage":"es-AR"},{"@type":"Person","@id":"https:\/\/aeroespacio.com.ar\/#\/schema\/person\/0a7a5403db2715e34a7c5dc55faa3c6d","name":"MARIA SONZINI","image":{"@type":"ImageObject","inLanguage":"es-AR","@id":"https:\/\/secure.gravatar.com\/avatar\/980871a93281a9e85f3caac37069d6828dcef4a411838365d080d4c510309c76?s=96&d=mm&r=g","url":"https:\/\/secure.gravatar.com\/avatar\/980871a93281a9e85f3caac37069d6828dcef4a411838365d080d4c510309c76?s=96&d=mm&r=g","contentUrl":"https:\/\/secure.gravatar.com\/avatar\/980871a93281a9e85f3caac37069d6828dcef4a411838365d080d4c510309c76?s=96&d=mm&r=g","caption":"MARIA SONZINI"},"url":"https:\/\/aeroespacio.com.ar\/?author=23"}]}},"rttpg_featured_image_url":{"full":["https:\/\/aeroespacio.com.ar\/wp-content\/uploads\/2026\/04\/J0LAkpLXN6MKAEKrSRJSMrj-CLoq3I46TqOvGDl3iSLAsyW2W92nxoHW1EbjCe6ndvv2SZV72DO0Xc3btzpnx9XVSN7R92oiMGaKAYHNbMWDqd22tdq-KJC70Wk_8WKmuULiECvaV1a_TTYV0mTmTWAsWgQCilOjwFSP4q92aJU.jpeg",960,720,false],"landscape":["https:\/\/aeroespacio.com.ar\/wp-content\/uploads\/2026\/04\/J0LAkpLXN6MKAEKrSRJSMrj-CLoq3I46TqOvGDl3iSLAsyW2W92nxoHW1EbjCe6ndvv2SZV72DO0Xc3btzpnx9XVSN7R92oiMGaKAYHNbMWDqd22tdq-KJC70Wk_8WKmuULiECvaV1a_TTYV0mTmTWAsWgQCilOjwFSP4q92aJU.jpeg",960,720,false],"portraits":["https:\/\/aeroespacio.com.ar\/wp-content\/uploads\/2026\/04\/J0LAkpLXN6MKAEKrSRJSMrj-CLoq3I46TqOvGDl3iSLAsyW2W92nxoHW1EbjCe6ndvv2SZV72DO0Xc3btzpnx9XVSN7R92oiMGaKAYHNbMWDqd22tdq-KJC70Wk_8WKmuULiECvaV1a_TTYV0mTmTWAsWgQCilOjwFSP4q92aJU.jpeg",960,720,false],"thumbnail":["https:\/\/aeroespacio.com.ar\/wp-content\/uploads\/2026\/04\/J0LAkpLXN6MKAEKrSRJSMrj-CLoq3I46TqOvGDl3iSLAsyW2W92nxoHW1EbjCe6ndvv2SZV72DO0Xc3btzpnx9XVSN7R92oiMGaKAYHNbMWDqd22tdq-KJC70Wk_8WKmuULiECvaV1a_TTYV0mTmTWAsWgQCilOjwFSP4q92aJU-150x150.jpeg",150,150,true],"medium":["https:\/\/aeroespacio.com.ar\/wp-content\/uploads\/2026\/04\/J0LAkpLXN6MKAEKrSRJSMrj-CLoq3I46TqOvGDl3iSLAsyW2W92nxoHW1EbjCe6ndvv2SZV72DO0Xc3btzpnx9XVSN7R92oiMGaKAYHNbMWDqd22tdq-KJC70Wk_8WKmuULiECvaV1a_TTYV0mTmTWAsWgQCilOjwFSP4q92aJU-300x225.jpeg",300,225,true],"large":["https:\/\/aeroespacio.com.ar\/wp-content\/uploads\/2026\/04\/J0LAkpLXN6MKAEKrSRJSMrj-CLoq3I46TqOvGDl3iSLAsyW2W92nxoHW1EbjCe6ndvv2SZV72DO0Xc3btzpnx9XVSN7R92oiMGaKAYHNbMWDqd22tdq-KJC70Wk_8WKmuULiECvaV1a_TTYV0mTmTWAsWgQCilOjwFSP4q92aJU.jpeg",960,720,false],"1536x1536":["https:\/\/aeroespacio.com.ar\/wp-content\/uploads\/2026\/04\/J0LAkpLXN6MKAEKrSRJSMrj-CLoq3I46TqOvGDl3iSLAsyW2W92nxoHW1EbjCe6ndvv2SZV72DO0Xc3btzpnx9XVSN7R92oiMGaKAYHNbMWDqd22tdq-KJC70Wk_8WKmuULiECvaV1a_TTYV0mTmTWAsWgQCilOjwFSP4q92aJU.jpeg",960,720,false],"2048x2048":["https:\/\/aeroespacio.com.ar\/wp-content\/uploads\/2026\/04\/J0LAkpLXN6MKAEKrSRJSMrj-CLoq3I46TqOvGDl3iSLAsyW2W92nxoHW1EbjCe6ndvv2SZV72DO0Xc3btzpnx9XVSN7R92oiMGaKAYHNbMWDqd22tdq-KJC70Wk_8WKmuULiECvaV1a_TTYV0mTmTWAsWgQCilOjwFSP4q92aJU.jpeg",960,720,false]},"rttpg_author":{"display_name":"MARIA SONZINI","author_link":"https:\/\/aeroespacio.com.ar\/?author=23"},"rttpg_comment":0,"rttpg_category":"<a href=\"https:\/\/aeroespacio.com.ar\/?cat=1\" rel=\"category\">Uncategorized<\/a>","rttpg_excerpt":"La Fuerza A\u00e9rea Argentina volvi\u00f3 a desplegar una de sus aeronaves m\u00e1s vers\u00e1tiles en el continente blanco. Durante abril, un [&hellip;]","_links":{"self":[{"href":"https:\/\/aeroespacio.com.ar\/index.php?rest_route=\/wp\/v2\/posts\/17980","targetHints":{"allow":["GET"]}}],"collection":[{"href":"https:\/\/aeroespacio.com.ar\/index.php?rest_route=\/wp\/v2\/posts"}],"about":[{"href":"https:\/\/aeroespacio.com.ar\/index.php?rest_route=\/wp\/v2\/types\/post"}],"author":[{"embeddable":true,"href":"https:\/\/aeroespacio.com.ar\/index.php?rest_route=\/wp\/v2\/users\/23"}],"replies":[{"embeddable":true,"href":"https:\/\/aeroespacio.com.ar\/index.php?rest_route=%2Fwp%2Fv2%2Fcomments&post=17980"}],"version-history":[{"count":1,"href":"https:\/\/aeroespacio.com.ar\/index.php?rest_route=\/wp\/v2\/posts\/17980\/revisions"}],"predecessor-version":[{"id":17984,"href":"https:\/\/aeroespacio.com.ar\/index.php?rest_route=\/wp\/v2\/posts\/17980\/revisions\/17984"}],"wp:featuredmedia":[{"embeddable":true,"href":"https:\/\/aeroespacio.com.ar\/index.php?rest_route=\/wp\/v2\/media\/17981"}],"wp:attachment":[{"href":"https:\/\/aeroespacio.com.ar\/index.php?rest_route=%2Fwp%2Fv2%2Fmedia&parent=17980"}],"wp:term":[{"taxonomy":"category","embeddable":true,"href":"https:\/\/aeroespacio.com.ar\/index.php?rest_route=%2Fwp%2Fv2%2Fcategories&post=17980"},{"taxonomy":"post_tag","embeddable":true,"href":"https:\/\/aeroespacio.com.ar\/index.php?rest_route=%2Fwp%2Fv2%2Ftags&post=17980"}],"curies":[{"name":"wp","href":"https:\/\/api.w.org\/{rel}","templated":true}]}}