{"id":17975,"date":"2026-04-24T13:00:00","date_gmt":"2026-04-24T13:00:00","guid":{"rendered":"https:\/\/aeroespacio.com.ar\/?p=17975"},"modified":"2026-04-27T14:04:09","modified_gmt":"2026-04-27T14:04:09","slug":"entra-en-servicio-un-nuevo-radar-en-el-aeropuerto-de-neuquen","status":"publish","type":"post","link":"https:\/\/aeroespacio.com.ar\/?p=17975","title":{"rendered":"Entra en servicio un nuevo radar en el aeropuerto de Neuqu\u00e9n"},"content":{"rendered":"\n<p>La actualizaci\u00f3n del sistema de vigilancia a\u00e9rea en Argentina avanza con la entrada en servicio de un radar secundario <strong>de vigilancia<\/strong>&nbsp;(SSR, por sus siglas en ingl\u00e9s)&nbsp;en Neuqu\u00e9n. Instalado en el aeropuerto Presidente Per\u00f3n, el equipo se integra al plan de modernizaci\u00f3n que impulsa la Empresa Argentina de Navegaci\u00f3n A\u00e9rea (EANA). De esta manera, se ampl\u00eda la cobertura en la regi\u00f3n de la Patagonia y se acompa\u00f1a un proceso orientado a ordenar y hacer m\u00e1s eficiente la gesti\u00f3n del tr\u00e1nsito en un espacio a\u00e9reo cada vez m\u00e1s demandante.<\/p>\n\n\n\n<figure class=\"wp-block-image size-full is-resized\"><img fetchpriority=\"high\" decoding=\"async\" width=\"570\" height=\"380\" src=\"https:\/\/aeroespacio.com.ar\/wp-content\/uploads\/2026\/04\/SxmWYJJeJPFo4OCbfwVcl3viRApinaIxAGD9u_6RrfIH0rjmmgrOdU54ZavGe31W4ybPCGYyfo-hJGsZqrEKgFPcPrKO4Mw7glCUtUBJf47DtCz2fyCHl5BzAUQCHmVJ5AsHhKQvPk5wbFjpSCoVv72PVqV498goaGVOQcI4Ia4pWpE-TkkGKyaBAiiyZKAV.jpeg\" alt=\"\" class=\"wp-image-17978\" style=\"width:737px;height:auto\" srcset=\"https:\/\/aeroespacio.com.ar\/wp-content\/uploads\/2026\/04\/SxmWYJJeJPFo4OCbfwVcl3viRApinaIxAGD9u_6RrfIH0rjmmgrOdU54ZavGe31W4ybPCGYyfo-hJGsZqrEKgFPcPrKO4Mw7glCUtUBJf47DtCz2fyCHl5BzAUQCHmVJ5AsHhKQvPk5wbFjpSCoVv72PVqV498goaGVOQcI4Ia4pWpE-TkkGKyaBAiiyZKAV.jpeg 570w, https:\/\/aeroespacio.com.ar\/wp-content\/uploads\/2026\/04\/SxmWYJJeJPFo4OCbfwVcl3viRApinaIxAGD9u_6RrfIH0rjmmgrOdU54ZavGe31W4ybPCGYyfo-hJGsZqrEKgFPcPrKO4Mw7glCUtUBJf47DtCz2fyCHl5BzAUQCHmVJ5AsHhKQvPk5wbFjpSCoVv72PVqV498goaGVOQcI4Ia4pWpE-TkkGKyaBAiiyZKAV-300x200.jpeg 300w\" sizes=\"(max-width: 570px) 100vw, 570px\" \/><\/figure>\n\n\n\n<p>El equipo instalado corresponde a un SSR, una herramienta fundamental de control que permite identificar aeronaves con mayor precisi\u00f3n a trav\u00e9s de se\u00f1ales emitidas desde los aviones. Este tipo de tecnolog\u00eda resulta fundamental en contextos de alta densidad de operaciones o en condiciones geogr\u00e1ficas variables, como sucede en el sur del pa\u00eds. Desde la EANA se\u00f1alaron que el radar ya se encuentra integrado al sistema nacional de vigilancia, lo que garantiza su funcionamiento coordinado con el resto de los sensores distribuidos en el territorio.<\/p>\n\n\n\n<p>La iniciativa forma parte de un programa m\u00e1s amplio que contempla la renovaci\u00f3n de m\u00e1s de veinte estaciones a lo largo del pa\u00eds. Seg\u00fan datos oficiales difundidos por la empresa, este plan busca reemplazar equipos antiguos por soluciones m\u00e1s modernas, con mejores est\u00e1ndares de confiabilidad y menor tasa de fallas. En paralelo, se apunta a optimizar la calidad de la informaci\u00f3n disponible para los controladores, un aspecto fundamental para sostener niveles adecuados de seguridad operacional.<\/p>\n\n\n\n<p>El caso de Neuqu\u00e9n se suma a intervenciones recientes en otras localidades estrat\u00e9gicas, como Salta, Pehuaj\u00f3 y Posadas. En todos los casos, el objetivo es el mismo: lograr una red m\u00e1s robusta, capaz de sostener el crecimiento del sector aerocomercial y de acompa\u00f1ar la expansi\u00f3n de rutas, tanto de cabotaje como internacionales. Este tipo de inversiones tienen un impacto directo en la eficiencia de cada vuelo, desde la planificaci\u00f3n hasta el aterrizaje.<\/p>\n\n\n\n<p>Adem\u00e1s del componente t\u00e9cnico, hay un trasfondo vinculado a la integraci\u00f3n federal. La mejora en la cobertura radar permite reducir brechas entre distintas regiones y facilitar operaciones m\u00e1s seguras en aeropuertos alejados de los grandes centros urbanos. Esto adquiere relevancia en un pa\u00eds de extensas y variables condiciones meteorol\u00f3gicas, en el que contar con informaci\u00f3n precisa, en tiempo real, puede marcar la diferencia.<\/p>\n\n\n\n<p>En un escenario global donde la navegaci\u00f3n a\u00e9rea avanza hacia sistemas cada vez m\u00e1s digitalizados, la actualizaci\u00f3n de estos equipos aparece como un paso necesario para mantener est\u00e1ndares alineados con organismos internacionales, como la Organizaci\u00f3n de Aviaci\u00f3n Civil Internacional (OACI), que promueve la constante modernizaci\u00f3n de los servicios de tr\u00e1nsito a\u00e9reo. Argentina, a trav\u00e9s de la EANA, toma esa direcci\u00f3n, con un plan que, aunque gradual, muestra continuidad en el tiempo.<\/p>\n\n\n\n<p>El despliegue en Neuqu\u00e9n no cierra el proceso, sino que lo confirma. La hoja de ruta sigue abierta y apunta a completar la renovaci\u00f3n total en los pr\u00f3ximos a\u00f1os, en un contexto donde la tecnolog\u00eda se vuelve cada vez m\u00e1s determinante para sostener operaciones seguras, eficientes y previsibles.<\/p>\n\n\n\n<p>Fuente: EANA<\/p>\n","protected":false},"excerpt":{"rendered":"<p>La actualizaci\u00f3n del sistema de vigilancia a\u00e9rea en Argentina avanza con la entrada en servicio de un radar secundario de [&hellip;]<\/p>\n","protected":false},"author":23,"featured_media":17977,"comment_status":"open","ping_status":"closed","sticky":false,"template":"","format":"standard","meta":{"site-sidebar-layout":"default","site-content-layout":"","ast-site-content-layout":"default","site-content-style":"default","site-sidebar-style":"default","ast-global-header-display":"","ast-banner-title-visibility":"","ast-main-header-display":"","ast-hfb-above-header-display":"","ast-hfb-below-header-display":"","ast-hfb-mobile-header-display":"","site-post-title":"","ast-breadcrumbs-content":"","ast-featured-img":"","footer-sml-layout":"","ast-disable-related-posts":"","theme-transparent-header-meta":"","adv-header-id-meta":"","stick-header-meta":"","header-above-stick-meta":"","header-main-stick-meta":"","header-below-stick-meta":"","astra-migrate-meta-layouts":"default","ast-page-background-enabled":"default","ast-page-background-meta":{"desktop":{"background-color":"var(--ast-global-color-5)","background-image":"","background-repeat":"repeat","background-position":"center center","background-size":"auto","background-attachment":"scroll","background-type":"","background-media":"","overlay-type":"","overlay-color":"","overlay-opacity":"","overlay-gradient":""},"tablet":{"background-color":"","background-image":"","background-repeat":"repeat","background-position":"center center","background-size":"auto","background-attachment":"scroll","background-type":"","background-media":"","overlay-type":"","overlay-color":"","overlay-opacity":"","overlay-gradient":""},"mobile":{"background-color":"","background-image":"","background-repeat":"repeat","background-position":"center center","background-size":"auto","background-attachment":"scroll","background-type":"","background-media":"","overlay-type":"","overlay-color":"","overlay-opacity":"","overlay-gradient":""}},"ast-content-background-meta":{"desktop":{"background-color":"var(--ast-global-color-4)","background-image":"","background-repeat":"repeat","background-position":"center center","background-size":"auto","background-attachment":"scroll","background-type":"","background-media":"","overlay-type":"","overlay-color":"","overlay-opacity":"","overlay-gradient":""},"tablet":{"background-color":"var(--ast-global-color-4)","background-image":"","background-repeat":"repeat","background-position":"center center","background-size":"auto","background-attachment":"scroll","background-type":"","background-media":"","overlay-type":"","overlay-color":"","overlay-opacity":"","overlay-gradient":""},"mobile":{"background-color":"var(--ast-global-color-4)","background-image":"","background-repeat":"repeat","background-position":"center center","background-size":"auto","background-attachment":"scroll","background-type":"","background-media":"","overlay-type":"","overlay-color":"","overlay-opacity":"","overlay-gradient":""}},"_joinchat":[],"footnotes":""},"categories":[1441],"tags":[43,2122,139,2120,186,2121],"class_list":["post-17975","post","type-post","status-publish","format-standard","has-post-thumbnail","hentry","category-industria-y-tecnologia","tag-eana","tag-gestion","tag-modernizacion","tag-neuquen","tag-radares","tag-transito"],"yoast_head":"<!-- This site is optimized with the Yoast SEO plugin v27.3 - https:\/\/yoast.com\/product\/yoast-seo-wordpress\/ -->\n<title>Entra en servicio un nuevo radar en el aeropuerto de Neuqu\u00e9n - Aeroespacio<\/title>\n<meta name=\"robots\" content=\"index, follow, max-snippet:-1, max-image-preview:large, max-video-preview:-1\" \/>\n<link rel=\"canonical\" href=\"https:\/\/aeroespacio.com.ar\/?p=17975\" \/>\n<meta property=\"og:locale\" content=\"es_ES\" \/>\n<meta property=\"og:type\" content=\"article\" \/>\n<meta property=\"og:title\" content=\"Entra en servicio un nuevo radar en el aeropuerto de Neuqu\u00e9n - Aeroespacio\" \/>\n<meta property=\"og:description\" content=\"La actualizaci\u00f3n del sistema de vigilancia a\u00e9rea en Argentina avanza con la entrada en servicio de un radar secundario de [&hellip;]\" \/>\n<meta property=\"og:url\" content=\"https:\/\/aeroespacio.com.ar\/?p=17975\" \/>\n<meta property=\"og:site_name\" content=\"Aeroespacio\" \/>\n<meta property=\"article:published_time\" content=\"2026-04-24T13:00:00+00:00\" \/>\n<meta property=\"article:modified_time\" content=\"2026-04-27T14:04:09+00:00\" \/>\n<meta property=\"og:image\" content=\"https:\/\/aeroespacio.com.ar\/wp-content\/uploads\/2026\/04\/Radar-EANA-Neuquen-1.jpg\" \/>\n\t<meta property=\"og:image:width\" content=\"570\" \/>\n\t<meta property=\"og:image:height\" content=\"380\" \/>\n\t<meta property=\"og:image:type\" content=\"image\/jpeg\" \/>\n<meta name=\"author\" content=\"MARIA SONZINI\" \/>\n<meta name=\"twitter:card\" content=\"summary_large_image\" \/>\n<meta name=\"twitter:label1\" content=\"Escrito por\" \/>\n\t<meta name=\"twitter:data1\" content=\"MARIA SONZINI\" \/>\n\t<meta name=\"twitter:label2\" content=\"Tiempo de lectura\" \/>\n\t<meta name=\"twitter:data2\" content=\"3 minutos\" \/>\n<script type=\"application\/ld+json\" class=\"yoast-schema-graph\">{\"@context\":\"https:\\\/\\\/schema.org\",\"@graph\":[{\"@type\":\"Article\",\"@id\":\"https:\\\/\\\/aeroespacio.com.ar\\\/?p=17975#article\",\"isPartOf\":{\"@id\":\"https:\\\/\\\/aeroespacio.com.ar\\\/?p=17975\"},\"author\":{\"name\":\"MARIA SONZINI\",\"@id\":\"https:\\\/\\\/aeroespacio.com.ar\\\/#\\\/schema\\\/person\\\/0a7a5403db2715e34a7c5dc55faa3c6d\"},\"headline\":\"Entra en servicio un nuevo radar en el aeropuerto de Neuqu\u00e9n\",\"datePublished\":\"2026-04-24T13:00:00+00:00\",\"dateModified\":\"2026-04-27T14:04:09+00:00\",\"mainEntityOfPage\":{\"@id\":\"https:\\\/\\\/aeroespacio.com.ar\\\/?p=17975\"},\"wordCount\":580,\"commentCount\":0,\"image\":{\"@id\":\"https:\\\/\\\/aeroespacio.com.ar\\\/?p=17975#primaryimage\"},\"thumbnailUrl\":\"https:\\\/\\\/aeroespacio.com.ar\\\/wp-content\\\/uploads\\\/2026\\\/04\\\/Radar-EANA-Neuquen-1.jpg\",\"keywords\":[\"EANA\",\"Gesti\u00f3n\",\"Modernizaci\u00f3n\",\"Neuqu\u00e9n\",\"radares\",\"Tr\u00e1nsito\"],\"articleSection\":[\"Industria y Tecnolog\u00eda\"],\"inLanguage\":\"es-AR\",\"potentialAction\":[{\"@type\":\"CommentAction\",\"name\":\"Comment\",\"target\":[\"https:\\\/\\\/aeroespacio.com.ar\\\/?p=17975#respond\"]}]},{\"@type\":\"WebPage\",\"@id\":\"https:\\\/\\\/aeroespacio.com.ar\\\/?p=17975\",\"url\":\"https:\\\/\\\/aeroespacio.com.ar\\\/?p=17975\",\"name\":\"Entra en servicio un nuevo radar en el aeropuerto de Neuqu\u00e9n - Aeroespacio\",\"isPartOf\":{\"@id\":\"https:\\\/\\\/aeroespacio.com.ar\\\/#website\"},\"primaryImageOfPage\":{\"@id\":\"https:\\\/\\\/aeroespacio.com.ar\\\/?p=17975#primaryimage\"},\"image\":{\"@id\":\"https:\\\/\\\/aeroespacio.com.ar\\\/?p=17975#primaryimage\"},\"thumbnailUrl\":\"https:\\\/\\\/aeroespacio.com.ar\\\/wp-content\\\/uploads\\\/2026\\\/04\\\/Radar-EANA-Neuquen-1.jpg\",\"datePublished\":\"2026-04-24T13:00:00+00:00\",\"dateModified\":\"2026-04-27T14:04:09+00:00\",\"author\":{\"@id\":\"https:\\\/\\\/aeroespacio.com.ar\\\/#\\\/schema\\\/person\\\/0a7a5403db2715e34a7c5dc55faa3c6d\"},\"breadcrumb\":{\"@id\":\"https:\\\/\\\/aeroespacio.com.ar\\\/?p=17975#breadcrumb\"},\"inLanguage\":\"es-AR\",\"potentialAction\":[{\"@type\":\"ReadAction\",\"target\":[\"https:\\\/\\\/aeroespacio.com.ar\\\/?p=17975\"]}]},{\"@type\":\"ImageObject\",\"inLanguage\":\"es-AR\",\"@id\":\"https:\\\/\\\/aeroespacio.com.ar\\\/?p=17975#primaryimage\",\"url\":\"https:\\\/\\\/aeroespacio.com.ar\\\/wp-content\\\/uploads\\\/2026\\\/04\\\/Radar-EANA-Neuquen-1.jpg\",\"contentUrl\":\"https:\\\/\\\/aeroespacio.com.ar\\\/wp-content\\\/uploads\\\/2026\\\/04\\\/Radar-EANA-Neuquen-1.jpg\",\"width\":570,\"height\":380},{\"@type\":\"BreadcrumbList\",\"@id\":\"https:\\\/\\\/aeroespacio.com.ar\\\/?p=17975#breadcrumb\",\"itemListElement\":[{\"@type\":\"ListItem\",\"position\":1,\"name\":\"Inicio\",\"item\":\"https:\\\/\\\/aeroespacio.com.ar\\\/\"},{\"@type\":\"ListItem\",\"position\":2,\"name\":\"Entra en servicio un nuevo radar en el aeropuerto de Neuqu\u00e9n\"}]},{\"@type\":\"WebSite\",\"@id\":\"https:\\\/\\\/aeroespacio.com.ar\\\/#website\",\"url\":\"https:\\\/\\\/aeroespacio.com.ar\\\/\",\"name\":\"aeroespacio.com.ar\",\"description\":\"\",\"potentialAction\":[{\"@type\":\"SearchAction\",\"target\":{\"@type\":\"EntryPoint\",\"urlTemplate\":\"https:\\\/\\\/aeroespacio.com.ar\\\/?s={search_term_string}\"},\"query-input\":{\"@type\":\"PropertyValueSpecification\",\"valueRequired\":true,\"valueName\":\"search_term_string\"}}],\"inLanguage\":\"es-AR\"},{\"@type\":\"Person\",\"@id\":\"https:\\\/\\\/aeroespacio.com.ar\\\/#\\\/schema\\\/person\\\/0a7a5403db2715e34a7c5dc55faa3c6d\",\"name\":\"MARIA SONZINI\",\"image\":{\"@type\":\"ImageObject\",\"inLanguage\":\"es-AR\",\"@id\":\"https:\\\/\\\/secure.gravatar.com\\\/avatar\\\/980871a93281a9e85f3caac37069d6828dcef4a411838365d080d4c510309c76?s=96&d=mm&r=g\",\"url\":\"https:\\\/\\\/secure.gravatar.com\\\/avatar\\\/980871a93281a9e85f3caac37069d6828dcef4a411838365d080d4c510309c76?s=96&d=mm&r=g\",\"contentUrl\":\"https:\\\/\\\/secure.gravatar.com\\\/avatar\\\/980871a93281a9e85f3caac37069d6828dcef4a411838365d080d4c510309c76?s=96&d=mm&r=g\",\"caption\":\"MARIA SONZINI\"},\"url\":\"https:\\\/\\\/aeroespacio.com.ar\\\/?author=23\"}]}<\/script>\n<!-- \/ Yoast SEO plugin. -->","yoast_head_json":{"title":"Entra en servicio un nuevo radar en el aeropuerto de Neuqu\u00e9n - Aeroespacio","robots":{"index":"index","follow":"follow","max-snippet":"max-snippet:-1","max-image-preview":"max-image-preview:large","max-video-preview":"max-video-preview:-1"},"canonical":"https:\/\/aeroespacio.com.ar\/?p=17975","og_locale":"es_ES","og_type":"article","og_title":"Entra en servicio un nuevo radar en el aeropuerto de Neuqu\u00e9n - Aeroespacio","og_description":"La actualizaci\u00f3n del sistema de vigilancia a\u00e9rea en Argentina avanza con la entrada en servicio de un radar secundario de [&hellip;]","og_url":"https:\/\/aeroespacio.com.ar\/?p=17975","og_site_name":"Aeroespacio","article_published_time":"2026-04-24T13:00:00+00:00","article_modified_time":"2026-04-27T14:04:09+00:00","og_image":[{"width":570,"height":380,"url":"https:\/\/aeroespacio.com.ar\/wp-content\/uploads\/2026\/04\/Radar-EANA-Neuquen-1.jpg","type":"image\/jpeg"}],"author":"MARIA SONZINI","twitter_card":"summary_large_image","twitter_misc":{"Escrito por":"MARIA SONZINI","Tiempo de lectura":"3 minutos"},"schema":{"@context":"https:\/\/schema.org","@graph":[{"@type":"Article","@id":"https:\/\/aeroespacio.com.ar\/?p=17975#article","isPartOf":{"@id":"https:\/\/aeroespacio.com.ar\/?p=17975"},"author":{"name":"MARIA SONZINI","@id":"https:\/\/aeroespacio.com.ar\/#\/schema\/person\/0a7a5403db2715e34a7c5dc55faa3c6d"},"headline":"Entra en servicio un nuevo radar en el aeropuerto de Neuqu\u00e9n","datePublished":"2026-04-24T13:00:00+00:00","dateModified":"2026-04-27T14:04:09+00:00","mainEntityOfPage":{"@id":"https:\/\/aeroespacio.com.ar\/?p=17975"},"wordCount":580,"commentCount":0,"image":{"@id":"https:\/\/aeroespacio.com.ar\/?p=17975#primaryimage"},"thumbnailUrl":"https:\/\/aeroespacio.com.ar\/wp-content\/uploads\/2026\/04\/Radar-EANA-Neuquen-1.jpg","keywords":["EANA","Gesti\u00f3n","Modernizaci\u00f3n","Neuqu\u00e9n","radares","Tr\u00e1nsito"],"articleSection":["Industria y Tecnolog\u00eda"],"inLanguage":"es-AR","potentialAction":[{"@type":"CommentAction","name":"Comment","target":["https:\/\/aeroespacio.com.ar\/?p=17975#respond"]}]},{"@type":"WebPage","@id":"https:\/\/aeroespacio.com.ar\/?p=17975","url":"https:\/\/aeroespacio.com.ar\/?p=17975","name":"Entra en servicio un nuevo radar en el aeropuerto de Neuqu\u00e9n - Aeroespacio","isPartOf":{"@id":"https:\/\/aeroespacio.com.ar\/#website"},"primaryImageOfPage":{"@id":"https:\/\/aeroespacio.com.ar\/?p=17975#primaryimage"},"image":{"@id":"https:\/\/aeroespacio.com.ar\/?p=17975#primaryimage"},"thumbnailUrl":"https:\/\/aeroespacio.com.ar\/wp-content\/uploads\/2026\/04\/Radar-EANA-Neuquen-1.jpg","datePublished":"2026-04-24T13:00:00+00:00","dateModified":"2026-04-27T14:04:09+00:00","author":{"@id":"https:\/\/aeroespacio.com.ar\/#\/schema\/person\/0a7a5403db2715e34a7c5dc55faa3c6d"},"breadcrumb":{"@id":"https:\/\/aeroespacio.com.ar\/?p=17975#breadcrumb"},"inLanguage":"es-AR","potentialAction":[{"@type":"ReadAction","target":["https:\/\/aeroespacio.com.ar\/?p=17975"]}]},{"@type":"ImageObject","inLanguage":"es-AR","@id":"https:\/\/aeroespacio.com.ar\/?p=17975#primaryimage","url":"https:\/\/aeroespacio.com.ar\/wp-content\/uploads\/2026\/04\/Radar-EANA-Neuquen-1.jpg","contentUrl":"https:\/\/aeroespacio.com.ar\/wp-content\/uploads\/2026\/04\/Radar-EANA-Neuquen-1.jpg","width":570,"height":380},{"@type":"BreadcrumbList","@id":"https:\/\/aeroespacio.com.ar\/?p=17975#breadcrumb","itemListElement":[{"@type":"ListItem","position":1,"name":"Inicio","item":"https:\/\/aeroespacio.com.ar\/"},{"@type":"ListItem","position":2,"name":"Entra en servicio un nuevo radar en el aeropuerto de Neuqu\u00e9n"}]},{"@type":"WebSite","@id":"https:\/\/aeroespacio.com.ar\/#website","url":"https:\/\/aeroespacio.com.ar\/","name":"aeroespacio.com.ar","description":"","potentialAction":[{"@type":"SearchAction","target":{"@type":"EntryPoint","urlTemplate":"https:\/\/aeroespacio.com.ar\/?s={search_term_string}"},"query-input":{"@type":"PropertyValueSpecification","valueRequired":true,"valueName":"search_term_string"}}],"inLanguage":"es-AR"},{"@type":"Person","@id":"https:\/\/aeroespacio.com.ar\/#\/schema\/person\/0a7a5403db2715e34a7c5dc55faa3c6d","name":"MARIA SONZINI","image":{"@type":"ImageObject","inLanguage":"es-AR","@id":"https:\/\/secure.gravatar.com\/avatar\/980871a93281a9e85f3caac37069d6828dcef4a411838365d080d4c510309c76?s=96&d=mm&r=g","url":"https:\/\/secure.gravatar.com\/avatar\/980871a93281a9e85f3caac37069d6828dcef4a411838365d080d4c510309c76?s=96&d=mm&r=g","contentUrl":"https:\/\/secure.gravatar.com\/avatar\/980871a93281a9e85f3caac37069d6828dcef4a411838365d080d4c510309c76?s=96&d=mm&r=g","caption":"MARIA SONZINI"},"url":"https:\/\/aeroespacio.com.ar\/?author=23"}]}},"rttpg_featured_image_url":{"full":["https:\/\/aeroespacio.com.ar\/wp-content\/uploads\/2026\/04\/Radar-EANA-Neuquen-1.jpg",570,380,false],"landscape":["https:\/\/aeroespacio.com.ar\/wp-content\/uploads\/2026\/04\/Radar-EANA-Neuquen-1.jpg",570,380,false],"portraits":["https:\/\/aeroespacio.com.ar\/wp-content\/uploads\/2026\/04\/Radar-EANA-Neuquen-1.jpg",570,380,false],"thumbnail":["https:\/\/aeroespacio.com.ar\/wp-content\/uploads\/2026\/04\/Radar-EANA-Neuquen-1-150x150.jpg",150,150,true],"medium":["https:\/\/aeroespacio.com.ar\/wp-content\/uploads\/2026\/04\/Radar-EANA-Neuquen-1-300x200.jpg",300,200,true],"large":["https:\/\/aeroespacio.com.ar\/wp-content\/uploads\/2026\/04\/Radar-EANA-Neuquen-1.jpg",570,380,false],"1536x1536":["https:\/\/aeroespacio.com.ar\/wp-content\/uploads\/2026\/04\/Radar-EANA-Neuquen-1.jpg",570,380,false],"2048x2048":["https:\/\/aeroespacio.com.ar\/wp-content\/uploads\/2026\/04\/Radar-EANA-Neuquen-1.jpg",570,380,false]},"rttpg_author":{"display_name":"MARIA SONZINI","author_link":"https:\/\/aeroespacio.com.ar\/?author=23"},"rttpg_comment":0,"rttpg_category":"<a href=\"https:\/\/aeroespacio.com.ar\/?cat=1441\" rel=\"category\">Industria y Tecnolog\u00eda<\/a>","rttpg_excerpt":"La actualizaci\u00f3n del sistema de vigilancia a\u00e9rea en Argentina avanza con la entrada en servicio de un radar secundario de [&hellip;]","_links":{"self":[{"href":"https:\/\/aeroespacio.com.ar\/index.php?rest_route=\/wp\/v2\/posts\/17975","targetHints":{"allow":["GET"]}}],"collection":[{"href":"https:\/\/aeroespacio.com.ar\/index.php?rest_route=\/wp\/v2\/posts"}],"about":[{"href":"https:\/\/aeroespacio.com.ar\/index.php?rest_route=\/wp\/v2\/types\/post"}],"author":[{"embeddable":true,"href":"https:\/\/aeroespacio.com.ar\/index.php?rest_route=\/wp\/v2\/users\/23"}],"replies":[{"embeddable":true,"href":"https:\/\/aeroespacio.com.ar\/index.php?rest_route=%2Fwp%2Fv2%2Fcomments&post=17975"}],"version-history":[{"count":1,"href":"https:\/\/aeroespacio.com.ar\/index.php?rest_route=\/wp\/v2\/posts\/17975\/revisions"}],"predecessor-version":[{"id":17979,"href":"https:\/\/aeroespacio.com.ar\/index.php?rest_route=\/wp\/v2\/posts\/17975\/revisions\/17979"}],"wp:featuredmedia":[{"embeddable":true,"href":"https:\/\/aeroespacio.com.ar\/index.php?rest_route=\/wp\/v2\/media\/17977"}],"wp:attachment":[{"href":"https:\/\/aeroespacio.com.ar\/index.php?rest_route=%2Fwp%2Fv2%2Fmedia&parent=17975"}],"wp:term":[{"taxonomy":"category","embeddable":true,"href":"https:\/\/aeroespacio.com.ar\/index.php?rest_route=%2Fwp%2Fv2%2Fcategories&post=17975"},{"taxonomy":"post_tag","embeddable":true,"href":"https:\/\/aeroespacio.com.ar\/index.php?rest_route=%2Fwp%2Fv2%2Ftags&post=17975"}],"curies":[{"name":"wp","href":"https:\/\/api.w.org\/{rel}","templated":true}]}}