{"id":17811,"date":"2026-03-13T17:54:55","date_gmt":"2026-03-13T17:54:55","guid":{"rendered":"https:\/\/aeroespacio.com.ar\/?p=17811"},"modified":"2026-03-13T17:54:55","modified_gmt":"2026-03-13T17:54:55","slug":"meteorologia-aeronautica-y-tecnologia-digital-el-nuevo-estandar-operativo","status":"publish","type":"post","link":"https:\/\/aeroespacio.com.ar\/?p=17811","title":{"rendered":"Meteorolog\u00eda aeron\u00e1utica y tecnolog\u00eda digital: el nuevo est\u00e1ndar operativo"},"content":{"rendered":"\n<p>El estado del tiempo y el clima siempre fueron un factor decisivo en la aviaci\u00f3n. Desde los primeros vuelos hasta las operaciones comerciales actuales, entender qu\u00e9 ocurre en la atm\u00f3sfera es tan importante como el estado de la aeronave. Hoy en d\u00eda, lo que est\u00e1 en desarrollo es el modo en que se interpreta lo que ocurre en el aire.<\/p>\n\n\n\n<figure class=\"wp-block-image size-large\"><img fetchpriority=\"high\" decoding=\"async\" width=\"1024\" height=\"512\" src=\"https:\/\/aeroespacio.com.ar\/wp-content\/uploads\/2026\/03\/EANA-quienes-somos-y-que-hacemos-1024x512.jpg\" alt=\"\" class=\"wp-image-17812\" srcset=\"https:\/\/aeroespacio.com.ar\/wp-content\/uploads\/2026\/03\/EANA-quienes-somos-y-que-hacemos-1024x512.jpg 1024w, https:\/\/aeroespacio.com.ar\/wp-content\/uploads\/2026\/03\/EANA-quienes-somos-y-que-hacemos-300x150.jpg 300w, https:\/\/aeroespacio.com.ar\/wp-content\/uploads\/2026\/03\/EANA-quienes-somos-y-que-hacemos-768x384.jpg 768w, https:\/\/aeroespacio.com.ar\/wp-content\/uploads\/2026\/03\/EANA-quienes-somos-y-que-hacemos.jpg 1200w\" sizes=\"(max-width: 1024px) 100vw, 1024px\" \/><\/figure>\n\n\n\n<p>La transformaci\u00f3n no pasa por abandonar los modelos num\u00e9ricos cl\u00e1sicos, esos sistemas que resuelven ecuaciones f\u00edsicas complejas para simular el comportamiento del \u00e9ter en distintas capas. Esos esquemas a\u00fan son la columna vertebral del pron\u00f3stico global. Lo novedoso es que ahora se complementan con herramientas capaces de procesar vol\u00famenes masivos de datos en cuesti\u00f3n de segundos y detectar patrones que antes demandaban horas de c\u00e1lculo. La Organizaci\u00f3n Meteorol\u00f3gica Mundial (WMO, por sus siglas en ingl\u00e9s) impulsa este enfoque h\u00edbrido, en el que la predicci\u00f3n tradicional convive con t\u00e9cnicas avanzadas de an\u00e1lisis y mayor integraci\u00f3n de informaci\u00f3n en tiempo real.<\/p>\n\n\n\n<p>En la pr\u00e1ctica, esto significa que las compa\u00f1\u00edas a\u00e9reas y los centros de planificaci\u00f3n ya no dependen \u00fanicamente de un parte emitido con antelaci\u00f3n. Hoy trabajan con plataformas que combinan im\u00e1genes satelitales, radares, observaciones de superficie y reportes autom\u00e1ticos generados por aeronaves en vuelo. El sistema AMDAR, coordinado por la WMO y utilizado por numerosos pa\u00edses, permite que datos recogidos a bordo \u2014temperatura, viento, presi\u00f3n\u2014 alimenten los modelos globales casi al instante y que mejoren la calidad de los escenarios proyectados.<\/p>\n\n\n\n<p>Uno de los fen\u00f3menos m\u00e1s sensibles es la turbulencia en aire claro, que es dif\u00edcil de anticipar ya que no siempre est\u00e1 asociada a nubes o tormentas visibles. Un estudio publicado en Geophysical Research Letters advirti\u00f3 que este tipo de inestabilidad severa aument\u00f3 en las \u00faltimas d\u00e9cadas en rutas del Atl\u00e1ntico Norte, un corredor clave para la aviaci\u00f3n comercial. Ese dato encendi\u00f3 alertas en la industria y reforz\u00f3 la necesidad de perfeccionar herramientas de detecci\u00f3n temprana y an\u00e1lisis predictivo.<\/p>\n\n\n\n<p>En paralelo, proveedores tecnol\u00f3gicos comenzaron a ofrecer soluciones espec\u00edficas para las operaciones a\u00e9reas. La Administraci\u00f3n Nacional Oce\u00e1nica y Atmosf\u00e9rica de Estados Unidos y la Aviation Weather Center desarrollan productos orientados a la actividad a\u00e9rea que integran informaci\u00f3n de radar, sat\u00e9lite y modelos de alta resoluci\u00f3n para apoyar la toma de decisiones en ruta y en aer\u00f3dromos. En el \u00e1mbito privado, compa\u00f1\u00edas especializadas presentan sistemas que cruzan variables atmosf\u00e9ricas con desempe\u00f1o de flota y planificaci\u00f3n de combustible, que buscan no solo evitar fen\u00f3menos severos sino optimizar niveles de vuelo y consumo.<\/p>\n\n\n\n<p>En Argentina, este proceso se inserta en un entramado que combina infraestructura de observaci\u00f3n distribuida en distintos aer\u00f3dromos, centros de vigilancia y servicios especializados para navegaci\u00f3n a\u00e9rea. El Servicio Meteorol\u00f3gico Nacional &nbsp;emite productos como TAF y SIGMET que se integran a la planificaci\u00f3n diaria de operadores civiles y comerciales. A su vez, la Empresa Argentina de Navegaci\u00f3n A\u00e9rea destaca la relevancia de esa informaci\u00f3n para la seguridad operacional en el espacio a\u00e9reo bajo su responsabilidad.<\/p>\n\n\n\n<p>El impacto econ\u00f3mico tampoco es menor. La Organizaci\u00f3n de Aviaci\u00f3n Civil Internacional subraya que la disponibilidad de informaci\u00f3n meteorol\u00f3gica precisa y oportuna es un componente esencial para la seguridad y la eficiencia, y que una mejor anticipaci\u00f3n puede traducirse en menor consumo de combustible y reducci\u00f3n de emisiones. En un sector donde los m\u00e1rgenes son estrechos, cada ajuste en altitud o ruta puede significar ahorro tangible.<\/p>\n\n\n\n<figure class=\"wp-block-image size-full\"><img decoding=\"async\" width=\"1024\" height=\"768\" src=\"https:\/\/aeroespacio.com.ar\/wp-content\/uploads\/2026\/03\/wmo-logo-1.jpg\" alt=\"\" class=\"wp-image-17814\" srcset=\"https:\/\/aeroespacio.com.ar\/wp-content\/uploads\/2026\/03\/wmo-logo-1.jpg 1024w, https:\/\/aeroespacio.com.ar\/wp-content\/uploads\/2026\/03\/wmo-logo-1-300x225.jpg 300w, https:\/\/aeroespacio.com.ar\/wp-content\/uploads\/2026\/03\/wmo-logo-1-768x576.jpg 768w\" sizes=\"(max-width: 1024px) 100vw, 1024px\" \/><\/figure>\n\n\n\n<p>La conectividad a bordo refuerza esta din\u00e1mica. Algunas aeronaves transmiten datos atmosf\u00e9ricos durante el vuelo, retroalimentando los sistemas globales y enriqueciendo los c\u00e1lculos para trayectos posteriores. Cada operaci\u00f3n se convierte as\u00ed en parte de una red internacional de observaci\u00f3n que evoluciona minuto a minuto.<\/p>\n\n\n\n<p>Lo que antes era un parte consultado antes de rodar hacia la pista, hoy funciona como un entramado din\u00e1mico que acompa\u00f1a toda la operaci\u00f3n. La aviaci\u00f3n depende de lo que ocurra en el cielo, pero la forma de interpretarlo ya no es la misma. En esa nueva etapa, la combinaci\u00f3n de f\u00edsica, datos y an\u00e1lisis avanzado se consolida como uno de los pilares menos visibles \u2014y m\u00e1s estrat\u00e9gicos\u2014 del transporte a\u00e9reo actual.<\/p>\n\n\n\n<p>Fuentes y foto: American Geophysical Union, EANA<\/p>\n","protected":false},"excerpt":{"rendered":"<p>El estado del tiempo y el clima siempre fueron un factor decisivo en la aviaci\u00f3n. Desde los primeros vuelos hasta [&hellip;]<\/p>\n","protected":false},"author":23,"featured_media":17815,"comment_status":"open","ping_status":"closed","sticky":false,"template":"","format":"standard","meta":{"site-sidebar-layout":"default","site-content-layout":"","ast-site-content-layout":"default","site-content-style":"default","site-sidebar-style":"default","ast-global-header-display":"","ast-banner-title-visibility":"","ast-main-header-display":"","ast-hfb-above-header-display":"","ast-hfb-below-header-display":"","ast-hfb-mobile-header-display":"","site-post-title":"","ast-breadcrumbs-content":"","ast-featured-img":"","footer-sml-layout":"","ast-disable-related-posts":"","theme-transparent-header-meta":"","adv-header-id-meta":"","stick-header-meta":"","header-above-stick-meta":"","header-main-stick-meta":"","header-below-stick-meta":"","astra-migrate-meta-layouts":"default","ast-page-background-enabled":"default","ast-page-background-meta":{"desktop":{"background-color":"var(--ast-global-color-5)","background-image":"","background-repeat":"repeat","background-position":"center center","background-size":"auto","background-attachment":"scroll","background-type":"","background-media":"","overlay-type":"","overlay-color":"","overlay-opacity":"","overlay-gradient":""},"tablet":{"background-color":"","background-image":"","background-repeat":"repeat","background-position":"center center","background-size":"auto","background-attachment":"scroll","background-type":"","background-media":"","overlay-type":"","overlay-color":"","overlay-opacity":"","overlay-gradient":""},"mobile":{"background-color":"","background-image":"","background-repeat":"repeat","background-position":"center center","background-size":"auto","background-attachment":"scroll","background-type":"","background-media":"","overlay-type":"","overlay-color":"","overlay-opacity":"","overlay-gradient":""}},"ast-content-background-meta":{"desktop":{"background-color":"var(--ast-global-color-4)","background-image":"","background-repeat":"repeat","background-position":"center center","background-size":"auto","background-attachment":"scroll","background-type":"","background-media":"","overlay-type":"","overlay-color":"","overlay-opacity":"","overlay-gradient":""},"tablet":{"background-color":"var(--ast-global-color-4)","background-image":"","background-repeat":"repeat","background-position":"center center","background-size":"auto","background-attachment":"scroll","background-type":"","background-media":"","overlay-type":"","overlay-color":"","overlay-opacity":"","overlay-gradient":""},"mobile":{"background-color":"var(--ast-global-color-4)","background-image":"","background-repeat":"repeat","background-position":"center center","background-size":"auto","background-attachment":"scroll","background-type":"","background-media":"","overlay-type":"","overlay-color":"","overlay-opacity":"","overlay-gradient":""}},"_joinchat":[],"footnotes":""},"categories":[1434,1441],"tags":[2050,2038,2036,1407,2075,2076],"class_list":["post-17811","post","type-post","status-publish","format-standard","has-post-thumbnail","hentry","category-aviacion-general","category-industria-y-tecnologia","tag-aeronautica-2","tag-clima","tag-meteorologia-3","tag-omm","tag-prediccion","tag-pronostico"],"yoast_head":"<!-- This site is optimized with the Yoast SEO plugin v27.3 - https:\/\/yoast.com\/product\/yoast-seo-wordpress\/ -->\n<title>Meteorolog\u00eda aeron\u00e1utica y tecnolog\u00eda digital: el nuevo est\u00e1ndar operativo - Aeroespacio<\/title>\n<meta name=\"robots\" content=\"index, follow, max-snippet:-1, max-image-preview:large, max-video-preview:-1\" \/>\n<link rel=\"canonical\" href=\"https:\/\/aeroespacio.com.ar\/?p=17811\" \/>\n<meta property=\"og:locale\" content=\"es_ES\" \/>\n<meta property=\"og:type\" content=\"article\" \/>\n<meta property=\"og:title\" content=\"Meteorolog\u00eda aeron\u00e1utica y tecnolog\u00eda digital: el nuevo est\u00e1ndar operativo - Aeroespacio\" \/>\n<meta property=\"og:description\" content=\"El estado del tiempo y el clima siempre fueron un factor decisivo en la aviaci\u00f3n. Desde los primeros vuelos hasta [&hellip;]\" \/>\n<meta property=\"og:url\" content=\"https:\/\/aeroespacio.com.ar\/?p=17811\" \/>\n<meta property=\"og:site_name\" content=\"Aeroespacio\" \/>\n<meta property=\"article:published_time\" content=\"2026-03-13T17:54:55+00:00\" \/>\n<meta property=\"og:image\" content=\"https:\/\/aeroespacio.com.ar\/wp-content\/uploads\/2026\/03\/climate-monitoring.jpeg\" \/>\n\t<meta property=\"og:image:width\" content=\"2500\" \/>\n\t<meta property=\"og:image:height\" content=\"1667\" \/>\n\t<meta property=\"og:image:type\" content=\"image\/jpeg\" \/>\n<meta name=\"author\" content=\"MARIA SONZINI\" \/>\n<meta name=\"twitter:card\" content=\"summary_large_image\" \/>\n<meta name=\"twitter:label1\" content=\"Escrito por\" \/>\n\t<meta name=\"twitter:data1\" content=\"MARIA SONZINI\" \/>\n\t<meta name=\"twitter:label2\" content=\"Tiempo de lectura\" \/>\n\t<meta name=\"twitter:data2\" content=\"4 minutos\" \/>\n<script type=\"application\/ld+json\" class=\"yoast-schema-graph\">{\"@context\":\"https:\\\/\\\/schema.org\",\"@graph\":[{\"@type\":\"Article\",\"@id\":\"https:\\\/\\\/aeroespacio.com.ar\\\/?p=17811#article\",\"isPartOf\":{\"@id\":\"https:\\\/\\\/aeroespacio.com.ar\\\/?p=17811\"},\"author\":{\"name\":\"MARIA SONZINI\",\"@id\":\"https:\\\/\\\/aeroespacio.com.ar\\\/#\\\/schema\\\/person\\\/0a7a5403db2715e34a7c5dc55faa3c6d\"},\"headline\":\"Meteorolog\u00eda aeron\u00e1utica y tecnolog\u00eda digital: el nuevo est\u00e1ndar operativo\",\"datePublished\":\"2026-03-13T17:54:55+00:00\",\"mainEntityOfPage\":{\"@id\":\"https:\\\/\\\/aeroespacio.com.ar\\\/?p=17811\"},\"wordCount\":774,\"commentCount\":0,\"image\":{\"@id\":\"https:\\\/\\\/aeroespacio.com.ar\\\/?p=17811#primaryimage\"},\"thumbnailUrl\":\"https:\\\/\\\/aeroespacio.com.ar\\\/wp-content\\\/uploads\\\/2026\\\/03\\\/climate-monitoring.jpeg\",\"keywords\":[\"Aeron\u00e1utica\",\"Clima\",\"Meteorolog\u00eda\",\"OMM\",\"Predicci\u00f3n\",\"Pron\u00f3stico\"],\"articleSection\":[\"Aviaci\u00f3n General\",\"Industria y Tecnolog\u00eda\"],\"inLanguage\":\"es-AR\",\"potentialAction\":[{\"@type\":\"CommentAction\",\"name\":\"Comment\",\"target\":[\"https:\\\/\\\/aeroespacio.com.ar\\\/?p=17811#respond\"]}]},{\"@type\":\"WebPage\",\"@id\":\"https:\\\/\\\/aeroespacio.com.ar\\\/?p=17811\",\"url\":\"https:\\\/\\\/aeroespacio.com.ar\\\/?p=17811\",\"name\":\"Meteorolog\u00eda aeron\u00e1utica y tecnolog\u00eda digital: el nuevo est\u00e1ndar operativo - Aeroespacio\",\"isPartOf\":{\"@id\":\"https:\\\/\\\/aeroespacio.com.ar\\\/#website\"},\"primaryImageOfPage\":{\"@id\":\"https:\\\/\\\/aeroespacio.com.ar\\\/?p=17811#primaryimage\"},\"image\":{\"@id\":\"https:\\\/\\\/aeroespacio.com.ar\\\/?p=17811#primaryimage\"},\"thumbnailUrl\":\"https:\\\/\\\/aeroespacio.com.ar\\\/wp-content\\\/uploads\\\/2026\\\/03\\\/climate-monitoring.jpeg\",\"datePublished\":\"2026-03-13T17:54:55+00:00\",\"author\":{\"@id\":\"https:\\\/\\\/aeroespacio.com.ar\\\/#\\\/schema\\\/person\\\/0a7a5403db2715e34a7c5dc55faa3c6d\"},\"breadcrumb\":{\"@id\":\"https:\\\/\\\/aeroespacio.com.ar\\\/?p=17811#breadcrumb\"},\"inLanguage\":\"es-AR\",\"potentialAction\":[{\"@type\":\"ReadAction\",\"target\":[\"https:\\\/\\\/aeroespacio.com.ar\\\/?p=17811\"]}]},{\"@type\":\"ImageObject\",\"inLanguage\":\"es-AR\",\"@id\":\"https:\\\/\\\/aeroespacio.com.ar\\\/?p=17811#primaryimage\",\"url\":\"https:\\\/\\\/aeroespacio.com.ar\\\/wp-content\\\/uploads\\\/2026\\\/03\\\/climate-monitoring.jpeg\",\"contentUrl\":\"https:\\\/\\\/aeroespacio.com.ar\\\/wp-content\\\/uploads\\\/2026\\\/03\\\/climate-monitoring.jpeg\",\"width\":2500,\"height\":1667,\"caption\":\"Hurricane and magnifying glass with wind speed direction scheme range of speeds and surface winds in zoomed area. Studying the weather concept. Elements of this image furnished by NASA.\"},{\"@type\":\"BreadcrumbList\",\"@id\":\"https:\\\/\\\/aeroespacio.com.ar\\\/?p=17811#breadcrumb\",\"itemListElement\":[{\"@type\":\"ListItem\",\"position\":1,\"name\":\"Inicio\",\"item\":\"https:\\\/\\\/aeroespacio.com.ar\\\/\"},{\"@type\":\"ListItem\",\"position\":2,\"name\":\"Meteorolog\u00eda aeron\u00e1utica y tecnolog\u00eda digital: el nuevo est\u00e1ndar operativo\"}]},{\"@type\":\"WebSite\",\"@id\":\"https:\\\/\\\/aeroespacio.com.ar\\\/#website\",\"url\":\"https:\\\/\\\/aeroespacio.com.ar\\\/\",\"name\":\"aeroespacio.com.ar\",\"description\":\"\",\"potentialAction\":[{\"@type\":\"SearchAction\",\"target\":{\"@type\":\"EntryPoint\",\"urlTemplate\":\"https:\\\/\\\/aeroespacio.com.ar\\\/?s={search_term_string}\"},\"query-input\":{\"@type\":\"PropertyValueSpecification\",\"valueRequired\":true,\"valueName\":\"search_term_string\"}}],\"inLanguage\":\"es-AR\"},{\"@type\":\"Person\",\"@id\":\"https:\\\/\\\/aeroespacio.com.ar\\\/#\\\/schema\\\/person\\\/0a7a5403db2715e34a7c5dc55faa3c6d\",\"name\":\"MARIA SONZINI\",\"image\":{\"@type\":\"ImageObject\",\"inLanguage\":\"es-AR\",\"@id\":\"https:\\\/\\\/secure.gravatar.com\\\/avatar\\\/980871a93281a9e85f3caac37069d6828dcef4a411838365d080d4c510309c76?s=96&d=mm&r=g\",\"url\":\"https:\\\/\\\/secure.gravatar.com\\\/avatar\\\/980871a93281a9e85f3caac37069d6828dcef4a411838365d080d4c510309c76?s=96&d=mm&r=g\",\"contentUrl\":\"https:\\\/\\\/secure.gravatar.com\\\/avatar\\\/980871a93281a9e85f3caac37069d6828dcef4a411838365d080d4c510309c76?s=96&d=mm&r=g\",\"caption\":\"MARIA SONZINI\"},\"url\":\"https:\\\/\\\/aeroespacio.com.ar\\\/?author=23\"}]}<\/script>\n<!-- \/ Yoast SEO plugin. -->","yoast_head_json":{"title":"Meteorolog\u00eda aeron\u00e1utica y tecnolog\u00eda digital: el nuevo est\u00e1ndar operativo - Aeroespacio","robots":{"index":"index","follow":"follow","max-snippet":"max-snippet:-1","max-image-preview":"max-image-preview:large","max-video-preview":"max-video-preview:-1"},"canonical":"https:\/\/aeroespacio.com.ar\/?p=17811","og_locale":"es_ES","og_type":"article","og_title":"Meteorolog\u00eda aeron\u00e1utica y tecnolog\u00eda digital: el nuevo est\u00e1ndar operativo - Aeroespacio","og_description":"El estado del tiempo y el clima siempre fueron un factor decisivo en la aviaci\u00f3n. Desde los primeros vuelos hasta [&hellip;]","og_url":"https:\/\/aeroespacio.com.ar\/?p=17811","og_site_name":"Aeroespacio","article_published_time":"2026-03-13T17:54:55+00:00","og_image":[{"width":2500,"height":1667,"url":"https:\/\/aeroespacio.com.ar\/wp-content\/uploads\/2026\/03\/climate-monitoring.jpeg","type":"image\/jpeg"}],"author":"MARIA SONZINI","twitter_card":"summary_large_image","twitter_misc":{"Escrito por":"MARIA SONZINI","Tiempo de lectura":"4 minutos"},"schema":{"@context":"https:\/\/schema.org","@graph":[{"@type":"Article","@id":"https:\/\/aeroespacio.com.ar\/?p=17811#article","isPartOf":{"@id":"https:\/\/aeroespacio.com.ar\/?p=17811"},"author":{"name":"MARIA SONZINI","@id":"https:\/\/aeroespacio.com.ar\/#\/schema\/person\/0a7a5403db2715e34a7c5dc55faa3c6d"},"headline":"Meteorolog\u00eda aeron\u00e1utica y tecnolog\u00eda digital: el nuevo est\u00e1ndar operativo","datePublished":"2026-03-13T17:54:55+00:00","mainEntityOfPage":{"@id":"https:\/\/aeroespacio.com.ar\/?p=17811"},"wordCount":774,"commentCount":0,"image":{"@id":"https:\/\/aeroespacio.com.ar\/?p=17811#primaryimage"},"thumbnailUrl":"https:\/\/aeroespacio.com.ar\/wp-content\/uploads\/2026\/03\/climate-monitoring.jpeg","keywords":["Aeron\u00e1utica","Clima","Meteorolog\u00eda","OMM","Predicci\u00f3n","Pron\u00f3stico"],"articleSection":["Aviaci\u00f3n General","Industria y Tecnolog\u00eda"],"inLanguage":"es-AR","potentialAction":[{"@type":"CommentAction","name":"Comment","target":["https:\/\/aeroespacio.com.ar\/?p=17811#respond"]}]},{"@type":"WebPage","@id":"https:\/\/aeroespacio.com.ar\/?p=17811","url":"https:\/\/aeroespacio.com.ar\/?p=17811","name":"Meteorolog\u00eda aeron\u00e1utica y tecnolog\u00eda digital: el nuevo est\u00e1ndar operativo - Aeroespacio","isPartOf":{"@id":"https:\/\/aeroespacio.com.ar\/#website"},"primaryImageOfPage":{"@id":"https:\/\/aeroespacio.com.ar\/?p=17811#primaryimage"},"image":{"@id":"https:\/\/aeroespacio.com.ar\/?p=17811#primaryimage"},"thumbnailUrl":"https:\/\/aeroespacio.com.ar\/wp-content\/uploads\/2026\/03\/climate-monitoring.jpeg","datePublished":"2026-03-13T17:54:55+00:00","author":{"@id":"https:\/\/aeroespacio.com.ar\/#\/schema\/person\/0a7a5403db2715e34a7c5dc55faa3c6d"},"breadcrumb":{"@id":"https:\/\/aeroespacio.com.ar\/?p=17811#breadcrumb"},"inLanguage":"es-AR","potentialAction":[{"@type":"ReadAction","target":["https:\/\/aeroespacio.com.ar\/?p=17811"]}]},{"@type":"ImageObject","inLanguage":"es-AR","@id":"https:\/\/aeroespacio.com.ar\/?p=17811#primaryimage","url":"https:\/\/aeroespacio.com.ar\/wp-content\/uploads\/2026\/03\/climate-monitoring.jpeg","contentUrl":"https:\/\/aeroespacio.com.ar\/wp-content\/uploads\/2026\/03\/climate-monitoring.jpeg","width":2500,"height":1667,"caption":"Hurricane and magnifying glass with wind speed direction scheme range of speeds and surface winds in zoomed area. Studying the weather concept. Elements of this image furnished by NASA."},{"@type":"BreadcrumbList","@id":"https:\/\/aeroespacio.com.ar\/?p=17811#breadcrumb","itemListElement":[{"@type":"ListItem","position":1,"name":"Inicio","item":"https:\/\/aeroespacio.com.ar\/"},{"@type":"ListItem","position":2,"name":"Meteorolog\u00eda aeron\u00e1utica y tecnolog\u00eda digital: el nuevo est\u00e1ndar operativo"}]},{"@type":"WebSite","@id":"https:\/\/aeroespacio.com.ar\/#website","url":"https:\/\/aeroespacio.com.ar\/","name":"aeroespacio.com.ar","description":"","potentialAction":[{"@type":"SearchAction","target":{"@type":"EntryPoint","urlTemplate":"https:\/\/aeroespacio.com.ar\/?s={search_term_string}"},"query-input":{"@type":"PropertyValueSpecification","valueRequired":true,"valueName":"search_term_string"}}],"inLanguage":"es-AR"},{"@type":"Person","@id":"https:\/\/aeroespacio.com.ar\/#\/schema\/person\/0a7a5403db2715e34a7c5dc55faa3c6d","name":"MARIA SONZINI","image":{"@type":"ImageObject","inLanguage":"es-AR","@id":"https:\/\/secure.gravatar.com\/avatar\/980871a93281a9e85f3caac37069d6828dcef4a411838365d080d4c510309c76?s=96&d=mm&r=g","url":"https:\/\/secure.gravatar.com\/avatar\/980871a93281a9e85f3caac37069d6828dcef4a411838365d080d4c510309c76?s=96&d=mm&r=g","contentUrl":"https:\/\/secure.gravatar.com\/avatar\/980871a93281a9e85f3caac37069d6828dcef4a411838365d080d4c510309c76?s=96&d=mm&r=g","caption":"MARIA SONZINI"},"url":"https:\/\/aeroespacio.com.ar\/?author=23"}]}},"rttpg_featured_image_url":{"full":["https:\/\/aeroespacio.com.ar\/wp-content\/uploads\/2026\/03\/climate-monitoring.jpeg",2500,1667,false],"landscape":["https:\/\/aeroespacio.com.ar\/wp-content\/uploads\/2026\/03\/climate-monitoring.jpeg",2500,1667,false],"portraits":["https:\/\/aeroespacio.com.ar\/wp-content\/uploads\/2026\/03\/climate-monitoring.jpeg",2500,1667,false],"thumbnail":["https:\/\/aeroespacio.com.ar\/wp-content\/uploads\/2026\/03\/climate-monitoring-150x150.jpeg",150,150,true],"medium":["https:\/\/aeroespacio.com.ar\/wp-content\/uploads\/2026\/03\/climate-monitoring-300x200.jpeg",300,200,true],"large":["https:\/\/aeroespacio.com.ar\/wp-content\/uploads\/2026\/03\/climate-monitoring-1024x683.jpeg",1024,683,true],"1536x1536":["https:\/\/aeroespacio.com.ar\/wp-content\/uploads\/2026\/03\/climate-monitoring-1536x1024.jpeg",1536,1024,true],"2048x2048":["https:\/\/aeroespacio.com.ar\/wp-content\/uploads\/2026\/03\/climate-monitoring-2048x1366.jpeg",2048,1366,true]},"rttpg_author":{"display_name":"MARIA SONZINI","author_link":"https:\/\/aeroespacio.com.ar\/?author=23"},"rttpg_comment":0,"rttpg_category":"<a href=\"https:\/\/aeroespacio.com.ar\/?cat=1434\" rel=\"category\">Aviaci\u00f3n General<\/a> <a href=\"https:\/\/aeroespacio.com.ar\/?cat=1441\" rel=\"category\">Industria y Tecnolog\u00eda<\/a>","rttpg_excerpt":"El estado del tiempo y el clima siempre fueron un factor decisivo en la aviaci\u00f3n. Desde los primeros vuelos hasta [&hellip;]","_links":{"self":[{"href":"https:\/\/aeroespacio.com.ar\/index.php?rest_route=\/wp\/v2\/posts\/17811","targetHints":{"allow":["GET"]}}],"collection":[{"href":"https:\/\/aeroespacio.com.ar\/index.php?rest_route=\/wp\/v2\/posts"}],"about":[{"href":"https:\/\/aeroespacio.com.ar\/index.php?rest_route=\/wp\/v2\/types\/post"}],"author":[{"embeddable":true,"href":"https:\/\/aeroespacio.com.ar\/index.php?rest_route=\/wp\/v2\/users\/23"}],"replies":[{"embeddable":true,"href":"https:\/\/aeroespacio.com.ar\/index.php?rest_route=%2Fwp%2Fv2%2Fcomments&post=17811"}],"version-history":[{"count":1,"href":"https:\/\/aeroespacio.com.ar\/index.php?rest_route=\/wp\/v2\/posts\/17811\/revisions"}],"predecessor-version":[{"id":17816,"href":"https:\/\/aeroespacio.com.ar\/index.php?rest_route=\/wp\/v2\/posts\/17811\/revisions\/17816"}],"wp:featuredmedia":[{"embeddable":true,"href":"https:\/\/aeroespacio.com.ar\/index.php?rest_route=\/wp\/v2\/media\/17815"}],"wp:attachment":[{"href":"https:\/\/aeroespacio.com.ar\/index.php?rest_route=%2Fwp%2Fv2%2Fmedia&parent=17811"}],"wp:term":[{"taxonomy":"category","embeddable":true,"href":"https:\/\/aeroespacio.com.ar\/index.php?rest_route=%2Fwp%2Fv2%2Fcategories&post=17811"},{"taxonomy":"post_tag","embeddable":true,"href":"https:\/\/aeroespacio.com.ar\/index.php?rest_route=%2Fwp%2Fv2%2Ftags&post=17811"}],"curies":[{"name":"wp","href":"https:\/\/api.w.org\/{rel}","templated":true}]}}