{"id":17744,"date":"2026-01-22T13:25:49","date_gmt":"2026-01-22T13:25:49","guid":{"rendered":"http:\/\/192.168.0.98\/?p=17744"},"modified":"2026-03-19T14:41:47","modified_gmt":"2026-03-19T14:41:47","slug":"evacuacion-medica-exitosa-en-la-estacion-espacial-internacional","status":"publish","type":"post","link":"https:\/\/aeroespacio.com.ar\/?p=17744","title":{"rendered":"Evacuaci\u00f3n m\u00e9dica exitosa en la Estaci\u00f3n Espacial Internacional"},"content":{"rendered":"\n<p>El pasado 15 de enero, la c\u00e1psula Dragon de SpaceX ameriz\u00f3 sin inconvenientes frente a las costas de California, llevando a bordo a los cuatro integrantes de la Tripulaci\u00f3n 11, uno de los cuales padec\u00eda una afecci\u00f3n de salud. Con la ayuda de un barco de apoyo, los operarios abrieron la escotilla y sus integrantes salieron ilesos minutos despu\u00e9s: primero, el piloto Mike Fincke y la comandante Zena Cardman, ambos de la NASA; luego, Kimiya Yui, el especialista de misi\u00f3n de JAXA, Jap\u00f3n y, por \u00faltimo, Oleg Platonov, el especialista de Roscosmos, Rusia. Es la primera vez, en los 25 a\u00f1os de existencia de la EEI, que una misi\u00f3n debe regresar a la Tierra antes de lo previsto por razones sanitarias.<\/p>\n\n\n\n<figure class=\"wp-block-image size-large\"><img fetchpriority=\"high\" decoding=\"async\" width=\"1024\" height=\"683\" src=\"https:\/\/aeroespacio.com.ar\/wp-content\/uploads\/2026\/01\/The_SpaceX_Crew_Dragon-1024x683.jpg\" alt=\"\" class=\"wp-image-17746\" srcset=\"https:\/\/aeroespacio.com.ar\/wp-content\/uploads\/2026\/01\/The_SpaceX_Crew_Dragon-1024x683.jpg 1024w, https:\/\/aeroespacio.com.ar\/wp-content\/uploads\/2026\/01\/The_SpaceX_Crew_Dragon-300x200.jpg 300w, https:\/\/aeroespacio.com.ar\/wp-content\/uploads\/2026\/01\/The_SpaceX_Crew_Dragon-768x512.jpg 768w, https:\/\/aeroespacio.com.ar\/wp-content\/uploads\/2026\/01\/The_SpaceX_Crew_Dragon-1536x1024.jpg 1536w, https:\/\/aeroespacio.com.ar\/wp-content\/uploads\/2026\/01\/The_SpaceX_Crew_Dragon-2048x1365.jpg 2048w\" sizes=\"(max-width: 1024px) 100vw, 1024px\" \/><figcaption class=\"wp-element-caption\">C\u00e1psula Dragon de SpaceX<\/figcaption><\/figure>\n\n\n\n<p>\u201cEst\u00e1n todos bien y con buen \u00e1nimo\u201d, expres\u00f3 en rueda de prensa Jared Isaacman, actual administrador de la NASA, quien reconoci\u00f3 que se trata de una dolencia grave, aunque no califica como emergencia. Hasta la fecha se desconoce la identidad del integrante afectado, ya que la agencia espacial norteamericana tiene una pol\u00edtica estricta en torno a la privacidad de sus astronautas. Por este motivo, las autoridades decidieron suspender el regreso a Houston, en Texas, y, en cambio, dispusieron que el grupo fuera trasladado a un hospital en San Diego para realizarles chequeos.<\/p>\n\n\n\n<p>El director m\u00e9dico de la NASA, James Polk, aclar\u00f3 ante los medios internacionales que la situaci\u00f3n m\u00e9dica no se debi\u00f3 a ninguna lesi\u00f3n ocurrida en el desempe\u00f1o de tareas a bordo del laboratorio orbital. Por su parte, el piloto Fincke resalt\u00f3 lo que \u00e9l considera \u201cuna clara preocupaci\u00f3n\u201d de la NASA por su gente. \u201cCirujanos de vuelo, ingenieros,&nbsp;<em>managers<\/em>&nbsp;y equipos de apoyo se unieron con rapidez y profesionalidad para trazar el mejor camino a seguir. Los equipos de tierra, tanto de los centros de control de misi\u00f3n como de las organizaciones asociadas en todo el mundo, han sido extraordinarios\u201d, destac\u00f3.<\/p>\n\n\n\n<figure class=\"wp-block-image size-large\"><img decoding=\"async\" width=\"1024\" height=\"640\" src=\"https:\/\/aeroespacio.com.ar\/wp-content\/uploads\/2026\/01\/EEI-1024x640.jpg\" alt=\"\" class=\"wp-image-17747\" srcset=\"https:\/\/aeroespacio.com.ar\/wp-content\/uploads\/2026\/01\/EEI-1024x640.jpg 1024w, https:\/\/aeroespacio.com.ar\/wp-content\/uploads\/2026\/01\/EEI-300x188.jpg 300w, https:\/\/aeroespacio.com.ar\/wp-content\/uploads\/2026\/01\/EEI-768x480.jpg 768w, https:\/\/aeroespacio.com.ar\/wp-content\/uploads\/2026\/01\/EEI.jpg 1500w\" sizes=\"(max-width: 1024px) 100vw, 1024px\" \/><\/figure>\n\n\n\n<p>En un comunicado reciente, la agencia anunci\u00f3 que los miembros de la tripulaci\u00f3n SpaceX-11 se ofrecieron como voluntarios para participar en una serie de experimentos que abordan los desaf\u00edos de salud inherentes a las misiones en el espacio profundo, un punto crucial, ya que estas operaciones exigen condiciones \u00f3ptimas de salud. De hecho, la tripulaci\u00f3n evacuada ten\u00eda programada una caminata espacial de siete horas para instalar una pieza de&nbsp;<em>hardware<\/em>&nbsp;por fuera de la estaci\u00f3n.<\/p>\n\n\n\n<p>Mientras tanto, la EEI est\u00e1 operando con una tripulaci\u00f3n m\u00ednima de tres astronautas: el estadounidense Christopher Williams, y los rusos Sergey Kud-Sverchkov y Segei Mikayev. Ante este escenario, la NASA eval\u00faa adelantar la misi\u00f3n de relevo, Crew-12, que estaba prevista para comenzar el 15 de febrero.<\/p>\n\n\n\n<p>Fuente: NASA, SpaceX<\/p>\n\n\n\n<p><\/p>\n","protected":false},"excerpt":{"rendered":"<p>El pasado 15 de enero, la c\u00e1psula Dragon de SpaceX ameriz\u00f3 sin inconvenientes frente a las costas de California, llevando [&hellip;]<\/p>\n","protected":false},"author":21,"featured_media":17745,"comment_status":"open","ping_status":"open","sticky":false,"template":"","format":"standard","meta":{"site-sidebar-layout":"default","site-content-layout":"","ast-site-content-layout":"default","site-content-style":"default","site-sidebar-style":"default","ast-global-header-display":"","ast-banner-title-visibility":"","ast-main-header-display":"","ast-hfb-above-header-display":"","ast-hfb-below-header-display":"","ast-hfb-mobile-header-display":"","site-post-title":"","ast-breadcrumbs-content":"","ast-featured-img":"","footer-sml-layout":"","ast-disable-related-posts":"","theme-transparent-header-meta":"","adv-header-id-meta":"","stick-header-meta":"","header-above-stick-meta":"","header-main-stick-meta":"","header-below-stick-meta":"","astra-migrate-meta-layouts":"default","ast-page-background-enabled":"default","ast-page-background-meta":{"desktop":{"background-color":"var(--ast-global-color-5)","background-image":"","background-repeat":"repeat","background-position":"center center","background-size":"auto","background-attachment":"scroll","background-type":"","background-media":"","overlay-type":"","overlay-color":"","overlay-opacity":"","overlay-gradient":""},"tablet":{"background-color":"","background-image":"","background-repeat":"repeat","background-position":"center center","background-size":"auto","background-attachment":"scroll","background-type":"","background-media":"","overlay-type":"","overlay-color":"","overlay-opacity":"","overlay-gradient":""},"mobile":{"background-color":"","background-image":"","background-repeat":"repeat","background-position":"center center","background-size":"auto","background-attachment":"scroll","background-type":"","background-media":"","overlay-type":"","overlay-color":"","overlay-opacity":"","overlay-gradient":""}},"ast-content-background-meta":{"desktop":{"background-color":"var(--ast-global-color-4)","background-image":"","background-repeat":"repeat","background-position":"center center","background-size":"auto","background-attachment":"scroll","background-type":"","background-media":"","overlay-type":"","overlay-color":"","overlay-opacity":"","overlay-gradient":""},"tablet":{"background-color":"var(--ast-global-color-4)","background-image":"","background-repeat":"repeat","background-position":"center center","background-size":"auto","background-attachment":"scroll","background-type":"","background-media":"","overlay-type":"","overlay-color":"","overlay-opacity":"","overlay-gradient":""},"mobile":{"background-color":"var(--ast-global-color-4)","background-image":"","background-repeat":"repeat","background-position":"center center","background-size":"auto","background-attachment":"scroll","background-type":"","background-media":"","overlay-type":"","overlay-color":"","overlay-opacity":"","overlay-gradient":""}},"_joinchat":[],"footnotes":""},"categories":[1446],"tags":[1669,2055,2054,78,980],"class_list":["post-17744","post","type-post","status-publish","format-standard","has-post-thumbnail","hentry","category-espacio","tag-eei","tag-evacuacion","tag-medica","tag-nasa-2","tag-spacex"],"yoast_head":"<!-- This site is optimized with the Yoast SEO plugin v27.3 - https:\/\/yoast.com\/product\/yoast-seo-wordpress\/ -->\n<title>Evacuaci\u00f3n m\u00e9dica exitosa en la Estaci\u00f3n Espacial Internacional - Aeroespacio<\/title>\n<meta name=\"robots\" content=\"index, follow, max-snippet:-1, max-image-preview:large, max-video-preview:-1\" \/>\n<link rel=\"canonical\" href=\"https:\/\/aeroespacio.com.ar\/?p=17744\" \/>\n<meta property=\"og:locale\" content=\"es_ES\" \/>\n<meta property=\"og:type\" content=\"article\" \/>\n<meta property=\"og:title\" content=\"Evacuaci\u00f3n m\u00e9dica exitosa en la Estaci\u00f3n Espacial Internacional - Aeroespacio\" \/>\n<meta property=\"og:description\" content=\"El pasado 15 de enero, la c\u00e1psula Dragon de SpaceX ameriz\u00f3 sin inconvenientes frente a las costas de California, llevando [&hellip;]\" \/>\n<meta property=\"og:url\" content=\"https:\/\/aeroespacio.com.ar\/?p=17744\" \/>\n<meta property=\"og:site_name\" content=\"Aeroespacio\" \/>\n<meta property=\"article:published_time\" content=\"2026-01-22T13:25:49+00:00\" \/>\n<meta property=\"article:modified_time\" content=\"2026-03-19T14:41:47+00:00\" \/>\n<meta property=\"og:image\" content=\"https:\/\/aeroespacio.com.ar\/wp-content\/uploads\/2026\/01\/CREW-11.jpg\" \/>\n\t<meta property=\"og:image:width\" content=\"1920\" \/>\n\t<meta property=\"og:image:height\" content=\"1280\" \/>\n\t<meta property=\"og:image:type\" content=\"image\/jpeg\" \/>\n<meta name=\"author\" content=\"VERONICA SEEBER\" \/>\n<meta name=\"twitter:card\" content=\"summary_large_image\" \/>\n<meta name=\"twitter:label1\" content=\"Escrito por\" \/>\n\t<meta name=\"twitter:data1\" content=\"VERONICA SEEBER\" \/>\n\t<meta name=\"twitter:label2\" content=\"Tiempo de lectura\" \/>\n\t<meta name=\"twitter:data2\" content=\"3 minutos\" \/>\n<script type=\"application\/ld+json\" class=\"yoast-schema-graph\">{\"@context\":\"https:\\\/\\\/schema.org\",\"@graph\":[{\"@type\":\"Article\",\"@id\":\"https:\\\/\\\/aeroespacio.com.ar\\\/?p=17744#article\",\"isPartOf\":{\"@id\":\"https:\\\/\\\/aeroespacio.com.ar\\\/?p=17744\"},\"author\":{\"name\":\"VERONICA SEEBER\",\"@id\":\"https:\\\/\\\/aeroespacio.com.ar\\\/#\\\/schema\\\/person\\\/dce16ba01824d321304a39c068f1180c\"},\"headline\":\"Evacuaci\u00f3n m\u00e9dica exitosa en la Estaci\u00f3n Espacial Internacional\",\"datePublished\":\"2026-01-22T13:25:49+00:00\",\"dateModified\":\"2026-03-19T14:41:47+00:00\",\"mainEntityOfPage\":{\"@id\":\"https:\\\/\\\/aeroespacio.com.ar\\\/?p=17744\"},\"wordCount\":481,\"commentCount\":0,\"image\":{\"@id\":\"https:\\\/\\\/aeroespacio.com.ar\\\/?p=17744#primaryimage\"},\"thumbnailUrl\":\"https:\\\/\\\/aeroespacio.com.ar\\\/wp-content\\\/uploads\\\/2026\\\/01\\\/CREW-11.jpg\",\"keywords\":[\"EEI\",\"Evacuaci\u00f3n\",\"M\u00e9dica\",\"Nasa\",\"SPACEX\"],\"articleSection\":[\"Espacio\"],\"inLanguage\":\"es-AR\",\"potentialAction\":[{\"@type\":\"CommentAction\",\"name\":\"Comment\",\"target\":[\"https:\\\/\\\/aeroespacio.com.ar\\\/?p=17744#respond\"]}]},{\"@type\":\"WebPage\",\"@id\":\"https:\\\/\\\/aeroespacio.com.ar\\\/?p=17744\",\"url\":\"https:\\\/\\\/aeroespacio.com.ar\\\/?p=17744\",\"name\":\"Evacuaci\u00f3n m\u00e9dica exitosa en la Estaci\u00f3n Espacial Internacional - Aeroespacio\",\"isPartOf\":{\"@id\":\"https:\\\/\\\/aeroespacio.com.ar\\\/#website\"},\"primaryImageOfPage\":{\"@id\":\"https:\\\/\\\/aeroespacio.com.ar\\\/?p=17744#primaryimage\"},\"image\":{\"@id\":\"https:\\\/\\\/aeroespacio.com.ar\\\/?p=17744#primaryimage\"},\"thumbnailUrl\":\"https:\\\/\\\/aeroespacio.com.ar\\\/wp-content\\\/uploads\\\/2026\\\/01\\\/CREW-11.jpg\",\"datePublished\":\"2026-01-22T13:25:49+00:00\",\"dateModified\":\"2026-03-19T14:41:47+00:00\",\"author\":{\"@id\":\"https:\\\/\\\/aeroespacio.com.ar\\\/#\\\/schema\\\/person\\\/dce16ba01824d321304a39c068f1180c\"},\"breadcrumb\":{\"@id\":\"https:\\\/\\\/aeroespacio.com.ar\\\/?p=17744#breadcrumb\"},\"inLanguage\":\"es-AR\",\"potentialAction\":[{\"@type\":\"ReadAction\",\"target\":[\"https:\\\/\\\/aeroespacio.com.ar\\\/?p=17744\"]}]},{\"@type\":\"ImageObject\",\"inLanguage\":\"es-AR\",\"@id\":\"https:\\\/\\\/aeroespacio.com.ar\\\/?p=17744#primaryimage\",\"url\":\"https:\\\/\\\/aeroespacio.com.ar\\\/wp-content\\\/uploads\\\/2026\\\/01\\\/CREW-11.jpg\",\"contentUrl\":\"https:\\\/\\\/aeroespacio.com.ar\\\/wp-content\\\/uploads\\\/2026\\\/01\\\/CREW-11.jpg\",\"width\":1920,\"height\":1280},{\"@type\":\"BreadcrumbList\",\"@id\":\"https:\\\/\\\/aeroespacio.com.ar\\\/?p=17744#breadcrumb\",\"itemListElement\":[{\"@type\":\"ListItem\",\"position\":1,\"name\":\"Inicio\",\"item\":\"https:\\\/\\\/aeroespacio.com.ar\\\/\"},{\"@type\":\"ListItem\",\"position\":2,\"name\":\"Evacuaci\u00f3n m\u00e9dica exitosa en la Estaci\u00f3n Espacial Internacional\"}]},{\"@type\":\"WebSite\",\"@id\":\"https:\\\/\\\/aeroespacio.com.ar\\\/#website\",\"url\":\"https:\\\/\\\/aeroespacio.com.ar\\\/\",\"name\":\"aeroespacio.com.ar\",\"description\":\"\",\"potentialAction\":[{\"@type\":\"SearchAction\",\"target\":{\"@type\":\"EntryPoint\",\"urlTemplate\":\"https:\\\/\\\/aeroespacio.com.ar\\\/?s={search_term_string}\"},\"query-input\":{\"@type\":\"PropertyValueSpecification\",\"valueRequired\":true,\"valueName\":\"search_term_string\"}}],\"inLanguage\":\"es-AR\"},{\"@type\":\"Person\",\"@id\":\"https:\\\/\\\/aeroespacio.com.ar\\\/#\\\/schema\\\/person\\\/dce16ba01824d321304a39c068f1180c\",\"name\":\"VERONICA SEEBER\",\"image\":{\"@type\":\"ImageObject\",\"inLanguage\":\"es-AR\",\"@id\":\"https:\\\/\\\/secure.gravatar.com\\\/avatar\\\/d7c351210fb57a0030c93067d2a06b2baa262891e12df9cfdacaa26ccd718092?s=96&d=mm&r=g\",\"url\":\"https:\\\/\\\/secure.gravatar.com\\\/avatar\\\/d7c351210fb57a0030c93067d2a06b2baa262891e12df9cfdacaa26ccd718092?s=96&d=mm&r=g\",\"contentUrl\":\"https:\\\/\\\/secure.gravatar.com\\\/avatar\\\/d7c351210fb57a0030c93067d2a06b2baa262891e12df9cfdacaa26ccd718092?s=96&d=mm&r=g\",\"caption\":\"VERONICA SEEBER\"},\"url\":\"https:\\\/\\\/aeroespacio.com.ar\\\/?author=21\"}]}<\/script>\n<!-- \/ Yoast SEO plugin. -->","yoast_head_json":{"title":"Evacuaci\u00f3n m\u00e9dica exitosa en la Estaci\u00f3n Espacial Internacional - Aeroespacio","robots":{"index":"index","follow":"follow","max-snippet":"max-snippet:-1","max-image-preview":"max-image-preview:large","max-video-preview":"max-video-preview:-1"},"canonical":"https:\/\/aeroespacio.com.ar\/?p=17744","og_locale":"es_ES","og_type":"article","og_title":"Evacuaci\u00f3n m\u00e9dica exitosa en la Estaci\u00f3n Espacial Internacional - Aeroespacio","og_description":"El pasado 15 de enero, la c\u00e1psula Dragon de SpaceX ameriz\u00f3 sin inconvenientes frente a las costas de California, llevando [&hellip;]","og_url":"https:\/\/aeroespacio.com.ar\/?p=17744","og_site_name":"Aeroespacio","article_published_time":"2026-01-22T13:25:49+00:00","article_modified_time":"2026-03-19T14:41:47+00:00","og_image":[{"width":1920,"height":1280,"url":"https:\/\/aeroespacio.com.ar\/wp-content\/uploads\/2026\/01\/CREW-11.jpg","type":"image\/jpeg"}],"author":"VERONICA SEEBER","twitter_card":"summary_large_image","twitter_misc":{"Escrito por":"VERONICA SEEBER","Tiempo de lectura":"3 minutos"},"schema":{"@context":"https:\/\/schema.org","@graph":[{"@type":"Article","@id":"https:\/\/aeroespacio.com.ar\/?p=17744#article","isPartOf":{"@id":"https:\/\/aeroespacio.com.ar\/?p=17744"},"author":{"name":"VERONICA SEEBER","@id":"https:\/\/aeroespacio.com.ar\/#\/schema\/person\/dce16ba01824d321304a39c068f1180c"},"headline":"Evacuaci\u00f3n m\u00e9dica exitosa en la Estaci\u00f3n Espacial Internacional","datePublished":"2026-01-22T13:25:49+00:00","dateModified":"2026-03-19T14:41:47+00:00","mainEntityOfPage":{"@id":"https:\/\/aeroespacio.com.ar\/?p=17744"},"wordCount":481,"commentCount":0,"image":{"@id":"https:\/\/aeroespacio.com.ar\/?p=17744#primaryimage"},"thumbnailUrl":"https:\/\/aeroespacio.com.ar\/wp-content\/uploads\/2026\/01\/CREW-11.jpg","keywords":["EEI","Evacuaci\u00f3n","M\u00e9dica","Nasa","SPACEX"],"articleSection":["Espacio"],"inLanguage":"es-AR","potentialAction":[{"@type":"CommentAction","name":"Comment","target":["https:\/\/aeroespacio.com.ar\/?p=17744#respond"]}]},{"@type":"WebPage","@id":"https:\/\/aeroespacio.com.ar\/?p=17744","url":"https:\/\/aeroespacio.com.ar\/?p=17744","name":"Evacuaci\u00f3n m\u00e9dica exitosa en la Estaci\u00f3n Espacial Internacional - Aeroespacio","isPartOf":{"@id":"https:\/\/aeroespacio.com.ar\/#website"},"primaryImageOfPage":{"@id":"https:\/\/aeroespacio.com.ar\/?p=17744#primaryimage"},"image":{"@id":"https:\/\/aeroespacio.com.ar\/?p=17744#primaryimage"},"thumbnailUrl":"https:\/\/aeroespacio.com.ar\/wp-content\/uploads\/2026\/01\/CREW-11.jpg","datePublished":"2026-01-22T13:25:49+00:00","dateModified":"2026-03-19T14:41:47+00:00","author":{"@id":"https:\/\/aeroespacio.com.ar\/#\/schema\/person\/dce16ba01824d321304a39c068f1180c"},"breadcrumb":{"@id":"https:\/\/aeroespacio.com.ar\/?p=17744#breadcrumb"},"inLanguage":"es-AR","potentialAction":[{"@type":"ReadAction","target":["https:\/\/aeroespacio.com.ar\/?p=17744"]}]},{"@type":"ImageObject","inLanguage":"es-AR","@id":"https:\/\/aeroespacio.com.ar\/?p=17744#primaryimage","url":"https:\/\/aeroespacio.com.ar\/wp-content\/uploads\/2026\/01\/CREW-11.jpg","contentUrl":"https:\/\/aeroespacio.com.ar\/wp-content\/uploads\/2026\/01\/CREW-11.jpg","width":1920,"height":1280},{"@type":"BreadcrumbList","@id":"https:\/\/aeroespacio.com.ar\/?p=17744#breadcrumb","itemListElement":[{"@type":"ListItem","position":1,"name":"Inicio","item":"https:\/\/aeroespacio.com.ar\/"},{"@type":"ListItem","position":2,"name":"Evacuaci\u00f3n m\u00e9dica exitosa en la Estaci\u00f3n Espacial Internacional"}]},{"@type":"WebSite","@id":"https:\/\/aeroespacio.com.ar\/#website","url":"https:\/\/aeroespacio.com.ar\/","name":"aeroespacio.com.ar","description":"","potentialAction":[{"@type":"SearchAction","target":{"@type":"EntryPoint","urlTemplate":"https:\/\/aeroespacio.com.ar\/?s={search_term_string}"},"query-input":{"@type":"PropertyValueSpecification","valueRequired":true,"valueName":"search_term_string"}}],"inLanguage":"es-AR"},{"@type":"Person","@id":"https:\/\/aeroespacio.com.ar\/#\/schema\/person\/dce16ba01824d321304a39c068f1180c","name":"VERONICA SEEBER","image":{"@type":"ImageObject","inLanguage":"es-AR","@id":"https:\/\/secure.gravatar.com\/avatar\/d7c351210fb57a0030c93067d2a06b2baa262891e12df9cfdacaa26ccd718092?s=96&d=mm&r=g","url":"https:\/\/secure.gravatar.com\/avatar\/d7c351210fb57a0030c93067d2a06b2baa262891e12df9cfdacaa26ccd718092?s=96&d=mm&r=g","contentUrl":"https:\/\/secure.gravatar.com\/avatar\/d7c351210fb57a0030c93067d2a06b2baa262891e12df9cfdacaa26ccd718092?s=96&d=mm&r=g","caption":"VERONICA SEEBER"},"url":"https:\/\/aeroespacio.com.ar\/?author=21"}]}},"rttpg_featured_image_url":{"full":["https:\/\/aeroespacio.com.ar\/wp-content\/uploads\/2026\/01\/CREW-11.jpg",1920,1280,false],"landscape":["https:\/\/aeroespacio.com.ar\/wp-content\/uploads\/2026\/01\/CREW-11.jpg",1920,1280,false],"portraits":["https:\/\/aeroespacio.com.ar\/wp-content\/uploads\/2026\/01\/CREW-11.jpg",1920,1280,false],"thumbnail":["https:\/\/aeroespacio.com.ar\/wp-content\/uploads\/2026\/01\/CREW-11-150x150.jpg",150,150,true],"medium":["https:\/\/aeroespacio.com.ar\/wp-content\/uploads\/2026\/01\/CREW-11-300x200.jpg",300,200,true],"large":["https:\/\/aeroespacio.com.ar\/wp-content\/uploads\/2026\/01\/CREW-11-1024x683.jpg",1024,683,true],"1536x1536":["https:\/\/aeroespacio.com.ar\/wp-content\/uploads\/2026\/01\/CREW-11-1536x1024.jpg",1536,1024,true],"2048x2048":["https:\/\/aeroespacio.com.ar\/wp-content\/uploads\/2026\/01\/CREW-11.jpg",1920,1280,false]},"rttpg_author":{"display_name":"VERONICA SEEBER","author_link":"https:\/\/aeroespacio.com.ar\/?author=21"},"rttpg_comment":0,"rttpg_category":"<a href=\"https:\/\/aeroespacio.com.ar\/?cat=1446\" rel=\"category\">Espacio<\/a>","rttpg_excerpt":"El pasado 15 de enero, la c\u00e1psula Dragon de SpaceX ameriz\u00f3 sin inconvenientes frente a las costas de California, llevando [&hellip;]","_links":{"self":[{"href":"https:\/\/aeroespacio.com.ar\/index.php?rest_route=\/wp\/v2\/posts\/17744","targetHints":{"allow":["GET"]}}],"collection":[{"href":"https:\/\/aeroespacio.com.ar\/index.php?rest_route=\/wp\/v2\/posts"}],"about":[{"href":"https:\/\/aeroespacio.com.ar\/index.php?rest_route=\/wp\/v2\/types\/post"}],"author":[{"embeddable":true,"href":"https:\/\/aeroespacio.com.ar\/index.php?rest_route=\/wp\/v2\/users\/21"}],"replies":[{"embeddable":true,"href":"https:\/\/aeroespacio.com.ar\/index.php?rest_route=%2Fwp%2Fv2%2Fcomments&post=17744"}],"version-history":[{"count":1,"href":"https:\/\/aeroespacio.com.ar\/index.php?rest_route=\/wp\/v2\/posts\/17744\/revisions"}],"predecessor-version":[{"id":17748,"href":"https:\/\/aeroespacio.com.ar\/index.php?rest_route=\/wp\/v2\/posts\/17744\/revisions\/17748"}],"wp:featuredmedia":[{"embeddable":true,"href":"https:\/\/aeroespacio.com.ar\/index.php?rest_route=\/wp\/v2\/media\/17745"}],"wp:attachment":[{"href":"https:\/\/aeroespacio.com.ar\/index.php?rest_route=%2Fwp%2Fv2%2Fmedia&parent=17744"}],"wp:term":[{"taxonomy":"category","embeddable":true,"href":"https:\/\/aeroespacio.com.ar\/index.php?rest_route=%2Fwp%2Fv2%2Fcategories&post=17744"},{"taxonomy":"post_tag","embeddable":true,"href":"https:\/\/aeroespacio.com.ar\/index.php?rest_route=%2Fwp%2Fv2%2Ftags&post=17744"}],"curies":[{"name":"wp","href":"https:\/\/api.w.org\/{rel}","templated":true}]}}