{"id":17615,"date":"2025-12-09T13:35:28","date_gmt":"2025-12-09T13:35:28","guid":{"rendered":"http:\/\/192.168.0.98\/?p=17615"},"modified":"2025-12-09T13:47:33","modified_gmt":"2025-12-09T13:47:33","slug":"el-mapa-aereo-argentino-se-renueva","status":"publish","type":"post","link":"https:\/\/aeroespacio.com.ar\/?p=17615","title":{"rendered":"El mapa a\u00e9reo argentino se renueva"},"content":{"rendered":"\n<figure class=\"wp-block-image size-large\"><img fetchpriority=\"high\" decoding=\"async\" width=\"1024\" height=\"586\" src=\"https:\/\/aeroespacio.com.ar\/wp-content\/uploads\/2025\/12\/pista_san_juan3-1024x586.jpg\" alt=\"\" class=\"wp-image-17616\" srcset=\"https:\/\/aeroespacio.com.ar\/wp-content\/uploads\/2025\/12\/pista_san_juan3-1024x586.jpg 1024w, https:\/\/aeroespacio.com.ar\/wp-content\/uploads\/2025\/12\/pista_san_juan3-300x172.jpg 300w, https:\/\/aeroespacio.com.ar\/wp-content\/uploads\/2025\/12\/pista_san_juan3-768x440.jpg 768w, https:\/\/aeroespacio.com.ar\/wp-content\/uploads\/2025\/12\/pista_san_juan3.jpg 1417w\" sizes=\"(max-width: 1024px) 100vw, 1024px\" \/><\/figure>\n\n\n\n<p><\/p>\n\n\n\n<p>El Gobierno Nacional anunci\u00f3 un plan de modernizaci\u00f3n que alcanzar\u00e1 a trece aeropuertos del pa\u00eds. La iniciativa, presentada por el Organismo Regulador del Sistema Nacional de Aeropuertos (ORSNA) junto con Aeropuertos Argentina, prev\u00e9 una inversi\u00f3n superior a los quinientos millones de d\u00f3lares para ejecutar quince obras que buscan renovar infraestructura en distintos puntos estrat\u00e9gicos del territorio.<\/p>\n\n\n\n<p>El proyecto contempla terminales m\u00e1s amplias, mejoras en plataformas, refacciones en sectores operativos y ampliaciones orientadas a brindar mayor capacidad y un nivel de servicio acorde a la demanda actual. Tambi\u00e9n incluye la actualizaci\u00f3n de \u00e1reas de embarque, espacios de uso com\u00fan y distintos elementos vinculados con la seguridad operacional.<\/p>\n\n\n\n<p>Seg\u00fan la Secretar\u00eda de Transporte, el objetivo central es acompa\u00f1ar el crecimiento del tr\u00e1fico a\u00e9reo con instalaciones adecuadas que permitan reducir demoras y ofrecer una experiencia m\u00e1s c\u00f3moda para quienes utilizan el sistema. Las obras se definieron en funci\u00f3n de necesidades espec\u00edficas de cada provincia, con especial atenci\u00f3n en la conectividad regional.<\/p>\n\n\n\n<p>El plan se realizar\u00e1 a trav\u00e9s de un esquema de articulaci\u00f3n p\u00fablico-privada que combina fondos del concesionario con supervisi\u00f3n t\u00e9cnica del regulador. Desde el ORSNA explicaron que las tareas incluyen repavimentaci\u00f3n de pistas, reacondicionamiento de calles de rodaje, renovaci\u00f3n de balizamiento y reacondicionamiento de \u00e1reas destinadas al movimiento de aeronaves. Las terminales tambi\u00e9n recibir\u00e1n mejoras en climatizaci\u00f3n, sanitarios, sistemas el\u00e9ctricos y equipamiento destinado a los controles de seguridad.<\/p>\n\n\n\n<p>El Gobierno destac\u00f3 que estas intervenciones tienen impacto en la actividad econ\u00f3mica local, ya que generan empleo y dinamizan sectores vinculados con la construcci\u00f3n, tecnolog\u00edas aeroportuarias y servicios asociados. Adem\u00e1s, buscan garantizar que los aeropuertos del pa\u00eds cuenten con instalaciones que acompa\u00f1en el aumento de vuelos y el movimiento tur\u00edstico que se proyecta para los pr\u00f3ximos a\u00f1os.<\/p>\n\n\n\n<p>La Secretaria de Transporte sostuvo que las obras se realizar\u00e1n en etapas y que la supervisi\u00f3n estar\u00e1 a cargo del ORSNA, que defini\u00f3 prioridades seg\u00fan el estado actual de cada establecimiento y su rol dentro de la red nacional. El organismo se\u00f1al\u00f3 que la intenci\u00f3n es lograr instalaciones m\u00e1s seguras, eficientes y preparadas para la operaci\u00f3n de aeronaves modernas.<\/p>\n\n\n\n<p>Fuentes y foto: Secretar\u00eda de Transporte de la Naci\u00f3n \u2013 Organismo Regulador del Sistema Nacional de Aeropuertos.<\/p>\n\n\n\n<p><\/p>\n","protected":false},"excerpt":{"rendered":"<p>El Gobierno Nacional anunci\u00f3 un plan de modernizaci\u00f3n que alcanzar\u00e1 a trece aeropuertos del pa\u00eds. La iniciativa, presentada por el [&hellip;]<\/p>\n","protected":false},"author":20,"featured_media":17616,"comment_status":"open","ping_status":"open","sticky":false,"template":"","format":"standard","meta":{"site-sidebar-layout":"default","site-content-layout":"","ast-site-content-layout":"default","site-content-style":"default","site-sidebar-style":"default","ast-global-header-display":"","ast-banner-title-visibility":"","ast-main-header-display":"","ast-hfb-above-header-display":"","ast-hfb-below-header-display":"","ast-hfb-mobile-header-display":"","site-post-title":"","ast-breadcrumbs-content":"","ast-featured-img":"","footer-sml-layout":"","ast-disable-related-posts":"","theme-transparent-header-meta":"","adv-header-id-meta":"","stick-header-meta":"","header-above-stick-meta":"","header-main-stick-meta":"","header-below-stick-meta":"","astra-migrate-meta-layouts":"default","ast-page-background-enabled":"default","ast-page-background-meta":{"desktop":{"background-color":"var(--ast-global-color-5)","background-image":"","background-repeat":"repeat","background-position":"center center","background-size":"auto","background-attachment":"scroll","background-type":"","background-media":"","overlay-type":"","overlay-color":"","overlay-opacity":"","overlay-gradient":""},"tablet":{"background-color":"","background-image":"","background-repeat":"repeat","background-position":"center center","background-size":"auto","background-attachment":"scroll","background-type":"","background-media":"","overlay-type":"","overlay-color":"","overlay-opacity":"","overlay-gradient":""},"mobile":{"background-color":"","background-image":"","background-repeat":"repeat","background-position":"center center","background-size":"auto","background-attachment":"scroll","background-type":"","background-media":"","overlay-type":"","overlay-color":"","overlay-opacity":"","overlay-gradient":""}},"ast-content-background-meta":{"desktop":{"background-color":"var(--ast-global-color-4)","background-image":"","background-repeat":"repeat","background-position":"center center","background-size":"auto","background-attachment":"scroll","background-type":"","background-media":"","overlay-type":"","overlay-color":"","overlay-opacity":"","overlay-gradient":""},"tablet":{"background-color":"var(--ast-global-color-4)","background-image":"","background-repeat":"repeat","background-position":"center center","background-size":"auto","background-attachment":"scroll","background-type":"","background-media":"","overlay-type":"","overlay-color":"","overlay-opacity":"","overlay-gradient":""},"mobile":{"background-color":"var(--ast-global-color-4)","background-image":"","background-repeat":"repeat","background-position":"center center","background-size":"auto","background-attachment":"scroll","background-type":"","background-media":"","overlay-type":"","overlay-color":"","overlay-opacity":"","overlay-gradient":""}},"_joinchat":[],"footnotes":""},"categories":[1444,1449],"tags":[1455,548,2004,1306],"class_list":["post-17615","post","type-post","status-publish","format-standard","has-post-thumbnail","hentry","category-aeropuertos","category-seguridad-aerea","tag-aeropuertos-2","tag-orsna","tag-plandemodernizacionaeropuertosargentina","tag-secretariadetransportedelanacion"],"yoast_head":"<!-- This site is optimized with the Yoast SEO plugin v27.3 - https:\/\/yoast.com\/product\/yoast-seo-wordpress\/ -->\n<title>El mapa a\u00e9reo argentino se renueva - Aeroespacio<\/title>\n<meta name=\"robots\" content=\"index, follow, max-snippet:-1, max-image-preview:large, max-video-preview:-1\" \/>\n<link rel=\"canonical\" href=\"https:\/\/aeroespacio.com.ar\/?p=17615\" \/>\n<meta property=\"og:locale\" content=\"es_ES\" \/>\n<meta property=\"og:type\" content=\"article\" \/>\n<meta property=\"og:title\" content=\"El mapa a\u00e9reo argentino se renueva - Aeroespacio\" \/>\n<meta property=\"og:description\" content=\"El Gobierno Nacional anunci\u00f3 un plan de modernizaci\u00f3n que alcanzar\u00e1 a trece aeropuertos del pa\u00eds. La iniciativa, presentada por el [&hellip;]\" \/>\n<meta property=\"og:url\" content=\"https:\/\/aeroespacio.com.ar\/?p=17615\" \/>\n<meta property=\"og:site_name\" content=\"Aeroespacio\" \/>\n<meta property=\"article:published_time\" content=\"2025-12-09T13:35:28+00:00\" \/>\n<meta property=\"article:modified_time\" content=\"2025-12-09T13:47:33+00:00\" \/>\n<meta property=\"og:image\" content=\"https:\/\/aeroespacio.com.ar\/wp-content\/uploads\/2025\/12\/pista_san_juan3.jpg\" \/>\n\t<meta property=\"og:image:width\" content=\"1417\" \/>\n\t<meta property=\"og:image:height\" content=\"811\" \/>\n\t<meta property=\"og:image:type\" content=\"image\/jpeg\" \/>\n<meta name=\"author\" content=\"Jose Operto\" \/>\n<meta name=\"twitter:card\" content=\"summary_large_image\" \/>\n<meta name=\"twitter:label1\" content=\"Escrito por\" \/>\n\t<meta name=\"twitter:data1\" content=\"Jose Operto\" \/>\n\t<meta name=\"twitter:label2\" content=\"Tiempo de lectura\" \/>\n\t<meta name=\"twitter:data2\" content=\"3 minutos\" \/>\n<script type=\"application\/ld+json\" class=\"yoast-schema-graph\">{\"@context\":\"https:\\\/\\\/schema.org\",\"@graph\":[{\"@type\":\"Article\",\"@id\":\"https:\\\/\\\/aeroespacio.com.ar\\\/?p=17615#article\",\"isPartOf\":{\"@id\":\"https:\\\/\\\/aeroespacio.com.ar\\\/?p=17615\"},\"author\":{\"name\":\"Jose Operto\",\"@id\":\"https:\\\/\\\/aeroespacio.com.ar\\\/#\\\/schema\\\/person\\\/6ed044bb77d2eec9f7615badbe365ffa\"},\"headline\":\"El mapa a\u00e9reo argentino se renueva\",\"datePublished\":\"2025-12-09T13:35:28+00:00\",\"dateModified\":\"2025-12-09T13:47:33+00:00\",\"mainEntityOfPage\":{\"@id\":\"https:\\\/\\\/aeroespacio.com.ar\\\/?p=17615\"},\"wordCount\":413,\"commentCount\":0,\"image\":{\"@id\":\"https:\\\/\\\/aeroespacio.com.ar\\\/?p=17615#primaryimage\"},\"thumbnailUrl\":\"https:\\\/\\\/aeroespacio.com.ar\\\/wp-content\\\/uploads\\\/2025\\\/12\\\/pista_san_juan3.jpg\",\"keywords\":[\"#aeropuertos\",\"#ORSNA\",\"#plandemodernizacionaeropuertosargentina\",\"#SecretariadeTransportedelaNacion\"],\"articleSection\":[\"Aeropuertos\",\"Seguridad A\u00e9rea\"],\"inLanguage\":\"es-AR\",\"potentialAction\":[{\"@type\":\"CommentAction\",\"name\":\"Comment\",\"target\":[\"https:\\\/\\\/aeroespacio.com.ar\\\/?p=17615#respond\"]}]},{\"@type\":\"WebPage\",\"@id\":\"https:\\\/\\\/aeroespacio.com.ar\\\/?p=17615\",\"url\":\"https:\\\/\\\/aeroespacio.com.ar\\\/?p=17615\",\"name\":\"El mapa a\u00e9reo argentino se renueva - Aeroespacio\",\"isPartOf\":{\"@id\":\"https:\\\/\\\/aeroespacio.com.ar\\\/#website\"},\"primaryImageOfPage\":{\"@id\":\"https:\\\/\\\/aeroespacio.com.ar\\\/?p=17615#primaryimage\"},\"image\":{\"@id\":\"https:\\\/\\\/aeroespacio.com.ar\\\/?p=17615#primaryimage\"},\"thumbnailUrl\":\"https:\\\/\\\/aeroespacio.com.ar\\\/wp-content\\\/uploads\\\/2025\\\/12\\\/pista_san_juan3.jpg\",\"datePublished\":\"2025-12-09T13:35:28+00:00\",\"dateModified\":\"2025-12-09T13:47:33+00:00\",\"author\":{\"@id\":\"https:\\\/\\\/aeroespacio.com.ar\\\/#\\\/schema\\\/person\\\/6ed044bb77d2eec9f7615badbe365ffa\"},\"breadcrumb\":{\"@id\":\"https:\\\/\\\/aeroespacio.com.ar\\\/?p=17615#breadcrumb\"},\"inLanguage\":\"es-AR\",\"potentialAction\":[{\"@type\":\"ReadAction\",\"target\":[\"https:\\\/\\\/aeroespacio.com.ar\\\/?p=17615\"]}]},{\"@type\":\"ImageObject\",\"inLanguage\":\"es-AR\",\"@id\":\"https:\\\/\\\/aeroespacio.com.ar\\\/?p=17615#primaryimage\",\"url\":\"https:\\\/\\\/aeroespacio.com.ar\\\/wp-content\\\/uploads\\\/2025\\\/12\\\/pista_san_juan3.jpg\",\"contentUrl\":\"https:\\\/\\\/aeroespacio.com.ar\\\/wp-content\\\/uploads\\\/2025\\\/12\\\/pista_san_juan3.jpg\",\"width\":1417,\"height\":811},{\"@type\":\"BreadcrumbList\",\"@id\":\"https:\\\/\\\/aeroespacio.com.ar\\\/?p=17615#breadcrumb\",\"itemListElement\":[{\"@type\":\"ListItem\",\"position\":1,\"name\":\"Inicio\",\"item\":\"https:\\\/\\\/aeroespacio.com.ar\\\/\"},{\"@type\":\"ListItem\",\"position\":2,\"name\":\"El mapa a\u00e9reo argentino se renueva\"}]},{\"@type\":\"WebSite\",\"@id\":\"https:\\\/\\\/aeroespacio.com.ar\\\/#website\",\"url\":\"https:\\\/\\\/aeroespacio.com.ar\\\/\",\"name\":\"aeroespacio.com.ar\",\"description\":\"\",\"potentialAction\":[{\"@type\":\"SearchAction\",\"target\":{\"@type\":\"EntryPoint\",\"urlTemplate\":\"https:\\\/\\\/aeroespacio.com.ar\\\/?s={search_term_string}\"},\"query-input\":{\"@type\":\"PropertyValueSpecification\",\"valueRequired\":true,\"valueName\":\"search_term_string\"}}],\"inLanguage\":\"es-AR\"},{\"@type\":\"Person\",\"@id\":\"https:\\\/\\\/aeroespacio.com.ar\\\/#\\\/schema\\\/person\\\/6ed044bb77d2eec9f7615badbe365ffa\",\"name\":\"Jose Operto\",\"image\":{\"@type\":\"ImageObject\",\"inLanguage\":\"es-AR\",\"@id\":\"https:\\\/\\\/secure.gravatar.com\\\/avatar\\\/46c91e2630685531c0b0dd365ca4b4c391e308a6e5811841f817a41623f5da65?s=96&d=mm&r=g\",\"url\":\"https:\\\/\\\/secure.gravatar.com\\\/avatar\\\/46c91e2630685531c0b0dd365ca4b4c391e308a6e5811841f817a41623f5da65?s=96&d=mm&r=g\",\"contentUrl\":\"https:\\\/\\\/secure.gravatar.com\\\/avatar\\\/46c91e2630685531c0b0dd365ca4b4c391e308a6e5811841f817a41623f5da65?s=96&d=mm&r=g\",\"caption\":\"Jose Operto\"},\"url\":\"https:\\\/\\\/aeroespacio.com.ar\\\/?author=20\"}]}<\/script>\n<!-- \/ Yoast SEO plugin. -->","yoast_head_json":{"title":"El mapa a\u00e9reo argentino se renueva - Aeroespacio","robots":{"index":"index","follow":"follow","max-snippet":"max-snippet:-1","max-image-preview":"max-image-preview:large","max-video-preview":"max-video-preview:-1"},"canonical":"https:\/\/aeroespacio.com.ar\/?p=17615","og_locale":"es_ES","og_type":"article","og_title":"El mapa a\u00e9reo argentino se renueva - Aeroespacio","og_description":"El Gobierno Nacional anunci\u00f3 un plan de modernizaci\u00f3n que alcanzar\u00e1 a trece aeropuertos del pa\u00eds. La iniciativa, presentada por el [&hellip;]","og_url":"https:\/\/aeroespacio.com.ar\/?p=17615","og_site_name":"Aeroespacio","article_published_time":"2025-12-09T13:35:28+00:00","article_modified_time":"2025-12-09T13:47:33+00:00","og_image":[{"width":1417,"height":811,"url":"https:\/\/aeroespacio.com.ar\/wp-content\/uploads\/2025\/12\/pista_san_juan3.jpg","type":"image\/jpeg"}],"author":"Jose Operto","twitter_card":"summary_large_image","twitter_misc":{"Escrito por":"Jose Operto","Tiempo de lectura":"3 minutos"},"schema":{"@context":"https:\/\/schema.org","@graph":[{"@type":"Article","@id":"https:\/\/aeroespacio.com.ar\/?p=17615#article","isPartOf":{"@id":"https:\/\/aeroespacio.com.ar\/?p=17615"},"author":{"name":"Jose Operto","@id":"https:\/\/aeroespacio.com.ar\/#\/schema\/person\/6ed044bb77d2eec9f7615badbe365ffa"},"headline":"El mapa a\u00e9reo argentino se renueva","datePublished":"2025-12-09T13:35:28+00:00","dateModified":"2025-12-09T13:47:33+00:00","mainEntityOfPage":{"@id":"https:\/\/aeroespacio.com.ar\/?p=17615"},"wordCount":413,"commentCount":0,"image":{"@id":"https:\/\/aeroespacio.com.ar\/?p=17615#primaryimage"},"thumbnailUrl":"https:\/\/aeroespacio.com.ar\/wp-content\/uploads\/2025\/12\/pista_san_juan3.jpg","keywords":["#aeropuertos","#ORSNA","#plandemodernizacionaeropuertosargentina","#SecretariadeTransportedelaNacion"],"articleSection":["Aeropuertos","Seguridad A\u00e9rea"],"inLanguage":"es-AR","potentialAction":[{"@type":"CommentAction","name":"Comment","target":["https:\/\/aeroespacio.com.ar\/?p=17615#respond"]}]},{"@type":"WebPage","@id":"https:\/\/aeroespacio.com.ar\/?p=17615","url":"https:\/\/aeroespacio.com.ar\/?p=17615","name":"El mapa a\u00e9reo argentino se renueva - Aeroespacio","isPartOf":{"@id":"https:\/\/aeroespacio.com.ar\/#website"},"primaryImageOfPage":{"@id":"https:\/\/aeroespacio.com.ar\/?p=17615#primaryimage"},"image":{"@id":"https:\/\/aeroespacio.com.ar\/?p=17615#primaryimage"},"thumbnailUrl":"https:\/\/aeroespacio.com.ar\/wp-content\/uploads\/2025\/12\/pista_san_juan3.jpg","datePublished":"2025-12-09T13:35:28+00:00","dateModified":"2025-12-09T13:47:33+00:00","author":{"@id":"https:\/\/aeroespacio.com.ar\/#\/schema\/person\/6ed044bb77d2eec9f7615badbe365ffa"},"breadcrumb":{"@id":"https:\/\/aeroespacio.com.ar\/?p=17615#breadcrumb"},"inLanguage":"es-AR","potentialAction":[{"@type":"ReadAction","target":["https:\/\/aeroespacio.com.ar\/?p=17615"]}]},{"@type":"ImageObject","inLanguage":"es-AR","@id":"https:\/\/aeroespacio.com.ar\/?p=17615#primaryimage","url":"https:\/\/aeroespacio.com.ar\/wp-content\/uploads\/2025\/12\/pista_san_juan3.jpg","contentUrl":"https:\/\/aeroespacio.com.ar\/wp-content\/uploads\/2025\/12\/pista_san_juan3.jpg","width":1417,"height":811},{"@type":"BreadcrumbList","@id":"https:\/\/aeroespacio.com.ar\/?p=17615#breadcrumb","itemListElement":[{"@type":"ListItem","position":1,"name":"Inicio","item":"https:\/\/aeroespacio.com.ar\/"},{"@type":"ListItem","position":2,"name":"El mapa a\u00e9reo argentino se renueva"}]},{"@type":"WebSite","@id":"https:\/\/aeroespacio.com.ar\/#website","url":"https:\/\/aeroespacio.com.ar\/","name":"aeroespacio.com.ar","description":"","potentialAction":[{"@type":"SearchAction","target":{"@type":"EntryPoint","urlTemplate":"https:\/\/aeroespacio.com.ar\/?s={search_term_string}"},"query-input":{"@type":"PropertyValueSpecification","valueRequired":true,"valueName":"search_term_string"}}],"inLanguage":"es-AR"},{"@type":"Person","@id":"https:\/\/aeroespacio.com.ar\/#\/schema\/person\/6ed044bb77d2eec9f7615badbe365ffa","name":"Jose Operto","image":{"@type":"ImageObject","inLanguage":"es-AR","@id":"https:\/\/secure.gravatar.com\/avatar\/46c91e2630685531c0b0dd365ca4b4c391e308a6e5811841f817a41623f5da65?s=96&d=mm&r=g","url":"https:\/\/secure.gravatar.com\/avatar\/46c91e2630685531c0b0dd365ca4b4c391e308a6e5811841f817a41623f5da65?s=96&d=mm&r=g","contentUrl":"https:\/\/secure.gravatar.com\/avatar\/46c91e2630685531c0b0dd365ca4b4c391e308a6e5811841f817a41623f5da65?s=96&d=mm&r=g","caption":"Jose Operto"},"url":"https:\/\/aeroespacio.com.ar\/?author=20"}]}},"rttpg_featured_image_url":{"full":["https:\/\/aeroespacio.com.ar\/wp-content\/uploads\/2025\/12\/pista_san_juan3.jpg",1417,811,false],"landscape":["https:\/\/aeroespacio.com.ar\/wp-content\/uploads\/2025\/12\/pista_san_juan3.jpg",1417,811,false],"portraits":["https:\/\/aeroespacio.com.ar\/wp-content\/uploads\/2025\/12\/pista_san_juan3.jpg",1417,811,false],"thumbnail":["https:\/\/aeroespacio.com.ar\/wp-content\/uploads\/2025\/12\/pista_san_juan3-150x150.jpg",150,150,true],"medium":["https:\/\/aeroespacio.com.ar\/wp-content\/uploads\/2025\/12\/pista_san_juan3-300x172.jpg",300,172,true],"large":["https:\/\/aeroespacio.com.ar\/wp-content\/uploads\/2025\/12\/pista_san_juan3-1024x586.jpg",1024,586,true],"1536x1536":["https:\/\/aeroespacio.com.ar\/wp-content\/uploads\/2025\/12\/pista_san_juan3.jpg",1417,811,false],"2048x2048":["https:\/\/aeroespacio.com.ar\/wp-content\/uploads\/2025\/12\/pista_san_juan3.jpg",1417,811,false]},"rttpg_author":{"display_name":"Jose Operto","author_link":"https:\/\/aeroespacio.com.ar\/?author=20"},"rttpg_comment":0,"rttpg_category":"<a href=\"https:\/\/aeroespacio.com.ar\/?cat=1444\" rel=\"category\">Aeropuertos<\/a> <a href=\"https:\/\/aeroespacio.com.ar\/?cat=1449\" rel=\"category\">Seguridad A\u00e9rea<\/a>","rttpg_excerpt":"El Gobierno Nacional anunci\u00f3 un plan de modernizaci\u00f3n que alcanzar\u00e1 a trece aeropuertos del pa\u00eds. La iniciativa, presentada por el [&hellip;]","_links":{"self":[{"href":"https:\/\/aeroespacio.com.ar\/index.php?rest_route=\/wp\/v2\/posts\/17615","targetHints":{"allow":["GET"]}}],"collection":[{"href":"https:\/\/aeroespacio.com.ar\/index.php?rest_route=\/wp\/v2\/posts"}],"about":[{"href":"https:\/\/aeroespacio.com.ar\/index.php?rest_route=\/wp\/v2\/types\/post"}],"author":[{"embeddable":true,"href":"https:\/\/aeroespacio.com.ar\/index.php?rest_route=\/wp\/v2\/users\/20"}],"replies":[{"embeddable":true,"href":"https:\/\/aeroespacio.com.ar\/index.php?rest_route=%2Fwp%2Fv2%2Fcomments&post=17615"}],"version-history":[{"count":3,"href":"https:\/\/aeroespacio.com.ar\/index.php?rest_route=\/wp\/v2\/posts\/17615\/revisions"}],"predecessor-version":[{"id":17620,"href":"https:\/\/aeroespacio.com.ar\/index.php?rest_route=\/wp\/v2\/posts\/17615\/revisions\/17620"}],"wp:featuredmedia":[{"embeddable":true,"href":"https:\/\/aeroespacio.com.ar\/index.php?rest_route=\/wp\/v2\/media\/17616"}],"wp:attachment":[{"href":"https:\/\/aeroespacio.com.ar\/index.php?rest_route=%2Fwp%2Fv2%2Fmedia&parent=17615"}],"wp:term":[{"taxonomy":"category","embeddable":true,"href":"https:\/\/aeroespacio.com.ar\/index.php?rest_route=%2Fwp%2Fv2%2Fcategories&post=17615"},{"taxonomy":"post_tag","embeddable":true,"href":"https:\/\/aeroespacio.com.ar\/index.php?rest_route=%2Fwp%2Fv2%2Ftags&post=17615"}],"curies":[{"name":"wp","href":"https:\/\/api.w.org\/{rel}","templated":true}]}}