{"id":17607,"date":"2025-11-27T14:00:00","date_gmt":"2025-11-27T14:00:00","guid":{"rendered":"http:\/\/192.168.0.98\/?p=17607"},"modified":"2025-12-03T13:14:57","modified_gmt":"2025-12-03T13:14:57","slug":"belgica-recibira-aviones-pilatus","status":"publish","type":"post","link":"https:\/\/aeroespacio.com.ar\/?p=17607","title":{"rendered":"B\u00c9LGICA RECIBIR\u00c1 AVIONES PILATUS"},"content":{"rendered":"\n<p>B\u00e9lgica anunci\u00f3 la compra de 18 aviones Pilatus PC-7 MKX, que ser\u00e1n entregados a partir de 2027 para modernizar el sistema de entrenamiento de la Fuerza A\u00e9rea. El contrato, firmado con Pilatus Aircraft en Suiza, establece un programa integral de formaci\u00f3n que se implementar\u00e1 en la Base A\u00e9rea de Beauvechain, donde los nuevos pilotos comenzar\u00e1n a entrenarse en 2028 bajo un esquema de soporte t\u00e9cnico e infraestructura actualizado.<\/p>\n\n\n\n<figure class=\"wp-block-image aligncenter size-full is-resized\"><img fetchpriority=\"high\" decoding=\"async\" width=\"1024\" height=\"684\" src=\"https:\/\/aeroespacio.com.ar\/wp-content\/uploads\/2025\/12\/PILATUS.jpg\" alt=\"\" class=\"wp-image-17608\" style=\"width:684px;height:auto\" srcset=\"https:\/\/aeroespacio.com.ar\/wp-content\/uploads\/2025\/12\/PILATUS.jpg 1024w, https:\/\/aeroespacio.com.ar\/wp-content\/uploads\/2025\/12\/PILATUS-300x200.jpg 300w, https:\/\/aeroespacio.com.ar\/wp-content\/uploads\/2025\/12\/PILATUS-768x513.jpg 768w\" sizes=\"(max-width: 1024px) 100vw, 1024px\" \/><\/figure>\n\n\n\n<p>La adquisici\u00f3n forma parte de un plan nacional de renovaci\u00f3n en defensa y responde a la necesidad de reemplazar la flota hist\u00f3rica de entrenadores Marchetti SF-260, con el fin de alinear a B\u00e9lgica con los est\u00e1ndares europeos emergentes en instrucci\u00f3n militar.<\/p>\n\n\n\n<p>B\u00e9lgica ha decidido dar un giro decisivo hacia la modernizaci\u00f3n de su sistema de entrenamiento militar con la incorporaci\u00f3n de los nuevos PC-7 MKX, un movimiento que la posiciona dentro de una tendencia creciente entre las fuerzas a\u00e9reas europeas.<\/p>\n\n\n\n<p>El contrato, que se extender\u00e1 por 20 a\u00f1os, incluye no solo la flota de aeronaves, sino tambi\u00e9n un sistema completo de entrenamiento en tierra compuesto por simuladores, plataformas inform\u00e1ticas, herramientas de planificaci\u00f3n y sistemas de <em>debriefing<\/em>, adem\u00e1s de soporte operativo continuo y renovaci\u00f3n de infraestructura en la Base A\u00e9rea de Beauvechain. Con estas incorporaciones, el pa\u00eds pondr\u00e1 fin a m\u00e1s de medio siglo de servicio de la hist\u00f3rica flota Marchetti SF-260, cuyo retiro est\u00e1 previsto para 2027.<\/p>\n\n\n\n<figure class=\"wp-block-image aligncenter size-full is-resized\"><img decoding=\"async\" width=\"1024\" height=\"576\" src=\"https:\/\/aeroespacio.com.ar\/wp-content\/uploads\/2025\/12\/PILATUS-2.webp\" alt=\"\" class=\"wp-image-17609\" style=\"width:654px;height:auto\" srcset=\"https:\/\/aeroespacio.com.ar\/wp-content\/uploads\/2025\/12\/PILATUS-2.webp 1024w, https:\/\/aeroespacio.com.ar\/wp-content\/uploads\/2025\/12\/PILATUS-2-300x169.webp 300w, https:\/\/aeroespacio.com.ar\/wp-content\/uploads\/2025\/12\/PILATUS-2-768x432.webp 768w\" sizes=\"(max-width: 1024px) 100vw, 1024px\" \/><\/figure>\n\n\n\n<p>Las entregas de los nuevos aviones comenzar\u00e1n en 2027, y el entrenamiento con ellos iniciar\u00e1 en 2028, una vez que las instalaciones est\u00e9n finalizadas y el personal instructor se encuentre plenamente capacitado. El acuerdo refleja la intenci\u00f3n de B\u00e9lgica de garantizar un sistema de formaci\u00f3n estable, previsible y actualizado en tecnolog\u00eda.<\/p>\n\n\n\n<p>La participaci\u00f3n de empresas locales, como Sabena Engineering y AG Real Estate, permitir\u00e1 mantener parte del control de mantenimiento y desarrollo de infraestructura, lo que reforzar\u00e1 el ecosistema industrial nacional vinculado a la defensa.<\/p>\n\n\n\n<p>El Pilatus PC-7 MKX representa una notable evoluci\u00f3n con respecto a sus predecesores. La cabina incorpora la moderna <em>suite<\/em> Garmin G3000 PRIME, una avi\u00f3nica avanzada personalizada, por primera vez, para las necesidades espec\u00edficas del entrenamiento militar.<\/p>\n\n\n\n<p>Con pantallas configurables por el usuario, esta tecnolog\u00eda permite que los cadetes se familiaricen desde etapas tempranas con interfaces similares a las de aeronaves de combate contempor\u00e1neas. La estructura del PC-7 MKX, derivada del probado PC-7 MkII, ofrece robustez, eficiencia y versatilidad, lo que permite su uso en misiones de vigilancia ligera. Esta combinaci\u00f3n de tecnolog\u00eda, ergonom\u00eda y rendimiento garantiza una plataforma que prepara, con mayor eficacia, a los pilotos para su transici\u00f3n hacia sistemas m\u00e1s complejos.<\/p>\n\n\n\n<figure class=\"wp-block-image aligncenter size-large is-resized\"><img decoding=\"async\" width=\"1024\" height=\"576\" src=\"https:\/\/aeroespacio.com.ar\/wp-content\/uploads\/2025\/12\/cabina-pilatus-pc7mkx-entrenamiento-pilotos-militares-1024x576.webp\" alt=\"\" class=\"wp-image-17610\" style=\"width:679px;height:auto\" srcset=\"https:\/\/aeroespacio.com.ar\/wp-content\/uploads\/2025\/12\/cabina-pilatus-pc7mkx-entrenamiento-pilotos-militares-1024x576.webp 1024w, https:\/\/aeroespacio.com.ar\/wp-content\/uploads\/2025\/12\/cabina-pilatus-pc7mkx-entrenamiento-pilotos-militares-300x169.webp 300w, https:\/\/aeroespacio.com.ar\/wp-content\/uploads\/2025\/12\/cabina-pilatus-pc7mkx-entrenamiento-pilotos-militares-768x432.webp 768w, https:\/\/aeroespacio.com.ar\/wp-content\/uploads\/2025\/12\/cabina-pilatus-pc7mkx-entrenamiento-pilotos-militares.webp 1200w\" sizes=\"(max-width: 1024px) 100vw, 1024px\" \/><\/figure>\n\n\n\n<p>El impacto de esta adquisici\u00f3n trasciende las fronteras belgas. En los \u00faltimos a\u00f1os, Pa\u00edses Bajos y Francia tambi\u00e9n adoptaron el PC-7 MKX como su nuevo entrenador b\u00e1sico, lo que consolida una tendencia hacia la estandarizaci\u00f3n continental. Este alineamiento entre fuerzas a\u00e9reas europeas ofrece ventajas como interoperabilidad, reducci\u00f3n de costos y la creaci\u00f3n de un entorno com\u00fan de entrenamiento que facilita el intercambio de doctrina y procedimientos.<\/p>\n\n\n\n<p>Para B\u00e9lgica, esta apuesta implica un proceso de transformaci\u00f3n estructural en la formaci\u00f3n militar, en el que convergen tecnolog\u00eda, infraestructura, industria y un enfoque pedag\u00f3gico renovado.<\/p>\n\n\n\n<p>Con los primeros vuelos previstos para 2028, el pa\u00eds se prepara para inaugurar una nueva etapa en la instrucci\u00f3n de sus futuros pilotos, alineada con est\u00e1ndares occidentales de \u00faltima generaci\u00f3n. Para Pilatus, el contrato reafirma su posici\u00f3n como l\u00edder en el segmento de entrenamiento b\u00e1sico en Europa y consolida su modelo de soluciones integrales que combinan aeronaves, simulaci\u00f3n y soporte a largo plazo.<\/p>\n\n\n\n<p>En definitiva, B\u00e9lgica no solo reemplaza una flota hist\u00f3rica, sino que adopta un nuevo paradigma de formaci\u00f3n que definir\u00e1 a la pr\u00f3xima generaci\u00f3n de pilotos militares y la mantendr\u00e1 en sinton\u00eda con las principales fuerzas a\u00e9reas del continente.<\/p>\n\n\n\n<p>Fuente y fotos: Pilatus<\/p>\n","protected":false},"excerpt":{"rendered":"<p>B\u00e9lgica anunci\u00f3 la compra de 18 aviones Pilatus PC-7 MKX, que ser\u00e1n entregados a partir de 2027 para modernizar el [&hellip;]<\/p>\n","protected":false},"author":20,"featured_media":17608,"comment_status":"open","ping_status":"open","sticky":false,"template":"","format":"standard","meta":{"site-sidebar-layout":"default","site-content-layout":"","ast-site-content-layout":"default","site-content-style":"default","site-sidebar-style":"default","ast-global-header-display":"","ast-banner-title-visibility":"","ast-main-header-display":"","ast-hfb-above-header-display":"","ast-hfb-below-header-display":"","ast-hfb-mobile-header-display":"","site-post-title":"","ast-breadcrumbs-content":"","ast-featured-img":"","footer-sml-layout":"","ast-disable-related-posts":"","theme-transparent-header-meta":"","adv-header-id-meta":"","stick-header-meta":"","header-above-stick-meta":"","header-main-stick-meta":"","header-below-stick-meta":"","astra-migrate-meta-layouts":"default","ast-page-background-enabled":"default","ast-page-background-meta":{"desktop":{"background-color":"var(--ast-global-color-5)","background-image":"","background-repeat":"repeat","background-position":"center center","background-size":"auto","background-attachment":"scroll","background-type":"","background-media":"","overlay-type":"","overlay-color":"","overlay-opacity":"","overlay-gradient":""},"tablet":{"background-color":"","background-image":"","background-repeat":"repeat","background-position":"center center","background-size":"auto","background-attachment":"scroll","background-type":"","background-media":"","overlay-type":"","overlay-color":"","overlay-opacity":"","overlay-gradient":""},"mobile":{"background-color":"","background-image":"","background-repeat":"repeat","background-position":"center center","background-size":"auto","background-attachment":"scroll","background-type":"","background-media":"","overlay-type":"","overlay-color":"","overlay-opacity":"","overlay-gradient":""}},"ast-content-background-meta":{"desktop":{"background-color":"var(--ast-global-color-4)","background-image":"","background-repeat":"repeat","background-position":"center center","background-size":"auto","background-attachment":"scroll","background-type":"","background-media":"","overlay-type":"","overlay-color":"","overlay-opacity":"","overlay-gradient":""},"tablet":{"background-color":"var(--ast-global-color-4)","background-image":"","background-repeat":"repeat","background-position":"center center","background-size":"auto","background-attachment":"scroll","background-type":"","background-media":"","overlay-type":"","overlay-color":"","overlay-opacity":"","overlay-gradient":""},"mobile":{"background-color":"var(--ast-global-color-4)","background-image":"","background-repeat":"repeat","background-position":"center center","background-size":"auto","background-attachment":"scroll","background-type":"","background-media":"","overlay-type":"","overlay-color":"","overlay-opacity":"","overlay-gradient":""}},"_joinchat":[],"footnotes":""},"categories":[1442],"tags":[10,310],"class_list":["post-17607","post","type-post","status-publish","format-standard","has-post-thumbnail","hentry","category-aviacion-militar","tag-aviacion-2","tag-aviacionmilitar-2"],"yoast_head":"<!-- This site is optimized with the Yoast SEO plugin v27.3 - https:\/\/yoast.com\/product\/yoast-seo-wordpress\/ -->\n<title>B\u00c9LGICA RECIBIR\u00c1 AVIONES PILATUS - Aeroespacio<\/title>\n<meta name=\"robots\" content=\"index, follow, max-snippet:-1, max-image-preview:large, max-video-preview:-1\" \/>\n<link rel=\"canonical\" href=\"https:\/\/aeroespacio.com.ar\/?p=17607\" \/>\n<meta property=\"og:locale\" content=\"es_ES\" \/>\n<meta property=\"og:type\" content=\"article\" \/>\n<meta property=\"og:title\" content=\"B\u00c9LGICA RECIBIR\u00c1 AVIONES PILATUS - Aeroespacio\" \/>\n<meta property=\"og:description\" content=\"B\u00e9lgica anunci\u00f3 la compra de 18 aviones Pilatus PC-7 MKX, que ser\u00e1n entregados a partir de 2027 para modernizar el [&hellip;]\" \/>\n<meta property=\"og:url\" content=\"https:\/\/aeroespacio.com.ar\/?p=17607\" \/>\n<meta property=\"og:site_name\" content=\"Aeroespacio\" \/>\n<meta property=\"article:published_time\" content=\"2025-11-27T14:00:00+00:00\" \/>\n<meta property=\"article:modified_time\" content=\"2025-12-03T13:14:57+00:00\" \/>\n<meta property=\"og:image\" content=\"https:\/\/aeroespacio.com.ar\/wp-content\/uploads\/2025\/12\/PILATUS.jpg\" \/>\n\t<meta property=\"og:image:width\" content=\"1024\" \/>\n\t<meta property=\"og:image:height\" content=\"684\" \/>\n\t<meta property=\"og:image:type\" content=\"image\/jpeg\" \/>\n<meta name=\"author\" content=\"Jose Operto\" \/>\n<meta name=\"twitter:card\" content=\"summary_large_image\" \/>\n<meta name=\"twitter:label1\" content=\"Escrito por\" \/>\n\t<meta name=\"twitter:data1\" content=\"Jose Operto\" \/>\n\t<meta name=\"twitter:label2\" content=\"Tiempo de lectura\" \/>\n\t<meta name=\"twitter:data2\" content=\"4 minutos\" \/>\n<script type=\"application\/ld+json\" class=\"yoast-schema-graph\">{\"@context\":\"https:\\\/\\\/schema.org\",\"@graph\":[{\"@type\":\"Article\",\"@id\":\"https:\\\/\\\/aeroespacio.com.ar\\\/?p=17607#article\",\"isPartOf\":{\"@id\":\"https:\\\/\\\/aeroespacio.com.ar\\\/?p=17607\"},\"author\":{\"name\":\"Jose Operto\",\"@id\":\"https:\\\/\\\/aeroespacio.com.ar\\\/#\\\/schema\\\/person\\\/6ed044bb77d2eec9f7615badbe365ffa\"},\"headline\":\"B\u00c9LGICA RECIBIR\u00c1 AVIONES PILATUS\",\"datePublished\":\"2025-11-27T14:00:00+00:00\",\"dateModified\":\"2025-12-03T13:14:57+00:00\",\"mainEntityOfPage\":{\"@id\":\"https:\\\/\\\/aeroespacio.com.ar\\\/?p=17607\"},\"wordCount\":691,\"commentCount\":0,\"image\":{\"@id\":\"https:\\\/\\\/aeroespacio.com.ar\\\/?p=17607#primaryimage\"},\"thumbnailUrl\":\"https:\\\/\\\/aeroespacio.com.ar\\\/wp-content\\\/uploads\\\/2025\\\/12\\\/PILATUS.jpg\",\"keywords\":[\"#aviacion\",\"#aviacionmilitar\"],\"articleSection\":[\"Aviaci\u00f3n Militar\"],\"inLanguage\":\"es-AR\",\"potentialAction\":[{\"@type\":\"CommentAction\",\"name\":\"Comment\",\"target\":[\"https:\\\/\\\/aeroespacio.com.ar\\\/?p=17607#respond\"]}]},{\"@type\":\"WebPage\",\"@id\":\"https:\\\/\\\/aeroespacio.com.ar\\\/?p=17607\",\"url\":\"https:\\\/\\\/aeroespacio.com.ar\\\/?p=17607\",\"name\":\"B\u00c9LGICA RECIBIR\u00c1 AVIONES PILATUS - Aeroespacio\",\"isPartOf\":{\"@id\":\"https:\\\/\\\/aeroespacio.com.ar\\\/#website\"},\"primaryImageOfPage\":{\"@id\":\"https:\\\/\\\/aeroespacio.com.ar\\\/?p=17607#primaryimage\"},\"image\":{\"@id\":\"https:\\\/\\\/aeroespacio.com.ar\\\/?p=17607#primaryimage\"},\"thumbnailUrl\":\"https:\\\/\\\/aeroespacio.com.ar\\\/wp-content\\\/uploads\\\/2025\\\/12\\\/PILATUS.jpg\",\"datePublished\":\"2025-11-27T14:00:00+00:00\",\"dateModified\":\"2025-12-03T13:14:57+00:00\",\"author\":{\"@id\":\"https:\\\/\\\/aeroespacio.com.ar\\\/#\\\/schema\\\/person\\\/6ed044bb77d2eec9f7615badbe365ffa\"},\"breadcrumb\":{\"@id\":\"https:\\\/\\\/aeroespacio.com.ar\\\/?p=17607#breadcrumb\"},\"inLanguage\":\"es-AR\",\"potentialAction\":[{\"@type\":\"ReadAction\",\"target\":[\"https:\\\/\\\/aeroespacio.com.ar\\\/?p=17607\"]}]},{\"@type\":\"ImageObject\",\"inLanguage\":\"es-AR\",\"@id\":\"https:\\\/\\\/aeroespacio.com.ar\\\/?p=17607#primaryimage\",\"url\":\"https:\\\/\\\/aeroespacio.com.ar\\\/wp-content\\\/uploads\\\/2025\\\/12\\\/PILATUS.jpg\",\"contentUrl\":\"https:\\\/\\\/aeroespacio.com.ar\\\/wp-content\\\/uploads\\\/2025\\\/12\\\/PILATUS.jpg\",\"width\":1024,\"height\":684},{\"@type\":\"BreadcrumbList\",\"@id\":\"https:\\\/\\\/aeroespacio.com.ar\\\/?p=17607#breadcrumb\",\"itemListElement\":[{\"@type\":\"ListItem\",\"position\":1,\"name\":\"Inicio\",\"item\":\"https:\\\/\\\/aeroespacio.com.ar\\\/\"},{\"@type\":\"ListItem\",\"position\":2,\"name\":\"B\u00c9LGICA RECIBIR\u00c1 AVIONES PILATUS\"}]},{\"@type\":\"WebSite\",\"@id\":\"https:\\\/\\\/aeroespacio.com.ar\\\/#website\",\"url\":\"https:\\\/\\\/aeroespacio.com.ar\\\/\",\"name\":\"aeroespacio.com.ar\",\"description\":\"\",\"potentialAction\":[{\"@type\":\"SearchAction\",\"target\":{\"@type\":\"EntryPoint\",\"urlTemplate\":\"https:\\\/\\\/aeroespacio.com.ar\\\/?s={search_term_string}\"},\"query-input\":{\"@type\":\"PropertyValueSpecification\",\"valueRequired\":true,\"valueName\":\"search_term_string\"}}],\"inLanguage\":\"es-AR\"},{\"@type\":\"Person\",\"@id\":\"https:\\\/\\\/aeroespacio.com.ar\\\/#\\\/schema\\\/person\\\/6ed044bb77d2eec9f7615badbe365ffa\",\"name\":\"Jose Operto\",\"image\":{\"@type\":\"ImageObject\",\"inLanguage\":\"es-AR\",\"@id\":\"https:\\\/\\\/secure.gravatar.com\\\/avatar\\\/46c91e2630685531c0b0dd365ca4b4c391e308a6e5811841f817a41623f5da65?s=96&d=mm&r=g\",\"url\":\"https:\\\/\\\/secure.gravatar.com\\\/avatar\\\/46c91e2630685531c0b0dd365ca4b4c391e308a6e5811841f817a41623f5da65?s=96&d=mm&r=g\",\"contentUrl\":\"https:\\\/\\\/secure.gravatar.com\\\/avatar\\\/46c91e2630685531c0b0dd365ca4b4c391e308a6e5811841f817a41623f5da65?s=96&d=mm&r=g\",\"caption\":\"Jose Operto\"},\"url\":\"https:\\\/\\\/aeroespacio.com.ar\\\/?author=20\"}]}<\/script>\n<!-- \/ Yoast SEO plugin. -->","yoast_head_json":{"title":"B\u00c9LGICA RECIBIR\u00c1 AVIONES PILATUS - Aeroespacio","robots":{"index":"index","follow":"follow","max-snippet":"max-snippet:-1","max-image-preview":"max-image-preview:large","max-video-preview":"max-video-preview:-1"},"canonical":"https:\/\/aeroespacio.com.ar\/?p=17607","og_locale":"es_ES","og_type":"article","og_title":"B\u00c9LGICA RECIBIR\u00c1 AVIONES PILATUS - Aeroespacio","og_description":"B\u00e9lgica anunci\u00f3 la compra de 18 aviones Pilatus PC-7 MKX, que ser\u00e1n entregados a partir de 2027 para modernizar el [&hellip;]","og_url":"https:\/\/aeroespacio.com.ar\/?p=17607","og_site_name":"Aeroespacio","article_published_time":"2025-11-27T14:00:00+00:00","article_modified_time":"2025-12-03T13:14:57+00:00","og_image":[{"width":1024,"height":684,"url":"https:\/\/aeroespacio.com.ar\/wp-content\/uploads\/2025\/12\/PILATUS.jpg","type":"image\/jpeg"}],"author":"Jose Operto","twitter_card":"summary_large_image","twitter_misc":{"Escrito por":"Jose Operto","Tiempo de lectura":"4 minutos"},"schema":{"@context":"https:\/\/schema.org","@graph":[{"@type":"Article","@id":"https:\/\/aeroespacio.com.ar\/?p=17607#article","isPartOf":{"@id":"https:\/\/aeroespacio.com.ar\/?p=17607"},"author":{"name":"Jose Operto","@id":"https:\/\/aeroespacio.com.ar\/#\/schema\/person\/6ed044bb77d2eec9f7615badbe365ffa"},"headline":"B\u00c9LGICA RECIBIR\u00c1 AVIONES PILATUS","datePublished":"2025-11-27T14:00:00+00:00","dateModified":"2025-12-03T13:14:57+00:00","mainEntityOfPage":{"@id":"https:\/\/aeroespacio.com.ar\/?p=17607"},"wordCount":691,"commentCount":0,"image":{"@id":"https:\/\/aeroespacio.com.ar\/?p=17607#primaryimage"},"thumbnailUrl":"https:\/\/aeroespacio.com.ar\/wp-content\/uploads\/2025\/12\/PILATUS.jpg","keywords":["#aviacion","#aviacionmilitar"],"articleSection":["Aviaci\u00f3n Militar"],"inLanguage":"es-AR","potentialAction":[{"@type":"CommentAction","name":"Comment","target":["https:\/\/aeroespacio.com.ar\/?p=17607#respond"]}]},{"@type":"WebPage","@id":"https:\/\/aeroespacio.com.ar\/?p=17607","url":"https:\/\/aeroespacio.com.ar\/?p=17607","name":"B\u00c9LGICA RECIBIR\u00c1 AVIONES PILATUS - Aeroespacio","isPartOf":{"@id":"https:\/\/aeroespacio.com.ar\/#website"},"primaryImageOfPage":{"@id":"https:\/\/aeroespacio.com.ar\/?p=17607#primaryimage"},"image":{"@id":"https:\/\/aeroespacio.com.ar\/?p=17607#primaryimage"},"thumbnailUrl":"https:\/\/aeroespacio.com.ar\/wp-content\/uploads\/2025\/12\/PILATUS.jpg","datePublished":"2025-11-27T14:00:00+00:00","dateModified":"2025-12-03T13:14:57+00:00","author":{"@id":"https:\/\/aeroespacio.com.ar\/#\/schema\/person\/6ed044bb77d2eec9f7615badbe365ffa"},"breadcrumb":{"@id":"https:\/\/aeroespacio.com.ar\/?p=17607#breadcrumb"},"inLanguage":"es-AR","potentialAction":[{"@type":"ReadAction","target":["https:\/\/aeroespacio.com.ar\/?p=17607"]}]},{"@type":"ImageObject","inLanguage":"es-AR","@id":"https:\/\/aeroespacio.com.ar\/?p=17607#primaryimage","url":"https:\/\/aeroespacio.com.ar\/wp-content\/uploads\/2025\/12\/PILATUS.jpg","contentUrl":"https:\/\/aeroespacio.com.ar\/wp-content\/uploads\/2025\/12\/PILATUS.jpg","width":1024,"height":684},{"@type":"BreadcrumbList","@id":"https:\/\/aeroespacio.com.ar\/?p=17607#breadcrumb","itemListElement":[{"@type":"ListItem","position":1,"name":"Inicio","item":"https:\/\/aeroespacio.com.ar\/"},{"@type":"ListItem","position":2,"name":"B\u00c9LGICA RECIBIR\u00c1 AVIONES PILATUS"}]},{"@type":"WebSite","@id":"https:\/\/aeroespacio.com.ar\/#website","url":"https:\/\/aeroespacio.com.ar\/","name":"aeroespacio.com.ar","description":"","potentialAction":[{"@type":"SearchAction","target":{"@type":"EntryPoint","urlTemplate":"https:\/\/aeroespacio.com.ar\/?s={search_term_string}"},"query-input":{"@type":"PropertyValueSpecification","valueRequired":true,"valueName":"search_term_string"}}],"inLanguage":"es-AR"},{"@type":"Person","@id":"https:\/\/aeroespacio.com.ar\/#\/schema\/person\/6ed044bb77d2eec9f7615badbe365ffa","name":"Jose Operto","image":{"@type":"ImageObject","inLanguage":"es-AR","@id":"https:\/\/secure.gravatar.com\/avatar\/46c91e2630685531c0b0dd365ca4b4c391e308a6e5811841f817a41623f5da65?s=96&d=mm&r=g","url":"https:\/\/secure.gravatar.com\/avatar\/46c91e2630685531c0b0dd365ca4b4c391e308a6e5811841f817a41623f5da65?s=96&d=mm&r=g","contentUrl":"https:\/\/secure.gravatar.com\/avatar\/46c91e2630685531c0b0dd365ca4b4c391e308a6e5811841f817a41623f5da65?s=96&d=mm&r=g","caption":"Jose Operto"},"url":"https:\/\/aeroespacio.com.ar\/?author=20"}]}},"rttpg_featured_image_url":{"full":["https:\/\/aeroespacio.com.ar\/wp-content\/uploads\/2025\/12\/PILATUS.jpg",1024,684,false],"landscape":["https:\/\/aeroespacio.com.ar\/wp-content\/uploads\/2025\/12\/PILATUS.jpg",1024,684,false],"portraits":["https:\/\/aeroespacio.com.ar\/wp-content\/uploads\/2025\/12\/PILATUS.jpg",1024,684,false],"thumbnail":["https:\/\/aeroespacio.com.ar\/wp-content\/uploads\/2025\/12\/PILATUS-150x150.jpg",150,150,true],"medium":["https:\/\/aeroespacio.com.ar\/wp-content\/uploads\/2025\/12\/PILATUS-300x200.jpg",300,200,true],"large":["https:\/\/aeroespacio.com.ar\/wp-content\/uploads\/2025\/12\/PILATUS.jpg",1024,684,false],"1536x1536":["https:\/\/aeroespacio.com.ar\/wp-content\/uploads\/2025\/12\/PILATUS.jpg",1024,684,false],"2048x2048":["https:\/\/aeroespacio.com.ar\/wp-content\/uploads\/2025\/12\/PILATUS.jpg",1024,684,false]},"rttpg_author":{"display_name":"Jose Operto","author_link":"https:\/\/aeroespacio.com.ar\/?author=20"},"rttpg_comment":0,"rttpg_category":"<a href=\"https:\/\/aeroespacio.com.ar\/?cat=1442\" rel=\"category\">Aviaci\u00f3n Militar<\/a>","rttpg_excerpt":"B\u00e9lgica anunci\u00f3 la compra de 18 aviones Pilatus PC-7 MKX, que ser\u00e1n entregados a partir de 2027 para modernizar el [&hellip;]","_links":{"self":[{"href":"https:\/\/aeroespacio.com.ar\/index.php?rest_route=\/wp\/v2\/posts\/17607","targetHints":{"allow":["GET"]}}],"collection":[{"href":"https:\/\/aeroespacio.com.ar\/index.php?rest_route=\/wp\/v2\/posts"}],"about":[{"href":"https:\/\/aeroespacio.com.ar\/index.php?rest_route=\/wp\/v2\/types\/post"}],"author":[{"embeddable":true,"href":"https:\/\/aeroespacio.com.ar\/index.php?rest_route=\/wp\/v2\/users\/20"}],"replies":[{"embeddable":true,"href":"https:\/\/aeroespacio.com.ar\/index.php?rest_route=%2Fwp%2Fv2%2Fcomments&post=17607"}],"version-history":[{"count":1,"href":"https:\/\/aeroespacio.com.ar\/index.php?rest_route=\/wp\/v2\/posts\/17607\/revisions"}],"predecessor-version":[{"id":17611,"href":"https:\/\/aeroespacio.com.ar\/index.php?rest_route=\/wp\/v2\/posts\/17607\/revisions\/17611"}],"wp:featuredmedia":[{"embeddable":true,"href":"https:\/\/aeroespacio.com.ar\/index.php?rest_route=\/wp\/v2\/media\/17608"}],"wp:attachment":[{"href":"https:\/\/aeroespacio.com.ar\/index.php?rest_route=%2Fwp%2Fv2%2Fmedia&parent=17607"}],"wp:term":[{"taxonomy":"category","embeddable":true,"href":"https:\/\/aeroespacio.com.ar\/index.php?rest_route=%2Fwp%2Fv2%2Fcategories&post=17607"},{"taxonomy":"post_tag","embeddable":true,"href":"https:\/\/aeroespacio.com.ar\/index.php?rest_route=%2Fwp%2Fv2%2Ftags&post=17607"}],"curies":[{"name":"wp","href":"https:\/\/api.w.org\/{rel}","templated":true}]}}