{"id":17603,"date":"2025-12-04T11:59:40","date_gmt":"2025-12-04T11:59:40","guid":{"rendered":"http:\/\/192.168.0.98\/?p=17603"},"modified":"2025-12-04T11:59:42","modified_gmt":"2025-12-04T11:59:42","slug":"aerolineas-argentinas-renueva-su-flota-y-suma-conectividad-en-vuelo","status":"publish","type":"post","link":"https:\/\/aeroespacio.com.ar\/?p=17603","title":{"rendered":"Aerol\u00edneas Argentinas renueva su flota y suma conectividad en vuelo\u00a0"},"content":{"rendered":"\n<figure class=\"wp-block-image size-large\"><img fetchpriority=\"high\" decoding=\"async\" width=\"1024\" height=\"576\" src=\"https:\/\/aeroespacio.com.ar\/wp-content\/uploads\/2025\/12\/max-1-1024x576.jpeg\" alt=\"\" class=\"wp-image-17604\" srcset=\"https:\/\/aeroespacio.com.ar\/wp-content\/uploads\/2025\/12\/max-1-1024x576.jpeg 1024w, https:\/\/aeroespacio.com.ar\/wp-content\/uploads\/2025\/12\/max-1-300x169.jpeg 300w, https:\/\/aeroespacio.com.ar\/wp-content\/uploads\/2025\/12\/max-1-768x432.jpeg 768w, https:\/\/aeroespacio.com.ar\/wp-content\/uploads\/2025\/12\/max-1.jpeg 1280w\" sizes=\"(max-width: 1024px) 100vw, 1024px\" \/><\/figure>\n\n\n\n<p>Aerol\u00edneas Argentinas avanza en un proceso de modernizaci\u00f3n que busca mejorar su desempe\u00f1o en vuelos de largo y corto alcance. La empresa confirma la llegada de cuatro Airbus A330neo, modelo que reemplazar\u00e1 aviones con varios a\u00f1os de servicio. Estas aeronaves ofrecen mayor autonom\u00eda, menor consumo y una cabina m\u00e1s silenciosa. La decisi\u00f3n tambi\u00e9n implica actualizar rutas internacionales que requieren eficiencia y comodidad, algo que la compa\u00f1\u00eda considera clave para seguir compitiendo en mercados exigentes.<\/p>\n\n\n\n<p>Junto con los equipos de fuselaje ancho, la l\u00ednea a\u00e9rea estatal incorporar\u00e1 nuevos Boeing 737 MAX destinados a operaciones regionales y dom\u00e9sticas. Estos aviones permiten reducir costos, incrementar frecuencias y mejorar la experiencia de viaje. La flota renovada se complementa con cambios en los interiores que incluyen asientos m\u00e1s livianos, iluminaci\u00f3n LED y un redise\u00f1o del espacio para una sensaci\u00f3n de mayor amplitud.<\/p>\n\n\n\n<p>A partir de 2027, la empresa prev\u00e9 ofrecer conectividad a bordo en todos los vuelos. Se instalar\u00e1n sistemas satelitales y antenas compatibles con distintas coberturas, lo que permitir\u00e1 enviar mensajes, leer correos o acceder a servicios de entretenimiento durante el recorrido. La iniciativa se desarrollar\u00e1 por etapas y abarca tanto aviones reci\u00e9n llegados como unidades que ya forman parte de la operaci\u00f3n diaria.<\/p>\n\n\n\n<p>El proyecto combina mejoras tecnol\u00f3gicas con una estrategia de optimizaci\u00f3n que busca aumentar la puntualidad, reducir demoras y ofrecer un servicio m\u00e1s competitivo. La incorporaci\u00f3n del A330neo y del 737 MAX se alinea con una tendencia global que apunta a disminuir el impacto ambiental y mejorar el rendimiento general de la industria. Para Aerol\u00edneas, este paso representa una se\u00f1al de continuidad en su plan de crecimiento.<\/p>\n\n\n\n<p>La renovaci\u00f3n tambi\u00e9n impacta en la experiencia del usuario, ya que las cabinas tendr\u00e1n un estilo m\u00e1s uniforme. La empresa destac\u00f3 que los vuelos de largo alcance contar\u00e1n con sistemas de entretenimiento m\u00e1s \u00e1giles, mayor espacio en los compartimentos superiores y mejor climatizaci\u00f3n. En las rutas cortas, el objetivo estar\u00e1 puesto en la estabilidad operativa y la reducci\u00f3n de ruidos dentro del fuselaje.<\/p>\n\n\n\n<p>Con estas decisiones, Aerol\u00edneas Argentinas apunta a consolidarse en un escenario competitivo, optimizar gastos y ofrecer un producto que se acerque a los est\u00e1ndares internacionales actuales. La combinaci\u00f3n de nueva tecnolog\u00eda, conectividad y eficiencia marca un camino orientado a sostener el crecimiento en los pr\u00f3ximos a\u00f1os.<\/p>\n\n\n\n<p>Fuentes y foto: Aerol\u00edneas Argentinas, Airbus.<\/p>\n","protected":false},"excerpt":{"rendered":"<p>Aerol\u00edneas Argentinas avanza en un proceso de modernizaci\u00f3n que busca mejorar su desempe\u00f1o en vuelos de largo y corto alcance. [&hellip;]<\/p>\n","protected":false},"author":20,"featured_media":17604,"comment_status":"open","ping_status":"open","sticky":false,"template":"","format":"standard","meta":{"site-sidebar-layout":"default","site-content-layout":"","ast-site-content-layout":"default","site-content-style":"default","site-sidebar-style":"default","ast-global-header-display":"","ast-banner-title-visibility":"","ast-main-header-display":"","ast-hfb-above-header-display":"","ast-hfb-below-header-display":"","ast-hfb-mobile-header-display":"","site-post-title":"","ast-breadcrumbs-content":"","ast-featured-img":"","footer-sml-layout":"","ast-disable-related-posts":"","theme-transparent-header-meta":"","adv-header-id-meta":"","stick-header-meta":"","header-above-stick-meta":"","header-main-stick-meta":"","header-below-stick-meta":"","astra-migrate-meta-layouts":"default","ast-page-background-enabled":"default","ast-page-background-meta":{"desktop":{"background-color":"var(--ast-global-color-5)","background-image":"","background-repeat":"repeat","background-position":"center center","background-size":"auto","background-attachment":"scroll","background-type":"","background-media":"","overlay-type":"","overlay-color":"","overlay-opacity":"","overlay-gradient":""},"tablet":{"background-color":"","background-image":"","background-repeat":"repeat","background-position":"center center","background-size":"auto","background-attachment":"scroll","background-type":"","background-media":"","overlay-type":"","overlay-color":"","overlay-opacity":"","overlay-gradient":""},"mobile":{"background-color":"","background-image":"","background-repeat":"repeat","background-position":"center center","background-size":"auto","background-attachment":"scroll","background-type":"","background-media":"","overlay-type":"","overlay-color":"","overlay-opacity":"","overlay-gradient":""}},"ast-content-background-meta":{"desktop":{"background-color":"var(--ast-global-color-4)","background-image":"","background-repeat":"repeat","background-position":"center center","background-size":"auto","background-attachment":"scroll","background-type":"","background-media":"","overlay-type":"","overlay-color":"","overlay-opacity":"","overlay-gradient":""},"tablet":{"background-color":"var(--ast-global-color-4)","background-image":"","background-repeat":"repeat","background-position":"center center","background-size":"auto","background-attachment":"scroll","background-type":"","background-media":"","overlay-type":"","overlay-color":"","overlay-opacity":"","overlay-gradient":""},"mobile":{"background-color":"var(--ast-global-color-4)","background-image":"","background-repeat":"repeat","background-position":"center center","background-size":"auto","background-attachment":"scroll","background-type":"","background-media":"","overlay-type":"","overlay-color":"","overlay-opacity":"","overlay-gradient":""}},"_joinchat":[],"footnotes":""},"categories":[1438],"tags":[1465,1448,10,11,60],"class_list":["post-17603","post","type-post","status-publish","format-standard","has-post-thumbnail","hentry","category-aviacion-comercial","tag-aerolineasargentinas","tag-airbus-2","tag-aviacion-2","tag-aviacioncomercial-2","tag-boeing"],"yoast_head":"<!-- This site is optimized with the Yoast SEO plugin v27.3 - https:\/\/yoast.com\/product\/yoast-seo-wordpress\/ -->\n<title>Aerol\u00edneas Argentinas renueva su flota y suma conectividad en vuelo\u00a0 - Aeroespacio<\/title>\n<meta name=\"robots\" content=\"index, follow, max-snippet:-1, max-image-preview:large, max-video-preview:-1\" \/>\n<link rel=\"canonical\" href=\"https:\/\/aeroespacio.com.ar\/?p=17603\" \/>\n<meta property=\"og:locale\" content=\"es_ES\" \/>\n<meta property=\"og:type\" content=\"article\" \/>\n<meta property=\"og:title\" content=\"Aerol\u00edneas Argentinas renueva su flota y suma conectividad en vuelo\u00a0 - Aeroespacio\" \/>\n<meta property=\"og:description\" content=\"Aerol\u00edneas Argentinas avanza en un proceso de modernizaci\u00f3n que busca mejorar su desempe\u00f1o en vuelos de largo y corto alcance. [&hellip;]\" \/>\n<meta property=\"og:url\" content=\"https:\/\/aeroespacio.com.ar\/?p=17603\" \/>\n<meta property=\"og:site_name\" content=\"Aeroespacio\" \/>\n<meta property=\"article:published_time\" content=\"2025-12-04T11:59:40+00:00\" \/>\n<meta property=\"article:modified_time\" content=\"2025-12-04T11:59:42+00:00\" \/>\n<meta property=\"og:image\" content=\"https:\/\/aeroespacio.com.ar\/wp-content\/uploads\/2025\/12\/max-1.jpeg\" \/>\n\t<meta property=\"og:image:width\" content=\"1280\" \/>\n\t<meta property=\"og:image:height\" content=\"720\" \/>\n\t<meta property=\"og:image:type\" content=\"image\/jpeg\" \/>\n<meta name=\"author\" content=\"Jose Operto\" \/>\n<meta name=\"twitter:card\" content=\"summary_large_image\" \/>\n<meta name=\"twitter:label1\" content=\"Escrito por\" \/>\n\t<meta name=\"twitter:data1\" content=\"Jose Operto\" \/>\n\t<meta name=\"twitter:label2\" content=\"Tiempo de lectura\" \/>\n\t<meta name=\"twitter:data2\" content=\"3 minutos\" \/>\n<script type=\"application\/ld+json\" class=\"yoast-schema-graph\">{\"@context\":\"https:\\\/\\\/schema.org\",\"@graph\":[{\"@type\":\"Article\",\"@id\":\"https:\\\/\\\/aeroespacio.com.ar\\\/?p=17603#article\",\"isPartOf\":{\"@id\":\"https:\\\/\\\/aeroespacio.com.ar\\\/?p=17603\"},\"author\":{\"name\":\"Jose Operto\",\"@id\":\"https:\\\/\\\/aeroespacio.com.ar\\\/#\\\/schema\\\/person\\\/6ed044bb77d2eec9f7615badbe365ffa\"},\"headline\":\"Aerol\u00edneas Argentinas renueva su flota y suma conectividad en vuelo\u00a0\",\"datePublished\":\"2025-12-04T11:59:40+00:00\",\"dateModified\":\"2025-12-04T11:59:42+00:00\",\"mainEntityOfPage\":{\"@id\":\"https:\\\/\\\/aeroespacio.com.ar\\\/?p=17603\"},\"wordCount\":431,\"commentCount\":0,\"image\":{\"@id\":\"https:\\\/\\\/aeroespacio.com.ar\\\/?p=17603#primaryimage\"},\"thumbnailUrl\":\"https:\\\/\\\/aeroespacio.com.ar\\\/wp-content\\\/uploads\\\/2025\\\/12\\\/max-1.jpeg\",\"keywords\":[\"#AerolineasArgentinas\",\"#Airbus\",\"#aviacion\",\"#aviacioncomercial\",\"#boeing\"],\"articleSection\":[\"Aviaci\u00f3n Comercial\"],\"inLanguage\":\"es-AR\",\"potentialAction\":[{\"@type\":\"CommentAction\",\"name\":\"Comment\",\"target\":[\"https:\\\/\\\/aeroespacio.com.ar\\\/?p=17603#respond\"]}]},{\"@type\":\"WebPage\",\"@id\":\"https:\\\/\\\/aeroespacio.com.ar\\\/?p=17603\",\"url\":\"https:\\\/\\\/aeroespacio.com.ar\\\/?p=17603\",\"name\":\"Aerol\u00edneas Argentinas renueva su flota y suma conectividad en vuelo\u00a0 - Aeroespacio\",\"isPartOf\":{\"@id\":\"https:\\\/\\\/aeroespacio.com.ar\\\/#website\"},\"primaryImageOfPage\":{\"@id\":\"https:\\\/\\\/aeroespacio.com.ar\\\/?p=17603#primaryimage\"},\"image\":{\"@id\":\"https:\\\/\\\/aeroespacio.com.ar\\\/?p=17603#primaryimage\"},\"thumbnailUrl\":\"https:\\\/\\\/aeroespacio.com.ar\\\/wp-content\\\/uploads\\\/2025\\\/12\\\/max-1.jpeg\",\"datePublished\":\"2025-12-04T11:59:40+00:00\",\"dateModified\":\"2025-12-04T11:59:42+00:00\",\"author\":{\"@id\":\"https:\\\/\\\/aeroespacio.com.ar\\\/#\\\/schema\\\/person\\\/6ed044bb77d2eec9f7615badbe365ffa\"},\"breadcrumb\":{\"@id\":\"https:\\\/\\\/aeroespacio.com.ar\\\/?p=17603#breadcrumb\"},\"inLanguage\":\"es-AR\",\"potentialAction\":[{\"@type\":\"ReadAction\",\"target\":[\"https:\\\/\\\/aeroespacio.com.ar\\\/?p=17603\"]}]},{\"@type\":\"ImageObject\",\"inLanguage\":\"es-AR\",\"@id\":\"https:\\\/\\\/aeroespacio.com.ar\\\/?p=17603#primaryimage\",\"url\":\"https:\\\/\\\/aeroespacio.com.ar\\\/wp-content\\\/uploads\\\/2025\\\/12\\\/max-1.jpeg\",\"contentUrl\":\"https:\\\/\\\/aeroespacio.com.ar\\\/wp-content\\\/uploads\\\/2025\\\/12\\\/max-1.jpeg\",\"width\":1280,\"height\":720},{\"@type\":\"BreadcrumbList\",\"@id\":\"https:\\\/\\\/aeroespacio.com.ar\\\/?p=17603#breadcrumb\",\"itemListElement\":[{\"@type\":\"ListItem\",\"position\":1,\"name\":\"Inicio\",\"item\":\"https:\\\/\\\/aeroespacio.com.ar\\\/\"},{\"@type\":\"ListItem\",\"position\":2,\"name\":\"Aerol\u00edneas Argentinas renueva su flota y suma conectividad en vuelo\u00a0\"}]},{\"@type\":\"WebSite\",\"@id\":\"https:\\\/\\\/aeroespacio.com.ar\\\/#website\",\"url\":\"https:\\\/\\\/aeroespacio.com.ar\\\/\",\"name\":\"aeroespacio.com.ar\",\"description\":\"\",\"potentialAction\":[{\"@type\":\"SearchAction\",\"target\":{\"@type\":\"EntryPoint\",\"urlTemplate\":\"https:\\\/\\\/aeroespacio.com.ar\\\/?s={search_term_string}\"},\"query-input\":{\"@type\":\"PropertyValueSpecification\",\"valueRequired\":true,\"valueName\":\"search_term_string\"}}],\"inLanguage\":\"es-AR\"},{\"@type\":\"Person\",\"@id\":\"https:\\\/\\\/aeroespacio.com.ar\\\/#\\\/schema\\\/person\\\/6ed044bb77d2eec9f7615badbe365ffa\",\"name\":\"Jose Operto\",\"image\":{\"@type\":\"ImageObject\",\"inLanguage\":\"es-AR\",\"@id\":\"https:\\\/\\\/secure.gravatar.com\\\/avatar\\\/46c91e2630685531c0b0dd365ca4b4c391e308a6e5811841f817a41623f5da65?s=96&d=mm&r=g\",\"url\":\"https:\\\/\\\/secure.gravatar.com\\\/avatar\\\/46c91e2630685531c0b0dd365ca4b4c391e308a6e5811841f817a41623f5da65?s=96&d=mm&r=g\",\"contentUrl\":\"https:\\\/\\\/secure.gravatar.com\\\/avatar\\\/46c91e2630685531c0b0dd365ca4b4c391e308a6e5811841f817a41623f5da65?s=96&d=mm&r=g\",\"caption\":\"Jose Operto\"},\"url\":\"https:\\\/\\\/aeroespacio.com.ar\\\/?author=20\"}]}<\/script>\n<!-- \/ Yoast SEO plugin. -->","yoast_head_json":{"title":"Aerol\u00edneas Argentinas renueva su flota y suma conectividad en vuelo\u00a0 - Aeroespacio","robots":{"index":"index","follow":"follow","max-snippet":"max-snippet:-1","max-image-preview":"max-image-preview:large","max-video-preview":"max-video-preview:-1"},"canonical":"https:\/\/aeroespacio.com.ar\/?p=17603","og_locale":"es_ES","og_type":"article","og_title":"Aerol\u00edneas Argentinas renueva su flota y suma conectividad en vuelo\u00a0 - Aeroespacio","og_description":"Aerol\u00edneas Argentinas avanza en un proceso de modernizaci\u00f3n que busca mejorar su desempe\u00f1o en vuelos de largo y corto alcance. [&hellip;]","og_url":"https:\/\/aeroespacio.com.ar\/?p=17603","og_site_name":"Aeroespacio","article_published_time":"2025-12-04T11:59:40+00:00","article_modified_time":"2025-12-04T11:59:42+00:00","og_image":[{"width":1280,"height":720,"url":"https:\/\/aeroespacio.com.ar\/wp-content\/uploads\/2025\/12\/max-1.jpeg","type":"image\/jpeg"}],"author":"Jose Operto","twitter_card":"summary_large_image","twitter_misc":{"Escrito por":"Jose Operto","Tiempo de lectura":"3 minutos"},"schema":{"@context":"https:\/\/schema.org","@graph":[{"@type":"Article","@id":"https:\/\/aeroespacio.com.ar\/?p=17603#article","isPartOf":{"@id":"https:\/\/aeroespacio.com.ar\/?p=17603"},"author":{"name":"Jose Operto","@id":"https:\/\/aeroespacio.com.ar\/#\/schema\/person\/6ed044bb77d2eec9f7615badbe365ffa"},"headline":"Aerol\u00edneas Argentinas renueva su flota y suma conectividad en vuelo\u00a0","datePublished":"2025-12-04T11:59:40+00:00","dateModified":"2025-12-04T11:59:42+00:00","mainEntityOfPage":{"@id":"https:\/\/aeroespacio.com.ar\/?p=17603"},"wordCount":431,"commentCount":0,"image":{"@id":"https:\/\/aeroespacio.com.ar\/?p=17603#primaryimage"},"thumbnailUrl":"https:\/\/aeroespacio.com.ar\/wp-content\/uploads\/2025\/12\/max-1.jpeg","keywords":["#AerolineasArgentinas","#Airbus","#aviacion","#aviacioncomercial","#boeing"],"articleSection":["Aviaci\u00f3n Comercial"],"inLanguage":"es-AR","potentialAction":[{"@type":"CommentAction","name":"Comment","target":["https:\/\/aeroespacio.com.ar\/?p=17603#respond"]}]},{"@type":"WebPage","@id":"https:\/\/aeroespacio.com.ar\/?p=17603","url":"https:\/\/aeroespacio.com.ar\/?p=17603","name":"Aerol\u00edneas Argentinas renueva su flota y suma conectividad en vuelo\u00a0 - Aeroespacio","isPartOf":{"@id":"https:\/\/aeroespacio.com.ar\/#website"},"primaryImageOfPage":{"@id":"https:\/\/aeroespacio.com.ar\/?p=17603#primaryimage"},"image":{"@id":"https:\/\/aeroespacio.com.ar\/?p=17603#primaryimage"},"thumbnailUrl":"https:\/\/aeroespacio.com.ar\/wp-content\/uploads\/2025\/12\/max-1.jpeg","datePublished":"2025-12-04T11:59:40+00:00","dateModified":"2025-12-04T11:59:42+00:00","author":{"@id":"https:\/\/aeroespacio.com.ar\/#\/schema\/person\/6ed044bb77d2eec9f7615badbe365ffa"},"breadcrumb":{"@id":"https:\/\/aeroespacio.com.ar\/?p=17603#breadcrumb"},"inLanguage":"es-AR","potentialAction":[{"@type":"ReadAction","target":["https:\/\/aeroespacio.com.ar\/?p=17603"]}]},{"@type":"ImageObject","inLanguage":"es-AR","@id":"https:\/\/aeroespacio.com.ar\/?p=17603#primaryimage","url":"https:\/\/aeroespacio.com.ar\/wp-content\/uploads\/2025\/12\/max-1.jpeg","contentUrl":"https:\/\/aeroespacio.com.ar\/wp-content\/uploads\/2025\/12\/max-1.jpeg","width":1280,"height":720},{"@type":"BreadcrumbList","@id":"https:\/\/aeroespacio.com.ar\/?p=17603#breadcrumb","itemListElement":[{"@type":"ListItem","position":1,"name":"Inicio","item":"https:\/\/aeroespacio.com.ar\/"},{"@type":"ListItem","position":2,"name":"Aerol\u00edneas Argentinas renueva su flota y suma conectividad en vuelo\u00a0"}]},{"@type":"WebSite","@id":"https:\/\/aeroespacio.com.ar\/#website","url":"https:\/\/aeroespacio.com.ar\/","name":"aeroespacio.com.ar","description":"","potentialAction":[{"@type":"SearchAction","target":{"@type":"EntryPoint","urlTemplate":"https:\/\/aeroespacio.com.ar\/?s={search_term_string}"},"query-input":{"@type":"PropertyValueSpecification","valueRequired":true,"valueName":"search_term_string"}}],"inLanguage":"es-AR"},{"@type":"Person","@id":"https:\/\/aeroespacio.com.ar\/#\/schema\/person\/6ed044bb77d2eec9f7615badbe365ffa","name":"Jose Operto","image":{"@type":"ImageObject","inLanguage":"es-AR","@id":"https:\/\/secure.gravatar.com\/avatar\/46c91e2630685531c0b0dd365ca4b4c391e308a6e5811841f817a41623f5da65?s=96&d=mm&r=g","url":"https:\/\/secure.gravatar.com\/avatar\/46c91e2630685531c0b0dd365ca4b4c391e308a6e5811841f817a41623f5da65?s=96&d=mm&r=g","contentUrl":"https:\/\/secure.gravatar.com\/avatar\/46c91e2630685531c0b0dd365ca4b4c391e308a6e5811841f817a41623f5da65?s=96&d=mm&r=g","caption":"Jose Operto"},"url":"https:\/\/aeroespacio.com.ar\/?author=20"}]}},"rttpg_featured_image_url":{"full":["https:\/\/aeroespacio.com.ar\/wp-content\/uploads\/2025\/12\/max-1.jpeg",1280,720,false],"landscape":["https:\/\/aeroespacio.com.ar\/wp-content\/uploads\/2025\/12\/max-1.jpeg",1280,720,false],"portraits":["https:\/\/aeroespacio.com.ar\/wp-content\/uploads\/2025\/12\/max-1.jpeg",1280,720,false],"thumbnail":["https:\/\/aeroespacio.com.ar\/wp-content\/uploads\/2025\/12\/max-1-150x150.jpeg",150,150,true],"medium":["https:\/\/aeroespacio.com.ar\/wp-content\/uploads\/2025\/12\/max-1-300x169.jpeg",300,169,true],"large":["https:\/\/aeroespacio.com.ar\/wp-content\/uploads\/2025\/12\/max-1-1024x576.jpeg",1024,576,true],"1536x1536":["https:\/\/aeroespacio.com.ar\/wp-content\/uploads\/2025\/12\/max-1.jpeg",1280,720,false],"2048x2048":["https:\/\/aeroespacio.com.ar\/wp-content\/uploads\/2025\/12\/max-1.jpeg",1280,720,false]},"rttpg_author":{"display_name":"Jose Operto","author_link":"https:\/\/aeroespacio.com.ar\/?author=20"},"rttpg_comment":0,"rttpg_category":"<a href=\"https:\/\/aeroespacio.com.ar\/?cat=1438\" rel=\"category\">Aviaci\u00f3n Comercial<\/a>","rttpg_excerpt":"Aerol\u00edneas Argentinas avanza en un proceso de modernizaci\u00f3n que busca mejorar su desempe\u00f1o en vuelos de largo y corto alcance. [&hellip;]","_links":{"self":[{"href":"https:\/\/aeroespacio.com.ar\/index.php?rest_route=\/wp\/v2\/posts\/17603","targetHints":{"allow":["GET"]}}],"collection":[{"href":"https:\/\/aeroespacio.com.ar\/index.php?rest_route=\/wp\/v2\/posts"}],"about":[{"href":"https:\/\/aeroespacio.com.ar\/index.php?rest_route=\/wp\/v2\/types\/post"}],"author":[{"embeddable":true,"href":"https:\/\/aeroespacio.com.ar\/index.php?rest_route=\/wp\/v2\/users\/20"}],"replies":[{"embeddable":true,"href":"https:\/\/aeroespacio.com.ar\/index.php?rest_route=%2Fwp%2Fv2%2Fcomments&post=17603"}],"version-history":[{"count":1,"href":"https:\/\/aeroespacio.com.ar\/index.php?rest_route=\/wp\/v2\/posts\/17603\/revisions"}],"predecessor-version":[{"id":17605,"href":"https:\/\/aeroespacio.com.ar\/index.php?rest_route=\/wp\/v2\/posts\/17603\/revisions\/17605"}],"wp:featuredmedia":[{"embeddable":true,"href":"https:\/\/aeroespacio.com.ar\/index.php?rest_route=\/wp\/v2\/media\/17604"}],"wp:attachment":[{"href":"https:\/\/aeroespacio.com.ar\/index.php?rest_route=%2Fwp%2Fv2%2Fmedia&parent=17603"}],"wp:term":[{"taxonomy":"category","embeddable":true,"href":"https:\/\/aeroespacio.com.ar\/index.php?rest_route=%2Fwp%2Fv2%2Fcategories&post=17603"},{"taxonomy":"post_tag","embeddable":true,"href":"https:\/\/aeroespacio.com.ar\/index.php?rest_route=%2Fwp%2Fv2%2Ftags&post=17603"}],"curies":[{"name":"wp","href":"https:\/\/api.w.org\/{rel}","templated":true}]}}