{"id":17586,"date":"2025-11-28T13:25:02","date_gmt":"2025-11-28T13:25:02","guid":{"rendered":"http:\/\/192.168.0.98\/?p=17586"},"modified":"2025-11-28T13:25:04","modified_gmt":"2025-11-28T13:25:04","slug":"dos-nuevas-aerolineas-llegan-al-pais-y-amplian-la-oferta-internacional","status":"publish","type":"post","link":"https:\/\/aeroespacio.com.ar\/?p=17586","title":{"rendered":"Dos nuevas aerol\u00edneas llegan al pa\u00eds y ampl\u00edan la oferta internacional"},"content":{"rendered":"\n<p>Mediante el Bolet\u00edn Oficial, el Gobierno nacional autoriz\u00f3 a la aerol\u00ednea de bandera \u201cChina Eastern Airlines Co. LTD\u201d a operar servicios que conecten Buenos Aires con Shangh\u00e1i. Seg\u00fan inform\u00f3 la Subsecretar\u00eda de Transporte A\u00e9reo, dependiente del Ministerio de Econom\u00eda, la compa\u00f1\u00eda brindar\u00e1 vuelos regulares para el transporte combinado de pasajeros y carga en la ruta Puntos en China \u2013 Puntos Intermedios \u2013 Puntos en Argentina, y su regreso.<\/p>\n\n\n\n<p>La resoluci\u00f3n se public\u00f3 el 26 de noviembre, bajo la&nbsp;disposici\u00f3n 42\/2025,&nbsp;tras completarse los tr\u00e1mites administrativos y jur\u00eddicos previstos en la normativa vigente, cuya autorizaci\u00f3n se enmarca dentro del Acuerdo de Servicios A\u00e9reos entre Argentina y China, aprobado por la Ley N.\u00b0 26188.<\/p>\n\n\n\n<figure class=\"wp-block-image size-large\"><img fetchpriority=\"high\" decoding=\"async\" width=\"1024\" height=\"1024\" src=\"https:\/\/aeroespacio.com.ar\/wp-content\/uploads\/2025\/11\/SaveClip.App_81946885_126712375502816_662348878438756634_n-1024x1024.jpg\" alt=\"\" class=\"wp-image-17588\" srcset=\"https:\/\/aeroespacio.com.ar\/wp-content\/uploads\/2025\/11\/SaveClip.App_81946885_126712375502816_662348878438756634_n-1024x1024.jpg 1024w, https:\/\/aeroespacio.com.ar\/wp-content\/uploads\/2025\/11\/SaveClip.App_81946885_126712375502816_662348878438756634_n-300x300.jpg 300w, https:\/\/aeroespacio.com.ar\/wp-content\/uploads\/2025\/11\/SaveClip.App_81946885_126712375502816_662348878438756634_n-150x150.jpg 150w, https:\/\/aeroespacio.com.ar\/wp-content\/uploads\/2025\/11\/SaveClip.App_81946885_126712375502816_662348878438756634_n-768x768.jpg 768w, https:\/\/aeroespacio.com.ar\/wp-content\/uploads\/2025\/11\/SaveClip.App_81946885_126712375502816_662348878438756634_n.jpg 1080w\" sizes=\"(max-width: 1024px) 100vw, 1024px\" \/><\/figure>\n\n\n\n<p>Seg\u00fan detallaron desde el organismo, la decisi\u00f3n se adopt\u00f3 en el marco del acuerdo bilateral que regula las relaciones aerocomerciales entre ambos pa\u00edses, tras verificarse que la empresa cumpliera con todos los requisitos legales y administrativos para operar la ruta solicitada. La documentaci\u00f3n presentada tambi\u00e9n confirm\u00f3 que China Eastern es reconocida como transportadora oficial por la autoridad aeron\u00e1utica de su pa\u00eds.<\/p>\n\n\n\n<p>Asimismo, la semana pasada, la misma cartera confirm\u00f3 una alianza con la empresa de transporte a\u00e9reo espa\u00f1ola Plus Ultra L\u00edneas A\u00e9reas, la cual ofrecer\u00e1 servicios Buenos Aires \u2013 Madrid. La iniciativa desde el gobierno, aclararon, se tom\u00f3 para&nbsp;fortalecer la competencia entre compa\u00f1\u00edas y brindar nuevas opciones de traslado al continente europeo.<\/p>\n\n\n\n<figure class=\"wp-block-image size-large\"><img decoding=\"async\" width=\"1024\" height=\"576\" src=\"https:\/\/aeroespacio.com.ar\/wp-content\/uploads\/2025\/11\/plus-ultra-avionjpeg-1024x576.webp\" alt=\"\" class=\"wp-image-17589\" srcset=\"https:\/\/aeroespacio.com.ar\/wp-content\/uploads\/2025\/11\/plus-ultra-avionjpeg-1024x576.webp 1024w, https:\/\/aeroespacio.com.ar\/wp-content\/uploads\/2025\/11\/plus-ultra-avionjpeg-300x169.webp 300w, https:\/\/aeroespacio.com.ar\/wp-content\/uploads\/2025\/11\/plus-ultra-avionjpeg-768x432.webp 768w, https:\/\/aeroespacio.com.ar\/wp-content\/uploads\/2025\/11\/plus-ultra-avionjpeg.webp 1200w\" sizes=\"(max-width: 1024px) 100vw, 1024px\" \/><\/figure>\n\n\n\n<p>Tras la decisi\u00f3n, la bandera espa\u00f1ola comenzar\u00e1 a flamear entre ambas ciudades el 23 de mayo del pr\u00f3ximo a\u00f1o, d\u00eda en que est\u00e1 previsto el primer servicio desde el continente europeo hacia la Argentina. Plus Ultra ya puso a la venta los pasajes para vuelos con salida desde Madrid en su p\u00e1gina oficial, aunque todav\u00eda no habilit\u00f3 la compra de boletos desde el Aeropuerto Internacional de Ezeiza.<\/p>\n\n\n\n<p>Fuente: Bolet\u00edn Oficial<\/p>\n\n\n\n<p>Foto: China Eastern Airlines Co. LTD<\/p>\n\n\n\n<p><\/p>\n","protected":false},"excerpt":{"rendered":"<p>Mediante el Bolet\u00edn Oficial, el Gobierno nacional autoriz\u00f3 a la aerol\u00ednea de bandera \u201cChina Eastern Airlines Co. LTD\u201d a operar [&hellip;]<\/p>\n","protected":false},"author":20,"featured_media":17587,"comment_status":"open","ping_status":"open","sticky":false,"template":"","format":"standard","meta":{"site-sidebar-layout":"default","site-content-layout":"","ast-site-content-layout":"default","site-content-style":"default","site-sidebar-style":"default","ast-global-header-display":"","ast-banner-title-visibility":"","ast-main-header-display":"","ast-hfb-above-header-display":"","ast-hfb-below-header-display":"","ast-hfb-mobile-header-display":"","site-post-title":"","ast-breadcrumbs-content":"","ast-featured-img":"","footer-sml-layout":"","ast-disable-related-posts":"","theme-transparent-header-meta":"","adv-header-id-meta":"","stick-header-meta":"","header-above-stick-meta":"","header-main-stick-meta":"","header-below-stick-meta":"","astra-migrate-meta-layouts":"default","ast-page-background-enabled":"default","ast-page-background-meta":{"desktop":{"background-color":"var(--ast-global-color-5)","background-image":"","background-repeat":"repeat","background-position":"center center","background-size":"auto","background-attachment":"scroll","background-type":"","background-media":"","overlay-type":"","overlay-color":"","overlay-opacity":"","overlay-gradient":""},"tablet":{"background-color":"","background-image":"","background-repeat":"repeat","background-position":"center center","background-size":"auto","background-attachment":"scroll","background-type":"","background-media":"","overlay-type":"","overlay-color":"","overlay-opacity":"","overlay-gradient":""},"mobile":{"background-color":"","background-image":"","background-repeat":"repeat","background-position":"center center","background-size":"auto","background-attachment":"scroll","background-type":"","background-media":"","overlay-type":"","overlay-color":"","overlay-opacity":"","overlay-gradient":""}},"ast-content-background-meta":{"desktop":{"background-color":"var(--ast-global-color-4)","background-image":"","background-repeat":"repeat","background-position":"center center","background-size":"auto","background-attachment":"scroll","background-type":"","background-media":"","overlay-type":"","overlay-color":"","overlay-opacity":"","overlay-gradient":""},"tablet":{"background-color":"var(--ast-global-color-4)","background-image":"","background-repeat":"repeat","background-position":"center center","background-size":"auto","background-attachment":"scroll","background-type":"","background-media":"","overlay-type":"","overlay-color":"","overlay-opacity":"","overlay-gradient":""},"mobile":{"background-color":"var(--ast-global-color-4)","background-image":"","background-repeat":"repeat","background-position":"center center","background-size":"auto","background-attachment":"scroll","background-type":"","background-media":"","overlay-type":"","overlay-color":"","overlay-opacity":"","overlay-gradient":""}},"_joinchat":[],"footnotes":""},"categories":[1438],"tags":[11],"class_list":["post-17586","post","type-post","status-publish","format-standard","has-post-thumbnail","hentry","category-aviacion-comercial","tag-aviacioncomercial-2"],"yoast_head":"<!-- This site is optimized with the Yoast SEO plugin v27.3 - https:\/\/yoast.com\/product\/yoast-seo-wordpress\/ -->\n<title>Dos nuevas aerol\u00edneas llegan al pa\u00eds y ampl\u00edan la oferta internacional - Aeroespacio<\/title>\n<meta name=\"robots\" content=\"index, follow, max-snippet:-1, max-image-preview:large, max-video-preview:-1\" \/>\n<link rel=\"canonical\" href=\"https:\/\/aeroespacio.com.ar\/?p=17586\" \/>\n<meta property=\"og:locale\" content=\"es_ES\" \/>\n<meta property=\"og:type\" content=\"article\" \/>\n<meta property=\"og:title\" content=\"Dos nuevas aerol\u00edneas llegan al pa\u00eds y ampl\u00edan la oferta internacional - Aeroespacio\" \/>\n<meta property=\"og:description\" content=\"Mediante el Bolet\u00edn Oficial, el Gobierno nacional autoriz\u00f3 a la aerol\u00ednea de bandera \u201cChina Eastern Airlines Co. LTD\u201d a operar [&hellip;]\" \/>\n<meta property=\"og:url\" content=\"https:\/\/aeroespacio.com.ar\/?p=17586\" \/>\n<meta property=\"og:site_name\" content=\"Aeroespacio\" \/>\n<meta property=\"article:published_time\" content=\"2025-11-28T13:25:02+00:00\" \/>\n<meta property=\"article:modified_time\" content=\"2025-11-28T13:25:04+00:00\" \/>\n<meta property=\"og:image\" content=\"https:\/\/aeroespacio.com.ar\/wp-content\/uploads\/2025\/11\/china_eastern_airlines.webp\" \/>\n\t<meta property=\"og:image:width\" content=\"1300\" \/>\n\t<meta property=\"og:image:height\" content=\"655\" \/>\n\t<meta property=\"og:image:type\" content=\"image\/webp\" \/>\n<meta name=\"author\" content=\"Jose Operto\" \/>\n<meta name=\"twitter:card\" content=\"summary_large_image\" \/>\n<meta name=\"twitter:label1\" content=\"Escrito por\" \/>\n\t<meta name=\"twitter:data1\" content=\"Jose Operto\" \/>\n\t<meta name=\"twitter:label2\" content=\"Tiempo de lectura\" \/>\n\t<meta name=\"twitter:data2\" content=\"2 minutos\" \/>\n<script type=\"application\/ld+json\" class=\"yoast-schema-graph\">{\"@context\":\"https:\\\/\\\/schema.org\",\"@graph\":[{\"@type\":\"Article\",\"@id\":\"https:\\\/\\\/aeroespacio.com.ar\\\/?p=17586#article\",\"isPartOf\":{\"@id\":\"https:\\\/\\\/aeroespacio.com.ar\\\/?p=17586\"},\"author\":{\"name\":\"Jose Operto\",\"@id\":\"https:\\\/\\\/aeroespacio.com.ar\\\/#\\\/schema\\\/person\\\/6ed044bb77d2eec9f7615badbe365ffa\"},\"headline\":\"Dos nuevas aerol\u00edneas llegan al pa\u00eds y ampl\u00edan la oferta internacional\",\"datePublished\":\"2025-11-28T13:25:02+00:00\",\"dateModified\":\"2025-11-28T13:25:04+00:00\",\"mainEntityOfPage\":{\"@id\":\"https:\\\/\\\/aeroespacio.com.ar\\\/?p=17586\"},\"wordCount\":345,\"commentCount\":0,\"image\":{\"@id\":\"https:\\\/\\\/aeroespacio.com.ar\\\/?p=17586#primaryimage\"},\"thumbnailUrl\":\"https:\\\/\\\/aeroespacio.com.ar\\\/wp-content\\\/uploads\\\/2025\\\/11\\\/china_eastern_airlines.webp\",\"keywords\":[\"#aviacioncomercial\"],\"articleSection\":[\"Aviaci\u00f3n Comercial\"],\"inLanguage\":\"es-AR\",\"potentialAction\":[{\"@type\":\"CommentAction\",\"name\":\"Comment\",\"target\":[\"https:\\\/\\\/aeroespacio.com.ar\\\/?p=17586#respond\"]}]},{\"@type\":\"WebPage\",\"@id\":\"https:\\\/\\\/aeroespacio.com.ar\\\/?p=17586\",\"url\":\"https:\\\/\\\/aeroespacio.com.ar\\\/?p=17586\",\"name\":\"Dos nuevas aerol\u00edneas llegan al pa\u00eds y ampl\u00edan la oferta internacional - Aeroespacio\",\"isPartOf\":{\"@id\":\"https:\\\/\\\/aeroespacio.com.ar\\\/#website\"},\"primaryImageOfPage\":{\"@id\":\"https:\\\/\\\/aeroespacio.com.ar\\\/?p=17586#primaryimage\"},\"image\":{\"@id\":\"https:\\\/\\\/aeroespacio.com.ar\\\/?p=17586#primaryimage\"},\"thumbnailUrl\":\"https:\\\/\\\/aeroespacio.com.ar\\\/wp-content\\\/uploads\\\/2025\\\/11\\\/china_eastern_airlines.webp\",\"datePublished\":\"2025-11-28T13:25:02+00:00\",\"dateModified\":\"2025-11-28T13:25:04+00:00\",\"author\":{\"@id\":\"https:\\\/\\\/aeroespacio.com.ar\\\/#\\\/schema\\\/person\\\/6ed044bb77d2eec9f7615badbe365ffa\"},\"breadcrumb\":{\"@id\":\"https:\\\/\\\/aeroespacio.com.ar\\\/?p=17586#breadcrumb\"},\"inLanguage\":\"es-AR\",\"potentialAction\":[{\"@type\":\"ReadAction\",\"target\":[\"https:\\\/\\\/aeroespacio.com.ar\\\/?p=17586\"]}]},{\"@type\":\"ImageObject\",\"inLanguage\":\"es-AR\",\"@id\":\"https:\\\/\\\/aeroespacio.com.ar\\\/?p=17586#primaryimage\",\"url\":\"https:\\\/\\\/aeroespacio.com.ar\\\/wp-content\\\/uploads\\\/2025\\\/11\\\/china_eastern_airlines.webp\",\"contentUrl\":\"https:\\\/\\\/aeroespacio.com.ar\\\/wp-content\\\/uploads\\\/2025\\\/11\\\/china_eastern_airlines.webp\",\"width\":1300,\"height\":655},{\"@type\":\"BreadcrumbList\",\"@id\":\"https:\\\/\\\/aeroespacio.com.ar\\\/?p=17586#breadcrumb\",\"itemListElement\":[{\"@type\":\"ListItem\",\"position\":1,\"name\":\"Inicio\",\"item\":\"https:\\\/\\\/aeroespacio.com.ar\\\/\"},{\"@type\":\"ListItem\",\"position\":2,\"name\":\"Dos nuevas aerol\u00edneas llegan al pa\u00eds y ampl\u00edan la oferta internacional\"}]},{\"@type\":\"WebSite\",\"@id\":\"https:\\\/\\\/aeroespacio.com.ar\\\/#website\",\"url\":\"https:\\\/\\\/aeroespacio.com.ar\\\/\",\"name\":\"aeroespacio.com.ar\",\"description\":\"\",\"potentialAction\":[{\"@type\":\"SearchAction\",\"target\":{\"@type\":\"EntryPoint\",\"urlTemplate\":\"https:\\\/\\\/aeroespacio.com.ar\\\/?s={search_term_string}\"},\"query-input\":{\"@type\":\"PropertyValueSpecification\",\"valueRequired\":true,\"valueName\":\"search_term_string\"}}],\"inLanguage\":\"es-AR\"},{\"@type\":\"Person\",\"@id\":\"https:\\\/\\\/aeroespacio.com.ar\\\/#\\\/schema\\\/person\\\/6ed044bb77d2eec9f7615badbe365ffa\",\"name\":\"Jose Operto\",\"image\":{\"@type\":\"ImageObject\",\"inLanguage\":\"es-AR\",\"@id\":\"https:\\\/\\\/secure.gravatar.com\\\/avatar\\\/46c91e2630685531c0b0dd365ca4b4c391e308a6e5811841f817a41623f5da65?s=96&d=mm&r=g\",\"url\":\"https:\\\/\\\/secure.gravatar.com\\\/avatar\\\/46c91e2630685531c0b0dd365ca4b4c391e308a6e5811841f817a41623f5da65?s=96&d=mm&r=g\",\"contentUrl\":\"https:\\\/\\\/secure.gravatar.com\\\/avatar\\\/46c91e2630685531c0b0dd365ca4b4c391e308a6e5811841f817a41623f5da65?s=96&d=mm&r=g\",\"caption\":\"Jose Operto\"},\"url\":\"https:\\\/\\\/aeroespacio.com.ar\\\/?author=20\"}]}<\/script>\n<!-- \/ Yoast SEO plugin. -->","yoast_head_json":{"title":"Dos nuevas aerol\u00edneas llegan al pa\u00eds y ampl\u00edan la oferta internacional - Aeroespacio","robots":{"index":"index","follow":"follow","max-snippet":"max-snippet:-1","max-image-preview":"max-image-preview:large","max-video-preview":"max-video-preview:-1"},"canonical":"https:\/\/aeroespacio.com.ar\/?p=17586","og_locale":"es_ES","og_type":"article","og_title":"Dos nuevas aerol\u00edneas llegan al pa\u00eds y ampl\u00edan la oferta internacional - Aeroespacio","og_description":"Mediante el Bolet\u00edn Oficial, el Gobierno nacional autoriz\u00f3 a la aerol\u00ednea de bandera \u201cChina Eastern Airlines Co. LTD\u201d a operar [&hellip;]","og_url":"https:\/\/aeroespacio.com.ar\/?p=17586","og_site_name":"Aeroespacio","article_published_time":"2025-11-28T13:25:02+00:00","article_modified_time":"2025-11-28T13:25:04+00:00","og_image":[{"width":1300,"height":655,"url":"https:\/\/aeroespacio.com.ar\/wp-content\/uploads\/2025\/11\/china_eastern_airlines.webp","type":"image\/webp"}],"author":"Jose Operto","twitter_card":"summary_large_image","twitter_misc":{"Escrito por":"Jose Operto","Tiempo de lectura":"2 minutos"},"schema":{"@context":"https:\/\/schema.org","@graph":[{"@type":"Article","@id":"https:\/\/aeroespacio.com.ar\/?p=17586#article","isPartOf":{"@id":"https:\/\/aeroespacio.com.ar\/?p=17586"},"author":{"name":"Jose Operto","@id":"https:\/\/aeroespacio.com.ar\/#\/schema\/person\/6ed044bb77d2eec9f7615badbe365ffa"},"headline":"Dos nuevas aerol\u00edneas llegan al pa\u00eds y ampl\u00edan la oferta internacional","datePublished":"2025-11-28T13:25:02+00:00","dateModified":"2025-11-28T13:25:04+00:00","mainEntityOfPage":{"@id":"https:\/\/aeroespacio.com.ar\/?p=17586"},"wordCount":345,"commentCount":0,"image":{"@id":"https:\/\/aeroespacio.com.ar\/?p=17586#primaryimage"},"thumbnailUrl":"https:\/\/aeroespacio.com.ar\/wp-content\/uploads\/2025\/11\/china_eastern_airlines.webp","keywords":["#aviacioncomercial"],"articleSection":["Aviaci\u00f3n Comercial"],"inLanguage":"es-AR","potentialAction":[{"@type":"CommentAction","name":"Comment","target":["https:\/\/aeroespacio.com.ar\/?p=17586#respond"]}]},{"@type":"WebPage","@id":"https:\/\/aeroespacio.com.ar\/?p=17586","url":"https:\/\/aeroespacio.com.ar\/?p=17586","name":"Dos nuevas aerol\u00edneas llegan al pa\u00eds y ampl\u00edan la oferta internacional - Aeroespacio","isPartOf":{"@id":"https:\/\/aeroespacio.com.ar\/#website"},"primaryImageOfPage":{"@id":"https:\/\/aeroespacio.com.ar\/?p=17586#primaryimage"},"image":{"@id":"https:\/\/aeroespacio.com.ar\/?p=17586#primaryimage"},"thumbnailUrl":"https:\/\/aeroespacio.com.ar\/wp-content\/uploads\/2025\/11\/china_eastern_airlines.webp","datePublished":"2025-11-28T13:25:02+00:00","dateModified":"2025-11-28T13:25:04+00:00","author":{"@id":"https:\/\/aeroespacio.com.ar\/#\/schema\/person\/6ed044bb77d2eec9f7615badbe365ffa"},"breadcrumb":{"@id":"https:\/\/aeroespacio.com.ar\/?p=17586#breadcrumb"},"inLanguage":"es-AR","potentialAction":[{"@type":"ReadAction","target":["https:\/\/aeroespacio.com.ar\/?p=17586"]}]},{"@type":"ImageObject","inLanguage":"es-AR","@id":"https:\/\/aeroespacio.com.ar\/?p=17586#primaryimage","url":"https:\/\/aeroespacio.com.ar\/wp-content\/uploads\/2025\/11\/china_eastern_airlines.webp","contentUrl":"https:\/\/aeroespacio.com.ar\/wp-content\/uploads\/2025\/11\/china_eastern_airlines.webp","width":1300,"height":655},{"@type":"BreadcrumbList","@id":"https:\/\/aeroespacio.com.ar\/?p=17586#breadcrumb","itemListElement":[{"@type":"ListItem","position":1,"name":"Inicio","item":"https:\/\/aeroespacio.com.ar\/"},{"@type":"ListItem","position":2,"name":"Dos nuevas aerol\u00edneas llegan al pa\u00eds y ampl\u00edan la oferta internacional"}]},{"@type":"WebSite","@id":"https:\/\/aeroespacio.com.ar\/#website","url":"https:\/\/aeroespacio.com.ar\/","name":"aeroespacio.com.ar","description":"","potentialAction":[{"@type":"SearchAction","target":{"@type":"EntryPoint","urlTemplate":"https:\/\/aeroespacio.com.ar\/?s={search_term_string}"},"query-input":{"@type":"PropertyValueSpecification","valueRequired":true,"valueName":"search_term_string"}}],"inLanguage":"es-AR"},{"@type":"Person","@id":"https:\/\/aeroespacio.com.ar\/#\/schema\/person\/6ed044bb77d2eec9f7615badbe365ffa","name":"Jose Operto","image":{"@type":"ImageObject","inLanguage":"es-AR","@id":"https:\/\/secure.gravatar.com\/avatar\/46c91e2630685531c0b0dd365ca4b4c391e308a6e5811841f817a41623f5da65?s=96&d=mm&r=g","url":"https:\/\/secure.gravatar.com\/avatar\/46c91e2630685531c0b0dd365ca4b4c391e308a6e5811841f817a41623f5da65?s=96&d=mm&r=g","contentUrl":"https:\/\/secure.gravatar.com\/avatar\/46c91e2630685531c0b0dd365ca4b4c391e308a6e5811841f817a41623f5da65?s=96&d=mm&r=g","caption":"Jose Operto"},"url":"https:\/\/aeroespacio.com.ar\/?author=20"}]}},"rttpg_featured_image_url":{"full":["https:\/\/aeroespacio.com.ar\/wp-content\/uploads\/2025\/11\/china_eastern_airlines.webp",1300,655,false],"landscape":["https:\/\/aeroespacio.com.ar\/wp-content\/uploads\/2025\/11\/china_eastern_airlines.webp",1300,655,false],"portraits":["https:\/\/aeroespacio.com.ar\/wp-content\/uploads\/2025\/11\/china_eastern_airlines.webp",1300,655,false],"thumbnail":["https:\/\/aeroespacio.com.ar\/wp-content\/uploads\/2025\/11\/china_eastern_airlines-150x150.webp",150,150,true],"medium":["https:\/\/aeroespacio.com.ar\/wp-content\/uploads\/2025\/11\/china_eastern_airlines-300x151.webp",300,151,true],"large":["https:\/\/aeroespacio.com.ar\/wp-content\/uploads\/2025\/11\/china_eastern_airlines-1024x516.webp",1024,516,true],"1536x1536":["https:\/\/aeroespacio.com.ar\/wp-content\/uploads\/2025\/11\/china_eastern_airlines.webp",1300,655,false],"2048x2048":["https:\/\/aeroespacio.com.ar\/wp-content\/uploads\/2025\/11\/china_eastern_airlines.webp",1300,655,false]},"rttpg_author":{"display_name":"Jose Operto","author_link":"https:\/\/aeroespacio.com.ar\/?author=20"},"rttpg_comment":0,"rttpg_category":"<a href=\"https:\/\/aeroespacio.com.ar\/?cat=1438\" rel=\"category\">Aviaci\u00f3n Comercial<\/a>","rttpg_excerpt":"Mediante el Bolet\u00edn Oficial, el Gobierno nacional autoriz\u00f3 a la aerol\u00ednea de bandera \u201cChina Eastern Airlines Co. LTD\u201d a operar [&hellip;]","_links":{"self":[{"href":"https:\/\/aeroespacio.com.ar\/index.php?rest_route=\/wp\/v2\/posts\/17586","targetHints":{"allow":["GET"]}}],"collection":[{"href":"https:\/\/aeroespacio.com.ar\/index.php?rest_route=\/wp\/v2\/posts"}],"about":[{"href":"https:\/\/aeroespacio.com.ar\/index.php?rest_route=\/wp\/v2\/types\/post"}],"author":[{"embeddable":true,"href":"https:\/\/aeroespacio.com.ar\/index.php?rest_route=\/wp\/v2\/users\/20"}],"replies":[{"embeddable":true,"href":"https:\/\/aeroespacio.com.ar\/index.php?rest_route=%2Fwp%2Fv2%2Fcomments&post=17586"}],"version-history":[{"count":1,"href":"https:\/\/aeroespacio.com.ar\/index.php?rest_route=\/wp\/v2\/posts\/17586\/revisions"}],"predecessor-version":[{"id":17590,"href":"https:\/\/aeroespacio.com.ar\/index.php?rest_route=\/wp\/v2\/posts\/17586\/revisions\/17590"}],"wp:featuredmedia":[{"embeddable":true,"href":"https:\/\/aeroespacio.com.ar\/index.php?rest_route=\/wp\/v2\/media\/17587"}],"wp:attachment":[{"href":"https:\/\/aeroespacio.com.ar\/index.php?rest_route=%2Fwp%2Fv2%2Fmedia&parent=17586"}],"wp:term":[{"taxonomy":"category","embeddable":true,"href":"https:\/\/aeroespacio.com.ar\/index.php?rest_route=%2Fwp%2Fv2%2Fcategories&post=17586"},{"taxonomy":"post_tag","embeddable":true,"href":"https:\/\/aeroespacio.com.ar\/index.php?rest_route=%2Fwp%2Fv2%2Ftags&post=17586"}],"curies":[{"name":"wp","href":"https:\/\/api.w.org\/{rel}","templated":true}]}}