{"id":17486,"date":"2025-10-27T13:28:36","date_gmt":"2025-10-27T13:28:36","guid":{"rendered":"http:\/\/192.168.0.98\/?p=17486"},"modified":"2025-10-27T13:28:37","modified_gmt":"2025-10-27T13:28:37","slug":"drones-tacticos-el-nuevo-salto-del-u-s-army","status":"publish","type":"post","link":"https:\/\/aeroespacio.com.ar\/?p=17486","title":{"rendered":"Drones t\u00e1cticos: el nuevo salto del U.S. Army"},"content":{"rendered":"\n<figure class=\"wp-block-image size-full\"><img fetchpriority=\"high\" decoding=\"async\" width=\"800\" height=\"533\" src=\"https:\/\/aeroespacio.com.ar\/wp-content\/uploads\/2025\/10\/max1200.jpg\" alt=\"\" class=\"wp-image-17487\" srcset=\"https:\/\/aeroespacio.com.ar\/wp-content\/uploads\/2025\/10\/max1200.jpg 800w, https:\/\/aeroespacio.com.ar\/wp-content\/uploads\/2025\/10\/max1200-300x200.jpg 300w, https:\/\/aeroespacio.com.ar\/wp-content\/uploads\/2025\/10\/max1200-768x512.jpg 768w\" sizes=\"(max-width: 800px) 100vw, 800px\" \/><\/figure>\n\n\n\n<p>El Ej\u00e9rcito de Estados Unidos dio un nuevo paso en su transformaci\u00f3n tecnol\u00f3gica con la puesta en marcha de la&nbsp;\u201c<em>Launched Effects \u2013 Short Range\u201d<\/em>, una iniciativa que busca dotar con veh\u00edculos a\u00e9reos no tripulados a cada divisi\u00f3n antes de 2026. El proyecto apunta a integrar aeronaves de corto alcance que trabajen en conjunto con tropas terrestres, para brindar capacidades de observaci\u00f3n, reconocimiento, interferencia y guerra electr\u00f3nica, sin exponer directamente al personal.<\/p>\n\n\n\n<p>La aprobaci\u00f3n del plan de adquisiciones fue confirmada por el Departamento del Ej\u00e9rcito a fines de septiembre de 2025. Seg\u00fan el documento oficial, cada divisi\u00f3n contar\u00e1 con equipos a\u00e9reos de lanzamiento r\u00e1pido, dise\u00f1ados para actuar de manera aut\u00f3noma o en coordinaci\u00f3n con blindados, helic\u00f3pteros y puestos de mando. Estas plataformas ligeras pueden operar en enjambres, enviar datos en tiempo real y realizar tareas de reconocimiento en zonas de alto riesgo.<\/p>\n\n\n\n<p>Entre agosto y septiembre, se realiz\u00f3 una prueba clave en la base conjunta Lewis-McChord, en el estado de Washington, donde distintas brigadas evaluaron prototipos en ejercicios de campo. Las maniobras permitieron medir la autonom\u00eda, la resistencia al viento, la calidad de sensores y la eficacia en entornos con interferencia electromagn\u00e9tica. El resultado, seg\u00fan la informaci\u00f3n oficial, super\u00f3 las expectativas y confirm\u00f3 la madurez tecnol\u00f3gica del concepto.<\/p>\n\n\n\n<p>El t\u00e9rmino&nbsp;<em>launched effects<\/em>&nbsp;engloba una familia de veh\u00edculos a\u00e9reos peque\u00f1os que pueden lanzarse desde plataformas m\u00f3viles, tubos de artiller\u00eda o aeronaves tripuladas. Su funci\u00f3n principal es ampliar el alcance de las fuerzas terrestres y proporcionar conciencia situacional m\u00e1s all\u00e1 de la l\u00ednea de visi\u00f3n. Adem\u00e1s, pueden marcar objetivos, desplegar contramedidas electr\u00f3nicas y transmitir informaci\u00f3n t\u00e1ctica de manera continua para potenciar la velocidad de reacci\u00f3n en combate.<\/p>\n\n\n\n<p>El informe de \u201cTransformaci\u00f3n y Adquisici\u00f3n\u201d del Ej\u00e9rcito estadounidense, publicado a mediados de 2025, detalla que estos sistemas forman parte de un proceso m\u00e1s amplio de digitalizaci\u00f3n del campo de batalla. El plan incluye: integraci\u00f3n de inteligencia artificial para analizar datos, redes seguras de comunicaci\u00f3n y enlaces en tiempo real que conecten todos los niveles de mando. Este enfoque busca mejorar la interoperabilidad entre las distintas ramas y optimizar la toma de decisiones en situaciones de alta exigencia.<\/p>\n\n\n\n<p>Las empresas responsables de desarrollar y adaptar los prototipos para las pr\u00f3ximas fases de producci\u00f3n son: Northrop Grumman, AeroVironment y Textron Systems. El Ej\u00e9rcito prev\u00e9 firmar contratos plurianuales que garanticen un flujo continuo de unidades listas para el despliegue, para reducir los tiempos y los costos log\u00edsticos.<\/p>\n\n\n\n<p>La incorporaci\u00f3n de aeronaves no tripuladas de apoyo cercano representa un cambio profundo en la doctrina militar de los Estados Unidos. La superioridad ya no se mide solo por potencia de fuego, sino por la capacidad de obtener y procesar informaci\u00f3n en cuesti\u00f3n de segundos. Estos dispositivos, capaces de cooperar con veh\u00edculos y helic\u00f3pteros, aportan velocidad, precisi\u00f3n y flexibilidad, elementos decisivos en los conflictos modernos.<\/p>\n\n\n\n<p>Fuentes: U.S. Army.mil, U.S. Department of Defense,&nbsp;<em>Aviation Week<\/em><\/p>\n\n\n\n<p>Foto:&nbsp;U.S. Army.mil<\/p>\n","protected":false},"excerpt":{"rendered":"<p>El Ej\u00e9rcito de Estados Unidos dio un nuevo paso en su transformaci\u00f3n tecnol\u00f3gica con la puesta en marcha de la&nbsp;\u201cLaunched [&hellip;]<\/p>\n","protected":false},"author":20,"featured_media":17487,"comment_status":"open","ping_status":"open","sticky":false,"template":"","format":"standard","meta":{"site-sidebar-layout":"default","site-content-layout":"","ast-site-content-layout":"default","site-content-style":"default","site-sidebar-style":"default","ast-global-header-display":"","ast-banner-title-visibility":"","ast-main-header-display":"","ast-hfb-above-header-display":"","ast-hfb-below-header-display":"","ast-hfb-mobile-header-display":"","site-post-title":"","ast-breadcrumbs-content":"","ast-featured-img":"","footer-sml-layout":"","ast-disable-related-posts":"","theme-transparent-header-meta":"","adv-header-id-meta":"","stick-header-meta":"","header-above-stick-meta":"","header-main-stick-meta":"","header-below-stick-meta":"","astra-migrate-meta-layouts":"default","ast-page-background-enabled":"default","ast-page-background-meta":{"desktop":{"background-color":"var(--ast-global-color-5)","background-image":"","background-repeat":"repeat","background-position":"center center","background-size":"auto","background-attachment":"scroll","background-type":"","background-media":"","overlay-type":"","overlay-color":"","overlay-opacity":"","overlay-gradient":""},"tablet":{"background-color":"","background-image":"","background-repeat":"repeat","background-position":"center center","background-size":"auto","background-attachment":"scroll","background-type":"","background-media":"","overlay-type":"","overlay-color":"","overlay-opacity":"","overlay-gradient":""},"mobile":{"background-color":"","background-image":"","background-repeat":"repeat","background-position":"center center","background-size":"auto","background-attachment":"scroll","background-type":"","background-media":"","overlay-type":"","overlay-color":"","overlay-opacity":"","overlay-gradient":""}},"ast-content-background-meta":{"desktop":{"background-color":"var(--ast-global-color-4)","background-image":"","background-repeat":"repeat","background-position":"center center","background-size":"auto","background-attachment":"scroll","background-type":"","background-media":"","overlay-type":"","overlay-color":"","overlay-opacity":"","overlay-gradient":""},"tablet":{"background-color":"var(--ast-global-color-4)","background-image":"","background-repeat":"repeat","background-position":"center center","background-size":"auto","background-attachment":"scroll","background-type":"","background-media":"","overlay-type":"","overlay-color":"","overlay-opacity":"","overlay-gradient":""},"mobile":{"background-color":"var(--ast-global-color-4)","background-image":"","background-repeat":"repeat","background-position":"center center","background-size":"auto","background-attachment":"scroll","background-type":"","background-media":"","overlay-type":"","overlay-color":"","overlay-opacity":"","overlay-gradient":""}},"_joinchat":[],"footnotes":""},"categories":[1442],"tags":[310,1963],"class_list":["post-17486","post","type-post","status-publish","format-standard","has-post-thumbnail","hentry","category-aviacion-militar","tag-aviacionmilitar-2","tag-dronestacticos"],"yoast_head":"<!-- This site is optimized with the Yoast SEO plugin v27.3 - https:\/\/yoast.com\/product\/yoast-seo-wordpress\/ -->\n<title>Drones t\u00e1cticos: el nuevo salto del U.S. Army - Aeroespacio<\/title>\n<meta name=\"robots\" content=\"index, follow, max-snippet:-1, max-image-preview:large, max-video-preview:-1\" \/>\n<link rel=\"canonical\" href=\"https:\/\/aeroespacio.com.ar\/?p=17486\" \/>\n<meta property=\"og:locale\" content=\"es_ES\" \/>\n<meta property=\"og:type\" content=\"article\" \/>\n<meta property=\"og:title\" content=\"Drones t\u00e1cticos: el nuevo salto del U.S. Army - Aeroespacio\" \/>\n<meta property=\"og:description\" content=\"El Ej\u00e9rcito de Estados Unidos dio un nuevo paso en su transformaci\u00f3n tecnol\u00f3gica con la puesta en marcha de la&nbsp;\u201cLaunched [&hellip;]\" \/>\n<meta property=\"og:url\" content=\"https:\/\/aeroespacio.com.ar\/?p=17486\" \/>\n<meta property=\"og:site_name\" content=\"Aeroespacio\" \/>\n<meta property=\"article:published_time\" content=\"2025-10-27T13:28:36+00:00\" \/>\n<meta property=\"article:modified_time\" content=\"2025-10-27T13:28:37+00:00\" \/>\n<meta property=\"og:image\" content=\"https:\/\/aeroespacio.com.ar\/wp-content\/uploads\/2025\/10\/max1200.jpg\" \/>\n\t<meta property=\"og:image:width\" content=\"800\" \/>\n\t<meta property=\"og:image:height\" content=\"533\" \/>\n\t<meta property=\"og:image:type\" content=\"image\/jpeg\" \/>\n<meta name=\"author\" content=\"Jose Operto\" \/>\n<meta name=\"twitter:card\" content=\"summary_large_image\" \/>\n<meta name=\"twitter:label1\" content=\"Escrito por\" \/>\n\t<meta name=\"twitter:data1\" content=\"Jose Operto\" \/>\n\t<meta name=\"twitter:label2\" content=\"Tiempo de lectura\" \/>\n\t<meta name=\"twitter:data2\" content=\"3 minutos\" \/>\n<script type=\"application\/ld+json\" class=\"yoast-schema-graph\">{\"@context\":\"https:\\\/\\\/schema.org\",\"@graph\":[{\"@type\":\"Article\",\"@id\":\"https:\\\/\\\/aeroespacio.com.ar\\\/?p=17486#article\",\"isPartOf\":{\"@id\":\"https:\\\/\\\/aeroespacio.com.ar\\\/?p=17486\"},\"author\":{\"name\":\"Jose Operto\",\"@id\":\"https:\\\/\\\/aeroespacio.com.ar\\\/#\\\/schema\\\/person\\\/6ed044bb77d2eec9f7615badbe365ffa\"},\"headline\":\"Drones t\u00e1cticos: el nuevo salto del U.S. Army\",\"datePublished\":\"2025-10-27T13:28:36+00:00\",\"dateModified\":\"2025-10-27T13:28:37+00:00\",\"mainEntityOfPage\":{\"@id\":\"https:\\\/\\\/aeroespacio.com.ar\\\/?p=17486\"},\"wordCount\":548,\"commentCount\":0,\"image\":{\"@id\":\"https:\\\/\\\/aeroespacio.com.ar\\\/?p=17486#primaryimage\"},\"thumbnailUrl\":\"https:\\\/\\\/aeroespacio.com.ar\\\/wp-content\\\/uploads\\\/2025\\\/10\\\/max1200.jpg\",\"keywords\":[\"#aviacionmilitar\",\"#dronestacticos\"],\"articleSection\":[\"Aviaci\u00f3n Militar\"],\"inLanguage\":\"es-AR\",\"potentialAction\":[{\"@type\":\"CommentAction\",\"name\":\"Comment\",\"target\":[\"https:\\\/\\\/aeroespacio.com.ar\\\/?p=17486#respond\"]}]},{\"@type\":\"WebPage\",\"@id\":\"https:\\\/\\\/aeroespacio.com.ar\\\/?p=17486\",\"url\":\"https:\\\/\\\/aeroespacio.com.ar\\\/?p=17486\",\"name\":\"Drones t\u00e1cticos: el nuevo salto del U.S. Army - Aeroespacio\",\"isPartOf\":{\"@id\":\"https:\\\/\\\/aeroespacio.com.ar\\\/#website\"},\"primaryImageOfPage\":{\"@id\":\"https:\\\/\\\/aeroespacio.com.ar\\\/?p=17486#primaryimage\"},\"image\":{\"@id\":\"https:\\\/\\\/aeroespacio.com.ar\\\/?p=17486#primaryimage\"},\"thumbnailUrl\":\"https:\\\/\\\/aeroespacio.com.ar\\\/wp-content\\\/uploads\\\/2025\\\/10\\\/max1200.jpg\",\"datePublished\":\"2025-10-27T13:28:36+00:00\",\"dateModified\":\"2025-10-27T13:28:37+00:00\",\"author\":{\"@id\":\"https:\\\/\\\/aeroespacio.com.ar\\\/#\\\/schema\\\/person\\\/6ed044bb77d2eec9f7615badbe365ffa\"},\"breadcrumb\":{\"@id\":\"https:\\\/\\\/aeroespacio.com.ar\\\/?p=17486#breadcrumb\"},\"inLanguage\":\"es-AR\",\"potentialAction\":[{\"@type\":\"ReadAction\",\"target\":[\"https:\\\/\\\/aeroespacio.com.ar\\\/?p=17486\"]}]},{\"@type\":\"ImageObject\",\"inLanguage\":\"es-AR\",\"@id\":\"https:\\\/\\\/aeroespacio.com.ar\\\/?p=17486#primaryimage\",\"url\":\"https:\\\/\\\/aeroespacio.com.ar\\\/wp-content\\\/uploads\\\/2025\\\/10\\\/max1200.jpg\",\"contentUrl\":\"https:\\\/\\\/aeroespacio.com.ar\\\/wp-content\\\/uploads\\\/2025\\\/10\\\/max1200.jpg\",\"width\":800,\"height\":533},{\"@type\":\"BreadcrumbList\",\"@id\":\"https:\\\/\\\/aeroespacio.com.ar\\\/?p=17486#breadcrumb\",\"itemListElement\":[{\"@type\":\"ListItem\",\"position\":1,\"name\":\"Inicio\",\"item\":\"https:\\\/\\\/aeroespacio.com.ar\\\/\"},{\"@type\":\"ListItem\",\"position\":2,\"name\":\"Drones t\u00e1cticos: el nuevo salto del U.S. Army\"}]},{\"@type\":\"WebSite\",\"@id\":\"https:\\\/\\\/aeroespacio.com.ar\\\/#website\",\"url\":\"https:\\\/\\\/aeroespacio.com.ar\\\/\",\"name\":\"aeroespacio.com.ar\",\"description\":\"\",\"potentialAction\":[{\"@type\":\"SearchAction\",\"target\":{\"@type\":\"EntryPoint\",\"urlTemplate\":\"https:\\\/\\\/aeroespacio.com.ar\\\/?s={search_term_string}\"},\"query-input\":{\"@type\":\"PropertyValueSpecification\",\"valueRequired\":true,\"valueName\":\"search_term_string\"}}],\"inLanguage\":\"es-AR\"},{\"@type\":\"Person\",\"@id\":\"https:\\\/\\\/aeroespacio.com.ar\\\/#\\\/schema\\\/person\\\/6ed044bb77d2eec9f7615badbe365ffa\",\"name\":\"Jose Operto\",\"image\":{\"@type\":\"ImageObject\",\"inLanguage\":\"es-AR\",\"@id\":\"https:\\\/\\\/secure.gravatar.com\\\/avatar\\\/46c91e2630685531c0b0dd365ca4b4c391e308a6e5811841f817a41623f5da65?s=96&d=mm&r=g\",\"url\":\"https:\\\/\\\/secure.gravatar.com\\\/avatar\\\/46c91e2630685531c0b0dd365ca4b4c391e308a6e5811841f817a41623f5da65?s=96&d=mm&r=g\",\"contentUrl\":\"https:\\\/\\\/secure.gravatar.com\\\/avatar\\\/46c91e2630685531c0b0dd365ca4b4c391e308a6e5811841f817a41623f5da65?s=96&d=mm&r=g\",\"caption\":\"Jose Operto\"},\"url\":\"https:\\\/\\\/aeroespacio.com.ar\\\/?author=20\"}]}<\/script>\n<!-- \/ Yoast SEO plugin. -->","yoast_head_json":{"title":"Drones t\u00e1cticos: el nuevo salto del U.S. Army - Aeroespacio","robots":{"index":"index","follow":"follow","max-snippet":"max-snippet:-1","max-image-preview":"max-image-preview:large","max-video-preview":"max-video-preview:-1"},"canonical":"https:\/\/aeroespacio.com.ar\/?p=17486","og_locale":"es_ES","og_type":"article","og_title":"Drones t\u00e1cticos: el nuevo salto del U.S. Army - Aeroespacio","og_description":"El Ej\u00e9rcito de Estados Unidos dio un nuevo paso en su transformaci\u00f3n tecnol\u00f3gica con la puesta en marcha de la&nbsp;\u201cLaunched [&hellip;]","og_url":"https:\/\/aeroespacio.com.ar\/?p=17486","og_site_name":"Aeroespacio","article_published_time":"2025-10-27T13:28:36+00:00","article_modified_time":"2025-10-27T13:28:37+00:00","og_image":[{"width":800,"height":533,"url":"https:\/\/aeroespacio.com.ar\/wp-content\/uploads\/2025\/10\/max1200.jpg","type":"image\/jpeg"}],"author":"Jose Operto","twitter_card":"summary_large_image","twitter_misc":{"Escrito por":"Jose Operto","Tiempo de lectura":"3 minutos"},"schema":{"@context":"https:\/\/schema.org","@graph":[{"@type":"Article","@id":"https:\/\/aeroespacio.com.ar\/?p=17486#article","isPartOf":{"@id":"https:\/\/aeroespacio.com.ar\/?p=17486"},"author":{"name":"Jose Operto","@id":"https:\/\/aeroespacio.com.ar\/#\/schema\/person\/6ed044bb77d2eec9f7615badbe365ffa"},"headline":"Drones t\u00e1cticos: el nuevo salto del U.S. Army","datePublished":"2025-10-27T13:28:36+00:00","dateModified":"2025-10-27T13:28:37+00:00","mainEntityOfPage":{"@id":"https:\/\/aeroespacio.com.ar\/?p=17486"},"wordCount":548,"commentCount":0,"image":{"@id":"https:\/\/aeroespacio.com.ar\/?p=17486#primaryimage"},"thumbnailUrl":"https:\/\/aeroespacio.com.ar\/wp-content\/uploads\/2025\/10\/max1200.jpg","keywords":["#aviacionmilitar","#dronestacticos"],"articleSection":["Aviaci\u00f3n Militar"],"inLanguage":"es-AR","potentialAction":[{"@type":"CommentAction","name":"Comment","target":["https:\/\/aeroespacio.com.ar\/?p=17486#respond"]}]},{"@type":"WebPage","@id":"https:\/\/aeroespacio.com.ar\/?p=17486","url":"https:\/\/aeroespacio.com.ar\/?p=17486","name":"Drones t\u00e1cticos: el nuevo salto del U.S. Army - Aeroespacio","isPartOf":{"@id":"https:\/\/aeroespacio.com.ar\/#website"},"primaryImageOfPage":{"@id":"https:\/\/aeroespacio.com.ar\/?p=17486#primaryimage"},"image":{"@id":"https:\/\/aeroespacio.com.ar\/?p=17486#primaryimage"},"thumbnailUrl":"https:\/\/aeroespacio.com.ar\/wp-content\/uploads\/2025\/10\/max1200.jpg","datePublished":"2025-10-27T13:28:36+00:00","dateModified":"2025-10-27T13:28:37+00:00","author":{"@id":"https:\/\/aeroespacio.com.ar\/#\/schema\/person\/6ed044bb77d2eec9f7615badbe365ffa"},"breadcrumb":{"@id":"https:\/\/aeroespacio.com.ar\/?p=17486#breadcrumb"},"inLanguage":"es-AR","potentialAction":[{"@type":"ReadAction","target":["https:\/\/aeroespacio.com.ar\/?p=17486"]}]},{"@type":"ImageObject","inLanguage":"es-AR","@id":"https:\/\/aeroespacio.com.ar\/?p=17486#primaryimage","url":"https:\/\/aeroespacio.com.ar\/wp-content\/uploads\/2025\/10\/max1200.jpg","contentUrl":"https:\/\/aeroespacio.com.ar\/wp-content\/uploads\/2025\/10\/max1200.jpg","width":800,"height":533},{"@type":"BreadcrumbList","@id":"https:\/\/aeroespacio.com.ar\/?p=17486#breadcrumb","itemListElement":[{"@type":"ListItem","position":1,"name":"Inicio","item":"https:\/\/aeroespacio.com.ar\/"},{"@type":"ListItem","position":2,"name":"Drones t\u00e1cticos: el nuevo salto del U.S. Army"}]},{"@type":"WebSite","@id":"https:\/\/aeroespacio.com.ar\/#website","url":"https:\/\/aeroespacio.com.ar\/","name":"aeroespacio.com.ar","description":"","potentialAction":[{"@type":"SearchAction","target":{"@type":"EntryPoint","urlTemplate":"https:\/\/aeroespacio.com.ar\/?s={search_term_string}"},"query-input":{"@type":"PropertyValueSpecification","valueRequired":true,"valueName":"search_term_string"}}],"inLanguage":"es-AR"},{"@type":"Person","@id":"https:\/\/aeroespacio.com.ar\/#\/schema\/person\/6ed044bb77d2eec9f7615badbe365ffa","name":"Jose Operto","image":{"@type":"ImageObject","inLanguage":"es-AR","@id":"https:\/\/secure.gravatar.com\/avatar\/46c91e2630685531c0b0dd365ca4b4c391e308a6e5811841f817a41623f5da65?s=96&d=mm&r=g","url":"https:\/\/secure.gravatar.com\/avatar\/46c91e2630685531c0b0dd365ca4b4c391e308a6e5811841f817a41623f5da65?s=96&d=mm&r=g","contentUrl":"https:\/\/secure.gravatar.com\/avatar\/46c91e2630685531c0b0dd365ca4b4c391e308a6e5811841f817a41623f5da65?s=96&d=mm&r=g","caption":"Jose Operto"},"url":"https:\/\/aeroespacio.com.ar\/?author=20"}]}},"rttpg_featured_image_url":{"full":["https:\/\/aeroespacio.com.ar\/wp-content\/uploads\/2025\/10\/max1200.jpg",800,533,false],"landscape":["https:\/\/aeroespacio.com.ar\/wp-content\/uploads\/2025\/10\/max1200.jpg",800,533,false],"portraits":["https:\/\/aeroespacio.com.ar\/wp-content\/uploads\/2025\/10\/max1200.jpg",800,533,false],"thumbnail":["https:\/\/aeroespacio.com.ar\/wp-content\/uploads\/2025\/10\/max1200-150x150.jpg",150,150,true],"medium":["https:\/\/aeroespacio.com.ar\/wp-content\/uploads\/2025\/10\/max1200-300x200.jpg",300,200,true],"large":["https:\/\/aeroespacio.com.ar\/wp-content\/uploads\/2025\/10\/max1200.jpg",800,533,false],"1536x1536":["https:\/\/aeroespacio.com.ar\/wp-content\/uploads\/2025\/10\/max1200.jpg",800,533,false],"2048x2048":["https:\/\/aeroespacio.com.ar\/wp-content\/uploads\/2025\/10\/max1200.jpg",800,533,false]},"rttpg_author":{"display_name":"Jose Operto","author_link":"https:\/\/aeroespacio.com.ar\/?author=20"},"rttpg_comment":0,"rttpg_category":"<a href=\"https:\/\/aeroespacio.com.ar\/?cat=1442\" rel=\"category\">Aviaci\u00f3n Militar<\/a>","rttpg_excerpt":"El Ej\u00e9rcito de Estados Unidos dio un nuevo paso en su transformaci\u00f3n tecnol\u00f3gica con la puesta en marcha de la&nbsp;\u201cLaunched [&hellip;]","_links":{"self":[{"href":"https:\/\/aeroespacio.com.ar\/index.php?rest_route=\/wp\/v2\/posts\/17486","targetHints":{"allow":["GET"]}}],"collection":[{"href":"https:\/\/aeroespacio.com.ar\/index.php?rest_route=\/wp\/v2\/posts"}],"about":[{"href":"https:\/\/aeroespacio.com.ar\/index.php?rest_route=\/wp\/v2\/types\/post"}],"author":[{"embeddable":true,"href":"https:\/\/aeroespacio.com.ar\/index.php?rest_route=\/wp\/v2\/users\/20"}],"replies":[{"embeddable":true,"href":"https:\/\/aeroespacio.com.ar\/index.php?rest_route=%2Fwp%2Fv2%2Fcomments&post=17486"}],"version-history":[{"count":1,"href":"https:\/\/aeroespacio.com.ar\/index.php?rest_route=\/wp\/v2\/posts\/17486\/revisions"}],"predecessor-version":[{"id":17488,"href":"https:\/\/aeroespacio.com.ar\/index.php?rest_route=\/wp\/v2\/posts\/17486\/revisions\/17488"}],"wp:featuredmedia":[{"embeddable":true,"href":"https:\/\/aeroespacio.com.ar\/index.php?rest_route=\/wp\/v2\/media\/17487"}],"wp:attachment":[{"href":"https:\/\/aeroespacio.com.ar\/index.php?rest_route=%2Fwp%2Fv2%2Fmedia&parent=17486"}],"wp:term":[{"taxonomy":"category","embeddable":true,"href":"https:\/\/aeroespacio.com.ar\/index.php?rest_route=%2Fwp%2Fv2%2Fcategories&post=17486"},{"taxonomy":"post_tag","embeddable":true,"href":"https:\/\/aeroespacio.com.ar\/index.php?rest_route=%2Fwp%2Fv2%2Ftags&post=17486"}],"curies":[{"name":"wp","href":"https:\/\/api.w.org\/{rel}","templated":true}]}}