{"id":17467,"date":"2025-10-15T16:15:46","date_gmt":"2025-10-15T16:15:46","guid":{"rendered":"http:\/\/192.168.0.98\/?p=17467"},"modified":"2025-10-21T16:23:20","modified_gmt":"2025-10-21T16:23:20","slug":"ciencia-tecnologia-e-innovacion-el-ministerio-de-defensa-presento-su-segundo-congreso","status":"publish","type":"post","link":"https:\/\/aeroespacio.com.ar\/?p=17467","title":{"rendered":"Ciencia, tecnolog\u00eda e innovaci\u00f3n: el Ministerio de Defensa present\u00f3 su segundo congreso\u00a0"},"content":{"rendered":"\n<figure class=\"wp-block-image size-large\"><img fetchpriority=\"high\" decoding=\"async\" width=\"1024\" height=\"684\" src=\"https:\/\/aeroespacio.com.ar\/wp-content\/uploads\/2025\/10\/Foto_ministro_y_jefe_EMGFAA-1024x684.jpg\" alt=\"\" class=\"wp-image-17470\" srcset=\"https:\/\/aeroespacio.com.ar\/wp-content\/uploads\/2025\/10\/Foto_ministro_y_jefe_EMGFAA-1024x684.jpg 1024w, https:\/\/aeroespacio.com.ar\/wp-content\/uploads\/2025\/10\/Foto_ministro_y_jefe_EMGFAA-300x200.jpg 300w, https:\/\/aeroespacio.com.ar\/wp-content\/uploads\/2025\/10\/Foto_ministro_y_jefe_EMGFAA-768x513.jpg 768w, https:\/\/aeroespacio.com.ar\/wp-content\/uploads\/2025\/10\/Foto_ministro_y_jefe_EMGFAA.jpg 1080w\" sizes=\"(max-width: 1024px) 100vw, 1024px\" \/><\/figure>\n\n\n\n<p>El 8 y 9 de octubre, el&nbsp;<strong>Regimiento de Infanter\u00eda 1 \u201cPatricios\u201d<\/strong><strong>,<\/strong>&nbsp;ubicado en el barrio porte\u00f1o de Palermo, fue sede del&nbsp;<strong>2.\u00ba Congreso de Ciencia, Tecnolog\u00eda e Innovaci\u00f3n para la Defensa Nacional (CTID),<\/strong>&nbsp;y de la&nbsp;<strong>1.\u00aa Exposici\u00f3n de Empresas de la Defensa<\/strong>. El encuentro reuni\u00f3 a representantes de organismos cient\u00edficos, universidades, empresas p\u00fablicas y privadas, y de las Fuerzas Armadas, con el objetivo de&nbsp;<strong>fortalecer el ecosistema de innovaci\u00f3n tecnol\u00f3gica aplicado a la defensa del pa\u00eds<\/strong><strong>.<\/strong><\/p>\n\n\n\n<p>Durante la apertura, el&nbsp;<strong>ministro de Defensa, Luis Petri<\/strong>, destac\u00f3 la importancia estrat\u00e9gica del evento y asegur\u00f3 que \u201ces la prueba de que esta gesti\u00f3n busca poner a la defensa en el centro. Este congreso refleja el pa\u00eds que queremos reconstruir, con una defensa moderna y abierta al talento, y con la inversi\u00f3n del sector privado, capaz de generar conocimiento, trabajo y orgullo\u201d.<\/p>\n\n\n\n<figure class=\"wp-block-image size-large\"><img decoding=\"async\" width=\"1024\" height=\"683\" src=\"https:\/\/aeroespacio.com.ar\/wp-content\/uploads\/2025\/10\/Apertura_CTID_ministro_Luis_Petri-1024x683.jpg\" alt=\"\" class=\"wp-image-17468\" srcset=\"https:\/\/aeroespacio.com.ar\/wp-content\/uploads\/2025\/10\/Apertura_CTID_ministro_Luis_Petri-1024x683.jpg 1024w, https:\/\/aeroespacio.com.ar\/wp-content\/uploads\/2025\/10\/Apertura_CTID_ministro_Luis_Petri-300x200.jpg 300w, https:\/\/aeroespacio.com.ar\/wp-content\/uploads\/2025\/10\/Apertura_CTID_ministro_Luis_Petri-768x512.jpg 768w, https:\/\/aeroespacio.com.ar\/wp-content\/uploads\/2025\/10\/Apertura_CTID_ministro_Luis_Petri.jpg 1080w\" sizes=\"(max-width: 1024px) 100vw, 1024px\" \/><\/figure>\n\n\n\n<p>La Fuerza A\u00e9rea Argentina (FAA) estuvo presente y fue representada por personal de las direcciones generales de Investigaci\u00f3n y Desarrollo, y de Educaci\u00f3n; de la Direcci\u00f3n de Ciberdefensa; del Servicio de Alerta y Socorro Satelital, con sede en la I Brigada A\u00e9rea; del Programa F-16; y por reservistas de la IV Brigada de Mendoza.&nbsp;<\/p>\n\n\n\n<p>El titular de la FAA, brigadier mayor Gustavo Javier Valverde, acompa\u00f1ado de altas autoridades de la instituci\u00f3n, asisti\u00f3 a la primera jornada y felicit\u00f3 a todo el personal abocado al CTID.&nbsp;<\/p>\n\n\n\n<p>En el&nbsp;<em>stand<\/em>&nbsp;de F-16, el vicecomodoro Cristian Giaccaglia, uno de los integrantes del Programa, brind\u00f3 una charla explicativa sobre la modernizaci\u00f3n del poder aeroespacial nacional, en el marco de la inminente llegada a nuestro pa\u00eds de la primera tanda de aeronaves en diciembre.&nbsp;&nbsp;<\/p>\n\n\n\n<p>Entre las instituciones participantes, se destacaron tambi\u00e9n el&nbsp;<strong>Instituto de Investigaciones Cient\u00edficas y T\u00e9cnicas para la Defensa (CITEDEF)<\/strong>, el&nbsp;<strong>Instituto Geogr\u00e1fico Nacional (IGN)<\/strong><strong>,&nbsp;<\/strong>el<strong>&nbsp;Servicio de Hidrograf\u00eda Naval (SHN)<\/strong>&nbsp;y el&nbsp;<strong>Servicio Meteorol\u00f3gico Nacional (SMN)<\/strong>. Asimismo, formaron parte del evento la&nbsp;<strong>Direcci\u00f3n de Innovaci\u00f3n Tecnol\u00f3gica del Estado Mayor Conjunto<\/strong>, las&nbsp;<strong>direcciones y jefaturas de I+D<\/strong>&nbsp;de las Fuerzas Armadas, y la&nbsp;<strong>Universidad de la Defensa Nacional (UNDEF)<\/strong>, con sus distintas facultades e institutos.<\/p>\n\n\n\n<p>La agenda incluy\u00f3&nbsp;<strong><em>workshops<\/em><\/strong>&nbsp;dictados por empresas y organismos internacionales, orientados al intercambio de conocimientos y a la formaci\u00f3n de profesionales del \u00e1mbito militar. Se realizaron&nbsp;<strong>coloquios y exposiciones acad\u00e9micas<\/strong>&nbsp;coordinadas por la Direcci\u00f3n de Innovaci\u00f3n Tecnol\u00f3gica del Estado Mayor Conjunto. En simult\u00e1neo, una&nbsp;<strong>exhibici\u00f3n institucional y tecnol\u00f3gica<\/strong>&nbsp;present\u00f3 prototipos, simulaciones y materiales desarrollados por organismos cient\u00edficos, universidades e instituciones del sistema de defensa, junto con proyectos acad\u00e9micos de investigadores, docentes y estudiantes.<\/p>\n\n\n\n<p>Los&nbsp;<strong><em>stands<\/em><\/strong><strong>&nbsp;institucionales y empresariales<\/strong>&nbsp;reafirmaron el compromiso con el desarrollo soberano. Entre las tem\u00e1ticas abordadas, se destacaron la&nbsp;<strong>simulaci\u00f3n para el adiestramiento<\/strong>, los&nbsp;<strong>sistemas no tripulados<\/strong>, la&nbsp;<strong>inteligencia artificial<\/strong>, la&nbsp;<strong>transici\u00f3n energ\u00e9tica<\/strong>, la&nbsp;<strong>ciberdefensa<\/strong>, y las&nbsp;<strong>tecnolog\u00edas espaciales y satelitales,<\/strong>&nbsp;lo que consolid\u00f3 al evento como un&nbsp;<strong>punto de encuentro estrat\u00e9gico para el avance cient\u00edfico y tecnol\u00f3gico de la Defensa Nacional<\/strong>.<\/p>\n\n\n\n<p><strong>aeroespacio particip\u00f3 del coloquio sobre Sistemas No Tripulados y Energ\u00eda, en el que el brigadier retirado Hugo Di Risio present\u00f3 detalles del Proyecto UNDEFI de la UNDEF. El eje central de su exposici\u00f3n fue la conversi\u00f3n de una aeronave Pazmany PL-2 al uso de propulsi\u00f3n el\u00e9ctrica, tarea que lleva adelante la Facultad de la FAA, en colaboraci\u00f3n con la Escuela de Ense\u00f1anza Secundaria T\u00e9cnica N.\u00ba 4 \u201cH\u00e9ctor \u00c1ngel Laguarde\u201d, que funciona en El Palomar, dentro del predio de la I Brigada A\u00e9rea.&nbsp;<\/strong><strong><\/strong><\/p>\n\n\n\n<p><strong>El proyecto UNDEFI se aprob\u00f3 en diciembre de 2019, y tiene como objetivo explorar posibilidades tecnol\u00f3gicas de motorizaci\u00f3n limpia para aeronaves ligeras mediante la adaptaci\u00f3n de tecnolog\u00edas de propulsi\u00f3n el\u00e9ctrica.&nbsp;<\/strong>&nbsp;<\/p>\n\n\n\n<p><strong>Durante la restauraci\u00f3n del PL-2, que se encontraba en desuso desde hac\u00eda muchos a\u00f1os, se pusieron en marcha tareas de ingenier\u00eda inversa y homologaciones para que la Fuerza A\u00e9rea lo reconociera como aparato de entrenamiento elemental.&nbsp;<\/strong><strong><\/strong><\/p>\n\n\n\n<p>El Congreso y la Exposici\u00f3n reafirmaron el compromiso del Ministerio con el impulso a la investigaci\u00f3n, el desarrollo y la innovaci\u00f3n tecnol\u00f3gica como pilares fundamentales para una\u00a0<strong>Defensa Nacional moderna, eficiente y soberana<\/strong>. A trav\u00e9s de la cooperaci\u00f3n entre el sector p\u00fablico, el privado y el \u00e1mbito acad\u00e9mico, se busca consolidar un modelo estrat\u00e9gico que fortalezca la capacidad cient\u00edfica y tecnol\u00f3gica del pa\u00eds al servicio de la seguridad y el desarrollo nacional.<\/p>\n\n\n\n<p>Fotos: Ministerio de Defensa, CTID<\/p>\n\n\n\n<p><\/p>\n","protected":false},"excerpt":{"rendered":"<p>El 8 y 9 de octubre, el&nbsp;Regimiento de Infanter\u00eda 1 \u201cPatricios\u201d,&nbsp;ubicado en el barrio porte\u00f1o de Palermo, fue sede del&nbsp;2.\u00ba [&hellip;]<\/p>\n","protected":false},"author":20,"featured_media":17469,"comment_status":"open","ping_status":"open","sticky":false,"template":"","format":"standard","meta":{"site-sidebar-layout":"default","site-content-layout":"","ast-site-content-layout":"default","site-content-style":"default","site-sidebar-style":"default","ast-global-header-display":"","ast-banner-title-visibility":"","ast-main-header-display":"","ast-hfb-above-header-display":"","ast-hfb-below-header-display":"","ast-hfb-mobile-header-display":"","site-post-title":"","ast-breadcrumbs-content":"","ast-featured-img":"","footer-sml-layout":"","ast-disable-related-posts":"","theme-transparent-header-meta":"","adv-header-id-meta":"","stick-header-meta":"","header-above-stick-meta":"","header-main-stick-meta":"","header-below-stick-meta":"","astra-migrate-meta-layouts":"default","ast-page-background-enabled":"default","ast-page-background-meta":{"desktop":{"background-color":"var(--ast-global-color-5)","background-image":"","background-repeat":"repeat","background-position":"center center","background-size":"auto","background-attachment":"scroll","background-type":"","background-media":"","overlay-type":"","overlay-color":"","overlay-opacity":"","overlay-gradient":""},"tablet":{"background-color":"","background-image":"","background-repeat":"repeat","background-position":"center center","background-size":"auto","background-attachment":"scroll","background-type":"","background-media":"","overlay-type":"","overlay-color":"","overlay-opacity":"","overlay-gradient":""},"mobile":{"background-color":"","background-image":"","background-repeat":"repeat","background-position":"center center","background-size":"auto","background-attachment":"scroll","background-type":"","background-media":"","overlay-type":"","overlay-color":"","overlay-opacity":"","overlay-gradient":""}},"ast-content-background-meta":{"desktop":{"background-color":"var(--ast-global-color-4)","background-image":"","background-repeat":"repeat","background-position":"center center","background-size":"auto","background-attachment":"scroll","background-type":"","background-media":"","overlay-type":"","overlay-color":"","overlay-opacity":"","overlay-gradient":""},"tablet":{"background-color":"var(--ast-global-color-4)","background-image":"","background-repeat":"repeat","background-position":"center center","background-size":"auto","background-attachment":"scroll","background-type":"","background-media":"","overlay-type":"","overlay-color":"","overlay-opacity":"","overlay-gradient":""},"mobile":{"background-color":"var(--ast-global-color-4)","background-image":"","background-repeat":"repeat","background-position":"center center","background-size":"auto","background-attachment":"scroll","background-type":"","background-media":"","overlay-type":"","overlay-color":"","overlay-opacity":"","overlay-gradient":""}},"_joinchat":[],"footnotes":""},"categories":[1442],"tags":[1694,310,1949,1947,1946,1948,1950,580],"class_list":["post-17467","post","type-post","status-publish","format-standard","has-post-thumbnail","hentry","category-aviacion-militar","tag-aeroespacio","tag-aviacionmilitar-2","tag-cienciaytecnologia","tag-citid","tag-citid-defensanacional-cienciaytecnologia-innovacion-desarrollosoberano-aeroespacio-pasionporlaaviacion","tag-defensanacional","tag-desarrollosoberano","tag-faa-2"],"yoast_head":"<!-- This site is optimized with the Yoast SEO plugin v27.3 - https:\/\/yoast.com\/product\/yoast-seo-wordpress\/ -->\n<title>Ciencia, tecnolog\u00eda e innovaci\u00f3n: el Ministerio de Defensa present\u00f3 su segundo congreso\u00a0 - Aeroespacio<\/title>\n<meta name=\"robots\" content=\"index, follow, max-snippet:-1, max-image-preview:large, max-video-preview:-1\" \/>\n<link rel=\"canonical\" href=\"https:\/\/aeroespacio.com.ar\/?p=17467\" \/>\n<meta property=\"og:locale\" content=\"es_ES\" \/>\n<meta property=\"og:type\" content=\"article\" \/>\n<meta property=\"og:title\" content=\"Ciencia, tecnolog\u00eda e innovaci\u00f3n: el Ministerio de Defensa present\u00f3 su segundo congreso\u00a0 - Aeroespacio\" \/>\n<meta property=\"og:description\" content=\"El 8 y 9 de octubre, el&nbsp;Regimiento de Infanter\u00eda 1 \u201cPatricios\u201d,&nbsp;ubicado en el barrio porte\u00f1o de Palermo, fue sede del&nbsp;2.\u00ba [&hellip;]\" \/>\n<meta property=\"og:url\" content=\"https:\/\/aeroespacio.com.ar\/?p=17467\" \/>\n<meta property=\"og:site_name\" content=\"Aeroespacio\" \/>\n<meta property=\"article:published_time\" content=\"2025-10-15T16:15:46+00:00\" \/>\n<meta property=\"article:modified_time\" content=\"2025-10-21T16:23:20+00:00\" \/>\n<meta property=\"og:image\" content=\"https:\/\/aeroespacio.com.ar\/wp-content\/uploads\/2025\/10\/Banner_CTID_2025.jpg\" \/>\n\t<meta property=\"og:image:width\" content=\"275\" \/>\n\t<meta property=\"og:image:height\" content=\"183\" \/>\n\t<meta property=\"og:image:type\" content=\"image\/jpeg\" \/>\n<meta name=\"author\" content=\"Jose Operto\" \/>\n<meta name=\"twitter:card\" content=\"summary_large_image\" \/>\n<meta name=\"twitter:label1\" content=\"Escrito por\" \/>\n\t<meta name=\"twitter:data1\" content=\"Jose Operto\" \/>\n\t<meta name=\"twitter:label2\" content=\"Tiempo de lectura\" \/>\n\t<meta name=\"twitter:data2\" content=\"4 minutos\" \/>\n<script type=\"application\/ld+json\" class=\"yoast-schema-graph\">{\"@context\":\"https:\\\/\\\/schema.org\",\"@graph\":[{\"@type\":\"Article\",\"@id\":\"https:\\\/\\\/aeroespacio.com.ar\\\/?p=17467#article\",\"isPartOf\":{\"@id\":\"https:\\\/\\\/aeroespacio.com.ar\\\/?p=17467\"},\"author\":{\"name\":\"Jose Operto\",\"@id\":\"https:\\\/\\\/aeroespacio.com.ar\\\/#\\\/schema\\\/person\\\/6ed044bb77d2eec9f7615badbe365ffa\"},\"headline\":\"Ciencia, tecnolog\u00eda e innovaci\u00f3n: el Ministerio de Defensa present\u00f3 su segundo congreso\u00a0\",\"datePublished\":\"2025-10-15T16:15:46+00:00\",\"dateModified\":\"2025-10-21T16:23:20+00:00\",\"mainEntityOfPage\":{\"@id\":\"https:\\\/\\\/aeroespacio.com.ar\\\/?p=17467\"},\"wordCount\":838,\"commentCount\":0,\"image\":{\"@id\":\"https:\\\/\\\/aeroespacio.com.ar\\\/?p=17467#primaryimage\"},\"thumbnailUrl\":\"https:\\\/\\\/aeroespacio.com.ar\\\/wp-content\\\/uploads\\\/2025\\\/10\\\/Banner_CTID_2025.jpg\",\"keywords\":[\"#aeroespacio\",\"#aviacionmilitar\",\"#CienciaYTecnolog\u00eda\",\"#CITID\",\"#CITID #DefensaNacional #CienciaYTecnolog\u00eda #Innovaci\u00f3n #DesarrolloSoberano #aeroespacio #Pasi\u00f3nPorLaAviaci\u00f3n\",\"#DefensaNacional\",\"#DesarrolloSoberano\",\"#FAA\"],\"articleSection\":[\"Aviaci\u00f3n Militar\"],\"inLanguage\":\"es-AR\",\"potentialAction\":[{\"@type\":\"CommentAction\",\"name\":\"Comment\",\"target\":[\"https:\\\/\\\/aeroespacio.com.ar\\\/?p=17467#respond\"]}]},{\"@type\":\"WebPage\",\"@id\":\"https:\\\/\\\/aeroespacio.com.ar\\\/?p=17467\",\"url\":\"https:\\\/\\\/aeroespacio.com.ar\\\/?p=17467\",\"name\":\"Ciencia, tecnolog\u00eda e innovaci\u00f3n: el Ministerio de Defensa present\u00f3 su segundo congreso\u00a0 - Aeroespacio\",\"isPartOf\":{\"@id\":\"https:\\\/\\\/aeroespacio.com.ar\\\/#website\"},\"primaryImageOfPage\":{\"@id\":\"https:\\\/\\\/aeroespacio.com.ar\\\/?p=17467#primaryimage\"},\"image\":{\"@id\":\"https:\\\/\\\/aeroespacio.com.ar\\\/?p=17467#primaryimage\"},\"thumbnailUrl\":\"https:\\\/\\\/aeroespacio.com.ar\\\/wp-content\\\/uploads\\\/2025\\\/10\\\/Banner_CTID_2025.jpg\",\"datePublished\":\"2025-10-15T16:15:46+00:00\",\"dateModified\":\"2025-10-21T16:23:20+00:00\",\"author\":{\"@id\":\"https:\\\/\\\/aeroespacio.com.ar\\\/#\\\/schema\\\/person\\\/6ed044bb77d2eec9f7615badbe365ffa\"},\"breadcrumb\":{\"@id\":\"https:\\\/\\\/aeroespacio.com.ar\\\/?p=17467#breadcrumb\"},\"inLanguage\":\"es-AR\",\"potentialAction\":[{\"@type\":\"ReadAction\",\"target\":[\"https:\\\/\\\/aeroespacio.com.ar\\\/?p=17467\"]}]},{\"@type\":\"ImageObject\",\"inLanguage\":\"es-AR\",\"@id\":\"https:\\\/\\\/aeroespacio.com.ar\\\/?p=17467#primaryimage\",\"url\":\"https:\\\/\\\/aeroespacio.com.ar\\\/wp-content\\\/uploads\\\/2025\\\/10\\\/Banner_CTID_2025.jpg\",\"contentUrl\":\"https:\\\/\\\/aeroespacio.com.ar\\\/wp-content\\\/uploads\\\/2025\\\/10\\\/Banner_CTID_2025.jpg\",\"width\":275,\"height\":183},{\"@type\":\"BreadcrumbList\",\"@id\":\"https:\\\/\\\/aeroespacio.com.ar\\\/?p=17467#breadcrumb\",\"itemListElement\":[{\"@type\":\"ListItem\",\"position\":1,\"name\":\"Inicio\",\"item\":\"https:\\\/\\\/aeroespacio.com.ar\\\/\"},{\"@type\":\"ListItem\",\"position\":2,\"name\":\"Ciencia, tecnolog\u00eda e innovaci\u00f3n: el Ministerio de Defensa present\u00f3 su segundo congreso\u00a0\"}]},{\"@type\":\"WebSite\",\"@id\":\"https:\\\/\\\/aeroespacio.com.ar\\\/#website\",\"url\":\"https:\\\/\\\/aeroespacio.com.ar\\\/\",\"name\":\"aeroespacio.com.ar\",\"description\":\"\",\"potentialAction\":[{\"@type\":\"SearchAction\",\"target\":{\"@type\":\"EntryPoint\",\"urlTemplate\":\"https:\\\/\\\/aeroespacio.com.ar\\\/?s={search_term_string}\"},\"query-input\":{\"@type\":\"PropertyValueSpecification\",\"valueRequired\":true,\"valueName\":\"search_term_string\"}}],\"inLanguage\":\"es-AR\"},{\"@type\":\"Person\",\"@id\":\"https:\\\/\\\/aeroespacio.com.ar\\\/#\\\/schema\\\/person\\\/6ed044bb77d2eec9f7615badbe365ffa\",\"name\":\"Jose Operto\",\"image\":{\"@type\":\"ImageObject\",\"inLanguage\":\"es-AR\",\"@id\":\"https:\\\/\\\/secure.gravatar.com\\\/avatar\\\/46c91e2630685531c0b0dd365ca4b4c391e308a6e5811841f817a41623f5da65?s=96&d=mm&r=g\",\"url\":\"https:\\\/\\\/secure.gravatar.com\\\/avatar\\\/46c91e2630685531c0b0dd365ca4b4c391e308a6e5811841f817a41623f5da65?s=96&d=mm&r=g\",\"contentUrl\":\"https:\\\/\\\/secure.gravatar.com\\\/avatar\\\/46c91e2630685531c0b0dd365ca4b4c391e308a6e5811841f817a41623f5da65?s=96&d=mm&r=g\",\"caption\":\"Jose Operto\"},\"url\":\"https:\\\/\\\/aeroespacio.com.ar\\\/?author=20\"}]}<\/script>\n<!-- \/ Yoast SEO plugin. -->","yoast_head_json":{"title":"Ciencia, tecnolog\u00eda e innovaci\u00f3n: el Ministerio de Defensa present\u00f3 su segundo congreso\u00a0 - Aeroespacio","robots":{"index":"index","follow":"follow","max-snippet":"max-snippet:-1","max-image-preview":"max-image-preview:large","max-video-preview":"max-video-preview:-1"},"canonical":"https:\/\/aeroespacio.com.ar\/?p=17467","og_locale":"es_ES","og_type":"article","og_title":"Ciencia, tecnolog\u00eda e innovaci\u00f3n: el Ministerio de Defensa present\u00f3 su segundo congreso\u00a0 - Aeroespacio","og_description":"El 8 y 9 de octubre, el&nbsp;Regimiento de Infanter\u00eda 1 \u201cPatricios\u201d,&nbsp;ubicado en el barrio porte\u00f1o de Palermo, fue sede del&nbsp;2.\u00ba [&hellip;]","og_url":"https:\/\/aeroespacio.com.ar\/?p=17467","og_site_name":"Aeroespacio","article_published_time":"2025-10-15T16:15:46+00:00","article_modified_time":"2025-10-21T16:23:20+00:00","og_image":[{"width":275,"height":183,"url":"https:\/\/aeroespacio.com.ar\/wp-content\/uploads\/2025\/10\/Banner_CTID_2025.jpg","type":"image\/jpeg"}],"author":"Jose Operto","twitter_card":"summary_large_image","twitter_misc":{"Escrito por":"Jose Operto","Tiempo de lectura":"4 minutos"},"schema":{"@context":"https:\/\/schema.org","@graph":[{"@type":"Article","@id":"https:\/\/aeroespacio.com.ar\/?p=17467#article","isPartOf":{"@id":"https:\/\/aeroespacio.com.ar\/?p=17467"},"author":{"name":"Jose Operto","@id":"https:\/\/aeroespacio.com.ar\/#\/schema\/person\/6ed044bb77d2eec9f7615badbe365ffa"},"headline":"Ciencia, tecnolog\u00eda e innovaci\u00f3n: el Ministerio de Defensa present\u00f3 su segundo congreso\u00a0","datePublished":"2025-10-15T16:15:46+00:00","dateModified":"2025-10-21T16:23:20+00:00","mainEntityOfPage":{"@id":"https:\/\/aeroespacio.com.ar\/?p=17467"},"wordCount":838,"commentCount":0,"image":{"@id":"https:\/\/aeroespacio.com.ar\/?p=17467#primaryimage"},"thumbnailUrl":"https:\/\/aeroespacio.com.ar\/wp-content\/uploads\/2025\/10\/Banner_CTID_2025.jpg","keywords":["#aeroespacio","#aviacionmilitar","#CienciaYTecnolog\u00eda","#CITID","#CITID #DefensaNacional #CienciaYTecnolog\u00eda #Innovaci\u00f3n #DesarrolloSoberano #aeroespacio #Pasi\u00f3nPorLaAviaci\u00f3n","#DefensaNacional","#DesarrolloSoberano","#FAA"],"articleSection":["Aviaci\u00f3n Militar"],"inLanguage":"es-AR","potentialAction":[{"@type":"CommentAction","name":"Comment","target":["https:\/\/aeroespacio.com.ar\/?p=17467#respond"]}]},{"@type":"WebPage","@id":"https:\/\/aeroespacio.com.ar\/?p=17467","url":"https:\/\/aeroespacio.com.ar\/?p=17467","name":"Ciencia, tecnolog\u00eda e innovaci\u00f3n: el Ministerio de Defensa present\u00f3 su segundo congreso\u00a0 - Aeroespacio","isPartOf":{"@id":"https:\/\/aeroespacio.com.ar\/#website"},"primaryImageOfPage":{"@id":"https:\/\/aeroespacio.com.ar\/?p=17467#primaryimage"},"image":{"@id":"https:\/\/aeroespacio.com.ar\/?p=17467#primaryimage"},"thumbnailUrl":"https:\/\/aeroespacio.com.ar\/wp-content\/uploads\/2025\/10\/Banner_CTID_2025.jpg","datePublished":"2025-10-15T16:15:46+00:00","dateModified":"2025-10-21T16:23:20+00:00","author":{"@id":"https:\/\/aeroespacio.com.ar\/#\/schema\/person\/6ed044bb77d2eec9f7615badbe365ffa"},"breadcrumb":{"@id":"https:\/\/aeroespacio.com.ar\/?p=17467#breadcrumb"},"inLanguage":"es-AR","potentialAction":[{"@type":"ReadAction","target":["https:\/\/aeroespacio.com.ar\/?p=17467"]}]},{"@type":"ImageObject","inLanguage":"es-AR","@id":"https:\/\/aeroespacio.com.ar\/?p=17467#primaryimage","url":"https:\/\/aeroespacio.com.ar\/wp-content\/uploads\/2025\/10\/Banner_CTID_2025.jpg","contentUrl":"https:\/\/aeroespacio.com.ar\/wp-content\/uploads\/2025\/10\/Banner_CTID_2025.jpg","width":275,"height":183},{"@type":"BreadcrumbList","@id":"https:\/\/aeroespacio.com.ar\/?p=17467#breadcrumb","itemListElement":[{"@type":"ListItem","position":1,"name":"Inicio","item":"https:\/\/aeroespacio.com.ar\/"},{"@type":"ListItem","position":2,"name":"Ciencia, tecnolog\u00eda e innovaci\u00f3n: el Ministerio de Defensa present\u00f3 su segundo congreso\u00a0"}]},{"@type":"WebSite","@id":"https:\/\/aeroespacio.com.ar\/#website","url":"https:\/\/aeroespacio.com.ar\/","name":"aeroespacio.com.ar","description":"","potentialAction":[{"@type":"SearchAction","target":{"@type":"EntryPoint","urlTemplate":"https:\/\/aeroespacio.com.ar\/?s={search_term_string}"},"query-input":{"@type":"PropertyValueSpecification","valueRequired":true,"valueName":"search_term_string"}}],"inLanguage":"es-AR"},{"@type":"Person","@id":"https:\/\/aeroespacio.com.ar\/#\/schema\/person\/6ed044bb77d2eec9f7615badbe365ffa","name":"Jose Operto","image":{"@type":"ImageObject","inLanguage":"es-AR","@id":"https:\/\/secure.gravatar.com\/avatar\/46c91e2630685531c0b0dd365ca4b4c391e308a6e5811841f817a41623f5da65?s=96&d=mm&r=g","url":"https:\/\/secure.gravatar.com\/avatar\/46c91e2630685531c0b0dd365ca4b4c391e308a6e5811841f817a41623f5da65?s=96&d=mm&r=g","contentUrl":"https:\/\/secure.gravatar.com\/avatar\/46c91e2630685531c0b0dd365ca4b4c391e308a6e5811841f817a41623f5da65?s=96&d=mm&r=g","caption":"Jose Operto"},"url":"https:\/\/aeroespacio.com.ar\/?author=20"}]}},"rttpg_featured_image_url":{"full":["https:\/\/aeroespacio.com.ar\/wp-content\/uploads\/2025\/10\/Banner_CTID_2025.jpg",275,183,false],"landscape":["https:\/\/aeroespacio.com.ar\/wp-content\/uploads\/2025\/10\/Banner_CTID_2025.jpg",275,183,false],"portraits":["https:\/\/aeroespacio.com.ar\/wp-content\/uploads\/2025\/10\/Banner_CTID_2025.jpg",275,183,false],"thumbnail":["https:\/\/aeroespacio.com.ar\/wp-content\/uploads\/2025\/10\/Banner_CTID_2025-150x150.jpg",150,150,true],"medium":["https:\/\/aeroespacio.com.ar\/wp-content\/uploads\/2025\/10\/Banner_CTID_2025.jpg",275,183,false],"large":["https:\/\/aeroespacio.com.ar\/wp-content\/uploads\/2025\/10\/Banner_CTID_2025.jpg",275,183,false],"1536x1536":["https:\/\/aeroespacio.com.ar\/wp-content\/uploads\/2025\/10\/Banner_CTID_2025.jpg",275,183,false],"2048x2048":["https:\/\/aeroespacio.com.ar\/wp-content\/uploads\/2025\/10\/Banner_CTID_2025.jpg",275,183,false]},"rttpg_author":{"display_name":"Jose Operto","author_link":"https:\/\/aeroespacio.com.ar\/?author=20"},"rttpg_comment":0,"rttpg_category":"<a href=\"https:\/\/aeroespacio.com.ar\/?cat=1442\" rel=\"category\">Aviaci\u00f3n Militar<\/a>","rttpg_excerpt":"El 8 y 9 de octubre, el&nbsp;Regimiento de Infanter\u00eda 1 \u201cPatricios\u201d,&nbsp;ubicado en el barrio porte\u00f1o de Palermo, fue sede del&nbsp;2.\u00ba [&hellip;]","_links":{"self":[{"href":"https:\/\/aeroespacio.com.ar\/index.php?rest_route=\/wp\/v2\/posts\/17467","targetHints":{"allow":["GET"]}}],"collection":[{"href":"https:\/\/aeroespacio.com.ar\/index.php?rest_route=\/wp\/v2\/posts"}],"about":[{"href":"https:\/\/aeroespacio.com.ar\/index.php?rest_route=\/wp\/v2\/types\/post"}],"author":[{"embeddable":true,"href":"https:\/\/aeroespacio.com.ar\/index.php?rest_route=\/wp\/v2\/users\/20"}],"replies":[{"embeddable":true,"href":"https:\/\/aeroespacio.com.ar\/index.php?rest_route=%2Fwp%2Fv2%2Fcomments&post=17467"}],"version-history":[{"count":2,"href":"https:\/\/aeroespacio.com.ar\/index.php?rest_route=\/wp\/v2\/posts\/17467\/revisions"}],"predecessor-version":[{"id":17472,"href":"https:\/\/aeroespacio.com.ar\/index.php?rest_route=\/wp\/v2\/posts\/17467\/revisions\/17472"}],"wp:featuredmedia":[{"embeddable":true,"href":"https:\/\/aeroespacio.com.ar\/index.php?rest_route=\/wp\/v2\/media\/17469"}],"wp:attachment":[{"href":"https:\/\/aeroespacio.com.ar\/index.php?rest_route=%2Fwp%2Fv2%2Fmedia&parent=17467"}],"wp:term":[{"taxonomy":"category","embeddable":true,"href":"https:\/\/aeroespacio.com.ar\/index.php?rest_route=%2Fwp%2Fv2%2Fcategories&post=17467"},{"taxonomy":"post_tag","embeddable":true,"href":"https:\/\/aeroespacio.com.ar\/index.php?rest_route=%2Fwp%2Fv2%2Ftags&post=17467"}],"curies":[{"name":"wp","href":"https:\/\/api.w.org\/{rel}","templated":true}]}}