{"id":17464,"date":"2025-10-20T12:23:54","date_gmt":"2025-10-20T12:23:54","guid":{"rendered":"http:\/\/192.168.0.98\/?p=17464"},"modified":"2025-10-20T12:23:56","modified_gmt":"2025-10-20T12:23:56","slug":"una-alianza-que-redefine-el-futuro-de-las-cabinas-de-aeronaves","status":"publish","type":"post","link":"https:\/\/aeroespacio.com.ar\/?p=17464","title":{"rendered":"Una alianza que redefine el futuro de las cabinas de aeronaves"},"content":{"rendered":"\n<figure class=\"wp-block-image size-large\"><img fetchpriority=\"high\" decoding=\"async\" width=\"1024\" height=\"550\" src=\"https:\/\/aeroespacio.com.ar\/wp-content\/uploads\/2025\/10\/Diehl_HAECO_new_cabin_-e1686045259522-1024x550.jpg\" alt=\"\" class=\"wp-image-17465\" srcset=\"https:\/\/aeroespacio.com.ar\/wp-content\/uploads\/2025\/10\/Diehl_HAECO_new_cabin_-e1686045259522-1024x550.jpg 1024w, https:\/\/aeroespacio.com.ar\/wp-content\/uploads\/2025\/10\/Diehl_HAECO_new_cabin_-e1686045259522-300x161.jpg 300w, https:\/\/aeroespacio.com.ar\/wp-content\/uploads\/2025\/10\/Diehl_HAECO_new_cabin_-e1686045259522-768x412.jpg 768w, https:\/\/aeroespacio.com.ar\/wp-content\/uploads\/2025\/10\/Diehl_HAECO_new_cabin_-e1686045259522.jpg 1092w\" sizes=\"(max-width: 1024px) 100vw, 1024px\" \/><\/figure>\n\n\n\n<p>La empresa Astronics Corporation anunci\u00f3 la compra de B\u00fchler Motor Aviation, un fabricante alem\u00e1n especializado en sistemas de actuaci\u00f3n y control electr\u00f3nico para asientos aeron\u00e1uticos. Con esta operaci\u00f3n, la compa\u00f1\u00eda estadounidense busca reforzar su posici\u00f3n tecnol\u00f3gica en el dise\u00f1o de interiores de aviones: m\u00e1s inteligentes, confortables y eficientes.<\/p>\n\n\n\n<p>La decisi\u00f3n se enmarca en una tendencia que atraviesa a toda la industria: la b\u00fasqueda de una experiencia de vuelo m\u00e1s conectada, donde la electr\u00f3nica, la automatizaci\u00f3n y la configuraci\u00f3n ergon\u00f3mica se combinan en un mismo ecosistema. B\u00fchler Motor Aviation, con sede en N\u00faremberg, desarrolla m\u00f3dulos de control que se utilizan en los mecanismos de reclinaci\u00f3n y ajuste de los asientos de clase ejecutiva y primera clase.<\/p>\n\n\n\n<p>Peter J. Gundermann, presidente y CEO de Astronics, explic\u00f3: \u201cCon esta adquisici\u00f3n, la compa\u00f1\u00eda ampl\u00eda las capacidades en soluciones de movimiento y sistema de cabina. Todo esto forma parte de una estrategia para ofrecer a las aerol\u00edneas entornos m\u00e1s inteligentes y sostenibles, centrados en el pasajero\u201d.<\/p>\n\n\n\n<p>La incorporaci\u00f3n de B\u00fchler Motor Aviation dentro de la divisi\u00f3n Astronics Advanced Electronic Systems permitir\u00e1 combinar el desarrollo de motores el\u00e9ctricos, sensores y&nbsp;<em>software<\/em>&nbsp;de mando con los sistemas el\u00e9ctricos y de conectividad que la firma produce para las principales aeronaves comerciales y ejecutivas del mundo. La firma adelant\u00f3 que mantendr\u00e1 la planta de ingenier\u00eda en Alemania y que apuesta a una cooperaci\u00f3n t\u00e9cnica de largo plazo entre ambos equipos.<\/p>\n\n\n\n<p>En los \u00faltimos a\u00f1os, el mercado de interiores aeron\u00e1uticos evolucion\u00f3 hacia soluciones que van m\u00e1s all\u00e1 de lo est\u00e9tico. Hoy se trata de crear espacios funcionales e integrales capaces de adaptarse a las necesidades de los viajeros con iluminaci\u00f3n personalizada, asientos automatizados y controles h\u00e1pticos (que\u00a0responden al tacto con una sensaci\u00f3n f\u00edsica, como una vibraci\u00f3n, una presi\u00f3n o un peque\u00f1o \u201cclic\u201d; es decir,\u00a0devuelven una respuesta t\u00e1ctil\u00a0al usarse).\u00a0En ese terreno, Astronics busca ganar posici\u00f3n frente a los competidores Collins Aerospace, Safran Cabin y Recaro, que tambi\u00e9n expanden sus divisiones de\u00a0<em>confort<\/em>\u00a0y comando autom\u00e1tico.<\/p>\n\n\n\n<p>Desde la compa\u00f1\u00eda anunciaron que el proceso de fusi\u00f3n finalizar\u00e1 durante el primer trimestre de 2026, y se proyecta presentar las primeras l\u00edneas conjuntas en la pr\u00f3xima feria Aircraft Interiors Expo, en Hamburgo. La apuesta de Astronics refleja un movimiento m\u00e1s amplio dentro de la aviaci\u00f3n: la tecnolog\u00eda aplicada al interior de las aeronaves dej\u00f3 de ser un accesorio para convertirse en un componente estrat\u00e9gico de la experiencia de vuelo.<\/p>\n\n\n\n<p>Fuentes:&nbsp;Astronics Corporation,&nbsp;B\u00fchler Motor Group y Avitrader Aviation&nbsp;<\/p>\n\n\n\n<p>Foto: Avitrader Aviation<\/p>\n\n\n\n<p><\/p>\n","protected":false},"excerpt":{"rendered":"<p>La empresa Astronics Corporation anunci\u00f3 la compra de B\u00fchler Motor Aviation, un fabricante alem\u00e1n especializado en sistemas de actuaci\u00f3n y [&hellip;]<\/p>\n","protected":false},"author":20,"featured_media":17465,"comment_status":"open","ping_status":"open","sticky":false,"template":"","format":"standard","meta":{"site-sidebar-layout":"default","site-content-layout":"","ast-site-content-layout":"default","site-content-style":"default","site-sidebar-style":"default","ast-global-header-display":"","ast-banner-title-visibility":"","ast-main-header-display":"","ast-hfb-above-header-display":"","ast-hfb-below-header-display":"","ast-hfb-mobile-header-display":"","site-post-title":"","ast-breadcrumbs-content":"","ast-featured-img":"","footer-sml-layout":"","ast-disable-related-posts":"","theme-transparent-header-meta":"","adv-header-id-meta":"","stick-header-meta":"","header-above-stick-meta":"","header-main-stick-meta":"","header-below-stick-meta":"","astra-migrate-meta-layouts":"default","ast-page-background-enabled":"default","ast-page-background-meta":{"desktop":{"background-color":"var(--ast-global-color-5)","background-image":"","background-repeat":"repeat","background-position":"center center","background-size":"auto","background-attachment":"scroll","background-type":"","background-media":"","overlay-type":"","overlay-color":"","overlay-opacity":"","overlay-gradient":""},"tablet":{"background-color":"","background-image":"","background-repeat":"repeat","background-position":"center center","background-size":"auto","background-attachment":"scroll","background-type":"","background-media":"","overlay-type":"","overlay-color":"","overlay-opacity":"","overlay-gradient":""},"mobile":{"background-color":"","background-image":"","background-repeat":"repeat","background-position":"center center","background-size":"auto","background-attachment":"scroll","background-type":"","background-media":"","overlay-type":"","overlay-color":"","overlay-opacity":"","overlay-gradient":""}},"ast-content-background-meta":{"desktop":{"background-color":"var(--ast-global-color-4)","background-image":"","background-repeat":"repeat","background-position":"center center","background-size":"auto","background-attachment":"scroll","background-type":"","background-media":"","overlay-type":"","overlay-color":"","overlay-opacity":"","overlay-gradient":""},"tablet":{"background-color":"var(--ast-global-color-4)","background-image":"","background-repeat":"repeat","background-position":"center center","background-size":"auto","background-attachment":"scroll","background-type":"","background-media":"","overlay-type":"","overlay-color":"","overlay-opacity":"","overlay-gradient":""},"mobile":{"background-color":"var(--ast-global-color-4)","background-image":"","background-repeat":"repeat","background-position":"center center","background-size":"auto","background-attachment":"scroll","background-type":"","background-media":"","overlay-type":"","overlay-color":"","overlay-opacity":"","overlay-gradient":""}},"_joinchat":[],"footnotes":""},"categories":[1438],"tags":[1942,1940,1945,1944,1943,1941],"class_list":["post-17464","post","type-post","status-publish","format-standard","has-post-thumbnail","hentry","category-aviacion-comercial","tag-buhlermotoraviation","tag-cabinas-deaeronaves","tag-confortencabinas","tag-disenosdeinterioresdecabina","tag-interioresdecabinas","tag-astronicscorporation"],"yoast_head":"<!-- This site is optimized with the Yoast SEO plugin v27.3 - https:\/\/yoast.com\/product\/yoast-seo-wordpress\/ -->\n<title>Una alianza que redefine el futuro de las cabinas de aeronaves - Aeroespacio<\/title>\n<meta name=\"robots\" content=\"index, follow, max-snippet:-1, max-image-preview:large, max-video-preview:-1\" \/>\n<link rel=\"canonical\" href=\"https:\/\/aeroespacio.com.ar\/?p=17464\" \/>\n<meta property=\"og:locale\" content=\"es_ES\" \/>\n<meta property=\"og:type\" content=\"article\" \/>\n<meta property=\"og:title\" content=\"Una alianza que redefine el futuro de las cabinas de aeronaves - Aeroespacio\" \/>\n<meta property=\"og:description\" content=\"La empresa Astronics Corporation anunci\u00f3 la compra de B\u00fchler Motor Aviation, un fabricante alem\u00e1n especializado en sistemas de actuaci\u00f3n y [&hellip;]\" \/>\n<meta property=\"og:url\" content=\"https:\/\/aeroespacio.com.ar\/?p=17464\" \/>\n<meta property=\"og:site_name\" content=\"Aeroespacio\" \/>\n<meta property=\"article:published_time\" content=\"2025-10-20T12:23:54+00:00\" \/>\n<meta property=\"article:modified_time\" content=\"2025-10-20T12:23:56+00:00\" \/>\n<meta property=\"og:image\" content=\"https:\/\/aeroespacio.com.ar\/wp-content\/uploads\/2025\/10\/Diehl_HAECO_new_cabin_-e1686045259522.jpg\" \/>\n\t<meta property=\"og:image:width\" content=\"1092\" \/>\n\t<meta property=\"og:image:height\" content=\"586\" \/>\n\t<meta property=\"og:image:type\" content=\"image\/jpeg\" \/>\n<meta name=\"author\" content=\"Jose Operto\" \/>\n<meta name=\"twitter:card\" content=\"summary_large_image\" \/>\n<meta name=\"twitter:label1\" content=\"Escrito por\" \/>\n\t<meta name=\"twitter:data1\" content=\"Jose Operto\" \/>\n\t<meta name=\"twitter:label2\" content=\"Tiempo de lectura\" \/>\n\t<meta name=\"twitter:data2\" content=\"3 minutos\" \/>\n<script type=\"application\/ld+json\" class=\"yoast-schema-graph\">{\"@context\":\"https:\\\/\\\/schema.org\",\"@graph\":[{\"@type\":\"Article\",\"@id\":\"https:\\\/\\\/aeroespacio.com.ar\\\/?p=17464#article\",\"isPartOf\":{\"@id\":\"https:\\\/\\\/aeroespacio.com.ar\\\/?p=17464\"},\"author\":{\"name\":\"Jose Operto\",\"@id\":\"https:\\\/\\\/aeroespacio.com.ar\\\/#\\\/schema\\\/person\\\/6ed044bb77d2eec9f7615badbe365ffa\"},\"headline\":\"Una alianza que redefine el futuro de las cabinas de aeronaves\",\"datePublished\":\"2025-10-20T12:23:54+00:00\",\"dateModified\":\"2025-10-20T12:23:56+00:00\",\"mainEntityOfPage\":{\"@id\":\"https:\\\/\\\/aeroespacio.com.ar\\\/?p=17464\"},\"wordCount\":484,\"commentCount\":0,\"image\":{\"@id\":\"https:\\\/\\\/aeroespacio.com.ar\\\/?p=17464#primaryimage\"},\"thumbnailUrl\":\"https:\\\/\\\/aeroespacio.com.ar\\\/wp-content\\\/uploads\\\/2025\\\/10\\\/Diehl_HAECO_new_cabin_-e1686045259522.jpg\",\"keywords\":[\"#BuhlerMotorAviation\",\"#cabinas deaeronaves\",\"#Confortencabinas\",\"#dise\u00f1osdeinterioresdecabina\",\"#Interioresdecabinas\",\"AstronicsCorporation\"],\"articleSection\":[\"Aviaci\u00f3n Comercial\"],\"inLanguage\":\"es-AR\",\"potentialAction\":[{\"@type\":\"CommentAction\",\"name\":\"Comment\",\"target\":[\"https:\\\/\\\/aeroespacio.com.ar\\\/?p=17464#respond\"]}]},{\"@type\":\"WebPage\",\"@id\":\"https:\\\/\\\/aeroespacio.com.ar\\\/?p=17464\",\"url\":\"https:\\\/\\\/aeroespacio.com.ar\\\/?p=17464\",\"name\":\"Una alianza que redefine el futuro de las cabinas de aeronaves - Aeroespacio\",\"isPartOf\":{\"@id\":\"https:\\\/\\\/aeroespacio.com.ar\\\/#website\"},\"primaryImageOfPage\":{\"@id\":\"https:\\\/\\\/aeroespacio.com.ar\\\/?p=17464#primaryimage\"},\"image\":{\"@id\":\"https:\\\/\\\/aeroespacio.com.ar\\\/?p=17464#primaryimage\"},\"thumbnailUrl\":\"https:\\\/\\\/aeroespacio.com.ar\\\/wp-content\\\/uploads\\\/2025\\\/10\\\/Diehl_HAECO_new_cabin_-e1686045259522.jpg\",\"datePublished\":\"2025-10-20T12:23:54+00:00\",\"dateModified\":\"2025-10-20T12:23:56+00:00\",\"author\":{\"@id\":\"https:\\\/\\\/aeroespacio.com.ar\\\/#\\\/schema\\\/person\\\/6ed044bb77d2eec9f7615badbe365ffa\"},\"breadcrumb\":{\"@id\":\"https:\\\/\\\/aeroespacio.com.ar\\\/?p=17464#breadcrumb\"},\"inLanguage\":\"es-AR\",\"potentialAction\":[{\"@type\":\"ReadAction\",\"target\":[\"https:\\\/\\\/aeroespacio.com.ar\\\/?p=17464\"]}]},{\"@type\":\"ImageObject\",\"inLanguage\":\"es-AR\",\"@id\":\"https:\\\/\\\/aeroespacio.com.ar\\\/?p=17464#primaryimage\",\"url\":\"https:\\\/\\\/aeroespacio.com.ar\\\/wp-content\\\/uploads\\\/2025\\\/10\\\/Diehl_HAECO_new_cabin_-e1686045259522.jpg\",\"contentUrl\":\"https:\\\/\\\/aeroespacio.com.ar\\\/wp-content\\\/uploads\\\/2025\\\/10\\\/Diehl_HAECO_new_cabin_-e1686045259522.jpg\",\"width\":1092,\"height\":586},{\"@type\":\"BreadcrumbList\",\"@id\":\"https:\\\/\\\/aeroespacio.com.ar\\\/?p=17464#breadcrumb\",\"itemListElement\":[{\"@type\":\"ListItem\",\"position\":1,\"name\":\"Inicio\",\"item\":\"https:\\\/\\\/aeroespacio.com.ar\\\/\"},{\"@type\":\"ListItem\",\"position\":2,\"name\":\"Una alianza que redefine el futuro de las cabinas de aeronaves\"}]},{\"@type\":\"WebSite\",\"@id\":\"https:\\\/\\\/aeroespacio.com.ar\\\/#website\",\"url\":\"https:\\\/\\\/aeroespacio.com.ar\\\/\",\"name\":\"aeroespacio.com.ar\",\"description\":\"\",\"potentialAction\":[{\"@type\":\"SearchAction\",\"target\":{\"@type\":\"EntryPoint\",\"urlTemplate\":\"https:\\\/\\\/aeroespacio.com.ar\\\/?s={search_term_string}\"},\"query-input\":{\"@type\":\"PropertyValueSpecification\",\"valueRequired\":true,\"valueName\":\"search_term_string\"}}],\"inLanguage\":\"es-AR\"},{\"@type\":\"Person\",\"@id\":\"https:\\\/\\\/aeroespacio.com.ar\\\/#\\\/schema\\\/person\\\/6ed044bb77d2eec9f7615badbe365ffa\",\"name\":\"Jose Operto\",\"image\":{\"@type\":\"ImageObject\",\"inLanguage\":\"es-AR\",\"@id\":\"https:\\\/\\\/secure.gravatar.com\\\/avatar\\\/46c91e2630685531c0b0dd365ca4b4c391e308a6e5811841f817a41623f5da65?s=96&d=mm&r=g\",\"url\":\"https:\\\/\\\/secure.gravatar.com\\\/avatar\\\/46c91e2630685531c0b0dd365ca4b4c391e308a6e5811841f817a41623f5da65?s=96&d=mm&r=g\",\"contentUrl\":\"https:\\\/\\\/secure.gravatar.com\\\/avatar\\\/46c91e2630685531c0b0dd365ca4b4c391e308a6e5811841f817a41623f5da65?s=96&d=mm&r=g\",\"caption\":\"Jose Operto\"},\"url\":\"https:\\\/\\\/aeroespacio.com.ar\\\/?author=20\"}]}<\/script>\n<!-- \/ Yoast SEO plugin. -->","yoast_head_json":{"title":"Una alianza que redefine el futuro de las cabinas de aeronaves - Aeroespacio","robots":{"index":"index","follow":"follow","max-snippet":"max-snippet:-1","max-image-preview":"max-image-preview:large","max-video-preview":"max-video-preview:-1"},"canonical":"https:\/\/aeroespacio.com.ar\/?p=17464","og_locale":"es_ES","og_type":"article","og_title":"Una alianza que redefine el futuro de las cabinas de aeronaves - Aeroespacio","og_description":"La empresa Astronics Corporation anunci\u00f3 la compra de B\u00fchler Motor Aviation, un fabricante alem\u00e1n especializado en sistemas de actuaci\u00f3n y [&hellip;]","og_url":"https:\/\/aeroespacio.com.ar\/?p=17464","og_site_name":"Aeroespacio","article_published_time":"2025-10-20T12:23:54+00:00","article_modified_time":"2025-10-20T12:23:56+00:00","og_image":[{"width":1092,"height":586,"url":"https:\/\/aeroespacio.com.ar\/wp-content\/uploads\/2025\/10\/Diehl_HAECO_new_cabin_-e1686045259522.jpg","type":"image\/jpeg"}],"author":"Jose Operto","twitter_card":"summary_large_image","twitter_misc":{"Escrito por":"Jose Operto","Tiempo de lectura":"3 minutos"},"schema":{"@context":"https:\/\/schema.org","@graph":[{"@type":"Article","@id":"https:\/\/aeroespacio.com.ar\/?p=17464#article","isPartOf":{"@id":"https:\/\/aeroespacio.com.ar\/?p=17464"},"author":{"name":"Jose Operto","@id":"https:\/\/aeroespacio.com.ar\/#\/schema\/person\/6ed044bb77d2eec9f7615badbe365ffa"},"headline":"Una alianza que redefine el futuro de las cabinas de aeronaves","datePublished":"2025-10-20T12:23:54+00:00","dateModified":"2025-10-20T12:23:56+00:00","mainEntityOfPage":{"@id":"https:\/\/aeroespacio.com.ar\/?p=17464"},"wordCount":484,"commentCount":0,"image":{"@id":"https:\/\/aeroespacio.com.ar\/?p=17464#primaryimage"},"thumbnailUrl":"https:\/\/aeroespacio.com.ar\/wp-content\/uploads\/2025\/10\/Diehl_HAECO_new_cabin_-e1686045259522.jpg","keywords":["#BuhlerMotorAviation","#cabinas deaeronaves","#Confortencabinas","#dise\u00f1osdeinterioresdecabina","#Interioresdecabinas","AstronicsCorporation"],"articleSection":["Aviaci\u00f3n Comercial"],"inLanguage":"es-AR","potentialAction":[{"@type":"CommentAction","name":"Comment","target":["https:\/\/aeroespacio.com.ar\/?p=17464#respond"]}]},{"@type":"WebPage","@id":"https:\/\/aeroespacio.com.ar\/?p=17464","url":"https:\/\/aeroespacio.com.ar\/?p=17464","name":"Una alianza que redefine el futuro de las cabinas de aeronaves - Aeroespacio","isPartOf":{"@id":"https:\/\/aeroespacio.com.ar\/#website"},"primaryImageOfPage":{"@id":"https:\/\/aeroespacio.com.ar\/?p=17464#primaryimage"},"image":{"@id":"https:\/\/aeroespacio.com.ar\/?p=17464#primaryimage"},"thumbnailUrl":"https:\/\/aeroespacio.com.ar\/wp-content\/uploads\/2025\/10\/Diehl_HAECO_new_cabin_-e1686045259522.jpg","datePublished":"2025-10-20T12:23:54+00:00","dateModified":"2025-10-20T12:23:56+00:00","author":{"@id":"https:\/\/aeroespacio.com.ar\/#\/schema\/person\/6ed044bb77d2eec9f7615badbe365ffa"},"breadcrumb":{"@id":"https:\/\/aeroespacio.com.ar\/?p=17464#breadcrumb"},"inLanguage":"es-AR","potentialAction":[{"@type":"ReadAction","target":["https:\/\/aeroespacio.com.ar\/?p=17464"]}]},{"@type":"ImageObject","inLanguage":"es-AR","@id":"https:\/\/aeroespacio.com.ar\/?p=17464#primaryimage","url":"https:\/\/aeroespacio.com.ar\/wp-content\/uploads\/2025\/10\/Diehl_HAECO_new_cabin_-e1686045259522.jpg","contentUrl":"https:\/\/aeroespacio.com.ar\/wp-content\/uploads\/2025\/10\/Diehl_HAECO_new_cabin_-e1686045259522.jpg","width":1092,"height":586},{"@type":"BreadcrumbList","@id":"https:\/\/aeroespacio.com.ar\/?p=17464#breadcrumb","itemListElement":[{"@type":"ListItem","position":1,"name":"Inicio","item":"https:\/\/aeroespacio.com.ar\/"},{"@type":"ListItem","position":2,"name":"Una alianza que redefine el futuro de las cabinas de aeronaves"}]},{"@type":"WebSite","@id":"https:\/\/aeroespacio.com.ar\/#website","url":"https:\/\/aeroespacio.com.ar\/","name":"aeroespacio.com.ar","description":"","potentialAction":[{"@type":"SearchAction","target":{"@type":"EntryPoint","urlTemplate":"https:\/\/aeroespacio.com.ar\/?s={search_term_string}"},"query-input":{"@type":"PropertyValueSpecification","valueRequired":true,"valueName":"search_term_string"}}],"inLanguage":"es-AR"},{"@type":"Person","@id":"https:\/\/aeroespacio.com.ar\/#\/schema\/person\/6ed044bb77d2eec9f7615badbe365ffa","name":"Jose Operto","image":{"@type":"ImageObject","inLanguage":"es-AR","@id":"https:\/\/secure.gravatar.com\/avatar\/46c91e2630685531c0b0dd365ca4b4c391e308a6e5811841f817a41623f5da65?s=96&d=mm&r=g","url":"https:\/\/secure.gravatar.com\/avatar\/46c91e2630685531c0b0dd365ca4b4c391e308a6e5811841f817a41623f5da65?s=96&d=mm&r=g","contentUrl":"https:\/\/secure.gravatar.com\/avatar\/46c91e2630685531c0b0dd365ca4b4c391e308a6e5811841f817a41623f5da65?s=96&d=mm&r=g","caption":"Jose Operto"},"url":"https:\/\/aeroespacio.com.ar\/?author=20"}]}},"rttpg_featured_image_url":{"full":["https:\/\/aeroespacio.com.ar\/wp-content\/uploads\/2025\/10\/Diehl_HAECO_new_cabin_-e1686045259522.jpg",1092,586,false],"landscape":["https:\/\/aeroespacio.com.ar\/wp-content\/uploads\/2025\/10\/Diehl_HAECO_new_cabin_-e1686045259522.jpg",1092,586,false],"portraits":["https:\/\/aeroespacio.com.ar\/wp-content\/uploads\/2025\/10\/Diehl_HAECO_new_cabin_-e1686045259522.jpg",1092,586,false],"thumbnail":["https:\/\/aeroespacio.com.ar\/wp-content\/uploads\/2025\/10\/Diehl_HAECO_new_cabin_-e1686045259522-150x150.jpg",150,150,true],"medium":["https:\/\/aeroespacio.com.ar\/wp-content\/uploads\/2025\/10\/Diehl_HAECO_new_cabin_-e1686045259522-300x161.jpg",300,161,true],"large":["https:\/\/aeroespacio.com.ar\/wp-content\/uploads\/2025\/10\/Diehl_HAECO_new_cabin_-e1686045259522-1024x550.jpg",1024,550,true],"1536x1536":["https:\/\/aeroespacio.com.ar\/wp-content\/uploads\/2025\/10\/Diehl_HAECO_new_cabin_-e1686045259522.jpg",1092,586,false],"2048x2048":["https:\/\/aeroespacio.com.ar\/wp-content\/uploads\/2025\/10\/Diehl_HAECO_new_cabin_-e1686045259522.jpg",1092,586,false]},"rttpg_author":{"display_name":"Jose Operto","author_link":"https:\/\/aeroespacio.com.ar\/?author=20"},"rttpg_comment":0,"rttpg_category":"<a href=\"https:\/\/aeroespacio.com.ar\/?cat=1438\" rel=\"category\">Aviaci\u00f3n Comercial<\/a>","rttpg_excerpt":"La empresa Astronics Corporation anunci\u00f3 la compra de B\u00fchler Motor Aviation, un fabricante alem\u00e1n especializado en sistemas de actuaci\u00f3n y [&hellip;]","_links":{"self":[{"href":"https:\/\/aeroespacio.com.ar\/index.php?rest_route=\/wp\/v2\/posts\/17464","targetHints":{"allow":["GET"]}}],"collection":[{"href":"https:\/\/aeroespacio.com.ar\/index.php?rest_route=\/wp\/v2\/posts"}],"about":[{"href":"https:\/\/aeroespacio.com.ar\/index.php?rest_route=\/wp\/v2\/types\/post"}],"author":[{"embeddable":true,"href":"https:\/\/aeroespacio.com.ar\/index.php?rest_route=\/wp\/v2\/users\/20"}],"replies":[{"embeddable":true,"href":"https:\/\/aeroespacio.com.ar\/index.php?rest_route=%2Fwp%2Fv2%2Fcomments&post=17464"}],"version-history":[{"count":1,"href":"https:\/\/aeroespacio.com.ar\/index.php?rest_route=\/wp\/v2\/posts\/17464\/revisions"}],"predecessor-version":[{"id":17466,"href":"https:\/\/aeroespacio.com.ar\/index.php?rest_route=\/wp\/v2\/posts\/17464\/revisions\/17466"}],"wp:featuredmedia":[{"embeddable":true,"href":"https:\/\/aeroespacio.com.ar\/index.php?rest_route=\/wp\/v2\/media\/17465"}],"wp:attachment":[{"href":"https:\/\/aeroespacio.com.ar\/index.php?rest_route=%2Fwp%2Fv2%2Fmedia&parent=17464"}],"wp:term":[{"taxonomy":"category","embeddable":true,"href":"https:\/\/aeroespacio.com.ar\/index.php?rest_route=%2Fwp%2Fv2%2Fcategories&post=17464"},{"taxonomy":"post_tag","embeddable":true,"href":"https:\/\/aeroespacio.com.ar\/index.php?rest_route=%2Fwp%2Fv2%2Ftags&post=17464"}],"curies":[{"name":"wp","href":"https:\/\/api.w.org\/{rel}","templated":true}]}}