{"id":17458,"date":"2025-10-17T11:54:31","date_gmt":"2025-10-17T11:54:31","guid":{"rendered":"http:\/\/192.168.0.98\/?p=17458"},"modified":"2025-10-17T11:54:33","modified_gmt":"2025-10-17T11:54:33","slug":"el-c-390-reemplazara-al-hercules-en-la-fuerza-aerea-sueca","status":"publish","type":"post","link":"https:\/\/aeroespacio.com.ar\/?p=17458","title":{"rendered":"El C-390 reemplazar\u00e1 al Hercules en la Fuerza A\u00e9rea Sueca"},"content":{"rendered":"\n<figure class=\"wp-block-image size-large\"><img fetchpriority=\"high\" decoding=\"async\" width=\"1024\" height=\"724\" src=\"https:\/\/aeroespacio.com.ar\/wp-content\/uploads\/2025\/10\/C-390-NEW-CONTRACT-scaled-1-1024x724.jpg\" alt=\"\" class=\"wp-image-17459\" srcset=\"https:\/\/aeroespacio.com.ar\/wp-content\/uploads\/2025\/10\/C-390-NEW-CONTRACT-scaled-1-1024x724.jpg 1024w, https:\/\/aeroespacio.com.ar\/wp-content\/uploads\/2025\/10\/C-390-NEW-CONTRACT-scaled-1-300x212.jpg 300w, https:\/\/aeroespacio.com.ar\/wp-content\/uploads\/2025\/10\/C-390-NEW-CONTRACT-scaled-1-768x543.jpg 768w, https:\/\/aeroespacio.com.ar\/wp-content\/uploads\/2025\/10\/C-390-NEW-CONTRACT-scaled-1-1536x1086.jpg 1536w, https:\/\/aeroespacio.com.ar\/wp-content\/uploads\/2025\/10\/C-390-NEW-CONTRACT-scaled-1-2048x1448.jpg 2048w\" sizes=\"(max-width: 1024px) 100vw, 1024px\" \/><\/figure>\n\n\n\n<p>El pa\u00eds escandinavo dio un paso decisivo en la modernizaci\u00f3n de su flota de transporte militar al firmar la adquisici\u00f3n de cuatro aviones Embraer C-390 Millennium, en el marco de un acuerdo conjunto con los Pa\u00edses Bajos y Austria. El contrato marca un nuevo cap\u00edtulo en la cooperaci\u00f3n industrial y log\u00edstica entre los tres pa\u00edses.<\/p>\n\n\n\n<p>El C-390 reemplazar\u00e1, de manera progresiva, a los C-130H Hercules de la Fuerza A\u00e9rea Sueca, que est\u00e1n en servicio desde la d\u00e9cada del setenta. Con una capacidad de carga de 26 000 kilos y la posibilidad de operar en pistas cortas o no preparadas, ofrece mayor eficiencia en consumo de combustible, mantenimiento simplificado y avi\u00f3nica de \u00faltima generaci\u00f3n. Algunos de los factores determinantes en la elecci\u00f3n de esta aeronave fueron: su versatilidad para el transporte t\u00e1ctico, el lanzamiento de paracaidistas, las evacuaciones m\u00e9dicas y las misiones humanitarias.<\/p>\n\n\n\n<p>El comandante de la Fuerza A\u00e9rea Sueca, Jonas Wikman, declar\u00f3: \u201cCon el C-390, invertimos en una capacidad probada, moderna y adaptada a nuestras necesidades\u201d. Y agreg\u00f3: \u201cLa cooperaci\u00f3n con Pa\u00edses Bajos y Austria permitir\u00e1 reducir costos y fortalecer la interoperabilidad\u201d. Seg\u00fan el comunicado oficial del Ministerio de Defensa sueco, el primer avi\u00f3n ser\u00e1 entregado a fines de 2027, y las tres unidades restantes llegar\u00e1n antes de 2030.<\/p>\n\n\n\n<p>Por su parte, Embraer celebr\u00f3 el acuerdo como una validaci\u00f3n de su programa de transporte t\u00e1ctico, que tambi\u00e9n fue elegido por Portugal, Hungr\u00eda, los Pa\u00edses Bajos, Austria y Rep\u00fablica Checa. Bosco da Costa Junior, presidente y CEO de Embraer Defense &amp; Security, expres\u00f3 en el comunicado oficial, difundido desde S\u00e3o Jos\u00e9 dos Campos, que \u201cSuecia se une a una comunidad creciente de operadores que reconocen la capacidad del C-390 para redefinir el transporte t\u00e1ctico en el siglo XXI\u201d. El convenio se inscribe dentro del esfuerzo europeo por consolidar compras conjuntas de defensa, con el objetivo de optimizar recursos y aumentar la estandarizaci\u00f3n operativa entre las fuerzas a\u00e9reas del continente. Adem\u00e1s, abre una nueva etapa en la relaci\u00f3n industrial con perspectivas de cooperaci\u00f3n en mantenimiento, capacitaci\u00f3n y soporte t\u00e9cnico dentro del marco del programa multinacional.<\/p>\n\n\n\n<p>La adquisici\u00f3n del C-390 refuerza la tendencia global hacia plataformas polivalentes, capaces de cubrir acciones militares y humanitarias con un mismo dise\u00f1o, como tambi\u00e9n, la apuesta tecnol\u00f3gica estrat\u00e9gica, orientada a mantener su capacidad de respuesta r\u00e1pida en el norte europeo y en operaciones internacionales de la OTAN y de la Uni\u00f3n Europea.<\/p>\n\n\n\n<p>Fuentes: Embraer,&nbsp;Government Offices of Sweden, F\u00f6rsvarsmakten \/ Fotos: F\u00f6rsvarsmakten<\/p>\n","protected":false},"excerpt":{"rendered":"<p>El pa\u00eds escandinavo dio un paso decisivo en la modernizaci\u00f3n de su flota de transporte militar al firmar la adquisici\u00f3n [&hellip;]<\/p>\n","protected":false},"author":20,"featured_media":17459,"comment_status":"open","ping_status":"open","sticky":false,"template":"","format":"standard","meta":{"site-sidebar-layout":"default","site-content-layout":"","ast-site-content-layout":"default","site-content-style":"default","site-sidebar-style":"default","ast-global-header-display":"","ast-banner-title-visibility":"","ast-main-header-display":"","ast-hfb-above-header-display":"","ast-hfb-below-header-display":"","ast-hfb-mobile-header-display":"","site-post-title":"","ast-breadcrumbs-content":"","ast-featured-img":"","footer-sml-layout":"","ast-disable-related-posts":"","theme-transparent-header-meta":"","adv-header-id-meta":"","stick-header-meta":"","header-above-stick-meta":"","header-main-stick-meta":"","header-below-stick-meta":"","astra-migrate-meta-layouts":"default","ast-page-background-enabled":"default","ast-page-background-meta":{"desktop":{"background-color":"var(--ast-global-color-5)","background-image":"","background-repeat":"repeat","background-position":"center center","background-size":"auto","background-attachment":"scroll","background-type":"","background-media":"","overlay-type":"","overlay-color":"","overlay-opacity":"","overlay-gradient":""},"tablet":{"background-color":"","background-image":"","background-repeat":"repeat","background-position":"center center","background-size":"auto","background-attachment":"scroll","background-type":"","background-media":"","overlay-type":"","overlay-color":"","overlay-opacity":"","overlay-gradient":""},"mobile":{"background-color":"","background-image":"","background-repeat":"repeat","background-position":"center center","background-size":"auto","background-attachment":"scroll","background-type":"","background-media":"","overlay-type":"","overlay-color":"","overlay-opacity":"","overlay-gradient":""}},"ast-content-background-meta":{"desktop":{"background-color":"var(--ast-global-color-4)","background-image":"","background-repeat":"repeat","background-position":"center center","background-size":"auto","background-attachment":"scroll","background-type":"","background-media":"","overlay-type":"","overlay-color":"","overlay-opacity":"","overlay-gradient":""},"tablet":{"background-color":"var(--ast-global-color-4)","background-image":"","background-repeat":"repeat","background-position":"center center","background-size":"auto","background-attachment":"scroll","background-type":"","background-media":"","overlay-type":"","overlay-color":"","overlay-opacity":"","overlay-gradient":""},"mobile":{"background-color":"var(--ast-global-color-4)","background-image":"","background-repeat":"repeat","background-position":"center center","background-size":"auto","background-attachment":"scroll","background-type":"","background-media":"","overlay-type":"","overlay-color":"","overlay-opacity":"","overlay-gradient":""}},"_joinchat":[],"footnotes":""},"categories":[1442],"tags":[10,310],"class_list":["post-17458","post","type-post","status-publish","format-standard","has-post-thumbnail","hentry","category-aviacion-militar","tag-aviacion-2","tag-aviacionmilitar-2"],"yoast_head":"<!-- This site is optimized with the Yoast SEO plugin v27.3 - https:\/\/yoast.com\/product\/yoast-seo-wordpress\/ -->\n<title>El C-390 reemplazar\u00e1 al Hercules en la Fuerza A\u00e9rea Sueca - Aeroespacio<\/title>\n<meta name=\"robots\" content=\"index, follow, max-snippet:-1, max-image-preview:large, max-video-preview:-1\" \/>\n<link rel=\"canonical\" href=\"https:\/\/aeroespacio.com.ar\/?p=17458\" \/>\n<meta property=\"og:locale\" content=\"es_ES\" \/>\n<meta property=\"og:type\" content=\"article\" \/>\n<meta property=\"og:title\" content=\"El C-390 reemplazar\u00e1 al Hercules en la Fuerza A\u00e9rea Sueca - Aeroespacio\" \/>\n<meta property=\"og:description\" content=\"El pa\u00eds escandinavo dio un paso decisivo en la modernizaci\u00f3n de su flota de transporte militar al firmar la adquisici\u00f3n [&hellip;]\" \/>\n<meta property=\"og:url\" content=\"https:\/\/aeroespacio.com.ar\/?p=17458\" \/>\n<meta property=\"og:site_name\" content=\"Aeroespacio\" \/>\n<meta property=\"article:published_time\" content=\"2025-10-17T11:54:31+00:00\" \/>\n<meta property=\"article:modified_time\" content=\"2025-10-17T11:54:33+00:00\" \/>\n<meta property=\"og:image\" content=\"https:\/\/aeroespacio.com.ar\/wp-content\/uploads\/2025\/10\/C-390-NEW-CONTRACT-scaled-1.jpg\" \/>\n\t<meta property=\"og:image:width\" content=\"2560\" \/>\n\t<meta property=\"og:image:height\" content=\"1810\" \/>\n\t<meta property=\"og:image:type\" content=\"image\/jpeg\" \/>\n<meta name=\"author\" content=\"Jose Operto\" \/>\n<meta name=\"twitter:card\" content=\"summary_large_image\" \/>\n<meta name=\"twitter:label1\" content=\"Escrito por\" \/>\n\t<meta name=\"twitter:data1\" content=\"Jose Operto\" \/>\n\t<meta name=\"twitter:label2\" content=\"Tiempo de lectura\" \/>\n\t<meta name=\"twitter:data2\" content=\"3 minutos\" \/>\n<script type=\"application\/ld+json\" class=\"yoast-schema-graph\">{\"@context\":\"https:\\\/\\\/schema.org\",\"@graph\":[{\"@type\":\"Article\",\"@id\":\"https:\\\/\\\/aeroespacio.com.ar\\\/?p=17458#article\",\"isPartOf\":{\"@id\":\"https:\\\/\\\/aeroespacio.com.ar\\\/?p=17458\"},\"author\":{\"name\":\"Jose Operto\",\"@id\":\"https:\\\/\\\/aeroespacio.com.ar\\\/#\\\/schema\\\/person\\\/6ed044bb77d2eec9f7615badbe365ffa\"},\"headline\":\"El C-390 reemplazar\u00e1 al Hercules en la Fuerza A\u00e9rea Sueca\",\"datePublished\":\"2025-10-17T11:54:31+00:00\",\"dateModified\":\"2025-10-17T11:54:33+00:00\",\"mainEntityOfPage\":{\"@id\":\"https:\\\/\\\/aeroespacio.com.ar\\\/?p=17458\"},\"wordCount\":459,\"commentCount\":0,\"image\":{\"@id\":\"https:\\\/\\\/aeroespacio.com.ar\\\/?p=17458#primaryimage\"},\"thumbnailUrl\":\"https:\\\/\\\/aeroespacio.com.ar\\\/wp-content\\\/uploads\\\/2025\\\/10\\\/C-390-NEW-CONTRACT-scaled-1.jpg\",\"keywords\":[\"#aviacion\",\"#aviacionmilitar\"],\"articleSection\":[\"Aviaci\u00f3n Militar\"],\"inLanguage\":\"es-AR\",\"potentialAction\":[{\"@type\":\"CommentAction\",\"name\":\"Comment\",\"target\":[\"https:\\\/\\\/aeroespacio.com.ar\\\/?p=17458#respond\"]}]},{\"@type\":\"WebPage\",\"@id\":\"https:\\\/\\\/aeroespacio.com.ar\\\/?p=17458\",\"url\":\"https:\\\/\\\/aeroespacio.com.ar\\\/?p=17458\",\"name\":\"El C-390 reemplazar\u00e1 al Hercules en la Fuerza A\u00e9rea Sueca - Aeroespacio\",\"isPartOf\":{\"@id\":\"https:\\\/\\\/aeroespacio.com.ar\\\/#website\"},\"primaryImageOfPage\":{\"@id\":\"https:\\\/\\\/aeroespacio.com.ar\\\/?p=17458#primaryimage\"},\"image\":{\"@id\":\"https:\\\/\\\/aeroespacio.com.ar\\\/?p=17458#primaryimage\"},\"thumbnailUrl\":\"https:\\\/\\\/aeroespacio.com.ar\\\/wp-content\\\/uploads\\\/2025\\\/10\\\/C-390-NEW-CONTRACT-scaled-1.jpg\",\"datePublished\":\"2025-10-17T11:54:31+00:00\",\"dateModified\":\"2025-10-17T11:54:33+00:00\",\"author\":{\"@id\":\"https:\\\/\\\/aeroespacio.com.ar\\\/#\\\/schema\\\/person\\\/6ed044bb77d2eec9f7615badbe365ffa\"},\"breadcrumb\":{\"@id\":\"https:\\\/\\\/aeroespacio.com.ar\\\/?p=17458#breadcrumb\"},\"inLanguage\":\"es-AR\",\"potentialAction\":[{\"@type\":\"ReadAction\",\"target\":[\"https:\\\/\\\/aeroespacio.com.ar\\\/?p=17458\"]}]},{\"@type\":\"ImageObject\",\"inLanguage\":\"es-AR\",\"@id\":\"https:\\\/\\\/aeroespacio.com.ar\\\/?p=17458#primaryimage\",\"url\":\"https:\\\/\\\/aeroespacio.com.ar\\\/wp-content\\\/uploads\\\/2025\\\/10\\\/C-390-NEW-CONTRACT-scaled-1.jpg\",\"contentUrl\":\"https:\\\/\\\/aeroespacio.com.ar\\\/wp-content\\\/uploads\\\/2025\\\/10\\\/C-390-NEW-CONTRACT-scaled-1.jpg\",\"width\":2560,\"height\":1810},{\"@type\":\"BreadcrumbList\",\"@id\":\"https:\\\/\\\/aeroespacio.com.ar\\\/?p=17458#breadcrumb\",\"itemListElement\":[{\"@type\":\"ListItem\",\"position\":1,\"name\":\"Inicio\",\"item\":\"https:\\\/\\\/aeroespacio.com.ar\\\/\"},{\"@type\":\"ListItem\",\"position\":2,\"name\":\"El C-390 reemplazar\u00e1 al Hercules en la Fuerza A\u00e9rea Sueca\"}]},{\"@type\":\"WebSite\",\"@id\":\"https:\\\/\\\/aeroespacio.com.ar\\\/#website\",\"url\":\"https:\\\/\\\/aeroespacio.com.ar\\\/\",\"name\":\"aeroespacio.com.ar\",\"description\":\"\",\"potentialAction\":[{\"@type\":\"SearchAction\",\"target\":{\"@type\":\"EntryPoint\",\"urlTemplate\":\"https:\\\/\\\/aeroespacio.com.ar\\\/?s={search_term_string}\"},\"query-input\":{\"@type\":\"PropertyValueSpecification\",\"valueRequired\":true,\"valueName\":\"search_term_string\"}}],\"inLanguage\":\"es-AR\"},{\"@type\":\"Person\",\"@id\":\"https:\\\/\\\/aeroespacio.com.ar\\\/#\\\/schema\\\/person\\\/6ed044bb77d2eec9f7615badbe365ffa\",\"name\":\"Jose Operto\",\"image\":{\"@type\":\"ImageObject\",\"inLanguage\":\"es-AR\",\"@id\":\"https:\\\/\\\/secure.gravatar.com\\\/avatar\\\/46c91e2630685531c0b0dd365ca4b4c391e308a6e5811841f817a41623f5da65?s=96&d=mm&r=g\",\"url\":\"https:\\\/\\\/secure.gravatar.com\\\/avatar\\\/46c91e2630685531c0b0dd365ca4b4c391e308a6e5811841f817a41623f5da65?s=96&d=mm&r=g\",\"contentUrl\":\"https:\\\/\\\/secure.gravatar.com\\\/avatar\\\/46c91e2630685531c0b0dd365ca4b4c391e308a6e5811841f817a41623f5da65?s=96&d=mm&r=g\",\"caption\":\"Jose Operto\"},\"url\":\"https:\\\/\\\/aeroespacio.com.ar\\\/?author=20\"}]}<\/script>\n<!-- \/ Yoast SEO plugin. -->","yoast_head_json":{"title":"El C-390 reemplazar\u00e1 al Hercules en la Fuerza A\u00e9rea Sueca - Aeroespacio","robots":{"index":"index","follow":"follow","max-snippet":"max-snippet:-1","max-image-preview":"max-image-preview:large","max-video-preview":"max-video-preview:-1"},"canonical":"https:\/\/aeroespacio.com.ar\/?p=17458","og_locale":"es_ES","og_type":"article","og_title":"El C-390 reemplazar\u00e1 al Hercules en la Fuerza A\u00e9rea Sueca - Aeroespacio","og_description":"El pa\u00eds escandinavo dio un paso decisivo en la modernizaci\u00f3n de su flota de transporte militar al firmar la adquisici\u00f3n [&hellip;]","og_url":"https:\/\/aeroespacio.com.ar\/?p=17458","og_site_name":"Aeroespacio","article_published_time":"2025-10-17T11:54:31+00:00","article_modified_time":"2025-10-17T11:54:33+00:00","og_image":[{"width":2560,"height":1810,"url":"https:\/\/aeroespacio.com.ar\/wp-content\/uploads\/2025\/10\/C-390-NEW-CONTRACT-scaled-1.jpg","type":"image\/jpeg"}],"author":"Jose Operto","twitter_card":"summary_large_image","twitter_misc":{"Escrito por":"Jose Operto","Tiempo de lectura":"3 minutos"},"schema":{"@context":"https:\/\/schema.org","@graph":[{"@type":"Article","@id":"https:\/\/aeroespacio.com.ar\/?p=17458#article","isPartOf":{"@id":"https:\/\/aeroespacio.com.ar\/?p=17458"},"author":{"name":"Jose Operto","@id":"https:\/\/aeroespacio.com.ar\/#\/schema\/person\/6ed044bb77d2eec9f7615badbe365ffa"},"headline":"El C-390 reemplazar\u00e1 al Hercules en la Fuerza A\u00e9rea Sueca","datePublished":"2025-10-17T11:54:31+00:00","dateModified":"2025-10-17T11:54:33+00:00","mainEntityOfPage":{"@id":"https:\/\/aeroespacio.com.ar\/?p=17458"},"wordCount":459,"commentCount":0,"image":{"@id":"https:\/\/aeroespacio.com.ar\/?p=17458#primaryimage"},"thumbnailUrl":"https:\/\/aeroespacio.com.ar\/wp-content\/uploads\/2025\/10\/C-390-NEW-CONTRACT-scaled-1.jpg","keywords":["#aviacion","#aviacionmilitar"],"articleSection":["Aviaci\u00f3n Militar"],"inLanguage":"es-AR","potentialAction":[{"@type":"CommentAction","name":"Comment","target":["https:\/\/aeroespacio.com.ar\/?p=17458#respond"]}]},{"@type":"WebPage","@id":"https:\/\/aeroespacio.com.ar\/?p=17458","url":"https:\/\/aeroespacio.com.ar\/?p=17458","name":"El C-390 reemplazar\u00e1 al Hercules en la Fuerza A\u00e9rea Sueca - Aeroespacio","isPartOf":{"@id":"https:\/\/aeroespacio.com.ar\/#website"},"primaryImageOfPage":{"@id":"https:\/\/aeroespacio.com.ar\/?p=17458#primaryimage"},"image":{"@id":"https:\/\/aeroespacio.com.ar\/?p=17458#primaryimage"},"thumbnailUrl":"https:\/\/aeroespacio.com.ar\/wp-content\/uploads\/2025\/10\/C-390-NEW-CONTRACT-scaled-1.jpg","datePublished":"2025-10-17T11:54:31+00:00","dateModified":"2025-10-17T11:54:33+00:00","author":{"@id":"https:\/\/aeroespacio.com.ar\/#\/schema\/person\/6ed044bb77d2eec9f7615badbe365ffa"},"breadcrumb":{"@id":"https:\/\/aeroespacio.com.ar\/?p=17458#breadcrumb"},"inLanguage":"es-AR","potentialAction":[{"@type":"ReadAction","target":["https:\/\/aeroespacio.com.ar\/?p=17458"]}]},{"@type":"ImageObject","inLanguage":"es-AR","@id":"https:\/\/aeroespacio.com.ar\/?p=17458#primaryimage","url":"https:\/\/aeroespacio.com.ar\/wp-content\/uploads\/2025\/10\/C-390-NEW-CONTRACT-scaled-1.jpg","contentUrl":"https:\/\/aeroespacio.com.ar\/wp-content\/uploads\/2025\/10\/C-390-NEW-CONTRACT-scaled-1.jpg","width":2560,"height":1810},{"@type":"BreadcrumbList","@id":"https:\/\/aeroespacio.com.ar\/?p=17458#breadcrumb","itemListElement":[{"@type":"ListItem","position":1,"name":"Inicio","item":"https:\/\/aeroespacio.com.ar\/"},{"@type":"ListItem","position":2,"name":"El C-390 reemplazar\u00e1 al Hercules en la Fuerza A\u00e9rea Sueca"}]},{"@type":"WebSite","@id":"https:\/\/aeroespacio.com.ar\/#website","url":"https:\/\/aeroespacio.com.ar\/","name":"aeroespacio.com.ar","description":"","potentialAction":[{"@type":"SearchAction","target":{"@type":"EntryPoint","urlTemplate":"https:\/\/aeroespacio.com.ar\/?s={search_term_string}"},"query-input":{"@type":"PropertyValueSpecification","valueRequired":true,"valueName":"search_term_string"}}],"inLanguage":"es-AR"},{"@type":"Person","@id":"https:\/\/aeroespacio.com.ar\/#\/schema\/person\/6ed044bb77d2eec9f7615badbe365ffa","name":"Jose Operto","image":{"@type":"ImageObject","inLanguage":"es-AR","@id":"https:\/\/secure.gravatar.com\/avatar\/46c91e2630685531c0b0dd365ca4b4c391e308a6e5811841f817a41623f5da65?s=96&d=mm&r=g","url":"https:\/\/secure.gravatar.com\/avatar\/46c91e2630685531c0b0dd365ca4b4c391e308a6e5811841f817a41623f5da65?s=96&d=mm&r=g","contentUrl":"https:\/\/secure.gravatar.com\/avatar\/46c91e2630685531c0b0dd365ca4b4c391e308a6e5811841f817a41623f5da65?s=96&d=mm&r=g","caption":"Jose Operto"},"url":"https:\/\/aeroespacio.com.ar\/?author=20"}]}},"rttpg_featured_image_url":{"full":["https:\/\/aeroespacio.com.ar\/wp-content\/uploads\/2025\/10\/C-390-NEW-CONTRACT-scaled-1.jpg",2560,1810,false],"landscape":["https:\/\/aeroespacio.com.ar\/wp-content\/uploads\/2025\/10\/C-390-NEW-CONTRACT-scaled-1.jpg",2560,1810,false],"portraits":["https:\/\/aeroespacio.com.ar\/wp-content\/uploads\/2025\/10\/C-390-NEW-CONTRACT-scaled-1.jpg",2560,1810,false],"thumbnail":["https:\/\/aeroespacio.com.ar\/wp-content\/uploads\/2025\/10\/C-390-NEW-CONTRACT-scaled-1-150x150.jpg",150,150,true],"medium":["https:\/\/aeroespacio.com.ar\/wp-content\/uploads\/2025\/10\/C-390-NEW-CONTRACT-scaled-1-300x212.jpg",300,212,true],"large":["https:\/\/aeroespacio.com.ar\/wp-content\/uploads\/2025\/10\/C-390-NEW-CONTRACT-scaled-1-1024x724.jpg",1024,724,true],"1536x1536":["https:\/\/aeroespacio.com.ar\/wp-content\/uploads\/2025\/10\/C-390-NEW-CONTRACT-scaled-1-1536x1086.jpg",1536,1086,true],"2048x2048":["https:\/\/aeroespacio.com.ar\/wp-content\/uploads\/2025\/10\/C-390-NEW-CONTRACT-scaled-1-2048x1448.jpg",2048,1448,true]},"rttpg_author":{"display_name":"Jose Operto","author_link":"https:\/\/aeroespacio.com.ar\/?author=20"},"rttpg_comment":0,"rttpg_category":"<a href=\"https:\/\/aeroespacio.com.ar\/?cat=1442\" rel=\"category\">Aviaci\u00f3n Militar<\/a>","rttpg_excerpt":"El pa\u00eds escandinavo dio un paso decisivo en la modernizaci\u00f3n de su flota de transporte militar al firmar la adquisici\u00f3n [&hellip;]","_links":{"self":[{"href":"https:\/\/aeroespacio.com.ar\/index.php?rest_route=\/wp\/v2\/posts\/17458","targetHints":{"allow":["GET"]}}],"collection":[{"href":"https:\/\/aeroespacio.com.ar\/index.php?rest_route=\/wp\/v2\/posts"}],"about":[{"href":"https:\/\/aeroespacio.com.ar\/index.php?rest_route=\/wp\/v2\/types\/post"}],"author":[{"embeddable":true,"href":"https:\/\/aeroespacio.com.ar\/index.php?rest_route=\/wp\/v2\/users\/20"}],"replies":[{"embeddable":true,"href":"https:\/\/aeroespacio.com.ar\/index.php?rest_route=%2Fwp%2Fv2%2Fcomments&post=17458"}],"version-history":[{"count":1,"href":"https:\/\/aeroespacio.com.ar\/index.php?rest_route=\/wp\/v2\/posts\/17458\/revisions"}],"predecessor-version":[{"id":17460,"href":"https:\/\/aeroespacio.com.ar\/index.php?rest_route=\/wp\/v2\/posts\/17458\/revisions\/17460"}],"wp:featuredmedia":[{"embeddable":true,"href":"https:\/\/aeroespacio.com.ar\/index.php?rest_route=\/wp\/v2\/media\/17459"}],"wp:attachment":[{"href":"https:\/\/aeroespacio.com.ar\/index.php?rest_route=%2Fwp%2Fv2%2Fmedia&parent=17458"}],"wp:term":[{"taxonomy":"category","embeddable":true,"href":"https:\/\/aeroespacio.com.ar\/index.php?rest_route=%2Fwp%2Fv2%2Fcategories&post=17458"},{"taxonomy":"post_tag","embeddable":true,"href":"https:\/\/aeroespacio.com.ar\/index.php?rest_route=%2Fwp%2Fv2%2Ftags&post=17458"}],"curies":[{"name":"wp","href":"https:\/\/api.w.org\/{rel}","templated":true}]}}