{"id":17436,"date":"2025-10-08T14:08:08","date_gmt":"2025-10-08T14:08:08","guid":{"rendered":"http:\/\/192.168.0.98\/?p=17436"},"modified":"2025-10-08T14:08:10","modified_gmt":"2025-10-08T14:08:10","slug":"prefectura-recupera-una-aeronave","status":"publish","type":"post","link":"https:\/\/aeroespacio.com.ar\/?p=17436","title":{"rendered":"Prefectura recupera una aeronave"},"content":{"rendered":"\n<p>El mi\u00e9rcoles 1 de octubre, la Prefectura Naval Argentina (PNA) present\u00f3, en la sede del Servicio de Aviaci\u00f3n, ubicada en el Aeropuerto de San Fernando, el CASA C-212, matr\u00edcula PA-62, que fue recuperado, modernizado y equipado con tecnolog\u00eda de \u00faltima generaci\u00f3n, con el fin de reforzar el control soberano en la milla 200. <\/p>\n\n\n\n<figure class=\"wp-block-image size-full\"><img fetchpriority=\"high\" decoding=\"async\" width=\"568\" height=\"426\" src=\"https:\/\/aeroespacio.com.ar\/wp-content\/uploads\/2025\/10\/1000080080.jpg\" alt=\"\" class=\"wp-image-17437\" srcset=\"https:\/\/aeroespacio.com.ar\/wp-content\/uploads\/2025\/10\/1000080080.jpg 568w, https:\/\/aeroespacio.com.ar\/wp-content\/uploads\/2025\/10\/1000080080-300x225.jpg 300w\" sizes=\"(max-width: 568px) 100vw, 568px\" \/><\/figure>\n\n\n\n<p>La ceremonia estuvo encabezada por la ministra de Seguridad Nacional, Patricia Bullrich, junto al prefecto nacional naval, prefecto general Guillermo Gim\u00e9nez P\u00e9rez, quienes fueron acompa\u00f1ados por la secretaria de Seguridad Nacional, Mg. Alejandra Monteoliva; el subprefecto nacional naval, prefecto general Alejandro Annichini; altas autoridades de la PNA e invitados especiales.<\/p>\n\n\n\n<p>Quien tom\u00f3 la palabra fue el jefe del Servicio de Aviaci\u00f3n de la PNA, el prefecto mayor Cristian Sarasua, el cual destac\u00f3 la importancia de modernizar la flota de aeronaves de la Fuerza: &#8220;Su trayectoria es testimonio de la dotaci\u00f3n de servicio, de profesionalismo de nuestros hombres y mujeres, y de la importancia de contar con medios confiables para garantizar la seguridad en nuestras aguas y costas. Hoy celebramos no solo su historia, sino tambi\u00e9n la innovaci\u00f3n integral&#8221;.<\/p>\n\n\n\n<figure class=\"wp-block-image size-large\"><img decoding=\"async\" width=\"1024\" height=\"682\" src=\"https:\/\/aeroespacio.com.ar\/wp-content\/uploads\/2025\/10\/1000082336-1024x682.jpg\" alt=\"\" class=\"wp-image-17438\" srcset=\"https:\/\/aeroespacio.com.ar\/wp-content\/uploads\/2025\/10\/1000082336-1024x682.jpg 1024w, https:\/\/aeroespacio.com.ar\/wp-content\/uploads\/2025\/10\/1000082336-300x200.jpg 300w, https:\/\/aeroespacio.com.ar\/wp-content\/uploads\/2025\/10\/1000082336-768x512.jpg 768w, https:\/\/aeroespacio.com.ar\/wp-content\/uploads\/2025\/10\/1000082336-1536x1023.jpg 1536w, https:\/\/aeroespacio.com.ar\/wp-content\/uploads\/2025\/10\/1000082336.jpg 1600w\" sizes=\"(max-width: 1024px) 100vw, 1024px\" \/><\/figure>\n\n\n\n<p>Luego de sus palabras, se procedi\u00f3 a la lectura de la disposici\u00f3n de bautismo y madrinazgo de la aeronave bajo el nombre de \u201cVirgen del Rosario de San Nicol\u00e1s\u201d, hecho que marc\u00f3 su reingreso al servicio.<\/p>\n\n\n\n<p>Por su parte, la ministra Bullrich subray\u00f3 la labor que lleva adelante el sistema de armas CASA C-212 y todas aquellas que protegen los espacios mar\u00edtimos y los recursos de la naci\u00f3n: &#8220;Para nosotros recuperar el avi\u00f3n es muy importante y nos va a permitir la protecci\u00f3n de nuestros recursos naturales. Adem\u00e1s, nos ayudar\u00e1 a combatir a aquellos que quieran invadir nuestro territorio, a aquellos delincuentes que quieren hacer de la Argentina una guerra de sangre y no de paz; adem\u00e1s de, por supuesto, poder salvar vidas&#8221;.<\/p>\n\n\n\n<p>El acto culmin\u00f3 con una diana de gloria interpretada por la Banda de M\u00fasica de la instituci\u00f3n y un recorrido de las autoridades por el avi\u00f3n modernizado.<\/p>\n\n\n\n<figure class=\"wp-block-image size-large\"><img decoding=\"async\" width=\"1024\" height=\"682\" src=\"https:\/\/aeroespacio.com.ar\/wp-content\/uploads\/2025\/10\/1000082337-1024x682.jpg\" alt=\"\" class=\"wp-image-17439\" srcset=\"https:\/\/aeroespacio.com.ar\/wp-content\/uploads\/2025\/10\/1000082337-1024x682.jpg 1024w, https:\/\/aeroespacio.com.ar\/wp-content\/uploads\/2025\/10\/1000082337-300x200.jpg 300w, https:\/\/aeroespacio.com.ar\/wp-content\/uploads\/2025\/10\/1000082337-768x512.jpg 768w, https:\/\/aeroespacio.com.ar\/wp-content\/uploads\/2025\/10\/1000082337-1536x1023.jpg 1536w, https:\/\/aeroespacio.com.ar\/wp-content\/uploads\/2025\/10\/1000082337.jpg 1600w\" sizes=\"(max-width: 1024px) 100vw, 1024px\" \/><\/figure>\n\n\n\n<p>Acerca de la aeronave<\/p>\n\n\n\n<p>El CASA C-212M-300 PA-62 (n.\u00ba\/serie A68-2-383), vol\u00f3 por primera vez el 20 de septiembre de 1988, y fue incorporado por la PNA a la Escuadrilla de Alas Fijas (EAF) en diciembre de ese a\u00f1o. Desde sus inicios, fue utilizada para tareas de patrullaje mar\u00edtimo y transporte de carga. <\/p>\n\n\n\n<p>Los CASA C-212 de la PNA cuentan con grandes prestaciones para realizar misiones de B\u00fasqueda y Rescate (SAR). Al ser una aeronave de ala alta, su maniobrabilidad a baja cota le permite a su tripulaci\u00f3n observar, de forma detallada, los alrededores, lo que resulta indispensable en caso de extrav\u00edo de personas, kayaks o cualquier elemento que no pueda ser detectado por el radar. <\/p>\n\n\n\n<p>En cuanto a su autonom\u00eda, posee tanques subalares que le garantizan ocho horas de vuelo y 1200 millas de recorrido. El radar de este tipo de aeronaves es utilizado mayormente para la detecci\u00f3n de embarcaciones extranjeras que se encuentran dentro de la Zona Econ\u00f3mica Exclusiva.<\/p>\n\n\n\n<p>Luego de dos a\u00f1os hangarado y fuera de servicio, el PA-62 fue modernizado con nuevos sistemas de navegaci\u00f3n, que incluyen cabina digital Garmin 700, radar mejorado, estructura recorrida e interior mejorado.<\/p>\n\n\n\n<p>Como en su momento adelant\u00f3 a aeroespacio el exjefe del Servicio de Aviaci\u00f3n, prefecto mayor Leonardo Romero (ver edici\u00f3n #643), la modernizaci\u00f3n era necesaria, dado que se trata de una aeronave con m\u00e1s de 30 a\u00f1os de servicio que oper\u00f3, hasta su salida, con sistemas anal\u00f3gicos anticuados que no cumpl\u00edan los est\u00e1ndares de seguridad operacional requeridos. <\/p>\n\n\n\n<p>Estas actualizaciones har\u00e1n que el PA-62 extienda su vida \u00fatil por lo menos 15 a\u00f1os m\u00e1s, dado que sus c\u00e9lulas a\u00fan se encuentran en buenas condiciones. <\/p>\n\n\n\n<p>Fuente: Prefectura Naval Argentina &amp; aeroespacio #643 Fotos: Ministerio de Seguridad\/Prefectura Naval Argentina<\/p>\n\n\n\n<p><\/p>\n","protected":false},"excerpt":{"rendered":"<p>El mi\u00e9rcoles 1 de octubre, la Prefectura Naval Argentina (PNA) present\u00f3, en la sede del Servicio de Aviaci\u00f3n, ubicada en [&hellip;]<\/p>\n","protected":false},"author":20,"featured_media":17437,"comment_status":"open","ping_status":"open","sticky":false,"template":"","format":"standard","meta":{"site-sidebar-layout":"default","site-content-layout":"","ast-site-content-layout":"default","site-content-style":"default","site-sidebar-style":"default","ast-global-header-display":"","ast-banner-title-visibility":"","ast-main-header-display":"","ast-hfb-above-header-display":"","ast-hfb-below-header-display":"","ast-hfb-mobile-header-display":"","site-post-title":"","ast-breadcrumbs-content":"","ast-featured-img":"","footer-sml-layout":"","ast-disable-related-posts":"","theme-transparent-header-meta":"","adv-header-id-meta":"","stick-header-meta":"","header-above-stick-meta":"","header-main-stick-meta":"","header-below-stick-meta":"","astra-migrate-meta-layouts":"default","ast-page-background-enabled":"default","ast-page-background-meta":{"desktop":{"background-color":"var(--ast-global-color-5)","background-image":"","background-repeat":"repeat","background-position":"center center","background-size":"auto","background-attachment":"scroll","background-type":"","background-media":"","overlay-type":"","overlay-color":"","overlay-opacity":"","overlay-gradient":""},"tablet":{"background-color":"","background-image":"","background-repeat":"repeat","background-position":"center center","background-size":"auto","background-attachment":"scroll","background-type":"","background-media":"","overlay-type":"","overlay-color":"","overlay-opacity":"","overlay-gradient":""},"mobile":{"background-color":"","background-image":"","background-repeat":"repeat","background-position":"center center","background-size":"auto","background-attachment":"scroll","background-type":"","background-media":"","overlay-type":"","overlay-color":"","overlay-opacity":"","overlay-gradient":""}},"ast-content-background-meta":{"desktop":{"background-color":"var(--ast-global-color-4)","background-image":"","background-repeat":"repeat","background-position":"center center","background-size":"auto","background-attachment":"scroll","background-type":"","background-media":"","overlay-type":"","overlay-color":"","overlay-opacity":"","overlay-gradient":""},"tablet":{"background-color":"var(--ast-global-color-4)","background-image":"","background-repeat":"repeat","background-position":"center center","background-size":"auto","background-attachment":"scroll","background-type":"","background-media":"","overlay-type":"","overlay-color":"","overlay-opacity":"","overlay-gradient":""},"mobile":{"background-color":"var(--ast-global-color-4)","background-image":"","background-repeat":"repeat","background-position":"center center","background-size":"auto","background-attachment":"scroll","background-type":"","background-media":"","overlay-type":"","overlay-color":"","overlay-opacity":"","overlay-gradient":""}},"_joinchat":[],"footnotes":""},"categories":[1442],"tags":[10,310,580,563],"class_list":["post-17436","post","type-post","status-publish","format-standard","has-post-thumbnail","hentry","category-aviacion-militar","tag-aviacion-2","tag-aviacionmilitar-2","tag-faa-2","tag-fuerzaaereaargentina-3"],"yoast_head":"<!-- This site is optimized with the Yoast SEO plugin v27.3 - https:\/\/yoast.com\/product\/yoast-seo-wordpress\/ -->\n<title>Prefectura recupera una aeronave - Aeroespacio<\/title>\n<meta name=\"robots\" content=\"index, follow, max-snippet:-1, max-image-preview:large, max-video-preview:-1\" \/>\n<link rel=\"canonical\" href=\"https:\/\/aeroespacio.com.ar\/?p=17436\" \/>\n<meta property=\"og:locale\" content=\"es_ES\" \/>\n<meta property=\"og:type\" content=\"article\" \/>\n<meta property=\"og:title\" content=\"Prefectura recupera una aeronave - Aeroespacio\" \/>\n<meta property=\"og:description\" content=\"El mi\u00e9rcoles 1 de octubre, la Prefectura Naval Argentina (PNA) present\u00f3, en la sede del Servicio de Aviaci\u00f3n, ubicada en [&hellip;]\" \/>\n<meta property=\"og:url\" content=\"https:\/\/aeroespacio.com.ar\/?p=17436\" \/>\n<meta property=\"og:site_name\" content=\"Aeroespacio\" \/>\n<meta property=\"article:published_time\" content=\"2025-10-08T14:08:08+00:00\" \/>\n<meta property=\"article:modified_time\" content=\"2025-10-08T14:08:10+00:00\" \/>\n<meta property=\"og:image\" content=\"https:\/\/aeroespacio.com.ar\/wp-content\/uploads\/2025\/10\/1000080080.jpg\" \/>\n\t<meta property=\"og:image:width\" content=\"568\" \/>\n\t<meta property=\"og:image:height\" content=\"426\" \/>\n\t<meta property=\"og:image:type\" content=\"image\/jpeg\" \/>\n<meta name=\"author\" content=\"Jose Operto\" \/>\n<meta name=\"twitter:card\" content=\"summary_large_image\" \/>\n<meta name=\"twitter:label1\" content=\"Escrito por\" \/>\n\t<meta name=\"twitter:data1\" content=\"Jose Operto\" \/>\n\t<meta name=\"twitter:label2\" content=\"Tiempo de lectura\" \/>\n\t<meta name=\"twitter:data2\" content=\"4 minutos\" \/>\n<script type=\"application\/ld+json\" class=\"yoast-schema-graph\">{\"@context\":\"https:\\\/\\\/schema.org\",\"@graph\":[{\"@type\":\"Article\",\"@id\":\"https:\\\/\\\/aeroespacio.com.ar\\\/?p=17436#article\",\"isPartOf\":{\"@id\":\"https:\\\/\\\/aeroespacio.com.ar\\\/?p=17436\"},\"author\":{\"name\":\"Jose Operto\",\"@id\":\"https:\\\/\\\/aeroespacio.com.ar\\\/#\\\/schema\\\/person\\\/6ed044bb77d2eec9f7615badbe365ffa\"},\"headline\":\"Prefectura recupera una aeronave\",\"datePublished\":\"2025-10-08T14:08:08+00:00\",\"dateModified\":\"2025-10-08T14:08:10+00:00\",\"mainEntityOfPage\":{\"@id\":\"https:\\\/\\\/aeroespacio.com.ar\\\/?p=17436\"},\"wordCount\":662,\"commentCount\":0,\"image\":{\"@id\":\"https:\\\/\\\/aeroespacio.com.ar\\\/?p=17436#primaryimage\"},\"thumbnailUrl\":\"https:\\\/\\\/aeroespacio.com.ar\\\/wp-content\\\/uploads\\\/2025\\\/10\\\/1000080080.jpg\",\"keywords\":[\"#aviacion\",\"#aviacionmilitar\",\"#FAA\",\"#FuerzaAereaArgentina\"],\"articleSection\":[\"Aviaci\u00f3n Militar\"],\"inLanguage\":\"es-AR\",\"potentialAction\":[{\"@type\":\"CommentAction\",\"name\":\"Comment\",\"target\":[\"https:\\\/\\\/aeroespacio.com.ar\\\/?p=17436#respond\"]}]},{\"@type\":\"WebPage\",\"@id\":\"https:\\\/\\\/aeroespacio.com.ar\\\/?p=17436\",\"url\":\"https:\\\/\\\/aeroespacio.com.ar\\\/?p=17436\",\"name\":\"Prefectura recupera una aeronave - Aeroespacio\",\"isPartOf\":{\"@id\":\"https:\\\/\\\/aeroespacio.com.ar\\\/#website\"},\"primaryImageOfPage\":{\"@id\":\"https:\\\/\\\/aeroespacio.com.ar\\\/?p=17436#primaryimage\"},\"image\":{\"@id\":\"https:\\\/\\\/aeroespacio.com.ar\\\/?p=17436#primaryimage\"},\"thumbnailUrl\":\"https:\\\/\\\/aeroespacio.com.ar\\\/wp-content\\\/uploads\\\/2025\\\/10\\\/1000080080.jpg\",\"datePublished\":\"2025-10-08T14:08:08+00:00\",\"dateModified\":\"2025-10-08T14:08:10+00:00\",\"author\":{\"@id\":\"https:\\\/\\\/aeroespacio.com.ar\\\/#\\\/schema\\\/person\\\/6ed044bb77d2eec9f7615badbe365ffa\"},\"breadcrumb\":{\"@id\":\"https:\\\/\\\/aeroespacio.com.ar\\\/?p=17436#breadcrumb\"},\"inLanguage\":\"es-AR\",\"potentialAction\":[{\"@type\":\"ReadAction\",\"target\":[\"https:\\\/\\\/aeroespacio.com.ar\\\/?p=17436\"]}]},{\"@type\":\"ImageObject\",\"inLanguage\":\"es-AR\",\"@id\":\"https:\\\/\\\/aeroespacio.com.ar\\\/?p=17436#primaryimage\",\"url\":\"https:\\\/\\\/aeroespacio.com.ar\\\/wp-content\\\/uploads\\\/2025\\\/10\\\/1000080080.jpg\",\"contentUrl\":\"https:\\\/\\\/aeroespacio.com.ar\\\/wp-content\\\/uploads\\\/2025\\\/10\\\/1000080080.jpg\",\"width\":568,\"height\":426},{\"@type\":\"BreadcrumbList\",\"@id\":\"https:\\\/\\\/aeroespacio.com.ar\\\/?p=17436#breadcrumb\",\"itemListElement\":[{\"@type\":\"ListItem\",\"position\":1,\"name\":\"Inicio\",\"item\":\"https:\\\/\\\/aeroespacio.com.ar\\\/\"},{\"@type\":\"ListItem\",\"position\":2,\"name\":\"Prefectura recupera una aeronave\"}]},{\"@type\":\"WebSite\",\"@id\":\"https:\\\/\\\/aeroespacio.com.ar\\\/#website\",\"url\":\"https:\\\/\\\/aeroespacio.com.ar\\\/\",\"name\":\"aeroespacio.com.ar\",\"description\":\"\",\"potentialAction\":[{\"@type\":\"SearchAction\",\"target\":{\"@type\":\"EntryPoint\",\"urlTemplate\":\"https:\\\/\\\/aeroespacio.com.ar\\\/?s={search_term_string}\"},\"query-input\":{\"@type\":\"PropertyValueSpecification\",\"valueRequired\":true,\"valueName\":\"search_term_string\"}}],\"inLanguage\":\"es-AR\"},{\"@type\":\"Person\",\"@id\":\"https:\\\/\\\/aeroespacio.com.ar\\\/#\\\/schema\\\/person\\\/6ed044bb77d2eec9f7615badbe365ffa\",\"name\":\"Jose Operto\",\"image\":{\"@type\":\"ImageObject\",\"inLanguage\":\"es-AR\",\"@id\":\"https:\\\/\\\/secure.gravatar.com\\\/avatar\\\/46c91e2630685531c0b0dd365ca4b4c391e308a6e5811841f817a41623f5da65?s=96&d=mm&r=g\",\"url\":\"https:\\\/\\\/secure.gravatar.com\\\/avatar\\\/46c91e2630685531c0b0dd365ca4b4c391e308a6e5811841f817a41623f5da65?s=96&d=mm&r=g\",\"contentUrl\":\"https:\\\/\\\/secure.gravatar.com\\\/avatar\\\/46c91e2630685531c0b0dd365ca4b4c391e308a6e5811841f817a41623f5da65?s=96&d=mm&r=g\",\"caption\":\"Jose Operto\"},\"url\":\"https:\\\/\\\/aeroespacio.com.ar\\\/?author=20\"}]}<\/script>\n<!-- \/ Yoast SEO plugin. -->","yoast_head_json":{"title":"Prefectura recupera una aeronave - Aeroespacio","robots":{"index":"index","follow":"follow","max-snippet":"max-snippet:-1","max-image-preview":"max-image-preview:large","max-video-preview":"max-video-preview:-1"},"canonical":"https:\/\/aeroespacio.com.ar\/?p=17436","og_locale":"es_ES","og_type":"article","og_title":"Prefectura recupera una aeronave - Aeroespacio","og_description":"El mi\u00e9rcoles 1 de octubre, la Prefectura Naval Argentina (PNA) present\u00f3, en la sede del Servicio de Aviaci\u00f3n, ubicada en [&hellip;]","og_url":"https:\/\/aeroespacio.com.ar\/?p=17436","og_site_name":"Aeroespacio","article_published_time":"2025-10-08T14:08:08+00:00","article_modified_time":"2025-10-08T14:08:10+00:00","og_image":[{"width":568,"height":426,"url":"https:\/\/aeroespacio.com.ar\/wp-content\/uploads\/2025\/10\/1000080080.jpg","type":"image\/jpeg"}],"author":"Jose Operto","twitter_card":"summary_large_image","twitter_misc":{"Escrito por":"Jose Operto","Tiempo de lectura":"4 minutos"},"schema":{"@context":"https:\/\/schema.org","@graph":[{"@type":"Article","@id":"https:\/\/aeroespacio.com.ar\/?p=17436#article","isPartOf":{"@id":"https:\/\/aeroespacio.com.ar\/?p=17436"},"author":{"name":"Jose Operto","@id":"https:\/\/aeroespacio.com.ar\/#\/schema\/person\/6ed044bb77d2eec9f7615badbe365ffa"},"headline":"Prefectura recupera una aeronave","datePublished":"2025-10-08T14:08:08+00:00","dateModified":"2025-10-08T14:08:10+00:00","mainEntityOfPage":{"@id":"https:\/\/aeroespacio.com.ar\/?p=17436"},"wordCount":662,"commentCount":0,"image":{"@id":"https:\/\/aeroespacio.com.ar\/?p=17436#primaryimage"},"thumbnailUrl":"https:\/\/aeroespacio.com.ar\/wp-content\/uploads\/2025\/10\/1000080080.jpg","keywords":["#aviacion","#aviacionmilitar","#FAA","#FuerzaAereaArgentina"],"articleSection":["Aviaci\u00f3n Militar"],"inLanguage":"es-AR","potentialAction":[{"@type":"CommentAction","name":"Comment","target":["https:\/\/aeroespacio.com.ar\/?p=17436#respond"]}]},{"@type":"WebPage","@id":"https:\/\/aeroespacio.com.ar\/?p=17436","url":"https:\/\/aeroespacio.com.ar\/?p=17436","name":"Prefectura recupera una aeronave - Aeroespacio","isPartOf":{"@id":"https:\/\/aeroespacio.com.ar\/#website"},"primaryImageOfPage":{"@id":"https:\/\/aeroespacio.com.ar\/?p=17436#primaryimage"},"image":{"@id":"https:\/\/aeroespacio.com.ar\/?p=17436#primaryimage"},"thumbnailUrl":"https:\/\/aeroespacio.com.ar\/wp-content\/uploads\/2025\/10\/1000080080.jpg","datePublished":"2025-10-08T14:08:08+00:00","dateModified":"2025-10-08T14:08:10+00:00","author":{"@id":"https:\/\/aeroespacio.com.ar\/#\/schema\/person\/6ed044bb77d2eec9f7615badbe365ffa"},"breadcrumb":{"@id":"https:\/\/aeroespacio.com.ar\/?p=17436#breadcrumb"},"inLanguage":"es-AR","potentialAction":[{"@type":"ReadAction","target":["https:\/\/aeroespacio.com.ar\/?p=17436"]}]},{"@type":"ImageObject","inLanguage":"es-AR","@id":"https:\/\/aeroespacio.com.ar\/?p=17436#primaryimage","url":"https:\/\/aeroespacio.com.ar\/wp-content\/uploads\/2025\/10\/1000080080.jpg","contentUrl":"https:\/\/aeroespacio.com.ar\/wp-content\/uploads\/2025\/10\/1000080080.jpg","width":568,"height":426},{"@type":"BreadcrumbList","@id":"https:\/\/aeroespacio.com.ar\/?p=17436#breadcrumb","itemListElement":[{"@type":"ListItem","position":1,"name":"Inicio","item":"https:\/\/aeroespacio.com.ar\/"},{"@type":"ListItem","position":2,"name":"Prefectura recupera una aeronave"}]},{"@type":"WebSite","@id":"https:\/\/aeroespacio.com.ar\/#website","url":"https:\/\/aeroespacio.com.ar\/","name":"aeroespacio.com.ar","description":"","potentialAction":[{"@type":"SearchAction","target":{"@type":"EntryPoint","urlTemplate":"https:\/\/aeroespacio.com.ar\/?s={search_term_string}"},"query-input":{"@type":"PropertyValueSpecification","valueRequired":true,"valueName":"search_term_string"}}],"inLanguage":"es-AR"},{"@type":"Person","@id":"https:\/\/aeroespacio.com.ar\/#\/schema\/person\/6ed044bb77d2eec9f7615badbe365ffa","name":"Jose Operto","image":{"@type":"ImageObject","inLanguage":"es-AR","@id":"https:\/\/secure.gravatar.com\/avatar\/46c91e2630685531c0b0dd365ca4b4c391e308a6e5811841f817a41623f5da65?s=96&d=mm&r=g","url":"https:\/\/secure.gravatar.com\/avatar\/46c91e2630685531c0b0dd365ca4b4c391e308a6e5811841f817a41623f5da65?s=96&d=mm&r=g","contentUrl":"https:\/\/secure.gravatar.com\/avatar\/46c91e2630685531c0b0dd365ca4b4c391e308a6e5811841f817a41623f5da65?s=96&d=mm&r=g","caption":"Jose Operto"},"url":"https:\/\/aeroespacio.com.ar\/?author=20"}]}},"rttpg_featured_image_url":{"full":["https:\/\/aeroespacio.com.ar\/wp-content\/uploads\/2025\/10\/1000080080.jpg",568,426,false],"landscape":["https:\/\/aeroespacio.com.ar\/wp-content\/uploads\/2025\/10\/1000080080.jpg",568,426,false],"portraits":["https:\/\/aeroespacio.com.ar\/wp-content\/uploads\/2025\/10\/1000080080.jpg",568,426,false],"thumbnail":["https:\/\/aeroespacio.com.ar\/wp-content\/uploads\/2025\/10\/1000080080-150x150.jpg",150,150,true],"medium":["https:\/\/aeroespacio.com.ar\/wp-content\/uploads\/2025\/10\/1000080080-300x225.jpg",300,225,true],"large":["https:\/\/aeroespacio.com.ar\/wp-content\/uploads\/2025\/10\/1000080080.jpg",568,426,false],"1536x1536":["https:\/\/aeroespacio.com.ar\/wp-content\/uploads\/2025\/10\/1000080080.jpg",568,426,false],"2048x2048":["https:\/\/aeroespacio.com.ar\/wp-content\/uploads\/2025\/10\/1000080080.jpg",568,426,false]},"rttpg_author":{"display_name":"Jose Operto","author_link":"https:\/\/aeroespacio.com.ar\/?author=20"},"rttpg_comment":0,"rttpg_category":"<a href=\"https:\/\/aeroespacio.com.ar\/?cat=1442\" rel=\"category\">Aviaci\u00f3n Militar<\/a>","rttpg_excerpt":"El mi\u00e9rcoles 1 de octubre, la Prefectura Naval Argentina (PNA) present\u00f3, en la sede del Servicio de Aviaci\u00f3n, ubicada en [&hellip;]","_links":{"self":[{"href":"https:\/\/aeroespacio.com.ar\/index.php?rest_route=\/wp\/v2\/posts\/17436","targetHints":{"allow":["GET"]}}],"collection":[{"href":"https:\/\/aeroespacio.com.ar\/index.php?rest_route=\/wp\/v2\/posts"}],"about":[{"href":"https:\/\/aeroespacio.com.ar\/index.php?rest_route=\/wp\/v2\/types\/post"}],"author":[{"embeddable":true,"href":"https:\/\/aeroespacio.com.ar\/index.php?rest_route=\/wp\/v2\/users\/20"}],"replies":[{"embeddable":true,"href":"https:\/\/aeroespacio.com.ar\/index.php?rest_route=%2Fwp%2Fv2%2Fcomments&post=17436"}],"version-history":[{"count":1,"href":"https:\/\/aeroespacio.com.ar\/index.php?rest_route=\/wp\/v2\/posts\/17436\/revisions"}],"predecessor-version":[{"id":17440,"href":"https:\/\/aeroespacio.com.ar\/index.php?rest_route=\/wp\/v2\/posts\/17436\/revisions\/17440"}],"wp:featuredmedia":[{"embeddable":true,"href":"https:\/\/aeroespacio.com.ar\/index.php?rest_route=\/wp\/v2\/media\/17437"}],"wp:attachment":[{"href":"https:\/\/aeroespacio.com.ar\/index.php?rest_route=%2Fwp%2Fv2%2Fmedia&parent=17436"}],"wp:term":[{"taxonomy":"category","embeddable":true,"href":"https:\/\/aeroespacio.com.ar\/index.php?rest_route=%2Fwp%2Fv2%2Fcategories&post=17436"},{"taxonomy":"post_tag","embeddable":true,"href":"https:\/\/aeroespacio.com.ar\/index.php?rest_route=%2Fwp%2Fv2%2Ftags&post=17436"}],"curies":[{"name":"wp","href":"https:\/\/api.w.org\/{rel}","templated":true}]}}