{"id":17429,"date":"2025-10-07T13:24:34","date_gmt":"2025-10-07T13:24:34","guid":{"rendered":"http:\/\/192.168.0.98\/?p=17429"},"modified":"2025-10-07T13:24:36","modified_gmt":"2025-10-07T13:24:36","slug":"se-realizo-el-12-o-ejercicio-de-busqueda-y-salvamento-aeronautico","status":"publish","type":"post","link":"https:\/\/aeroespacio.com.ar\/?p=17429","title":{"rendered":"Se realiz\u00f3 el 12.\u00ba Ejercicio de B\u00fasqueda y Salvamento Aeron\u00e1utico"},"content":{"rendered":"\n<p>La Empresa Argentina de Navegaci\u00f3n A\u00e9rea (EANA), mediante su Servicio de B\u00fasqueda y Salvamento Aeron\u00e1utico (SAR), llev\u00f3 adelante una nueva edici\u00f3n del Ejercicio de B\u00fasqueda y Salvamento Aeron\u00e1utico (SAREX), el n\u00famero 12 desde que se implementan estas pr\u00e1cticas de entrenamiento intensivo. El simulacro, desarrollado en la ciudad de Resistencia, Chaco, tuvo como objetivo evaluar y perfeccionar los procedimientos operativos en situaciones de emergencia a\u00e9rea, bajo condiciones lo m\u00e1s realistas posibles.<\/p>\n\n\n\n<figure class=\"wp-block-image size-full\"><img fetchpriority=\"high\" decoding=\"async\" width=\"570\" height=\"380\" src=\"https:\/\/aeroespacio.com.ar\/wp-content\/uploads\/2025\/10\/SAREX-XII.jpg\" alt=\"\" class=\"wp-image-17430\" srcset=\"https:\/\/aeroespacio.com.ar\/wp-content\/uploads\/2025\/10\/SAREX-XII.jpg 570w, https:\/\/aeroespacio.com.ar\/wp-content\/uploads\/2025\/10\/SAREX-XII-300x200.jpg 300w\" sizes=\"(max-width: 570px) 100vw, 570px\" \/><\/figure>\n\n\n\n<p>El SAREX XII reuni\u00f3 a distintas fuerzas y organismos que desempe\u00f1an un rol clave en este tipo de operaciones. Entre ellos, participaron activamente la Polic\u00eda del Chaco, Defensa Civil, la Direcci\u00f3n Aeron\u00e1utica del Chaco y la Polic\u00eda de Misiones. Tambi\u00e9n estuvieron presentes, en calidad de observadores, la Prefectura Naval Argentina y el Servicio SAR Mar\u00edtimo de la Armada Argentina.<\/p>\n\n\n\n<p><strong>Un simulacro con alto realismo y despliegue tecnol\u00f3gico<\/strong><\/p>\n\n\n\n<p>El ejercicio simul\u00f3 la p\u00e9rdida de contacto de un Beechcraft Bonanza G36, con seis personas a bordo, que hab\u00eda partido desde el Aeropuerto Teniente Daniel Jukic de Reconquista (Santa Fe) rumbo al Aeropuerto Internacional de Resistencia (Chaco). El Subcentro de B\u00fasqueda y Salvamento Aeron\u00e1utico de Resistencia (ARSC SIS) recibi\u00f3 la alerta de la emergencia de la aeronave en la regi\u00f3n del Paraje Colonia Baranda, sin activaci\u00f3n de la baliza aeron\u00e1utica ELT.<\/p>\n\n\n\n<p>Con el despliegue de recursos terrestres y a\u00e9reos, incluyendo drones equipados con c\u00e1maras t\u00e9rmicas, se logr\u00f3 localizar la aeronave en una zona rural pr\u00f3xima al Paraje Colonia Baranda. El operativo tambi\u00e9n incluy\u00f3 la participaci\u00f3n de la divisi\u00f3n canina (K9) de la Polic\u00eda chaque\u00f1a, encargada de la b\u00fasqueda de los supuestos sobrevivientes por tierra, y la simulaci\u00f3n del traslado de los heridos al Hospital Dr. Julio C. Perrando de Resistencia, a cargo del personal de Sanidad de la provincia.<\/p>\n\n\n\n<p>Este tipo de ejercicios, denominados SAREX (Search and Rescue Exercise), se destacan por su exigente nivel de realismo, que contempla variables meteorol\u00f3gicas, tiempos de despliegue, coordinaci\u00f3n interinstitucional y uso de tecnolog\u00edas de comunicaci\u00f3n y navegaci\u00f3n, tanto primarias como secundarias.<\/p>\n\n\n\n<p>Seg\u00fan informaron desde la EANA, los datos obtenidos durante el ejercicio ser\u00e1n analizados para optimizar los procedimientos y garantizar su alineaci\u00f3n con la normativa nacional y los est\u00e1ndares internacionales definidos en el Manual IAMSAR (International Aeronautical and Maritime Search and Rescue).<\/p>\n\n\n\n<p>Fuente y fotos: EANA<\/p>\n","protected":false},"excerpt":{"rendered":"<p>La Empresa Argentina de Navegaci\u00f3n A\u00e9rea (EANA), mediante su Servicio de B\u00fasqueda y Salvamento Aeron\u00e1utico (SAR), llev\u00f3 adelante una nueva [&hellip;]<\/p>\n","protected":false},"author":20,"featured_media":17434,"comment_status":"open","ping_status":"open","sticky":false,"template":"","format":"standard","meta":{"site-sidebar-layout":"default","site-content-layout":"","ast-site-content-layout":"default","site-content-style":"default","site-sidebar-style":"default","ast-global-header-display":"","ast-banner-title-visibility":"","ast-main-header-display":"","ast-hfb-above-header-display":"","ast-hfb-below-header-display":"","ast-hfb-mobile-header-display":"","site-post-title":"","ast-breadcrumbs-content":"","ast-featured-img":"","footer-sml-layout":"","ast-disable-related-posts":"","theme-transparent-header-meta":"","adv-header-id-meta":"","stick-header-meta":"","header-above-stick-meta":"","header-main-stick-meta":"","header-below-stick-meta":"","astra-migrate-meta-layouts":"default","ast-page-background-enabled":"default","ast-page-background-meta":{"desktop":{"background-color":"var(--ast-global-color-5)","background-image":"","background-repeat":"repeat","background-position":"center center","background-size":"auto","background-attachment":"scroll","background-type":"","background-media":"","overlay-type":"","overlay-color":"","overlay-opacity":"","overlay-gradient":""},"tablet":{"background-color":"","background-image":"","background-repeat":"repeat","background-position":"center center","background-size":"auto","background-attachment":"scroll","background-type":"","background-media":"","overlay-type":"","overlay-color":"","overlay-opacity":"","overlay-gradient":""},"mobile":{"background-color":"","background-image":"","background-repeat":"repeat","background-position":"center center","background-size":"auto","background-attachment":"scroll","background-type":"","background-media":"","overlay-type":"","overlay-color":"","overlay-opacity":"","overlay-gradient":""}},"ast-content-background-meta":{"desktop":{"background-color":"var(--ast-global-color-4)","background-image":"","background-repeat":"repeat","background-position":"center center","background-size":"auto","background-attachment":"scroll","background-type":"","background-media":"","overlay-type":"","overlay-color":"","overlay-opacity":"","overlay-gradient":""},"tablet":{"background-color":"var(--ast-global-color-4)","background-image":"","background-repeat":"repeat","background-position":"center center","background-size":"auto","background-attachment":"scroll","background-type":"","background-media":"","overlay-type":"","overlay-color":"","overlay-opacity":"","overlay-gradient":""},"mobile":{"background-color":"var(--ast-global-color-4)","background-image":"","background-repeat":"repeat","background-position":"center center","background-size":"auto","background-attachment":"scroll","background-type":"","background-media":"","overlay-type":"","overlay-color":"","overlay-opacity":"","overlay-gradient":""}},"_joinchat":[],"footnotes":""},"categories":[1443],"tags":[226,43,450,1933,357],"class_list":["post-17429","post","type-post","status-publish","format-standard","has-post-thumbnail","hentry","category-aviacion-civil-y-deportiva","tag-busquedaysalvamento","tag-eana","tag-ejercicioconjunto","tag-sarex12","tag-simulacro"],"yoast_head":"<!-- This site is optimized with the Yoast SEO plugin v27.3 - https:\/\/yoast.com\/product\/yoast-seo-wordpress\/ -->\n<title>Se realiz\u00f3 el 12.\u00ba Ejercicio de B\u00fasqueda y Salvamento Aeron\u00e1utico - Aeroespacio<\/title>\n<meta name=\"robots\" content=\"index, follow, max-snippet:-1, max-image-preview:large, max-video-preview:-1\" \/>\n<link rel=\"canonical\" href=\"https:\/\/aeroespacio.com.ar\/?p=17429\" \/>\n<meta property=\"og:locale\" content=\"es_ES\" \/>\n<meta property=\"og:type\" content=\"article\" \/>\n<meta property=\"og:title\" content=\"Se realiz\u00f3 el 12.\u00ba Ejercicio de B\u00fasqueda y Salvamento Aeron\u00e1utico - Aeroespacio\" \/>\n<meta property=\"og:description\" content=\"La Empresa Argentina de Navegaci\u00f3n A\u00e9rea (EANA), mediante su Servicio de B\u00fasqueda y Salvamento Aeron\u00e1utico (SAR), llev\u00f3 adelante una nueva [&hellip;]\" \/>\n<meta property=\"og:url\" content=\"https:\/\/aeroespacio.com.ar\/?p=17429\" \/>\n<meta property=\"og:site_name\" content=\"Aeroespacio\" \/>\n<meta property=\"article:published_time\" content=\"2025-10-07T13:24:34+00:00\" \/>\n<meta property=\"article:modified_time\" content=\"2025-10-07T13:24:36+00:00\" \/>\n<meta property=\"og:image\" content=\"https:\/\/aeroespacio.com.ar\/wp-content\/uploads\/2025\/10\/SAREX1.jpg\" \/>\n\t<meta property=\"og:image:width\" content=\"1920\" \/>\n\t<meta property=\"og:image:height\" content=\"1280\" \/>\n\t<meta property=\"og:image:type\" content=\"image\/jpeg\" \/>\n<meta name=\"author\" content=\"Jose Operto\" \/>\n<meta name=\"twitter:card\" content=\"summary_large_image\" \/>\n<meta name=\"twitter:label1\" content=\"Escrito por\" \/>\n\t<meta name=\"twitter:data1\" content=\"Jose Operto\" \/>\n\t<meta name=\"twitter:label2\" content=\"Tiempo de lectura\" \/>\n\t<meta name=\"twitter:data2\" content=\"3 minutos\" \/>\n<script type=\"application\/ld+json\" class=\"yoast-schema-graph\">{\"@context\":\"https:\\\/\\\/schema.org\",\"@graph\":[{\"@type\":\"Article\",\"@id\":\"https:\\\/\\\/aeroespacio.com.ar\\\/?p=17429#article\",\"isPartOf\":{\"@id\":\"https:\\\/\\\/aeroespacio.com.ar\\\/?p=17429\"},\"author\":{\"name\":\"Jose Operto\",\"@id\":\"https:\\\/\\\/aeroespacio.com.ar\\\/#\\\/schema\\\/person\\\/6ed044bb77d2eec9f7615badbe365ffa\"},\"headline\":\"Se realiz\u00f3 el 12.\u00ba Ejercicio de B\u00fasqueda y Salvamento Aeron\u00e1utico\",\"datePublished\":\"2025-10-07T13:24:34+00:00\",\"dateModified\":\"2025-10-07T13:24:36+00:00\",\"mainEntityOfPage\":{\"@id\":\"https:\\\/\\\/aeroespacio.com.ar\\\/?p=17429\"},\"wordCount\":426,\"commentCount\":0,\"image\":{\"@id\":\"https:\\\/\\\/aeroespacio.com.ar\\\/?p=17429#primaryimage\"},\"thumbnailUrl\":\"https:\\\/\\\/aeroespacio.com.ar\\\/wp-content\\\/uploads\\\/2025\\\/10\\\/SAREX1.jpg\",\"keywords\":[\"B\u00fasquedaySalvamento\",\"EANA\",\"EjercicioConjunto\",\"SAREX12\",\"SIMULACRO\"],\"articleSection\":[\"Aviaci\u00f3n Civil y Deportiva\"],\"inLanguage\":\"es-AR\",\"potentialAction\":[{\"@type\":\"CommentAction\",\"name\":\"Comment\",\"target\":[\"https:\\\/\\\/aeroespacio.com.ar\\\/?p=17429#respond\"]}]},{\"@type\":\"WebPage\",\"@id\":\"https:\\\/\\\/aeroespacio.com.ar\\\/?p=17429\",\"url\":\"https:\\\/\\\/aeroespacio.com.ar\\\/?p=17429\",\"name\":\"Se realiz\u00f3 el 12.\u00ba Ejercicio de B\u00fasqueda y Salvamento Aeron\u00e1utico - Aeroespacio\",\"isPartOf\":{\"@id\":\"https:\\\/\\\/aeroespacio.com.ar\\\/#website\"},\"primaryImageOfPage\":{\"@id\":\"https:\\\/\\\/aeroespacio.com.ar\\\/?p=17429#primaryimage\"},\"image\":{\"@id\":\"https:\\\/\\\/aeroespacio.com.ar\\\/?p=17429#primaryimage\"},\"thumbnailUrl\":\"https:\\\/\\\/aeroespacio.com.ar\\\/wp-content\\\/uploads\\\/2025\\\/10\\\/SAREX1.jpg\",\"datePublished\":\"2025-10-07T13:24:34+00:00\",\"dateModified\":\"2025-10-07T13:24:36+00:00\",\"author\":{\"@id\":\"https:\\\/\\\/aeroespacio.com.ar\\\/#\\\/schema\\\/person\\\/6ed044bb77d2eec9f7615badbe365ffa\"},\"breadcrumb\":{\"@id\":\"https:\\\/\\\/aeroespacio.com.ar\\\/?p=17429#breadcrumb\"},\"inLanguage\":\"es-AR\",\"potentialAction\":[{\"@type\":\"ReadAction\",\"target\":[\"https:\\\/\\\/aeroespacio.com.ar\\\/?p=17429\"]}]},{\"@type\":\"ImageObject\",\"inLanguage\":\"es-AR\",\"@id\":\"https:\\\/\\\/aeroespacio.com.ar\\\/?p=17429#primaryimage\",\"url\":\"https:\\\/\\\/aeroespacio.com.ar\\\/wp-content\\\/uploads\\\/2025\\\/10\\\/SAREX1.jpg\",\"contentUrl\":\"https:\\\/\\\/aeroespacio.com.ar\\\/wp-content\\\/uploads\\\/2025\\\/10\\\/SAREX1.jpg\",\"width\":1920,\"height\":1280},{\"@type\":\"BreadcrumbList\",\"@id\":\"https:\\\/\\\/aeroespacio.com.ar\\\/?p=17429#breadcrumb\",\"itemListElement\":[{\"@type\":\"ListItem\",\"position\":1,\"name\":\"Inicio\",\"item\":\"https:\\\/\\\/aeroespacio.com.ar\\\/\"},{\"@type\":\"ListItem\",\"position\":2,\"name\":\"Se realiz\u00f3 el 12.\u00ba Ejercicio de B\u00fasqueda y Salvamento Aeron\u00e1utico\"}]},{\"@type\":\"WebSite\",\"@id\":\"https:\\\/\\\/aeroespacio.com.ar\\\/#website\",\"url\":\"https:\\\/\\\/aeroespacio.com.ar\\\/\",\"name\":\"aeroespacio.com.ar\",\"description\":\"\",\"potentialAction\":[{\"@type\":\"SearchAction\",\"target\":{\"@type\":\"EntryPoint\",\"urlTemplate\":\"https:\\\/\\\/aeroespacio.com.ar\\\/?s={search_term_string}\"},\"query-input\":{\"@type\":\"PropertyValueSpecification\",\"valueRequired\":true,\"valueName\":\"search_term_string\"}}],\"inLanguage\":\"es-AR\"},{\"@type\":\"Person\",\"@id\":\"https:\\\/\\\/aeroespacio.com.ar\\\/#\\\/schema\\\/person\\\/6ed044bb77d2eec9f7615badbe365ffa\",\"name\":\"Jose Operto\",\"image\":{\"@type\":\"ImageObject\",\"inLanguage\":\"es-AR\",\"@id\":\"https:\\\/\\\/secure.gravatar.com\\\/avatar\\\/46c91e2630685531c0b0dd365ca4b4c391e308a6e5811841f817a41623f5da65?s=96&d=mm&r=g\",\"url\":\"https:\\\/\\\/secure.gravatar.com\\\/avatar\\\/46c91e2630685531c0b0dd365ca4b4c391e308a6e5811841f817a41623f5da65?s=96&d=mm&r=g\",\"contentUrl\":\"https:\\\/\\\/secure.gravatar.com\\\/avatar\\\/46c91e2630685531c0b0dd365ca4b4c391e308a6e5811841f817a41623f5da65?s=96&d=mm&r=g\",\"caption\":\"Jose Operto\"},\"url\":\"https:\\\/\\\/aeroespacio.com.ar\\\/?author=20\"}]}<\/script>\n<!-- \/ Yoast SEO plugin. -->","yoast_head_json":{"title":"Se realiz\u00f3 el 12.\u00ba Ejercicio de B\u00fasqueda y Salvamento Aeron\u00e1utico - Aeroespacio","robots":{"index":"index","follow":"follow","max-snippet":"max-snippet:-1","max-image-preview":"max-image-preview:large","max-video-preview":"max-video-preview:-1"},"canonical":"https:\/\/aeroespacio.com.ar\/?p=17429","og_locale":"es_ES","og_type":"article","og_title":"Se realiz\u00f3 el 12.\u00ba Ejercicio de B\u00fasqueda y Salvamento Aeron\u00e1utico - Aeroespacio","og_description":"La Empresa Argentina de Navegaci\u00f3n A\u00e9rea (EANA), mediante su Servicio de B\u00fasqueda y Salvamento Aeron\u00e1utico (SAR), llev\u00f3 adelante una nueva [&hellip;]","og_url":"https:\/\/aeroespacio.com.ar\/?p=17429","og_site_name":"Aeroespacio","article_published_time":"2025-10-07T13:24:34+00:00","article_modified_time":"2025-10-07T13:24:36+00:00","og_image":[{"width":1920,"height":1280,"url":"https:\/\/aeroespacio.com.ar\/wp-content\/uploads\/2025\/10\/SAREX1.jpg","type":"image\/jpeg"}],"author":"Jose Operto","twitter_card":"summary_large_image","twitter_misc":{"Escrito por":"Jose Operto","Tiempo de lectura":"3 minutos"},"schema":{"@context":"https:\/\/schema.org","@graph":[{"@type":"Article","@id":"https:\/\/aeroespacio.com.ar\/?p=17429#article","isPartOf":{"@id":"https:\/\/aeroespacio.com.ar\/?p=17429"},"author":{"name":"Jose Operto","@id":"https:\/\/aeroespacio.com.ar\/#\/schema\/person\/6ed044bb77d2eec9f7615badbe365ffa"},"headline":"Se realiz\u00f3 el 12.\u00ba Ejercicio de B\u00fasqueda y Salvamento Aeron\u00e1utico","datePublished":"2025-10-07T13:24:34+00:00","dateModified":"2025-10-07T13:24:36+00:00","mainEntityOfPage":{"@id":"https:\/\/aeroespacio.com.ar\/?p=17429"},"wordCount":426,"commentCount":0,"image":{"@id":"https:\/\/aeroespacio.com.ar\/?p=17429#primaryimage"},"thumbnailUrl":"https:\/\/aeroespacio.com.ar\/wp-content\/uploads\/2025\/10\/SAREX1.jpg","keywords":["B\u00fasquedaySalvamento","EANA","EjercicioConjunto","SAREX12","SIMULACRO"],"articleSection":["Aviaci\u00f3n Civil y Deportiva"],"inLanguage":"es-AR","potentialAction":[{"@type":"CommentAction","name":"Comment","target":["https:\/\/aeroespacio.com.ar\/?p=17429#respond"]}]},{"@type":"WebPage","@id":"https:\/\/aeroespacio.com.ar\/?p=17429","url":"https:\/\/aeroespacio.com.ar\/?p=17429","name":"Se realiz\u00f3 el 12.\u00ba Ejercicio de B\u00fasqueda y Salvamento Aeron\u00e1utico - Aeroespacio","isPartOf":{"@id":"https:\/\/aeroespacio.com.ar\/#website"},"primaryImageOfPage":{"@id":"https:\/\/aeroespacio.com.ar\/?p=17429#primaryimage"},"image":{"@id":"https:\/\/aeroespacio.com.ar\/?p=17429#primaryimage"},"thumbnailUrl":"https:\/\/aeroespacio.com.ar\/wp-content\/uploads\/2025\/10\/SAREX1.jpg","datePublished":"2025-10-07T13:24:34+00:00","dateModified":"2025-10-07T13:24:36+00:00","author":{"@id":"https:\/\/aeroespacio.com.ar\/#\/schema\/person\/6ed044bb77d2eec9f7615badbe365ffa"},"breadcrumb":{"@id":"https:\/\/aeroespacio.com.ar\/?p=17429#breadcrumb"},"inLanguage":"es-AR","potentialAction":[{"@type":"ReadAction","target":["https:\/\/aeroespacio.com.ar\/?p=17429"]}]},{"@type":"ImageObject","inLanguage":"es-AR","@id":"https:\/\/aeroespacio.com.ar\/?p=17429#primaryimage","url":"https:\/\/aeroespacio.com.ar\/wp-content\/uploads\/2025\/10\/SAREX1.jpg","contentUrl":"https:\/\/aeroespacio.com.ar\/wp-content\/uploads\/2025\/10\/SAREX1.jpg","width":1920,"height":1280},{"@type":"BreadcrumbList","@id":"https:\/\/aeroespacio.com.ar\/?p=17429#breadcrumb","itemListElement":[{"@type":"ListItem","position":1,"name":"Inicio","item":"https:\/\/aeroespacio.com.ar\/"},{"@type":"ListItem","position":2,"name":"Se realiz\u00f3 el 12.\u00ba Ejercicio de B\u00fasqueda y Salvamento Aeron\u00e1utico"}]},{"@type":"WebSite","@id":"https:\/\/aeroespacio.com.ar\/#website","url":"https:\/\/aeroespacio.com.ar\/","name":"aeroespacio.com.ar","description":"","potentialAction":[{"@type":"SearchAction","target":{"@type":"EntryPoint","urlTemplate":"https:\/\/aeroespacio.com.ar\/?s={search_term_string}"},"query-input":{"@type":"PropertyValueSpecification","valueRequired":true,"valueName":"search_term_string"}}],"inLanguage":"es-AR"},{"@type":"Person","@id":"https:\/\/aeroespacio.com.ar\/#\/schema\/person\/6ed044bb77d2eec9f7615badbe365ffa","name":"Jose Operto","image":{"@type":"ImageObject","inLanguage":"es-AR","@id":"https:\/\/secure.gravatar.com\/avatar\/46c91e2630685531c0b0dd365ca4b4c391e308a6e5811841f817a41623f5da65?s=96&d=mm&r=g","url":"https:\/\/secure.gravatar.com\/avatar\/46c91e2630685531c0b0dd365ca4b4c391e308a6e5811841f817a41623f5da65?s=96&d=mm&r=g","contentUrl":"https:\/\/secure.gravatar.com\/avatar\/46c91e2630685531c0b0dd365ca4b4c391e308a6e5811841f817a41623f5da65?s=96&d=mm&r=g","caption":"Jose Operto"},"url":"https:\/\/aeroespacio.com.ar\/?author=20"}]}},"rttpg_featured_image_url":{"full":["https:\/\/aeroespacio.com.ar\/wp-content\/uploads\/2025\/10\/SAREX1.jpg",1920,1280,false],"landscape":["https:\/\/aeroespacio.com.ar\/wp-content\/uploads\/2025\/10\/SAREX1.jpg",1920,1280,false],"portraits":["https:\/\/aeroespacio.com.ar\/wp-content\/uploads\/2025\/10\/SAREX1.jpg",1920,1280,false],"thumbnail":["https:\/\/aeroespacio.com.ar\/wp-content\/uploads\/2025\/10\/SAREX1-150x150.jpg",150,150,true],"medium":["https:\/\/aeroespacio.com.ar\/wp-content\/uploads\/2025\/10\/SAREX1-300x200.jpg",300,200,true],"large":["https:\/\/aeroespacio.com.ar\/wp-content\/uploads\/2025\/10\/SAREX1-1024x683.jpg",1024,683,true],"1536x1536":["https:\/\/aeroespacio.com.ar\/wp-content\/uploads\/2025\/10\/SAREX1-1536x1024.jpg",1536,1024,true],"2048x2048":["https:\/\/aeroespacio.com.ar\/wp-content\/uploads\/2025\/10\/SAREX1.jpg",1920,1280,false]},"rttpg_author":{"display_name":"Jose Operto","author_link":"https:\/\/aeroespacio.com.ar\/?author=20"},"rttpg_comment":0,"rttpg_category":"<a href=\"https:\/\/aeroespacio.com.ar\/?cat=1443\" rel=\"category\">Aviaci\u00f3n Civil y Deportiva<\/a>","rttpg_excerpt":"La Empresa Argentina de Navegaci\u00f3n A\u00e9rea (EANA), mediante su Servicio de B\u00fasqueda y Salvamento Aeron\u00e1utico (SAR), llev\u00f3 adelante una nueva [&hellip;]","_links":{"self":[{"href":"https:\/\/aeroespacio.com.ar\/index.php?rest_route=\/wp\/v2\/posts\/17429","targetHints":{"allow":["GET"]}}],"collection":[{"href":"https:\/\/aeroespacio.com.ar\/index.php?rest_route=\/wp\/v2\/posts"}],"about":[{"href":"https:\/\/aeroespacio.com.ar\/index.php?rest_route=\/wp\/v2\/types\/post"}],"author":[{"embeddable":true,"href":"https:\/\/aeroespacio.com.ar\/index.php?rest_route=\/wp\/v2\/users\/20"}],"replies":[{"embeddable":true,"href":"https:\/\/aeroespacio.com.ar\/index.php?rest_route=%2Fwp%2Fv2%2Fcomments&post=17429"}],"version-history":[{"count":1,"href":"https:\/\/aeroespacio.com.ar\/index.php?rest_route=\/wp\/v2\/posts\/17429\/revisions"}],"predecessor-version":[{"id":17435,"href":"https:\/\/aeroespacio.com.ar\/index.php?rest_route=\/wp\/v2\/posts\/17429\/revisions\/17435"}],"wp:featuredmedia":[{"embeddable":true,"href":"https:\/\/aeroespacio.com.ar\/index.php?rest_route=\/wp\/v2\/media\/17434"}],"wp:attachment":[{"href":"https:\/\/aeroespacio.com.ar\/index.php?rest_route=%2Fwp%2Fv2%2Fmedia&parent=17429"}],"wp:term":[{"taxonomy":"category","embeddable":true,"href":"https:\/\/aeroespacio.com.ar\/index.php?rest_route=%2Fwp%2Fv2%2Fcategories&post=17429"},{"taxonomy":"post_tag","embeddable":true,"href":"https:\/\/aeroespacio.com.ar\/index.php?rest_route=%2Fwp%2Fv2%2Ftags&post=17429"}],"curies":[{"name":"wp","href":"https:\/\/api.w.org\/{rel}","templated":true}]}}