{"id":17424,"date":"2025-10-06T13:17:40","date_gmt":"2025-10-06T13:17:40","guid":{"rendered":"http:\/\/192.168.0.98\/?p=17424"},"modified":"2025-10-06T13:17:41","modified_gmt":"2025-10-06T13:17:41","slug":"la-aviacion-frente-al-desafio-del-cambio-climatico","status":"publish","type":"post","link":"https:\/\/aeroespacio.com.ar\/?p=17424","title":{"rendered":"La aviaci\u00f3n frente al desaf\u00edo del cambio clim\u00e1tico"},"content":{"rendered":"\n<figure class=\"wp-block-image size-large\"><img fetchpriority=\"high\" decoding=\"async\" width=\"1024\" height=\"576\" src=\"https:\/\/aeroespacio.com.ar\/wp-content\/uploads\/2025\/10\/2023Aviation_sp_title_lg-1024x576.jpg\" alt=\"\" class=\"wp-image-17425\" srcset=\"https:\/\/aeroespacio.com.ar\/wp-content\/uploads\/2025\/10\/2023Aviation_sp_title_lg-1024x576.jpg 1024w, https:\/\/aeroespacio.com.ar\/wp-content\/uploads\/2025\/10\/2023Aviation_sp_title_lg-300x169.jpg 300w, https:\/\/aeroespacio.com.ar\/wp-content\/uploads\/2025\/10\/2023Aviation_sp_title_lg-768x432.jpg 768w, https:\/\/aeroespacio.com.ar\/wp-content\/uploads\/2025\/10\/2023Aviation_sp_title_lg-1536x864.jpg 1536w, https:\/\/aeroespacio.com.ar\/wp-content\/uploads\/2025\/10\/2023Aviation_sp_title_lg.jpg 1920w\" sizes=\"(max-width: 1024px) 100vw, 1024px\" \/><\/figure>\n\n\n\n<p>A nivel mundial, el sector aeron\u00e1utico enfrenta un problema creciente: el impacto del calentamiento global en la seguridad y la eficiencia de sus operaciones. Concordante de esta realidad, la&nbsp;Organizaci\u00f3n de Aviaci\u00f3n Civil Internacional (OACI, por sus siglas en ingl\u00e9s)&nbsp;acaba de publicar una nueva versi\u00f3n de su&nbsp;<em>Climate Adaptation Synthesis Report<\/em>, elaborada con el apoyo t\u00e9cnico de la&nbsp;Organizaci\u00f3n Meteorol\u00f3gica Mundial (WMO, por sus siglas en ingl\u00e9s).&nbsp;<\/p>\n\n\n\n<p>El documento ofrece un an\u00e1lisis detallado sobre c\u00f3mo fen\u00f3menos meteorol\u00f3gicos, cada vez m\u00e1s extremos y menos previsibles, afectan a los aeropuertos, las aerol\u00edneas y la infraestructura de navegaci\u00f3n a\u00e9rea. Esta actualizaci\u00f3n plantea recomendaciones para que el sector pueda adaptarse y operar con seguridad en un entorno clim\u00e1tico cambiante.<\/p>\n\n\n\n<p>El informe surge como una respuesta directa a un contexto donde se multiplican los eventos que interrumpen vuelos y ponen en riesgo la continuidad de la cadena a\u00e9rea:&nbsp;olas de calor que limitan el peso m\u00e1ximo al despegue, tormentas m\u00e1s violentas que alteran las rutas, huracanes que da\u00f1an las pistas y las terminales, inundaciones costeras que amenazan los aeropuertos ubicados a baja altitud y un aumento sostenido de la turbulencia en niveles de crucero. Estos fen\u00f3menos no son escenarios aislados, sino realidades que impactan cada temporada y que demandan la toma de decisiones anticipadas.<\/p>\n\n\n\n<p>Entre sus hallazgos, la OACI advierte que los&nbsp;aeropuertos costeros deber\u00e1n redise\u00f1ar su infraestructura ante el aumento del nivel del mar y el riesgo de inundaciones; que los servicios de control de tr\u00e1fico a\u00e9reo deber\u00e1n adaptarse a&nbsp;los cambios en patrones de viento y turbulencia clara, cada vez m\u00e1s frecuentes y dif\u00edciles de detectar; y que las&nbsp;aerol\u00edneas deber\u00e1n afrontar costos crecientes por desv\u00edos, mayor consumo de combustible y mantenimiento adicional en entornos con las temperaturas extremas. Tambi\u00e9n enfatiza la necesidad de&nbsp;integrar datos meteorol\u00f3gicos avanzados en la planificaci\u00f3n de las operaciones, un \u00e1rea donde la colaboraci\u00f3n con la WMO resulta clave, ya que provee sistemas de pron\u00f3stico y alertas de \u00faltima generaci\u00f3n para la aviaci\u00f3n.<\/p>\n\n\n\n<p>El documento no solo hace un diagn\u00f3stico: propone caminos concretos. Entre ellos,&nbsp;reforzar defensas costeras y sistemas de drenaje en aeropuertos vulnerables, incorporar infraestructura flexible para soportar tormentas y calor extremo, modernizar sistemas de navegaci\u00f3n para optimizar rutas din\u00e1micas seg\u00fan condiciones en tiempo real y actualizar regulaciones de peso y&nbsp;<em>performance<\/em>&nbsp;de aeronaves. Adem\u00e1s, recomienda a los Estados que incluyan la variable clim\u00e1tica en sus&nbsp;planes nacionales de aviaci\u00f3n, con inversi\u00f3n en monitoreo meteorol\u00f3gico y desarrollo de capacidades t\u00e9cnicas.<\/p>\n\n\n\n<p>Este nuevo paso de la OACI se conecta con el&nbsp;Long Term Aspirational Goal (LTAG), que busca que el sector a\u00e9reo alcance&nbsp;cero emisiones netas de carbono para 2050, pero ampl\u00eda el enfoque: no se trata solo de mitigar emisiones, sino de&nbsp;adaptar la aviaci\u00f3n a un clima que ya cambi\u00f3 y seguir\u00e1 cambiando. La colaboraci\u00f3n con la WMO asegura que las decisiones de pol\u00edtica y dise\u00f1o operativo se apoyen en la mejor ciencia clim\u00e1tica disponible.<\/p>\n\n\n\n<p>Para la industria, el informe es una llamada de atenci\u00f3n y una herramienta pr\u00e1ctica. Las aerol\u00edneas, por ejemplo, pueden usar esta informaci\u00f3n para&nbsp;planificar flotas con motores m\u00e1s eficientes en climas c\u00e1lidos, invertir en sistemas de predicci\u00f3n de turbulencia y ajustar horarios de operaci\u00f3n para evitar picos de calor. Los aeropuertos pueden adelantar obras para elevar pistas, mejorar drenajes y dar seguridad a las operaciones cr\u00edticas durante las tormentas.&nbsp;<\/p>\n\n\n\n<p>La publicaci\u00f3n llega en un momento donde los fen\u00f3menos extremos ya causan interrupciones significativas: huracanes que paralizan&nbsp;<em>hubs<\/em>&nbsp;en el Caribe y el sur de Estados Unidos; olas de calor r\u00e9cord en Europa que limitan las operaciones y tormentas m\u00e1s frecuentes que saturan sistemas de control de tr\u00e1nsito a\u00e9reo. En este contexto, el reporte de la OACI se convierte en una hoja de ruta para planificar un futuro donde la aviaci\u00f3n siga conectada al mundo, pero con resiliencia y seguridad ante un clima cada vez m\u00e1s impredecible.<\/p>\n\n\n\n<p>Fuente y foto: OACI, WMO<\/p>\n","protected":false},"excerpt":{"rendered":"<p>A nivel mundial, el sector aeron\u00e1utico enfrenta un problema creciente: el impacto del calentamiento global en la seguridad y la [&hellip;]<\/p>\n","protected":false},"author":20,"featured_media":17425,"comment_status":"open","ping_status":"open","sticky":false,"template":"","format":"standard","meta":{"site-sidebar-layout":"default","site-content-layout":"","ast-site-content-layout":"default","site-content-style":"default","site-sidebar-style":"default","ast-global-header-display":"","ast-banner-title-visibility":"","ast-main-header-display":"","ast-hfb-above-header-display":"","ast-hfb-below-header-display":"","ast-hfb-mobile-header-display":"","site-post-title":"","ast-breadcrumbs-content":"","ast-featured-img":"","footer-sml-layout":"","ast-disable-related-posts":"","theme-transparent-header-meta":"","adv-header-id-meta":"","stick-header-meta":"","header-above-stick-meta":"","header-main-stick-meta":"","header-below-stick-meta":"","astra-migrate-meta-layouts":"default","ast-page-background-enabled":"default","ast-page-background-meta":{"desktop":{"background-color":"var(--ast-global-color-5)","background-image":"","background-repeat":"repeat","background-position":"center center","background-size":"auto","background-attachment":"scroll","background-type":"","background-media":"","overlay-type":"","overlay-color":"","overlay-opacity":"","overlay-gradient":""},"tablet":{"background-color":"","background-image":"","background-repeat":"repeat","background-position":"center center","background-size":"auto","background-attachment":"scroll","background-type":"","background-media":"","overlay-type":"","overlay-color":"","overlay-opacity":"","overlay-gradient":""},"mobile":{"background-color":"","background-image":"","background-repeat":"repeat","background-position":"center center","background-size":"auto","background-attachment":"scroll","background-type":"","background-media":"","overlay-type":"","overlay-color":"","overlay-opacity":"","overlay-gradient":""}},"ast-content-background-meta":{"desktop":{"background-color":"var(--ast-global-color-4)","background-image":"","background-repeat":"repeat","background-position":"center center","background-size":"auto","background-attachment":"scroll","background-type":"","background-media":"","overlay-type":"","overlay-color":"","overlay-opacity":"","overlay-gradient":""},"tablet":{"background-color":"var(--ast-global-color-4)","background-image":"","background-repeat":"repeat","background-position":"center center","background-size":"auto","background-attachment":"scroll","background-type":"","background-media":"","overlay-type":"","overlay-color":"","overlay-opacity":"","overlay-gradient":""},"mobile":{"background-color":"var(--ast-global-color-4)","background-image":"","background-repeat":"repeat","background-position":"center center","background-size":"auto","background-attachment":"scroll","background-type":"","background-media":"","overlay-type":"","overlay-color":"","overlay-opacity":"","overlay-gradient":""}},"_joinchat":[],"footnotes":""},"categories":[1434,1449],"tags":[1931,11,1932,932,769,379],"class_list":["post-17424","post","type-post","status-publish","format-standard","has-post-thumbnail","hentry","category-aviacion-general","category-seguridad-aerea","tag-wmo","tag-aviacioncomercial-2","tag-meteorologia-2","tag-meteorologiaaeronautica","tag-oaci-2","tag-seguridadaerea-3"],"yoast_head":"<!-- This site is optimized with the Yoast SEO plugin v27.3 - https:\/\/yoast.com\/product\/yoast-seo-wordpress\/ -->\n<title>La aviaci\u00f3n frente al desaf\u00edo del cambio clim\u00e1tico - Aeroespacio<\/title>\n<meta name=\"robots\" content=\"index, follow, max-snippet:-1, max-image-preview:large, max-video-preview:-1\" \/>\n<link rel=\"canonical\" href=\"https:\/\/aeroespacio.com.ar\/?p=17424\" \/>\n<meta property=\"og:locale\" content=\"es_ES\" \/>\n<meta property=\"og:type\" content=\"article\" \/>\n<meta property=\"og:title\" content=\"La aviaci\u00f3n frente al desaf\u00edo del cambio clim\u00e1tico - Aeroespacio\" \/>\n<meta property=\"og:description\" content=\"A nivel mundial, el sector aeron\u00e1utico enfrenta un problema creciente: el impacto del calentamiento global en la seguridad y la [&hellip;]\" \/>\n<meta property=\"og:url\" content=\"https:\/\/aeroespacio.com.ar\/?p=17424\" \/>\n<meta property=\"og:site_name\" content=\"Aeroespacio\" \/>\n<meta property=\"article:published_time\" content=\"2025-10-06T13:17:40+00:00\" \/>\n<meta property=\"article:modified_time\" content=\"2025-10-06T13:17:41+00:00\" \/>\n<meta property=\"og:image\" content=\"https:\/\/aeroespacio.com.ar\/wp-content\/uploads\/2025\/10\/2023Aviation_sp_title_lg.jpg\" \/>\n\t<meta property=\"og:image:width\" content=\"1920\" \/>\n\t<meta property=\"og:image:height\" content=\"1080\" \/>\n\t<meta property=\"og:image:type\" content=\"image\/jpeg\" \/>\n<meta name=\"author\" content=\"Jose Operto\" \/>\n<meta name=\"twitter:card\" content=\"summary_large_image\" \/>\n<meta name=\"twitter:label1\" content=\"Escrito por\" \/>\n\t<meta name=\"twitter:data1\" content=\"Jose Operto\" \/>\n\t<meta name=\"twitter:label2\" content=\"Tiempo de lectura\" \/>\n\t<meta name=\"twitter:data2\" content=\"4 minutos\" \/>\n<script type=\"application\/ld+json\" class=\"yoast-schema-graph\">{\"@context\":\"https:\\\/\\\/schema.org\",\"@graph\":[{\"@type\":\"Article\",\"@id\":\"https:\\\/\\\/aeroespacio.com.ar\\\/?p=17424#article\",\"isPartOf\":{\"@id\":\"https:\\\/\\\/aeroespacio.com.ar\\\/?p=17424\"},\"author\":{\"name\":\"Jose Operto\",\"@id\":\"https:\\\/\\\/aeroespacio.com.ar\\\/#\\\/schema\\\/person\\\/6ed044bb77d2eec9f7615badbe365ffa\"},\"headline\":\"La aviaci\u00f3n frente al desaf\u00edo del cambio clim\u00e1tico\",\"datePublished\":\"2025-10-06T13:17:40+00:00\",\"dateModified\":\"2025-10-06T13:17:41+00:00\",\"mainEntityOfPage\":{\"@id\":\"https:\\\/\\\/aeroespacio.com.ar\\\/?p=17424\"},\"wordCount\":748,\"commentCount\":0,\"image\":{\"@id\":\"https:\\\/\\\/aeroespacio.com.ar\\\/?p=17424#primaryimage\"},\"thumbnailUrl\":\"https:\\\/\\\/aeroespacio.com.ar\\\/wp-content\\\/uploads\\\/2025\\\/10\\\/2023Aviation_sp_title_lg.jpg\",\"keywords\":[\"@WMO\",\"#aviacioncomercial\",\"#meteorologia\",\"#Meteorologiaaeronautica\",\"#OACI\",\"#seguridadaerea\"],\"articleSection\":[\"Aviaci\u00f3n General\",\"Seguridad A\u00e9rea\"],\"inLanguage\":\"es-AR\",\"potentialAction\":[{\"@type\":\"CommentAction\",\"name\":\"Comment\",\"target\":[\"https:\\\/\\\/aeroespacio.com.ar\\\/?p=17424#respond\"]}]},{\"@type\":\"WebPage\",\"@id\":\"https:\\\/\\\/aeroespacio.com.ar\\\/?p=17424\",\"url\":\"https:\\\/\\\/aeroespacio.com.ar\\\/?p=17424\",\"name\":\"La aviaci\u00f3n frente al desaf\u00edo del cambio clim\u00e1tico - Aeroespacio\",\"isPartOf\":{\"@id\":\"https:\\\/\\\/aeroespacio.com.ar\\\/#website\"},\"primaryImageOfPage\":{\"@id\":\"https:\\\/\\\/aeroespacio.com.ar\\\/?p=17424#primaryimage\"},\"image\":{\"@id\":\"https:\\\/\\\/aeroespacio.com.ar\\\/?p=17424#primaryimage\"},\"thumbnailUrl\":\"https:\\\/\\\/aeroespacio.com.ar\\\/wp-content\\\/uploads\\\/2025\\\/10\\\/2023Aviation_sp_title_lg.jpg\",\"datePublished\":\"2025-10-06T13:17:40+00:00\",\"dateModified\":\"2025-10-06T13:17:41+00:00\",\"author\":{\"@id\":\"https:\\\/\\\/aeroespacio.com.ar\\\/#\\\/schema\\\/person\\\/6ed044bb77d2eec9f7615badbe365ffa\"},\"breadcrumb\":{\"@id\":\"https:\\\/\\\/aeroespacio.com.ar\\\/?p=17424#breadcrumb\"},\"inLanguage\":\"es-AR\",\"potentialAction\":[{\"@type\":\"ReadAction\",\"target\":[\"https:\\\/\\\/aeroespacio.com.ar\\\/?p=17424\"]}]},{\"@type\":\"ImageObject\",\"inLanguage\":\"es-AR\",\"@id\":\"https:\\\/\\\/aeroespacio.com.ar\\\/?p=17424#primaryimage\",\"url\":\"https:\\\/\\\/aeroespacio.com.ar\\\/wp-content\\\/uploads\\\/2025\\\/10\\\/2023Aviation_sp_title_lg.jpg\",\"contentUrl\":\"https:\\\/\\\/aeroespacio.com.ar\\\/wp-content\\\/uploads\\\/2025\\\/10\\\/2023Aviation_sp_title_lg.jpg\",\"width\":1920,\"height\":1080},{\"@type\":\"BreadcrumbList\",\"@id\":\"https:\\\/\\\/aeroespacio.com.ar\\\/?p=17424#breadcrumb\",\"itemListElement\":[{\"@type\":\"ListItem\",\"position\":1,\"name\":\"Inicio\",\"item\":\"https:\\\/\\\/aeroespacio.com.ar\\\/\"},{\"@type\":\"ListItem\",\"position\":2,\"name\":\"La aviaci\u00f3n frente al desaf\u00edo del cambio clim\u00e1tico\"}]},{\"@type\":\"WebSite\",\"@id\":\"https:\\\/\\\/aeroespacio.com.ar\\\/#website\",\"url\":\"https:\\\/\\\/aeroespacio.com.ar\\\/\",\"name\":\"aeroespacio.com.ar\",\"description\":\"\",\"potentialAction\":[{\"@type\":\"SearchAction\",\"target\":{\"@type\":\"EntryPoint\",\"urlTemplate\":\"https:\\\/\\\/aeroespacio.com.ar\\\/?s={search_term_string}\"},\"query-input\":{\"@type\":\"PropertyValueSpecification\",\"valueRequired\":true,\"valueName\":\"search_term_string\"}}],\"inLanguage\":\"es-AR\"},{\"@type\":\"Person\",\"@id\":\"https:\\\/\\\/aeroespacio.com.ar\\\/#\\\/schema\\\/person\\\/6ed044bb77d2eec9f7615badbe365ffa\",\"name\":\"Jose Operto\",\"image\":{\"@type\":\"ImageObject\",\"inLanguage\":\"es-AR\",\"@id\":\"https:\\\/\\\/secure.gravatar.com\\\/avatar\\\/46c91e2630685531c0b0dd365ca4b4c391e308a6e5811841f817a41623f5da65?s=96&d=mm&r=g\",\"url\":\"https:\\\/\\\/secure.gravatar.com\\\/avatar\\\/46c91e2630685531c0b0dd365ca4b4c391e308a6e5811841f817a41623f5da65?s=96&d=mm&r=g\",\"contentUrl\":\"https:\\\/\\\/secure.gravatar.com\\\/avatar\\\/46c91e2630685531c0b0dd365ca4b4c391e308a6e5811841f817a41623f5da65?s=96&d=mm&r=g\",\"caption\":\"Jose Operto\"},\"url\":\"https:\\\/\\\/aeroespacio.com.ar\\\/?author=20\"}]}<\/script>\n<!-- \/ Yoast SEO plugin. -->","yoast_head_json":{"title":"La aviaci\u00f3n frente al desaf\u00edo del cambio clim\u00e1tico - Aeroespacio","robots":{"index":"index","follow":"follow","max-snippet":"max-snippet:-1","max-image-preview":"max-image-preview:large","max-video-preview":"max-video-preview:-1"},"canonical":"https:\/\/aeroespacio.com.ar\/?p=17424","og_locale":"es_ES","og_type":"article","og_title":"La aviaci\u00f3n frente al desaf\u00edo del cambio clim\u00e1tico - Aeroespacio","og_description":"A nivel mundial, el sector aeron\u00e1utico enfrenta un problema creciente: el impacto del calentamiento global en la seguridad y la [&hellip;]","og_url":"https:\/\/aeroespacio.com.ar\/?p=17424","og_site_name":"Aeroespacio","article_published_time":"2025-10-06T13:17:40+00:00","article_modified_time":"2025-10-06T13:17:41+00:00","og_image":[{"width":1920,"height":1080,"url":"https:\/\/aeroespacio.com.ar\/wp-content\/uploads\/2025\/10\/2023Aviation_sp_title_lg.jpg","type":"image\/jpeg"}],"author":"Jose Operto","twitter_card":"summary_large_image","twitter_misc":{"Escrito por":"Jose Operto","Tiempo de lectura":"4 minutos"},"schema":{"@context":"https:\/\/schema.org","@graph":[{"@type":"Article","@id":"https:\/\/aeroespacio.com.ar\/?p=17424#article","isPartOf":{"@id":"https:\/\/aeroespacio.com.ar\/?p=17424"},"author":{"name":"Jose Operto","@id":"https:\/\/aeroespacio.com.ar\/#\/schema\/person\/6ed044bb77d2eec9f7615badbe365ffa"},"headline":"La aviaci\u00f3n frente al desaf\u00edo del cambio clim\u00e1tico","datePublished":"2025-10-06T13:17:40+00:00","dateModified":"2025-10-06T13:17:41+00:00","mainEntityOfPage":{"@id":"https:\/\/aeroespacio.com.ar\/?p=17424"},"wordCount":748,"commentCount":0,"image":{"@id":"https:\/\/aeroespacio.com.ar\/?p=17424#primaryimage"},"thumbnailUrl":"https:\/\/aeroespacio.com.ar\/wp-content\/uploads\/2025\/10\/2023Aviation_sp_title_lg.jpg","keywords":["@WMO","#aviacioncomercial","#meteorologia","#Meteorologiaaeronautica","#OACI","#seguridadaerea"],"articleSection":["Aviaci\u00f3n General","Seguridad A\u00e9rea"],"inLanguage":"es-AR","potentialAction":[{"@type":"CommentAction","name":"Comment","target":["https:\/\/aeroespacio.com.ar\/?p=17424#respond"]}]},{"@type":"WebPage","@id":"https:\/\/aeroespacio.com.ar\/?p=17424","url":"https:\/\/aeroespacio.com.ar\/?p=17424","name":"La aviaci\u00f3n frente al desaf\u00edo del cambio clim\u00e1tico - Aeroespacio","isPartOf":{"@id":"https:\/\/aeroespacio.com.ar\/#website"},"primaryImageOfPage":{"@id":"https:\/\/aeroespacio.com.ar\/?p=17424#primaryimage"},"image":{"@id":"https:\/\/aeroespacio.com.ar\/?p=17424#primaryimage"},"thumbnailUrl":"https:\/\/aeroespacio.com.ar\/wp-content\/uploads\/2025\/10\/2023Aviation_sp_title_lg.jpg","datePublished":"2025-10-06T13:17:40+00:00","dateModified":"2025-10-06T13:17:41+00:00","author":{"@id":"https:\/\/aeroespacio.com.ar\/#\/schema\/person\/6ed044bb77d2eec9f7615badbe365ffa"},"breadcrumb":{"@id":"https:\/\/aeroespacio.com.ar\/?p=17424#breadcrumb"},"inLanguage":"es-AR","potentialAction":[{"@type":"ReadAction","target":["https:\/\/aeroespacio.com.ar\/?p=17424"]}]},{"@type":"ImageObject","inLanguage":"es-AR","@id":"https:\/\/aeroespacio.com.ar\/?p=17424#primaryimage","url":"https:\/\/aeroespacio.com.ar\/wp-content\/uploads\/2025\/10\/2023Aviation_sp_title_lg.jpg","contentUrl":"https:\/\/aeroespacio.com.ar\/wp-content\/uploads\/2025\/10\/2023Aviation_sp_title_lg.jpg","width":1920,"height":1080},{"@type":"BreadcrumbList","@id":"https:\/\/aeroespacio.com.ar\/?p=17424#breadcrumb","itemListElement":[{"@type":"ListItem","position":1,"name":"Inicio","item":"https:\/\/aeroespacio.com.ar\/"},{"@type":"ListItem","position":2,"name":"La aviaci\u00f3n frente al desaf\u00edo del cambio clim\u00e1tico"}]},{"@type":"WebSite","@id":"https:\/\/aeroespacio.com.ar\/#website","url":"https:\/\/aeroespacio.com.ar\/","name":"aeroespacio.com.ar","description":"","potentialAction":[{"@type":"SearchAction","target":{"@type":"EntryPoint","urlTemplate":"https:\/\/aeroespacio.com.ar\/?s={search_term_string}"},"query-input":{"@type":"PropertyValueSpecification","valueRequired":true,"valueName":"search_term_string"}}],"inLanguage":"es-AR"},{"@type":"Person","@id":"https:\/\/aeroespacio.com.ar\/#\/schema\/person\/6ed044bb77d2eec9f7615badbe365ffa","name":"Jose Operto","image":{"@type":"ImageObject","inLanguage":"es-AR","@id":"https:\/\/secure.gravatar.com\/avatar\/46c91e2630685531c0b0dd365ca4b4c391e308a6e5811841f817a41623f5da65?s=96&d=mm&r=g","url":"https:\/\/secure.gravatar.com\/avatar\/46c91e2630685531c0b0dd365ca4b4c391e308a6e5811841f817a41623f5da65?s=96&d=mm&r=g","contentUrl":"https:\/\/secure.gravatar.com\/avatar\/46c91e2630685531c0b0dd365ca4b4c391e308a6e5811841f817a41623f5da65?s=96&d=mm&r=g","caption":"Jose Operto"},"url":"https:\/\/aeroespacio.com.ar\/?author=20"}]}},"rttpg_featured_image_url":{"full":["https:\/\/aeroespacio.com.ar\/wp-content\/uploads\/2025\/10\/2023Aviation_sp_title_lg.jpg",1920,1080,false],"landscape":["https:\/\/aeroespacio.com.ar\/wp-content\/uploads\/2025\/10\/2023Aviation_sp_title_lg.jpg",1920,1080,false],"portraits":["https:\/\/aeroespacio.com.ar\/wp-content\/uploads\/2025\/10\/2023Aviation_sp_title_lg.jpg",1920,1080,false],"thumbnail":["https:\/\/aeroespacio.com.ar\/wp-content\/uploads\/2025\/10\/2023Aviation_sp_title_lg-150x150.jpg",150,150,true],"medium":["https:\/\/aeroespacio.com.ar\/wp-content\/uploads\/2025\/10\/2023Aviation_sp_title_lg-300x169.jpg",300,169,true],"large":["https:\/\/aeroespacio.com.ar\/wp-content\/uploads\/2025\/10\/2023Aviation_sp_title_lg-1024x576.jpg",1024,576,true],"1536x1536":["https:\/\/aeroespacio.com.ar\/wp-content\/uploads\/2025\/10\/2023Aviation_sp_title_lg-1536x864.jpg",1536,864,true],"2048x2048":["https:\/\/aeroespacio.com.ar\/wp-content\/uploads\/2025\/10\/2023Aviation_sp_title_lg.jpg",1920,1080,false]},"rttpg_author":{"display_name":"Jose Operto","author_link":"https:\/\/aeroespacio.com.ar\/?author=20"},"rttpg_comment":0,"rttpg_category":"<a href=\"https:\/\/aeroespacio.com.ar\/?cat=1434\" rel=\"category\">Aviaci\u00f3n General<\/a> <a href=\"https:\/\/aeroespacio.com.ar\/?cat=1449\" rel=\"category\">Seguridad A\u00e9rea<\/a>","rttpg_excerpt":"A nivel mundial, el sector aeron\u00e1utico enfrenta un problema creciente: el impacto del calentamiento global en la seguridad y la [&hellip;]","_links":{"self":[{"href":"https:\/\/aeroespacio.com.ar\/index.php?rest_route=\/wp\/v2\/posts\/17424","targetHints":{"allow":["GET"]}}],"collection":[{"href":"https:\/\/aeroespacio.com.ar\/index.php?rest_route=\/wp\/v2\/posts"}],"about":[{"href":"https:\/\/aeroespacio.com.ar\/index.php?rest_route=\/wp\/v2\/types\/post"}],"author":[{"embeddable":true,"href":"https:\/\/aeroespacio.com.ar\/index.php?rest_route=\/wp\/v2\/users\/20"}],"replies":[{"embeddable":true,"href":"https:\/\/aeroespacio.com.ar\/index.php?rest_route=%2Fwp%2Fv2%2Fcomments&post=17424"}],"version-history":[{"count":1,"href":"https:\/\/aeroespacio.com.ar\/index.php?rest_route=\/wp\/v2\/posts\/17424\/revisions"}],"predecessor-version":[{"id":17426,"href":"https:\/\/aeroespacio.com.ar\/index.php?rest_route=\/wp\/v2\/posts\/17424\/revisions\/17426"}],"wp:featuredmedia":[{"embeddable":true,"href":"https:\/\/aeroespacio.com.ar\/index.php?rest_route=\/wp\/v2\/media\/17425"}],"wp:attachment":[{"href":"https:\/\/aeroespacio.com.ar\/index.php?rest_route=%2Fwp%2Fv2%2Fmedia&parent=17424"}],"wp:term":[{"taxonomy":"category","embeddable":true,"href":"https:\/\/aeroespacio.com.ar\/index.php?rest_route=%2Fwp%2Fv2%2Fcategories&post=17424"},{"taxonomy":"post_tag","embeddable":true,"href":"https:\/\/aeroespacio.com.ar\/index.php?rest_route=%2Fwp%2Fv2%2Ftags&post=17424"}],"curies":[{"name":"wp","href":"https:\/\/api.w.org\/{rel}","templated":true}]}}