{"id":17251,"date":"2025-09-06T01:29:12","date_gmt":"2025-09-06T01:29:12","guid":{"rendered":"http:\/\/192.168.0.98\/?p=17251"},"modified":"2025-09-06T01:31:14","modified_gmt":"2025-09-06T01:31:14","slug":"italia-formara-pilotos-estadounidenses","status":"publish","type":"post","link":"https:\/\/aeroespacio.com.ar\/?p=17251","title":{"rendered":"Italia formar\u00e1 pilotos estadounidenses"},"content":{"rendered":"\n<p>La Aeronautica Militare (AM) comenzar\u00e1 a entrenar, en los pr\u00f3ximos d\u00edas, a diez pilotos de la Fuerza A\u00e9rea de Estados Unidos (USAF), en la Escuela Internacional de Formaci\u00f3n de Vuelo (IFTS), alojada en la Base A\u00e9rea de Decimomannu, Cerde\u00f1a, lo que marca un hito hist\u00f3rico en materia de cooperaci\u00f3n militar entre EE. UU. e Italia.  <\/p>\n\n\n\n<figure class=\"wp-block-image size-full\"><img fetchpriority=\"high\" decoding=\"async\" width=\"1000\" height=\"563\" src=\"https:\/\/aeroespacio.com.ar\/wp-content\/uploads\/2025\/09\/1000069299.jpg\" alt=\"\" class=\"wp-image-17254\" srcset=\"https:\/\/aeroespacio.com.ar\/wp-content\/uploads\/2025\/09\/1000069299.jpg 1000w, https:\/\/aeroespacio.com.ar\/wp-content\/uploads\/2025\/09\/1000069299-300x169.jpg 300w, https:\/\/aeroespacio.com.ar\/wp-content\/uploads\/2025\/09\/1000069299-768x432.jpg 768w\" sizes=\"(max-width: 1000px) 100vw, 1000px\" \/><\/figure>\n\n\n\n<p>El acuerdo fue firmado el 22 de agosto por los jefes de la USAF y de la AM, tenientes generales Bran Robinson y Antonio Conserva, respectivamente. Los encargados de llevar a cabo el entrenamiento de los estudiantes ser\u00e1n los miembros del 212. \u00b0 Grupo de Vuelo\/IFTS, que funciona como una articulaci\u00f3n del Ala 61 de Galatina. <\/p>\n\n\n\n<p>El curso de formaci\u00f3n llamado \u201cMultiphase Jet Training Integrated Syllabus\u201d fue creado por ambas fuerzas a\u00e9reas y permitir\u00e1 a los cursantes obtener su licencia de piloto militar en nueve meses, lo que acelera e incrementa la formaci\u00f3n de aviadores. <\/p>\n\n\n\n<figure class=\"wp-block-image size-large\"><img decoding=\"async\" width=\"1024\" height=\"683\" src=\"https:\/\/aeroespacio.com.ar\/wp-content\/uploads\/2025\/09\/1000069301-1024x683.jpg\" alt=\"\" class=\"wp-image-17255\" srcset=\"https:\/\/aeroespacio.com.ar\/wp-content\/uploads\/2025\/09\/1000069301-1024x683.jpg 1024w, https:\/\/aeroespacio.com.ar\/wp-content\/uploads\/2025\/09\/1000069301-300x200.jpg 300w, https:\/\/aeroespacio.com.ar\/wp-content\/uploads\/2025\/09\/1000069301-768x512.jpg 768w, https:\/\/aeroespacio.com.ar\/wp-content\/uploads\/2025\/09\/1000069301-1536x1025.jpg 1536w, https:\/\/aeroespacio.com.ar\/wp-content\/uploads\/2025\/09\/1000069301.jpg 1920w\" sizes=\"(max-width: 1024px) 100vw, 1024px\" \/><\/figure>\n\n\n\n<p>La IFTS fue elegida por EE. UU. debido a que, por su plataforma de entrenamiento que utiliza el sistema de armas T-346A, similar al T-7A Red Hawk norteamericano, se trata de una escuela con un alto grado de formaci\u00f3n para pilotos militares. Actualmente, esta aeronave permite formar a quienes luego volar\u00e1n en cazas de cuarta y quinta generaci\u00f3n como, por ejemplo, el JAS Gripen, Eurofigther Typhoon y F-35 Lighting II. Por ello, naciones como Jap\u00f3n, Qatar, Alemania y otras que forman parte de la Organizaci\u00f3n del Tratado del Atl\u00e1ntico Norte (OTAN) deciden enviar a sus futuras tripulaciones all\u00ed para que completen la Fase IV de entrenamiento (Advanced\/Lead-In to Fighter Training).   <\/p>\n\n\n\n<p>Esta escuela fue creada entre la AM y la empresa aeron\u00e1utica Leonardo S.p.A, quienes establecieron los requerimientos de este moderno y eficaz centro de formaci\u00f3n de vuelo avanzado de car\u00e1cter internacional.<\/p>\n\n\n\n<figure class=\"wp-block-image size-large\"><img decoding=\"async\" width=\"1024\" height=\"576\" src=\"https:\/\/aeroespacio.com.ar\/wp-content\/uploads\/2025\/09\/1000069300-1-1024x576.jpg\" alt=\"\" class=\"wp-image-17256\" srcset=\"https:\/\/aeroespacio.com.ar\/wp-content\/uploads\/2025\/09\/1000069300-1-1024x576.jpg 1024w, https:\/\/aeroespacio.com.ar\/wp-content\/uploads\/2025\/09\/1000069300-1-300x169.jpg 300w, https:\/\/aeroespacio.com.ar\/wp-content\/uploads\/2025\/09\/1000069300-1-768x432.jpg 768w, https:\/\/aeroespacio.com.ar\/wp-content\/uploads\/2025\/09\/1000069300-1-1536x864.jpg 1536w, https:\/\/aeroespacio.com.ar\/wp-content\/uploads\/2025\/09\/1000069300-1.jpg 1761w\" sizes=\"(max-width: 1024px) 100vw, 1024px\" \/><\/figure>\n\n\n\n<p>En menos de un lustro, la IFTS se convirti\u00f3 en uno de los centros de entrenamiento militar favoritos de la OTAN, gracias a sus modernas instalaciones y personal, capaces de albergar, gestionar y garantizar la operatividad de su flota de 22 T-346A. Adem\u00e1s, cuenta con un edificio completo donde se encuentra uno de los sistemas de entrenamiento terrestre m\u00e1s avanzados del mundo con un nivel de simulaci\u00f3n que permite representar situaciones de combate aire-aire y operaciones a\u00e9reas complejas.<\/p>\n\n\n\n<p>Fuente: Ministero Della Difesa<\/p>\n\n\n\n<p>Fotos: Aeronautica Militare<\/p>\n","protected":false},"excerpt":{"rendered":"<p>La Aeronautica Militare (AM) comenzar\u00e1 a entrenar, en los pr\u00f3ximos d\u00edas, a diez pilotos de la Fuerza A\u00e9rea de Estados [&hellip;]<\/p>\n","protected":false},"author":20,"featured_media":17252,"comment_status":"open","ping_status":"open","sticky":false,"template":"","format":"standard","meta":{"site-sidebar-layout":"default","site-content-layout":"","ast-site-content-layout":"default","site-content-style":"default","site-sidebar-style":"default","ast-global-header-display":"","ast-banner-title-visibility":"","ast-main-header-display":"","ast-hfb-above-header-display":"","ast-hfb-below-header-display":"","ast-hfb-mobile-header-display":"","site-post-title":"","ast-breadcrumbs-content":"","ast-featured-img":"","footer-sml-layout":"","ast-disable-related-posts":"","theme-transparent-header-meta":"","adv-header-id-meta":"","stick-header-meta":"","header-above-stick-meta":"","header-main-stick-meta":"","header-below-stick-meta":"","astra-migrate-meta-layouts":"default","ast-page-background-enabled":"default","ast-page-background-meta":{"desktop":{"background-color":"var(--ast-global-color-5)","background-image":"","background-repeat":"repeat","background-position":"center center","background-size":"auto","background-attachment":"scroll","background-type":"","background-media":"","overlay-type":"","overlay-color":"","overlay-opacity":"","overlay-gradient":""},"tablet":{"background-color":"","background-image":"","background-repeat":"repeat","background-position":"center center","background-size":"auto","background-attachment":"scroll","background-type":"","background-media":"","overlay-type":"","overlay-color":"","overlay-opacity":"","overlay-gradient":""},"mobile":{"background-color":"","background-image":"","background-repeat":"repeat","background-position":"center center","background-size":"auto","background-attachment":"scroll","background-type":"","background-media":"","overlay-type":"","overlay-color":"","overlay-opacity":"","overlay-gradient":""}},"ast-content-background-meta":{"desktop":{"background-color":"var(--ast-global-color-4)","background-image":"","background-repeat":"repeat","background-position":"center center","background-size":"auto","background-attachment":"scroll","background-type":"","background-media":"","overlay-type":"","overlay-color":"","overlay-opacity":"","overlay-gradient":""},"tablet":{"background-color":"var(--ast-global-color-4)","background-image":"","background-repeat":"repeat","background-position":"center center","background-size":"auto","background-attachment":"scroll","background-type":"","background-media":"","overlay-type":"","overlay-color":"","overlay-opacity":"","overlay-gradient":""},"mobile":{"background-color":"var(--ast-global-color-4)","background-image":"","background-repeat":"repeat","background-position":"center center","background-size":"auto","background-attachment":"scroll","background-type":"","background-media":"","overlay-type":"","overlay-color":"","overlay-opacity":"","overlay-gradient":""}},"_joinchat":[],"footnotes":""},"categories":[1442],"tags":[10,310,1893],"class_list":["post-17251","post","type-post","status-publish","format-standard","has-post-thumbnail","hentry","category-aviacion-militar","tag-aviacion-2","tag-aviacionmilitar-2","tag-italia-leonardo-eeuu"],"yoast_head":"<!-- This site is optimized with the Yoast SEO plugin v27.3 - https:\/\/yoast.com\/product\/yoast-seo-wordpress\/ -->\n<title>Italia formar\u00e1 pilotos estadounidenses - Aeroespacio<\/title>\n<meta name=\"robots\" content=\"index, follow, max-snippet:-1, max-image-preview:large, max-video-preview:-1\" \/>\n<link rel=\"canonical\" href=\"https:\/\/aeroespacio.com.ar\/?p=17251\" \/>\n<meta property=\"og:locale\" content=\"es_ES\" \/>\n<meta property=\"og:type\" content=\"article\" \/>\n<meta property=\"og:title\" content=\"Italia formar\u00e1 pilotos estadounidenses - Aeroespacio\" \/>\n<meta property=\"og:description\" content=\"La Aeronautica Militare (AM) comenzar\u00e1 a entrenar, en los pr\u00f3ximos d\u00edas, a diez pilotos de la Fuerza A\u00e9rea de Estados [&hellip;]\" \/>\n<meta property=\"og:url\" content=\"https:\/\/aeroespacio.com.ar\/?p=17251\" \/>\n<meta property=\"og:site_name\" content=\"Aeroespacio\" \/>\n<meta property=\"article:published_time\" content=\"2025-09-06T01:29:12+00:00\" \/>\n<meta property=\"article:modified_time\" content=\"2025-09-06T01:31:14+00:00\" \/>\n<meta property=\"og:image\" content=\"https:\/\/aeroespacio.com.ar\/wp-content\/uploads\/2025\/09\/1000069300.jpg\" \/>\n\t<meta property=\"og:image:width\" content=\"1761\" \/>\n\t<meta property=\"og:image:height\" content=\"991\" \/>\n\t<meta property=\"og:image:type\" content=\"image\/jpeg\" \/>\n<meta name=\"author\" content=\"Jose Operto\" \/>\n<meta name=\"twitter:card\" content=\"summary_large_image\" \/>\n<meta name=\"twitter:label1\" content=\"Escrito por\" \/>\n\t<meta name=\"twitter:data1\" content=\"Jose Operto\" \/>\n\t<meta name=\"twitter:label2\" content=\"Tiempo de lectura\" \/>\n\t<meta name=\"twitter:data2\" content=\"3 minutos\" \/>\n<script type=\"application\/ld+json\" class=\"yoast-schema-graph\">{\"@context\":\"https:\\\/\\\/schema.org\",\"@graph\":[{\"@type\":\"Article\",\"@id\":\"https:\\\/\\\/aeroespacio.com.ar\\\/?p=17251#article\",\"isPartOf\":{\"@id\":\"https:\\\/\\\/aeroespacio.com.ar\\\/?p=17251\"},\"author\":{\"name\":\"Jose Operto\",\"@id\":\"https:\\\/\\\/aeroespacio.com.ar\\\/#\\\/schema\\\/person\\\/6ed044bb77d2eec9f7615badbe365ffa\"},\"headline\":\"Italia formar\u00e1 pilotos estadounidenses\",\"datePublished\":\"2025-09-06T01:29:12+00:00\",\"dateModified\":\"2025-09-06T01:31:14+00:00\",\"mainEntityOfPage\":{\"@id\":\"https:\\\/\\\/aeroespacio.com.ar\\\/?p=17251\"},\"wordCount\":408,\"commentCount\":0,\"image\":{\"@id\":\"https:\\\/\\\/aeroespacio.com.ar\\\/?p=17251#primaryimage\"},\"thumbnailUrl\":\"https:\\\/\\\/aeroespacio.com.ar\\\/wp-content\\\/uploads\\\/2025\\\/09\\\/1000069300.jpg\",\"keywords\":[\"#aviacion\",\"#aviacionmilitar\",\"#italia #leonardo #eeuu\"],\"articleSection\":[\"Aviaci\u00f3n Militar\"],\"inLanguage\":\"es-AR\",\"potentialAction\":[{\"@type\":\"CommentAction\",\"name\":\"Comment\",\"target\":[\"https:\\\/\\\/aeroespacio.com.ar\\\/?p=17251#respond\"]}]},{\"@type\":\"WebPage\",\"@id\":\"https:\\\/\\\/aeroespacio.com.ar\\\/?p=17251\",\"url\":\"https:\\\/\\\/aeroespacio.com.ar\\\/?p=17251\",\"name\":\"Italia formar\u00e1 pilotos estadounidenses - Aeroespacio\",\"isPartOf\":{\"@id\":\"https:\\\/\\\/aeroespacio.com.ar\\\/#website\"},\"primaryImageOfPage\":{\"@id\":\"https:\\\/\\\/aeroespacio.com.ar\\\/?p=17251#primaryimage\"},\"image\":{\"@id\":\"https:\\\/\\\/aeroespacio.com.ar\\\/?p=17251#primaryimage\"},\"thumbnailUrl\":\"https:\\\/\\\/aeroespacio.com.ar\\\/wp-content\\\/uploads\\\/2025\\\/09\\\/1000069300.jpg\",\"datePublished\":\"2025-09-06T01:29:12+00:00\",\"dateModified\":\"2025-09-06T01:31:14+00:00\",\"author\":{\"@id\":\"https:\\\/\\\/aeroespacio.com.ar\\\/#\\\/schema\\\/person\\\/6ed044bb77d2eec9f7615badbe365ffa\"},\"breadcrumb\":{\"@id\":\"https:\\\/\\\/aeroespacio.com.ar\\\/?p=17251#breadcrumb\"},\"inLanguage\":\"es-AR\",\"potentialAction\":[{\"@type\":\"ReadAction\",\"target\":[\"https:\\\/\\\/aeroespacio.com.ar\\\/?p=17251\"]}]},{\"@type\":\"ImageObject\",\"inLanguage\":\"es-AR\",\"@id\":\"https:\\\/\\\/aeroespacio.com.ar\\\/?p=17251#primaryimage\",\"url\":\"https:\\\/\\\/aeroespacio.com.ar\\\/wp-content\\\/uploads\\\/2025\\\/09\\\/1000069300.jpg\",\"contentUrl\":\"https:\\\/\\\/aeroespacio.com.ar\\\/wp-content\\\/uploads\\\/2025\\\/09\\\/1000069300.jpg\",\"width\":1761,\"height\":991},{\"@type\":\"BreadcrumbList\",\"@id\":\"https:\\\/\\\/aeroespacio.com.ar\\\/?p=17251#breadcrumb\",\"itemListElement\":[{\"@type\":\"ListItem\",\"position\":1,\"name\":\"Inicio\",\"item\":\"https:\\\/\\\/aeroespacio.com.ar\\\/\"},{\"@type\":\"ListItem\",\"position\":2,\"name\":\"Italia formar\u00e1 pilotos estadounidenses\"}]},{\"@type\":\"WebSite\",\"@id\":\"https:\\\/\\\/aeroespacio.com.ar\\\/#website\",\"url\":\"https:\\\/\\\/aeroespacio.com.ar\\\/\",\"name\":\"aeroespacio.com.ar\",\"description\":\"\",\"potentialAction\":[{\"@type\":\"SearchAction\",\"target\":{\"@type\":\"EntryPoint\",\"urlTemplate\":\"https:\\\/\\\/aeroespacio.com.ar\\\/?s={search_term_string}\"},\"query-input\":{\"@type\":\"PropertyValueSpecification\",\"valueRequired\":true,\"valueName\":\"search_term_string\"}}],\"inLanguage\":\"es-AR\"},{\"@type\":\"Person\",\"@id\":\"https:\\\/\\\/aeroespacio.com.ar\\\/#\\\/schema\\\/person\\\/6ed044bb77d2eec9f7615badbe365ffa\",\"name\":\"Jose Operto\",\"image\":{\"@type\":\"ImageObject\",\"inLanguage\":\"es-AR\",\"@id\":\"https:\\\/\\\/secure.gravatar.com\\\/avatar\\\/46c91e2630685531c0b0dd365ca4b4c391e308a6e5811841f817a41623f5da65?s=96&d=mm&r=g\",\"url\":\"https:\\\/\\\/secure.gravatar.com\\\/avatar\\\/46c91e2630685531c0b0dd365ca4b4c391e308a6e5811841f817a41623f5da65?s=96&d=mm&r=g\",\"contentUrl\":\"https:\\\/\\\/secure.gravatar.com\\\/avatar\\\/46c91e2630685531c0b0dd365ca4b4c391e308a6e5811841f817a41623f5da65?s=96&d=mm&r=g\",\"caption\":\"Jose Operto\"},\"url\":\"https:\\\/\\\/aeroespacio.com.ar\\\/?author=20\"}]}<\/script>\n<!-- \/ Yoast SEO plugin. -->","yoast_head_json":{"title":"Italia formar\u00e1 pilotos estadounidenses - Aeroespacio","robots":{"index":"index","follow":"follow","max-snippet":"max-snippet:-1","max-image-preview":"max-image-preview:large","max-video-preview":"max-video-preview:-1"},"canonical":"https:\/\/aeroespacio.com.ar\/?p=17251","og_locale":"es_ES","og_type":"article","og_title":"Italia formar\u00e1 pilotos estadounidenses - Aeroespacio","og_description":"La Aeronautica Militare (AM) comenzar\u00e1 a entrenar, en los pr\u00f3ximos d\u00edas, a diez pilotos de la Fuerza A\u00e9rea de Estados [&hellip;]","og_url":"https:\/\/aeroespacio.com.ar\/?p=17251","og_site_name":"Aeroespacio","article_published_time":"2025-09-06T01:29:12+00:00","article_modified_time":"2025-09-06T01:31:14+00:00","og_image":[{"width":1761,"height":991,"url":"https:\/\/aeroespacio.com.ar\/wp-content\/uploads\/2025\/09\/1000069300.jpg","type":"image\/jpeg"}],"author":"Jose Operto","twitter_card":"summary_large_image","twitter_misc":{"Escrito por":"Jose Operto","Tiempo de lectura":"3 minutos"},"schema":{"@context":"https:\/\/schema.org","@graph":[{"@type":"Article","@id":"https:\/\/aeroespacio.com.ar\/?p=17251#article","isPartOf":{"@id":"https:\/\/aeroespacio.com.ar\/?p=17251"},"author":{"name":"Jose Operto","@id":"https:\/\/aeroespacio.com.ar\/#\/schema\/person\/6ed044bb77d2eec9f7615badbe365ffa"},"headline":"Italia formar\u00e1 pilotos estadounidenses","datePublished":"2025-09-06T01:29:12+00:00","dateModified":"2025-09-06T01:31:14+00:00","mainEntityOfPage":{"@id":"https:\/\/aeroespacio.com.ar\/?p=17251"},"wordCount":408,"commentCount":0,"image":{"@id":"https:\/\/aeroespacio.com.ar\/?p=17251#primaryimage"},"thumbnailUrl":"https:\/\/aeroespacio.com.ar\/wp-content\/uploads\/2025\/09\/1000069300.jpg","keywords":["#aviacion","#aviacionmilitar","#italia #leonardo #eeuu"],"articleSection":["Aviaci\u00f3n Militar"],"inLanguage":"es-AR","potentialAction":[{"@type":"CommentAction","name":"Comment","target":["https:\/\/aeroespacio.com.ar\/?p=17251#respond"]}]},{"@type":"WebPage","@id":"https:\/\/aeroespacio.com.ar\/?p=17251","url":"https:\/\/aeroespacio.com.ar\/?p=17251","name":"Italia formar\u00e1 pilotos estadounidenses - Aeroespacio","isPartOf":{"@id":"https:\/\/aeroespacio.com.ar\/#website"},"primaryImageOfPage":{"@id":"https:\/\/aeroespacio.com.ar\/?p=17251#primaryimage"},"image":{"@id":"https:\/\/aeroespacio.com.ar\/?p=17251#primaryimage"},"thumbnailUrl":"https:\/\/aeroespacio.com.ar\/wp-content\/uploads\/2025\/09\/1000069300.jpg","datePublished":"2025-09-06T01:29:12+00:00","dateModified":"2025-09-06T01:31:14+00:00","author":{"@id":"https:\/\/aeroespacio.com.ar\/#\/schema\/person\/6ed044bb77d2eec9f7615badbe365ffa"},"breadcrumb":{"@id":"https:\/\/aeroespacio.com.ar\/?p=17251#breadcrumb"},"inLanguage":"es-AR","potentialAction":[{"@type":"ReadAction","target":["https:\/\/aeroespacio.com.ar\/?p=17251"]}]},{"@type":"ImageObject","inLanguage":"es-AR","@id":"https:\/\/aeroespacio.com.ar\/?p=17251#primaryimage","url":"https:\/\/aeroespacio.com.ar\/wp-content\/uploads\/2025\/09\/1000069300.jpg","contentUrl":"https:\/\/aeroespacio.com.ar\/wp-content\/uploads\/2025\/09\/1000069300.jpg","width":1761,"height":991},{"@type":"BreadcrumbList","@id":"https:\/\/aeroespacio.com.ar\/?p=17251#breadcrumb","itemListElement":[{"@type":"ListItem","position":1,"name":"Inicio","item":"https:\/\/aeroespacio.com.ar\/"},{"@type":"ListItem","position":2,"name":"Italia formar\u00e1 pilotos estadounidenses"}]},{"@type":"WebSite","@id":"https:\/\/aeroespacio.com.ar\/#website","url":"https:\/\/aeroespacio.com.ar\/","name":"aeroespacio.com.ar","description":"","potentialAction":[{"@type":"SearchAction","target":{"@type":"EntryPoint","urlTemplate":"https:\/\/aeroespacio.com.ar\/?s={search_term_string}"},"query-input":{"@type":"PropertyValueSpecification","valueRequired":true,"valueName":"search_term_string"}}],"inLanguage":"es-AR"},{"@type":"Person","@id":"https:\/\/aeroespacio.com.ar\/#\/schema\/person\/6ed044bb77d2eec9f7615badbe365ffa","name":"Jose Operto","image":{"@type":"ImageObject","inLanguage":"es-AR","@id":"https:\/\/secure.gravatar.com\/avatar\/46c91e2630685531c0b0dd365ca4b4c391e308a6e5811841f817a41623f5da65?s=96&d=mm&r=g","url":"https:\/\/secure.gravatar.com\/avatar\/46c91e2630685531c0b0dd365ca4b4c391e308a6e5811841f817a41623f5da65?s=96&d=mm&r=g","contentUrl":"https:\/\/secure.gravatar.com\/avatar\/46c91e2630685531c0b0dd365ca4b4c391e308a6e5811841f817a41623f5da65?s=96&d=mm&r=g","caption":"Jose Operto"},"url":"https:\/\/aeroespacio.com.ar\/?author=20"}]}},"rttpg_featured_image_url":{"full":["https:\/\/aeroespacio.com.ar\/wp-content\/uploads\/2025\/09\/1000069300.jpg",1761,991,false],"landscape":["https:\/\/aeroespacio.com.ar\/wp-content\/uploads\/2025\/09\/1000069300.jpg",1761,991,false],"portraits":["https:\/\/aeroespacio.com.ar\/wp-content\/uploads\/2025\/09\/1000069300.jpg",1761,991,false],"thumbnail":["https:\/\/aeroespacio.com.ar\/wp-content\/uploads\/2025\/09\/1000069300-150x150.jpg",150,150,true],"medium":["https:\/\/aeroespacio.com.ar\/wp-content\/uploads\/2025\/09\/1000069300-300x169.jpg",300,169,true],"large":["https:\/\/aeroespacio.com.ar\/wp-content\/uploads\/2025\/09\/1000069300-1024x576.jpg",1024,576,true],"1536x1536":["https:\/\/aeroespacio.com.ar\/wp-content\/uploads\/2025\/09\/1000069300-1536x864.jpg",1536,864,true],"2048x2048":["https:\/\/aeroespacio.com.ar\/wp-content\/uploads\/2025\/09\/1000069300.jpg",1761,991,false]},"rttpg_author":{"display_name":"Jose Operto","author_link":"https:\/\/aeroespacio.com.ar\/?author=20"},"rttpg_comment":0,"rttpg_category":"<a href=\"https:\/\/aeroespacio.com.ar\/?cat=1442\" rel=\"category\">Aviaci\u00f3n Militar<\/a>","rttpg_excerpt":"La Aeronautica Militare (AM) comenzar\u00e1 a entrenar, en los pr\u00f3ximos d\u00edas, a diez pilotos de la Fuerza A\u00e9rea de Estados [&hellip;]","_links":{"self":[{"href":"https:\/\/aeroespacio.com.ar\/index.php?rest_route=\/wp\/v2\/posts\/17251","targetHints":{"allow":["GET"]}}],"collection":[{"href":"https:\/\/aeroespacio.com.ar\/index.php?rest_route=\/wp\/v2\/posts"}],"about":[{"href":"https:\/\/aeroespacio.com.ar\/index.php?rest_route=\/wp\/v2\/types\/post"}],"author":[{"embeddable":true,"href":"https:\/\/aeroespacio.com.ar\/index.php?rest_route=\/wp\/v2\/users\/20"}],"replies":[{"embeddable":true,"href":"https:\/\/aeroespacio.com.ar\/index.php?rest_route=%2Fwp%2Fv2%2Fcomments&post=17251"}],"version-history":[{"count":2,"href":"https:\/\/aeroespacio.com.ar\/index.php?rest_route=\/wp\/v2\/posts\/17251\/revisions"}],"predecessor-version":[{"id":17258,"href":"https:\/\/aeroespacio.com.ar\/index.php?rest_route=\/wp\/v2\/posts\/17251\/revisions\/17258"}],"wp:featuredmedia":[{"embeddable":true,"href":"https:\/\/aeroespacio.com.ar\/index.php?rest_route=\/wp\/v2\/media\/17252"}],"wp:attachment":[{"href":"https:\/\/aeroespacio.com.ar\/index.php?rest_route=%2Fwp%2Fv2%2Fmedia&parent=17251"}],"wp:term":[{"taxonomy":"category","embeddable":true,"href":"https:\/\/aeroespacio.com.ar\/index.php?rest_route=%2Fwp%2Fv2%2Fcategories&post=17251"},{"taxonomy":"post_tag","embeddable":true,"href":"https:\/\/aeroespacio.com.ar\/index.php?rest_route=%2Fwp%2Fv2%2Ftags&post=17251"}],"curies":[{"name":"wp","href":"https:\/\/api.w.org\/{rel}","templated":true}]}}