{"id":17173,"date":"2025-09-03T11:45:55","date_gmt":"2025-09-03T11:45:55","guid":{"rendered":"http:\/\/192.168.0.98\/?p=17173"},"modified":"2025-09-03T11:51:00","modified_gmt":"2025-09-03T11:51:00","slug":"menos-tramites-para-volar-la-anac-facilita-la-declaracion-de-vuelos","status":"publish","type":"post","link":"https:\/\/aeroespacio.com.ar\/?p=17173","title":{"rendered":"Menos tr\u00e1mites para volar: la ANAC facilita la declaraci\u00f3n de vuelos"},"content":{"rendered":"\n<p>A trav\u00e9s de la resoluci\u00f3n N. \u00ba 567\/2025, informada en el Bolet\u00edn Oficial, el organismo que regula y controla la aviaci\u00f3n civil simplific\u00f3 el procedimiento para informar las operaciones de vuelo, es decir, el proceso formal que deben seguir los pilotos y las aerol\u00edneas para notificar a las autoridades sobre un vuelo, tales como rutas, horarios y tipos de aeronave.<\/p>\n\n\n\n<p>La normativa establece condiciones, plazos y requisitos para que operadores a\u00e9reos nacionales y extranjeros informen a la ANAC sobre sus vuelos en el pa\u00eds, con la finalidad de agilizar, ordenar y transparentar antiguos tr\u00e1mites. La medida busca reducir costos administrativos para el Estado, y ofrece una mayor claridad a las empresas y seguridad a los pasajeros.<\/p>\n\n\n\n<p>De ahora en m\u00e1s, l\u00edneas a\u00e9reas y operadores de vuelo podr\u00e1n brindar la informaci\u00f3n mediante correo electr\u00f3nico a la autoridad aeron\u00e1utica, sin requerimiento de autorizaci\u00f3n previa. Para los vuelos internacionales, se implementar\u00e1 lo mismo, y en el caso de no tener respuesta en un determinado plazo, quedar\u00e1n autom\u00e1ticamente habilitados. Adem\u00e1s, las aerol\u00edneas extranjeras deber\u00e1n presentar certificados de operaci\u00f3n y aeronavegabilidad, y los seguros que se ajusten a la normativa de nuestro pa\u00eds.<\/p>\n\n\n\n<figure class=\"wp-block-image size-large\"><img fetchpriority=\"high\" decoding=\"async\" width=\"1024\" height=\"683\" src=\"https:\/\/aeroespacio.com.ar\/wp-content\/uploads\/2025\/09\/administracion_nacional_de_aviacion_civil-1024x683.jpg\" alt=\"\" class=\"wp-image-17174\" srcset=\"https:\/\/aeroespacio.com.ar\/wp-content\/uploads\/2025\/09\/administracion_nacional_de_aviacion_civil-1024x683.jpg 1024w, https:\/\/aeroespacio.com.ar\/wp-content\/uploads\/2025\/09\/administracion_nacional_de_aviacion_civil-300x200.jpg 300w, https:\/\/aeroespacio.com.ar\/wp-content\/uploads\/2025\/09\/administracion_nacional_de_aviacion_civil-768x513.jpg 768w, https:\/\/aeroespacio.com.ar\/wp-content\/uploads\/2025\/09\/administracion_nacional_de_aviacion_civil-1536x1025.jpg 1536w, https:\/\/aeroespacio.com.ar\/wp-content\/uploads\/2025\/09\/administracion_nacional_de_aviacion_civil-2048x1367.jpg 2048w\" sizes=\"(max-width: 1024px) 100vw, 1024px\" \/><\/figure>\n\n\n\n<p>Con esta decisi\u00f3n las compa\u00f1\u00edas a\u00e9reas no deber\u00e1n traspasar interminables instancias en lo que respecta a servicios de transportes a\u00e9reos programados. No obstante, el organismo seguir\u00e1 con tareas de fiscalizaci\u00f3n para que las operaciones se lleven a cabo de manera eficiente, garantizando la seguridad.<\/p>\n\n\n\n<p>Para el caso de reprogramaciones o cancelaciones, se estipulan los plazos para informarlas anticipadamente, as\u00ed como tambi\u00e9n se requiere un informe semanal obligatorio en el que se reporten las causas de cualquier modificaci\u00f3n realizada en los vuelos programados. La ANAC controlar\u00e1 el cumplimiento de esta normativa y aplicar\u00e1 sanciones en caso de faltas o infracciones.<\/p>\n\n\n\n<p>ANAC moderniz\u00f3 el registro de las horas de vuelo para pilotos y tripulantes de cabina de pasajeros<\/p>\n\n\n\n<p>La autoridad aeron\u00e1utica estableci\u00f3, desde el&nbsp; lunes 1 de septiembre, que el foliado de libro de vuelo ahora es electr\u00f3nico. Este tipo de documento consiste en la certificaci\u00f3n oficial de la actividad declarada por pilotos y tripulantes de cabina. La nueva modificaci\u00f3n adem\u00e1s establece que se realiza a trav\u00e9s del Casillero Aeron\u00e1utico Digital, sin necesidad de asistir personalmente a la ANAC. El procedimiento se har\u00e1 por etapas, de manera paulatina, y alcanzar\u00e1 a toda la actividad de la aviaci\u00f3n civil.<\/p>\n\n\n\n<p>El turno de operadores bajo RAAC 121 y 135 (transporte a\u00e9reo regular y no regular) fue el 1 de septiembre, mientras que el 1 de noviembre, les ser\u00e1 asignado a operadores bajo RAAC 91, e incluir\u00e1 a los Centros de Instrucci\u00f3n de Aeron\u00e1utica Civil (CIAC) y Empresas de Trabajo A\u00e9reo.<\/p>\n\n\n\n<p>Fuente: ANAC<br>Foto: Argentina.gob \/ HangarX<\/p>\n","protected":false},"excerpt":{"rendered":"<p>A trav\u00e9s de la resoluci\u00f3n N. \u00ba 567\/2025, informada en el Bolet\u00edn Oficial, el organismo que regula y controla la [&hellip;]<\/p>\n","protected":false},"author":20,"featured_media":17175,"comment_status":"open","ping_status":"open","sticky":false,"template":"","format":"standard","meta":{"site-sidebar-layout":"default","site-content-layout":"","ast-site-content-layout":"default","site-content-style":"default","site-sidebar-style":"default","ast-global-header-display":"","ast-banner-title-visibility":"","ast-main-header-display":"","ast-hfb-above-header-display":"","ast-hfb-below-header-display":"","ast-hfb-mobile-header-display":"","site-post-title":"","ast-breadcrumbs-content":"","ast-featured-img":"","footer-sml-layout":"","ast-disable-related-posts":"","theme-transparent-header-meta":"","adv-header-id-meta":"","stick-header-meta":"","header-above-stick-meta":"","header-main-stick-meta":"","header-below-stick-meta":"","astra-migrate-meta-layouts":"default","ast-page-background-enabled":"default","ast-page-background-meta":{"desktop":{"background-color":"var(--ast-global-color-5)","background-image":"","background-repeat":"repeat","background-position":"center center","background-size":"auto","background-attachment":"scroll","background-type":"","background-media":"","overlay-type":"","overlay-color":"","overlay-opacity":"","overlay-gradient":""},"tablet":{"background-color":"","background-image":"","background-repeat":"repeat","background-position":"center center","background-size":"auto","background-attachment":"scroll","background-type":"","background-media":"","overlay-type":"","overlay-color":"","overlay-opacity":"","overlay-gradient":""},"mobile":{"background-color":"","background-image":"","background-repeat":"repeat","background-position":"center center","background-size":"auto","background-attachment":"scroll","background-type":"","background-media":"","overlay-type":"","overlay-color":"","overlay-opacity":"","overlay-gradient":""}},"ast-content-background-meta":{"desktop":{"background-color":"var(--ast-global-color-4)","background-image":"","background-repeat":"repeat","background-position":"center center","background-size":"auto","background-attachment":"scroll","background-type":"","background-media":"","overlay-type":"","overlay-color":"","overlay-opacity":"","overlay-gradient":""},"tablet":{"background-color":"var(--ast-global-color-4)","background-image":"","background-repeat":"repeat","background-position":"center center","background-size":"auto","background-attachment":"scroll","background-type":"","background-media":"","overlay-type":"","overlay-color":"","overlay-opacity":"","overlay-gradient":""},"mobile":{"background-color":"var(--ast-global-color-4)","background-image":"","background-repeat":"repeat","background-position":"center center","background-size":"auto","background-attachment":"scroll","background-type":"","background-media":"","overlay-type":"","overlay-color":"","overlay-opacity":"","overlay-gradient":""}},"_joinchat":[],"footnotes":""},"categories":[1438],"tags":[11],"class_list":["post-17173","post","type-post","status-publish","format-standard","has-post-thumbnail","hentry","category-aviacion-comercial","tag-aviacioncomercial-2"],"yoast_head":"<!-- This site is optimized with the Yoast SEO plugin v27.3 - https:\/\/yoast.com\/product\/yoast-seo-wordpress\/ -->\n<title>Menos tr\u00e1mites para volar: la ANAC facilita la declaraci\u00f3n de vuelos - Aeroespacio<\/title>\n<meta name=\"robots\" content=\"index, follow, max-snippet:-1, max-image-preview:large, max-video-preview:-1\" \/>\n<link rel=\"canonical\" href=\"https:\/\/aeroespacio.com.ar\/?p=17173\" \/>\n<meta property=\"og:locale\" content=\"es_ES\" \/>\n<meta property=\"og:type\" content=\"article\" \/>\n<meta property=\"og:title\" content=\"Menos tr\u00e1mites para volar: la ANAC facilita la declaraci\u00f3n de vuelos - Aeroespacio\" \/>\n<meta property=\"og:description\" content=\"A trav\u00e9s de la resoluci\u00f3n N. \u00ba 567\/2025, informada en el Bolet\u00edn Oficial, el organismo que regula y controla la [&hellip;]\" \/>\n<meta property=\"og:url\" content=\"https:\/\/aeroespacio.com.ar\/?p=17173\" \/>\n<meta property=\"og:site_name\" content=\"Aeroespacio\" \/>\n<meta property=\"article:published_time\" content=\"2025-09-03T11:45:55+00:00\" \/>\n<meta property=\"article:modified_time\" content=\"2025-09-03T11:51:00+00:00\" \/>\n<meta property=\"og:image\" content=\"https:\/\/aeroespacio.com.ar\/wp-content\/uploads\/2025\/09\/reforma-codigo-aeronautico-aviones-flybondi-aerolineas-argentina-1024x576-1.jpg\" \/>\n\t<meta property=\"og:image:width\" content=\"1024\" \/>\n\t<meta property=\"og:image:height\" content=\"576\" \/>\n\t<meta property=\"og:image:type\" content=\"image\/jpeg\" \/>\n<meta name=\"author\" content=\"Jose Operto\" \/>\n<meta name=\"twitter:card\" content=\"summary_large_image\" \/>\n<meta name=\"twitter:label1\" content=\"Escrito por\" \/>\n\t<meta name=\"twitter:data1\" content=\"Jose Operto\" \/>\n\t<meta name=\"twitter:label2\" content=\"Tiempo de lectura\" \/>\n\t<meta name=\"twitter:data2\" content=\"3 minutos\" \/>\n<script type=\"application\/ld+json\" class=\"yoast-schema-graph\">{\"@context\":\"https:\\\/\\\/schema.org\",\"@graph\":[{\"@type\":\"Article\",\"@id\":\"https:\\\/\\\/aeroespacio.com.ar\\\/?p=17173#article\",\"isPartOf\":{\"@id\":\"https:\\\/\\\/aeroespacio.com.ar\\\/?p=17173\"},\"author\":{\"name\":\"Jose Operto\",\"@id\":\"https:\\\/\\\/aeroespacio.com.ar\\\/#\\\/schema\\\/person\\\/6ed044bb77d2eec9f7615badbe365ffa\"},\"headline\":\"Menos tr\u00e1mites para volar: la ANAC facilita la declaraci\u00f3n de vuelos\",\"datePublished\":\"2025-09-03T11:45:55+00:00\",\"dateModified\":\"2025-09-03T11:51:00+00:00\",\"mainEntityOfPage\":{\"@id\":\"https:\\\/\\\/aeroespacio.com.ar\\\/?p=17173\"},\"wordCount\":488,\"commentCount\":0,\"image\":{\"@id\":\"https:\\\/\\\/aeroespacio.com.ar\\\/?p=17173#primaryimage\"},\"thumbnailUrl\":\"https:\\\/\\\/aeroespacio.com.ar\\\/wp-content\\\/uploads\\\/2025\\\/09\\\/reforma-codigo-aeronautico-aviones-flybondi-aerolineas-argentina-1024x576-1.jpg\",\"keywords\":[\"#aviacioncomercial\"],\"articleSection\":[\"Aviaci\u00f3n Comercial\"],\"inLanguage\":\"es-AR\",\"potentialAction\":[{\"@type\":\"CommentAction\",\"name\":\"Comment\",\"target\":[\"https:\\\/\\\/aeroespacio.com.ar\\\/?p=17173#respond\"]}]},{\"@type\":\"WebPage\",\"@id\":\"https:\\\/\\\/aeroespacio.com.ar\\\/?p=17173\",\"url\":\"https:\\\/\\\/aeroespacio.com.ar\\\/?p=17173\",\"name\":\"Menos tr\u00e1mites para volar: la ANAC facilita la declaraci\u00f3n de vuelos - Aeroespacio\",\"isPartOf\":{\"@id\":\"https:\\\/\\\/aeroespacio.com.ar\\\/#website\"},\"primaryImageOfPage\":{\"@id\":\"https:\\\/\\\/aeroespacio.com.ar\\\/?p=17173#primaryimage\"},\"image\":{\"@id\":\"https:\\\/\\\/aeroespacio.com.ar\\\/?p=17173#primaryimage\"},\"thumbnailUrl\":\"https:\\\/\\\/aeroespacio.com.ar\\\/wp-content\\\/uploads\\\/2025\\\/09\\\/reforma-codigo-aeronautico-aviones-flybondi-aerolineas-argentina-1024x576-1.jpg\",\"datePublished\":\"2025-09-03T11:45:55+00:00\",\"dateModified\":\"2025-09-03T11:51:00+00:00\",\"author\":{\"@id\":\"https:\\\/\\\/aeroespacio.com.ar\\\/#\\\/schema\\\/person\\\/6ed044bb77d2eec9f7615badbe365ffa\"},\"breadcrumb\":{\"@id\":\"https:\\\/\\\/aeroespacio.com.ar\\\/?p=17173#breadcrumb\"},\"inLanguage\":\"es-AR\",\"potentialAction\":[{\"@type\":\"ReadAction\",\"target\":[\"https:\\\/\\\/aeroespacio.com.ar\\\/?p=17173\"]}]},{\"@type\":\"ImageObject\",\"inLanguage\":\"es-AR\",\"@id\":\"https:\\\/\\\/aeroespacio.com.ar\\\/?p=17173#primaryimage\",\"url\":\"https:\\\/\\\/aeroespacio.com.ar\\\/wp-content\\\/uploads\\\/2025\\\/09\\\/reforma-codigo-aeronautico-aviones-flybondi-aerolineas-argentina-1024x576-1.jpg\",\"contentUrl\":\"https:\\\/\\\/aeroespacio.com.ar\\\/wp-content\\\/uploads\\\/2025\\\/09\\\/reforma-codigo-aeronautico-aviones-flybondi-aerolineas-argentina-1024x576-1.jpg\",\"width\":1024,\"height\":576,\"caption\":\"Cr\u00e9ditos: HangarX\"},{\"@type\":\"BreadcrumbList\",\"@id\":\"https:\\\/\\\/aeroespacio.com.ar\\\/?p=17173#breadcrumb\",\"itemListElement\":[{\"@type\":\"ListItem\",\"position\":1,\"name\":\"Inicio\",\"item\":\"https:\\\/\\\/aeroespacio.com.ar\\\/\"},{\"@type\":\"ListItem\",\"position\":2,\"name\":\"Menos tr\u00e1mites para volar: la ANAC facilita la declaraci\u00f3n de vuelos\"}]},{\"@type\":\"WebSite\",\"@id\":\"https:\\\/\\\/aeroespacio.com.ar\\\/#website\",\"url\":\"https:\\\/\\\/aeroespacio.com.ar\\\/\",\"name\":\"aeroespacio.com.ar\",\"description\":\"\",\"potentialAction\":[{\"@type\":\"SearchAction\",\"target\":{\"@type\":\"EntryPoint\",\"urlTemplate\":\"https:\\\/\\\/aeroespacio.com.ar\\\/?s={search_term_string}\"},\"query-input\":{\"@type\":\"PropertyValueSpecification\",\"valueRequired\":true,\"valueName\":\"search_term_string\"}}],\"inLanguage\":\"es-AR\"},{\"@type\":\"Person\",\"@id\":\"https:\\\/\\\/aeroespacio.com.ar\\\/#\\\/schema\\\/person\\\/6ed044bb77d2eec9f7615badbe365ffa\",\"name\":\"Jose Operto\",\"image\":{\"@type\":\"ImageObject\",\"inLanguage\":\"es-AR\",\"@id\":\"https:\\\/\\\/secure.gravatar.com\\\/avatar\\\/46c91e2630685531c0b0dd365ca4b4c391e308a6e5811841f817a41623f5da65?s=96&d=mm&r=g\",\"url\":\"https:\\\/\\\/secure.gravatar.com\\\/avatar\\\/46c91e2630685531c0b0dd365ca4b4c391e308a6e5811841f817a41623f5da65?s=96&d=mm&r=g\",\"contentUrl\":\"https:\\\/\\\/secure.gravatar.com\\\/avatar\\\/46c91e2630685531c0b0dd365ca4b4c391e308a6e5811841f817a41623f5da65?s=96&d=mm&r=g\",\"caption\":\"Jose Operto\"},\"url\":\"https:\\\/\\\/aeroespacio.com.ar\\\/?author=20\"}]}<\/script>\n<!-- \/ Yoast SEO plugin. -->","yoast_head_json":{"title":"Menos tr\u00e1mites para volar: la ANAC facilita la declaraci\u00f3n de vuelos - Aeroespacio","robots":{"index":"index","follow":"follow","max-snippet":"max-snippet:-1","max-image-preview":"max-image-preview:large","max-video-preview":"max-video-preview:-1"},"canonical":"https:\/\/aeroespacio.com.ar\/?p=17173","og_locale":"es_ES","og_type":"article","og_title":"Menos tr\u00e1mites para volar: la ANAC facilita la declaraci\u00f3n de vuelos - Aeroespacio","og_description":"A trav\u00e9s de la resoluci\u00f3n N. \u00ba 567\/2025, informada en el Bolet\u00edn Oficial, el organismo que regula y controla la [&hellip;]","og_url":"https:\/\/aeroespacio.com.ar\/?p=17173","og_site_name":"Aeroespacio","article_published_time":"2025-09-03T11:45:55+00:00","article_modified_time":"2025-09-03T11:51:00+00:00","og_image":[{"width":1024,"height":576,"url":"https:\/\/aeroespacio.com.ar\/wp-content\/uploads\/2025\/09\/reforma-codigo-aeronautico-aviones-flybondi-aerolineas-argentina-1024x576-1.jpg","type":"image\/jpeg"}],"author":"Jose Operto","twitter_card":"summary_large_image","twitter_misc":{"Escrito por":"Jose Operto","Tiempo de lectura":"3 minutos"},"schema":{"@context":"https:\/\/schema.org","@graph":[{"@type":"Article","@id":"https:\/\/aeroespacio.com.ar\/?p=17173#article","isPartOf":{"@id":"https:\/\/aeroespacio.com.ar\/?p=17173"},"author":{"name":"Jose Operto","@id":"https:\/\/aeroespacio.com.ar\/#\/schema\/person\/6ed044bb77d2eec9f7615badbe365ffa"},"headline":"Menos tr\u00e1mites para volar: la ANAC facilita la declaraci\u00f3n de vuelos","datePublished":"2025-09-03T11:45:55+00:00","dateModified":"2025-09-03T11:51:00+00:00","mainEntityOfPage":{"@id":"https:\/\/aeroespacio.com.ar\/?p=17173"},"wordCount":488,"commentCount":0,"image":{"@id":"https:\/\/aeroespacio.com.ar\/?p=17173#primaryimage"},"thumbnailUrl":"https:\/\/aeroespacio.com.ar\/wp-content\/uploads\/2025\/09\/reforma-codigo-aeronautico-aviones-flybondi-aerolineas-argentina-1024x576-1.jpg","keywords":["#aviacioncomercial"],"articleSection":["Aviaci\u00f3n Comercial"],"inLanguage":"es-AR","potentialAction":[{"@type":"CommentAction","name":"Comment","target":["https:\/\/aeroespacio.com.ar\/?p=17173#respond"]}]},{"@type":"WebPage","@id":"https:\/\/aeroespacio.com.ar\/?p=17173","url":"https:\/\/aeroespacio.com.ar\/?p=17173","name":"Menos tr\u00e1mites para volar: la ANAC facilita la declaraci\u00f3n de vuelos - Aeroespacio","isPartOf":{"@id":"https:\/\/aeroespacio.com.ar\/#website"},"primaryImageOfPage":{"@id":"https:\/\/aeroespacio.com.ar\/?p=17173#primaryimage"},"image":{"@id":"https:\/\/aeroespacio.com.ar\/?p=17173#primaryimage"},"thumbnailUrl":"https:\/\/aeroespacio.com.ar\/wp-content\/uploads\/2025\/09\/reforma-codigo-aeronautico-aviones-flybondi-aerolineas-argentina-1024x576-1.jpg","datePublished":"2025-09-03T11:45:55+00:00","dateModified":"2025-09-03T11:51:00+00:00","author":{"@id":"https:\/\/aeroespacio.com.ar\/#\/schema\/person\/6ed044bb77d2eec9f7615badbe365ffa"},"breadcrumb":{"@id":"https:\/\/aeroespacio.com.ar\/?p=17173#breadcrumb"},"inLanguage":"es-AR","potentialAction":[{"@type":"ReadAction","target":["https:\/\/aeroespacio.com.ar\/?p=17173"]}]},{"@type":"ImageObject","inLanguage":"es-AR","@id":"https:\/\/aeroespacio.com.ar\/?p=17173#primaryimage","url":"https:\/\/aeroespacio.com.ar\/wp-content\/uploads\/2025\/09\/reforma-codigo-aeronautico-aviones-flybondi-aerolineas-argentina-1024x576-1.jpg","contentUrl":"https:\/\/aeroespacio.com.ar\/wp-content\/uploads\/2025\/09\/reforma-codigo-aeronautico-aviones-flybondi-aerolineas-argentina-1024x576-1.jpg","width":1024,"height":576,"caption":"Cr\u00e9ditos: HangarX"},{"@type":"BreadcrumbList","@id":"https:\/\/aeroespacio.com.ar\/?p=17173#breadcrumb","itemListElement":[{"@type":"ListItem","position":1,"name":"Inicio","item":"https:\/\/aeroespacio.com.ar\/"},{"@type":"ListItem","position":2,"name":"Menos tr\u00e1mites para volar: la ANAC facilita la declaraci\u00f3n de vuelos"}]},{"@type":"WebSite","@id":"https:\/\/aeroespacio.com.ar\/#website","url":"https:\/\/aeroespacio.com.ar\/","name":"aeroespacio.com.ar","description":"","potentialAction":[{"@type":"SearchAction","target":{"@type":"EntryPoint","urlTemplate":"https:\/\/aeroespacio.com.ar\/?s={search_term_string}"},"query-input":{"@type":"PropertyValueSpecification","valueRequired":true,"valueName":"search_term_string"}}],"inLanguage":"es-AR"},{"@type":"Person","@id":"https:\/\/aeroespacio.com.ar\/#\/schema\/person\/6ed044bb77d2eec9f7615badbe365ffa","name":"Jose Operto","image":{"@type":"ImageObject","inLanguage":"es-AR","@id":"https:\/\/secure.gravatar.com\/avatar\/46c91e2630685531c0b0dd365ca4b4c391e308a6e5811841f817a41623f5da65?s=96&d=mm&r=g","url":"https:\/\/secure.gravatar.com\/avatar\/46c91e2630685531c0b0dd365ca4b4c391e308a6e5811841f817a41623f5da65?s=96&d=mm&r=g","contentUrl":"https:\/\/secure.gravatar.com\/avatar\/46c91e2630685531c0b0dd365ca4b4c391e308a6e5811841f817a41623f5da65?s=96&d=mm&r=g","caption":"Jose Operto"},"url":"https:\/\/aeroespacio.com.ar\/?author=20"}]}},"rttpg_featured_image_url":{"full":["https:\/\/aeroespacio.com.ar\/wp-content\/uploads\/2025\/09\/reforma-codigo-aeronautico-aviones-flybondi-aerolineas-argentina-1024x576-1.jpg",1024,576,false],"landscape":["https:\/\/aeroespacio.com.ar\/wp-content\/uploads\/2025\/09\/reforma-codigo-aeronautico-aviones-flybondi-aerolineas-argentina-1024x576-1.jpg",1024,576,false],"portraits":["https:\/\/aeroespacio.com.ar\/wp-content\/uploads\/2025\/09\/reforma-codigo-aeronautico-aviones-flybondi-aerolineas-argentina-1024x576-1.jpg",1024,576,false],"thumbnail":["https:\/\/aeroespacio.com.ar\/wp-content\/uploads\/2025\/09\/reforma-codigo-aeronautico-aviones-flybondi-aerolineas-argentina-1024x576-1-150x150.jpg",150,150,true],"medium":["https:\/\/aeroespacio.com.ar\/wp-content\/uploads\/2025\/09\/reforma-codigo-aeronautico-aviones-flybondi-aerolineas-argentina-1024x576-1-300x169.jpg",300,169,true],"large":["https:\/\/aeroespacio.com.ar\/wp-content\/uploads\/2025\/09\/reforma-codigo-aeronautico-aviones-flybondi-aerolineas-argentina-1024x576-1.jpg",1024,576,false],"1536x1536":["https:\/\/aeroespacio.com.ar\/wp-content\/uploads\/2025\/09\/reforma-codigo-aeronautico-aviones-flybondi-aerolineas-argentina-1024x576-1.jpg",1024,576,false],"2048x2048":["https:\/\/aeroespacio.com.ar\/wp-content\/uploads\/2025\/09\/reforma-codigo-aeronautico-aviones-flybondi-aerolineas-argentina-1024x576-1.jpg",1024,576,false]},"rttpg_author":{"display_name":"Jose Operto","author_link":"https:\/\/aeroespacio.com.ar\/?author=20"},"rttpg_comment":0,"rttpg_category":"<a href=\"https:\/\/aeroespacio.com.ar\/?cat=1438\" rel=\"category\">Aviaci\u00f3n Comercial<\/a>","rttpg_excerpt":"A trav\u00e9s de la resoluci\u00f3n N. \u00ba 567\/2025, informada en el Bolet\u00edn Oficial, el organismo que regula y controla la [&hellip;]","_links":{"self":[{"href":"https:\/\/aeroespacio.com.ar\/index.php?rest_route=\/wp\/v2\/posts\/17173","targetHints":{"allow":["GET"]}}],"collection":[{"href":"https:\/\/aeroespacio.com.ar\/index.php?rest_route=\/wp\/v2\/posts"}],"about":[{"href":"https:\/\/aeroespacio.com.ar\/index.php?rest_route=\/wp\/v2\/types\/post"}],"author":[{"embeddable":true,"href":"https:\/\/aeroespacio.com.ar\/index.php?rest_route=\/wp\/v2\/users\/20"}],"replies":[{"embeddable":true,"href":"https:\/\/aeroespacio.com.ar\/index.php?rest_route=%2Fwp%2Fv2%2Fcomments&post=17173"}],"version-history":[{"count":2,"href":"https:\/\/aeroespacio.com.ar\/index.php?rest_route=\/wp\/v2\/posts\/17173\/revisions"}],"predecessor-version":[{"id":17178,"href":"https:\/\/aeroespacio.com.ar\/index.php?rest_route=\/wp\/v2\/posts\/17173\/revisions\/17178"}],"wp:featuredmedia":[{"embeddable":true,"href":"https:\/\/aeroespacio.com.ar\/index.php?rest_route=\/wp\/v2\/media\/17175"}],"wp:attachment":[{"href":"https:\/\/aeroespacio.com.ar\/index.php?rest_route=%2Fwp%2Fv2%2Fmedia&parent=17173"}],"wp:term":[{"taxonomy":"category","embeddable":true,"href":"https:\/\/aeroespacio.com.ar\/index.php?rest_route=%2Fwp%2Fv2%2Fcategories&post=17173"},{"taxonomy":"post_tag","embeddable":true,"href":"https:\/\/aeroespacio.com.ar\/index.php?rest_route=%2Fwp%2Fv2%2Ftags&post=17173"}],"curies":[{"name":"wp","href":"https:\/\/api.w.org\/{rel}","templated":true}]}}