{"id":17131,"date":"2025-09-01T11:38:45","date_gmt":"2025-09-01T11:38:45","guid":{"rendered":"http:\/\/192.168.0.98\/?p=17131"},"modified":"2025-09-01T11:38:46","modified_gmt":"2025-09-01T11:38:46","slug":"latam-marca-el-rumbo-en-la-region-mas-pasajeros-mas-aviones-y-mayor-conectividad","status":"publish","type":"post","link":"https:\/\/aeroespacio.com.ar\/?p=17131","title":{"rendered":"LATAM marca el rumbo en la regi\u00f3n: m\u00e1s pasajeros, m\u00e1s aviones y mayor conectividad"},"content":{"rendered":"\n<figure class=\"wp-block-image size-large\"><img fetchpriority=\"high\" decoding=\"async\" width=\"1024\" height=\"683\" src=\"https:\/\/aeroespacio.com.ar\/wp-content\/uploads\/2025\/09\/WIFI-WB-LATAM-1024x683.jpg\" alt=\"\" class=\"wp-image-17132\" srcset=\"https:\/\/aeroespacio.com.ar\/wp-content\/uploads\/2025\/09\/WIFI-WB-LATAM-1024x683.jpg 1024w, https:\/\/aeroespacio.com.ar\/wp-content\/uploads\/2025\/09\/WIFI-WB-LATAM-300x200.jpg 300w, https:\/\/aeroespacio.com.ar\/wp-content\/uploads\/2025\/09\/WIFI-WB-LATAM-768x512.jpg 768w, https:\/\/aeroespacio.com.ar\/wp-content\/uploads\/2025\/09\/WIFI-WB-LATAM-1536x1024.jpg 1536w, https:\/\/aeroespacio.com.ar\/wp-content\/uploads\/2025\/09\/WIFI-WB-LATAM-2048x1365.jpg 2048w\" sizes=\"(max-width: 1024px) 100vw, 1024px\" \/><\/figure>\n\n\n\n<p>La compa\u00f1\u00eda a\u00e9rea acaba de publicar su \u00faltimo informe corporativo en el que detalla su situaci\u00f3n actual, las perspectivas a futuro y la conformaci\u00f3n de su flota: 316 aviones de pasajeros, de los cuales, 258 son de fuselaje estrecho (Airbus A320) \u2014destinados principalmente a rutas regionales\u2014 y 58 de fuselaje ancho (entre ellos, Boeing 787, 777 y 767) \u2014utilizados en vuelos internacionales de larga distancia y alta densidad\u2014.<\/p>\n\n\n\n<p>En el \u00e1rea de carga, Latam posee la flota m\u00e1s grande de Sudam\u00e9rica: veinte&nbsp;&nbsp;Boeing 767 convertidos para operaciones exclusivas. Adem\u00e1s, incluye capacidad de bodega en sus aviones de pasajeros lo que la consolida como una empresa central en el transporte de mercanc\u00edas en la regi\u00f3n y hacia otros continentes.<\/p>\n\n\n\n<p>Por otro lado, seg\u00fan se detall\u00f3 en la publicaci\u00f3n, durante el segundo trimestre de 2025, registr\u00f3 un alza del 8 % en el transporte de pasajeros, cifra mayor a la del mismo periodo del a\u00f1o anterior. El crecimiento se gener\u00f3 gracias a la incorporaci\u00f3n de 12 nuevas aeronaves y un margen operativo ajustado, lo que confirma la recuperaci\u00f3n de la demanda y la solidez financiera del grupo.<\/p>\n\n\n\n<p>En declaraciones recientes, el CEO de la compa\u00f1\u00eda, Roberto Alvo, destac\u00f3: \u201cLa aviaci\u00f3n en Am\u00e9rica Latina todav\u00eda tiene un gran margen para crecer. Mientras que, en promedio, cada habitante de la regi\u00f3n realiza un vuelo por a\u00f1o, la expectativa es que esa cifra pueda multiplicarse hasta llegar a dos o tres vuelos anuales en el futuro\u201d. Y agreg\u00f3 que, con Brasil, Latam sostiene un mercado estrat\u00e9gico, ya que concentra cerca del 40 % de la operaci\u00f3n dom\u00e9stica de Sudam\u00e9rica.<\/p>\n\n\n\n<p>El escenario global tambi\u00e9n apunta en esa direcci\u00f3n. El informe Pilot &amp; Technician Outlook 2025 de Boeing calcula que la industria necesitar\u00e1, en los pr\u00f3ximos 20 a\u00f1os, alrededor de 660 000 pilotos, 710 000&nbsp;&nbsp;t\u00e9cnicos de mantenimiento y 1 000 000 de tripulantes de cabina, un dato que refleja la magnitud del crecimiento esperado en un sector donde compa\u00f1\u00edas como Latam desempe\u00f1an un rol central.<\/p>\n\n\n\n<p>Con estas perspectivas, la empresa avanza en un proceso de consolidaci\u00f3n regional que combina conectividad, expansi\u00f3n de flota y protagonismo en el transporte de carga, lo que marca una nueva etapa en su posicionamiento en Am\u00e9rica.Fuente: LATAM, Pilot &amp; Technician Outlook 2025\/ Foto: LATAM&nbsp;<\/p>\n","protected":false},"excerpt":{"rendered":"<p>La compa\u00f1\u00eda a\u00e9rea acaba de publicar su \u00faltimo informe corporativo en el que detalla su situaci\u00f3n actual, las perspectivas a [&hellip;]<\/p>\n","protected":false},"author":20,"featured_media":17132,"comment_status":"open","ping_status":"open","sticky":false,"template":"","format":"standard","meta":{"site-sidebar-layout":"default","site-content-layout":"","ast-site-content-layout":"default","site-content-style":"default","site-sidebar-style":"default","ast-global-header-display":"","ast-banner-title-visibility":"","ast-main-header-display":"","ast-hfb-above-header-display":"","ast-hfb-below-header-display":"","ast-hfb-mobile-header-display":"","site-post-title":"","ast-breadcrumbs-content":"","ast-featured-img":"","footer-sml-layout":"","ast-disable-related-posts":"","theme-transparent-header-meta":"","adv-header-id-meta":"","stick-header-meta":"","header-above-stick-meta":"","header-main-stick-meta":"","header-below-stick-meta":"","astra-migrate-meta-layouts":"default","ast-page-background-enabled":"default","ast-page-background-meta":{"desktop":{"background-color":"var(--ast-global-color-5)","background-image":"","background-repeat":"repeat","background-position":"center center","background-size":"auto","background-attachment":"scroll","background-type":"","background-media":"","overlay-type":"","overlay-color":"","overlay-opacity":"","overlay-gradient":""},"tablet":{"background-color":"","background-image":"","background-repeat":"repeat","background-position":"center center","background-size":"auto","background-attachment":"scroll","background-type":"","background-media":"","overlay-type":"","overlay-color":"","overlay-opacity":"","overlay-gradient":""},"mobile":{"background-color":"","background-image":"","background-repeat":"repeat","background-position":"center center","background-size":"auto","background-attachment":"scroll","background-type":"","background-media":"","overlay-type":"","overlay-color":"","overlay-opacity":"","overlay-gradient":""}},"ast-content-background-meta":{"desktop":{"background-color":"var(--ast-global-color-4)","background-image":"","background-repeat":"repeat","background-position":"center center","background-size":"auto","background-attachment":"scroll","background-type":"","background-media":"","overlay-type":"","overlay-color":"","overlay-opacity":"","overlay-gradient":""},"tablet":{"background-color":"var(--ast-global-color-4)","background-image":"","background-repeat":"repeat","background-position":"center center","background-size":"auto","background-attachment":"scroll","background-type":"","background-media":"","overlay-type":"","overlay-color":"","overlay-opacity":"","overlay-gradient":""},"mobile":{"background-color":"var(--ast-global-color-4)","background-image":"","background-repeat":"repeat","background-position":"center center","background-size":"auto","background-attachment":"scroll","background-type":"","background-media":"","overlay-type":"","overlay-color":"","overlay-opacity":"","overlay-gradient":""}},"_joinchat":[],"footnotes":""},"categories":[1438,1434],"tags":[1448,1886,11,403],"class_list":["post-17131","post","type-post","status-publish","format-standard","has-post-thumbnail","hentry","category-aviacion-comercial","category-aviacion-general","tag-airbus-2","tag-aviacioensudamerica","tag-aviacioncomercial-2","tag-latam"],"yoast_head":"<!-- This site is optimized with the Yoast SEO plugin v27.3 - https:\/\/yoast.com\/product\/yoast-seo-wordpress\/ -->\n<title>LATAM marca el rumbo en la regi\u00f3n: m\u00e1s pasajeros, m\u00e1s aviones y mayor conectividad - Aeroespacio<\/title>\n<meta name=\"robots\" content=\"index, follow, max-snippet:-1, max-image-preview:large, max-video-preview:-1\" \/>\n<link rel=\"canonical\" href=\"https:\/\/aeroespacio.com.ar\/?p=17131\" \/>\n<meta property=\"og:locale\" content=\"es_ES\" \/>\n<meta property=\"og:type\" content=\"article\" \/>\n<meta property=\"og:title\" content=\"LATAM marca el rumbo en la regi\u00f3n: m\u00e1s pasajeros, m\u00e1s aviones y mayor conectividad - Aeroespacio\" \/>\n<meta property=\"og:description\" content=\"La compa\u00f1\u00eda a\u00e9rea acaba de publicar su \u00faltimo informe corporativo en el que detalla su situaci\u00f3n actual, las perspectivas a [&hellip;]\" \/>\n<meta property=\"og:url\" content=\"https:\/\/aeroespacio.com.ar\/?p=17131\" \/>\n<meta property=\"og:site_name\" content=\"Aeroespacio\" \/>\n<meta property=\"article:published_time\" content=\"2025-09-01T11:38:45+00:00\" \/>\n<meta property=\"article:modified_time\" content=\"2025-09-01T11:38:46+00:00\" \/>\n<meta property=\"og:image\" content=\"https:\/\/aeroespacio.com.ar\/wp-content\/uploads\/2025\/09\/WIFI-WB-LATAM.jpg\" \/>\n\t<meta property=\"og:image:width\" content=\"2085\" \/>\n\t<meta property=\"og:image:height\" content=\"1390\" \/>\n\t<meta property=\"og:image:type\" content=\"image\/jpeg\" \/>\n<meta name=\"author\" content=\"Jose Operto\" \/>\n<meta name=\"twitter:card\" content=\"summary_large_image\" \/>\n<meta name=\"twitter:label1\" content=\"Escrito por\" \/>\n\t<meta name=\"twitter:data1\" content=\"Jose Operto\" \/>\n\t<meta name=\"twitter:label2\" content=\"Tiempo de lectura\" \/>\n\t<meta name=\"twitter:data2\" content=\"3 minutos\" \/>\n<script type=\"application\/ld+json\" class=\"yoast-schema-graph\">{\"@context\":\"https:\\\/\\\/schema.org\",\"@graph\":[{\"@type\":\"Article\",\"@id\":\"https:\\\/\\\/aeroespacio.com.ar\\\/?p=17131#article\",\"isPartOf\":{\"@id\":\"https:\\\/\\\/aeroespacio.com.ar\\\/?p=17131\"},\"author\":{\"name\":\"Jose Operto\",\"@id\":\"https:\\\/\\\/aeroespacio.com.ar\\\/#\\\/schema\\\/person\\\/6ed044bb77d2eec9f7615badbe365ffa\"},\"headline\":\"LATAM marca el rumbo en la regi\u00f3n: m\u00e1s pasajeros, m\u00e1s aviones y mayor conectividad\",\"datePublished\":\"2025-09-01T11:38:45+00:00\",\"dateModified\":\"2025-09-01T11:38:46+00:00\",\"mainEntityOfPage\":{\"@id\":\"https:\\\/\\\/aeroespacio.com.ar\\\/?p=17131\"},\"wordCount\":407,\"commentCount\":0,\"image\":{\"@id\":\"https:\\\/\\\/aeroespacio.com.ar\\\/?p=17131#primaryimage\"},\"thumbnailUrl\":\"https:\\\/\\\/aeroespacio.com.ar\\\/wp-content\\\/uploads\\\/2025\\\/09\\\/WIFI-WB-LATAM.jpg\",\"keywords\":[\"#Airbus\",\"#AviacioenSudamerica\",\"#aviacioncomercial\",\"#Latam\"],\"articleSection\":[\"Aviaci\u00f3n Comercial\",\"Aviaci\u00f3n General\"],\"inLanguage\":\"es-AR\",\"potentialAction\":[{\"@type\":\"CommentAction\",\"name\":\"Comment\",\"target\":[\"https:\\\/\\\/aeroespacio.com.ar\\\/?p=17131#respond\"]}]},{\"@type\":\"WebPage\",\"@id\":\"https:\\\/\\\/aeroespacio.com.ar\\\/?p=17131\",\"url\":\"https:\\\/\\\/aeroespacio.com.ar\\\/?p=17131\",\"name\":\"LATAM marca el rumbo en la regi\u00f3n: m\u00e1s pasajeros, m\u00e1s aviones y mayor conectividad - Aeroespacio\",\"isPartOf\":{\"@id\":\"https:\\\/\\\/aeroespacio.com.ar\\\/#website\"},\"primaryImageOfPage\":{\"@id\":\"https:\\\/\\\/aeroespacio.com.ar\\\/?p=17131#primaryimage\"},\"image\":{\"@id\":\"https:\\\/\\\/aeroespacio.com.ar\\\/?p=17131#primaryimage\"},\"thumbnailUrl\":\"https:\\\/\\\/aeroespacio.com.ar\\\/wp-content\\\/uploads\\\/2025\\\/09\\\/WIFI-WB-LATAM.jpg\",\"datePublished\":\"2025-09-01T11:38:45+00:00\",\"dateModified\":\"2025-09-01T11:38:46+00:00\",\"author\":{\"@id\":\"https:\\\/\\\/aeroespacio.com.ar\\\/#\\\/schema\\\/person\\\/6ed044bb77d2eec9f7615badbe365ffa\"},\"breadcrumb\":{\"@id\":\"https:\\\/\\\/aeroespacio.com.ar\\\/?p=17131#breadcrumb\"},\"inLanguage\":\"es-AR\",\"potentialAction\":[{\"@type\":\"ReadAction\",\"target\":[\"https:\\\/\\\/aeroespacio.com.ar\\\/?p=17131\"]}]},{\"@type\":\"ImageObject\",\"inLanguage\":\"es-AR\",\"@id\":\"https:\\\/\\\/aeroespacio.com.ar\\\/?p=17131#primaryimage\",\"url\":\"https:\\\/\\\/aeroespacio.com.ar\\\/wp-content\\\/uploads\\\/2025\\\/09\\\/WIFI-WB-LATAM.jpg\",\"contentUrl\":\"https:\\\/\\\/aeroespacio.com.ar\\\/wp-content\\\/uploads\\\/2025\\\/09\\\/WIFI-WB-LATAM.jpg\",\"width\":2085,\"height\":1390},{\"@type\":\"BreadcrumbList\",\"@id\":\"https:\\\/\\\/aeroespacio.com.ar\\\/?p=17131#breadcrumb\",\"itemListElement\":[{\"@type\":\"ListItem\",\"position\":1,\"name\":\"Inicio\",\"item\":\"https:\\\/\\\/aeroespacio.com.ar\\\/\"},{\"@type\":\"ListItem\",\"position\":2,\"name\":\"LATAM marca el rumbo en la regi\u00f3n: m\u00e1s pasajeros, m\u00e1s aviones y mayor conectividad\"}]},{\"@type\":\"WebSite\",\"@id\":\"https:\\\/\\\/aeroespacio.com.ar\\\/#website\",\"url\":\"https:\\\/\\\/aeroespacio.com.ar\\\/\",\"name\":\"aeroespacio.com.ar\",\"description\":\"\",\"potentialAction\":[{\"@type\":\"SearchAction\",\"target\":{\"@type\":\"EntryPoint\",\"urlTemplate\":\"https:\\\/\\\/aeroespacio.com.ar\\\/?s={search_term_string}\"},\"query-input\":{\"@type\":\"PropertyValueSpecification\",\"valueRequired\":true,\"valueName\":\"search_term_string\"}}],\"inLanguage\":\"es-AR\"},{\"@type\":\"Person\",\"@id\":\"https:\\\/\\\/aeroespacio.com.ar\\\/#\\\/schema\\\/person\\\/6ed044bb77d2eec9f7615badbe365ffa\",\"name\":\"Jose Operto\",\"image\":{\"@type\":\"ImageObject\",\"inLanguage\":\"es-AR\",\"@id\":\"https:\\\/\\\/secure.gravatar.com\\\/avatar\\\/46c91e2630685531c0b0dd365ca4b4c391e308a6e5811841f817a41623f5da65?s=96&d=mm&r=g\",\"url\":\"https:\\\/\\\/secure.gravatar.com\\\/avatar\\\/46c91e2630685531c0b0dd365ca4b4c391e308a6e5811841f817a41623f5da65?s=96&d=mm&r=g\",\"contentUrl\":\"https:\\\/\\\/secure.gravatar.com\\\/avatar\\\/46c91e2630685531c0b0dd365ca4b4c391e308a6e5811841f817a41623f5da65?s=96&d=mm&r=g\",\"caption\":\"Jose Operto\"},\"url\":\"https:\\\/\\\/aeroespacio.com.ar\\\/?author=20\"}]}<\/script>\n<!-- \/ Yoast SEO plugin. -->","yoast_head_json":{"title":"LATAM marca el rumbo en la regi\u00f3n: m\u00e1s pasajeros, m\u00e1s aviones y mayor conectividad - Aeroespacio","robots":{"index":"index","follow":"follow","max-snippet":"max-snippet:-1","max-image-preview":"max-image-preview:large","max-video-preview":"max-video-preview:-1"},"canonical":"https:\/\/aeroespacio.com.ar\/?p=17131","og_locale":"es_ES","og_type":"article","og_title":"LATAM marca el rumbo en la regi\u00f3n: m\u00e1s pasajeros, m\u00e1s aviones y mayor conectividad - Aeroespacio","og_description":"La compa\u00f1\u00eda a\u00e9rea acaba de publicar su \u00faltimo informe corporativo en el que detalla su situaci\u00f3n actual, las perspectivas a [&hellip;]","og_url":"https:\/\/aeroespacio.com.ar\/?p=17131","og_site_name":"Aeroespacio","article_published_time":"2025-09-01T11:38:45+00:00","article_modified_time":"2025-09-01T11:38:46+00:00","og_image":[{"width":2085,"height":1390,"url":"https:\/\/aeroespacio.com.ar\/wp-content\/uploads\/2025\/09\/WIFI-WB-LATAM.jpg","type":"image\/jpeg"}],"author":"Jose Operto","twitter_card":"summary_large_image","twitter_misc":{"Escrito por":"Jose Operto","Tiempo de lectura":"3 minutos"},"schema":{"@context":"https:\/\/schema.org","@graph":[{"@type":"Article","@id":"https:\/\/aeroespacio.com.ar\/?p=17131#article","isPartOf":{"@id":"https:\/\/aeroespacio.com.ar\/?p=17131"},"author":{"name":"Jose Operto","@id":"https:\/\/aeroespacio.com.ar\/#\/schema\/person\/6ed044bb77d2eec9f7615badbe365ffa"},"headline":"LATAM marca el rumbo en la regi\u00f3n: m\u00e1s pasajeros, m\u00e1s aviones y mayor conectividad","datePublished":"2025-09-01T11:38:45+00:00","dateModified":"2025-09-01T11:38:46+00:00","mainEntityOfPage":{"@id":"https:\/\/aeroespacio.com.ar\/?p=17131"},"wordCount":407,"commentCount":0,"image":{"@id":"https:\/\/aeroespacio.com.ar\/?p=17131#primaryimage"},"thumbnailUrl":"https:\/\/aeroespacio.com.ar\/wp-content\/uploads\/2025\/09\/WIFI-WB-LATAM.jpg","keywords":["#Airbus","#AviacioenSudamerica","#aviacioncomercial","#Latam"],"articleSection":["Aviaci\u00f3n Comercial","Aviaci\u00f3n General"],"inLanguage":"es-AR","potentialAction":[{"@type":"CommentAction","name":"Comment","target":["https:\/\/aeroespacio.com.ar\/?p=17131#respond"]}]},{"@type":"WebPage","@id":"https:\/\/aeroespacio.com.ar\/?p=17131","url":"https:\/\/aeroespacio.com.ar\/?p=17131","name":"LATAM marca el rumbo en la regi\u00f3n: m\u00e1s pasajeros, m\u00e1s aviones y mayor conectividad - Aeroespacio","isPartOf":{"@id":"https:\/\/aeroespacio.com.ar\/#website"},"primaryImageOfPage":{"@id":"https:\/\/aeroespacio.com.ar\/?p=17131#primaryimage"},"image":{"@id":"https:\/\/aeroespacio.com.ar\/?p=17131#primaryimage"},"thumbnailUrl":"https:\/\/aeroespacio.com.ar\/wp-content\/uploads\/2025\/09\/WIFI-WB-LATAM.jpg","datePublished":"2025-09-01T11:38:45+00:00","dateModified":"2025-09-01T11:38:46+00:00","author":{"@id":"https:\/\/aeroespacio.com.ar\/#\/schema\/person\/6ed044bb77d2eec9f7615badbe365ffa"},"breadcrumb":{"@id":"https:\/\/aeroespacio.com.ar\/?p=17131#breadcrumb"},"inLanguage":"es-AR","potentialAction":[{"@type":"ReadAction","target":["https:\/\/aeroespacio.com.ar\/?p=17131"]}]},{"@type":"ImageObject","inLanguage":"es-AR","@id":"https:\/\/aeroespacio.com.ar\/?p=17131#primaryimage","url":"https:\/\/aeroespacio.com.ar\/wp-content\/uploads\/2025\/09\/WIFI-WB-LATAM.jpg","contentUrl":"https:\/\/aeroespacio.com.ar\/wp-content\/uploads\/2025\/09\/WIFI-WB-LATAM.jpg","width":2085,"height":1390},{"@type":"BreadcrumbList","@id":"https:\/\/aeroespacio.com.ar\/?p=17131#breadcrumb","itemListElement":[{"@type":"ListItem","position":1,"name":"Inicio","item":"https:\/\/aeroespacio.com.ar\/"},{"@type":"ListItem","position":2,"name":"LATAM marca el rumbo en la regi\u00f3n: m\u00e1s pasajeros, m\u00e1s aviones y mayor conectividad"}]},{"@type":"WebSite","@id":"https:\/\/aeroespacio.com.ar\/#website","url":"https:\/\/aeroespacio.com.ar\/","name":"aeroespacio.com.ar","description":"","potentialAction":[{"@type":"SearchAction","target":{"@type":"EntryPoint","urlTemplate":"https:\/\/aeroespacio.com.ar\/?s={search_term_string}"},"query-input":{"@type":"PropertyValueSpecification","valueRequired":true,"valueName":"search_term_string"}}],"inLanguage":"es-AR"},{"@type":"Person","@id":"https:\/\/aeroespacio.com.ar\/#\/schema\/person\/6ed044bb77d2eec9f7615badbe365ffa","name":"Jose Operto","image":{"@type":"ImageObject","inLanguage":"es-AR","@id":"https:\/\/secure.gravatar.com\/avatar\/46c91e2630685531c0b0dd365ca4b4c391e308a6e5811841f817a41623f5da65?s=96&d=mm&r=g","url":"https:\/\/secure.gravatar.com\/avatar\/46c91e2630685531c0b0dd365ca4b4c391e308a6e5811841f817a41623f5da65?s=96&d=mm&r=g","contentUrl":"https:\/\/secure.gravatar.com\/avatar\/46c91e2630685531c0b0dd365ca4b4c391e308a6e5811841f817a41623f5da65?s=96&d=mm&r=g","caption":"Jose Operto"},"url":"https:\/\/aeroespacio.com.ar\/?author=20"}]}},"rttpg_featured_image_url":{"full":["https:\/\/aeroespacio.com.ar\/wp-content\/uploads\/2025\/09\/WIFI-WB-LATAM.jpg",2085,1390,false],"landscape":["https:\/\/aeroespacio.com.ar\/wp-content\/uploads\/2025\/09\/WIFI-WB-LATAM.jpg",2085,1390,false],"portraits":["https:\/\/aeroespacio.com.ar\/wp-content\/uploads\/2025\/09\/WIFI-WB-LATAM.jpg",2085,1390,false],"thumbnail":["https:\/\/aeroespacio.com.ar\/wp-content\/uploads\/2025\/09\/WIFI-WB-LATAM-150x150.jpg",150,150,true],"medium":["https:\/\/aeroespacio.com.ar\/wp-content\/uploads\/2025\/09\/WIFI-WB-LATAM-300x200.jpg",300,200,true],"large":["https:\/\/aeroespacio.com.ar\/wp-content\/uploads\/2025\/09\/WIFI-WB-LATAM-1024x683.jpg",1024,683,true],"1536x1536":["https:\/\/aeroespacio.com.ar\/wp-content\/uploads\/2025\/09\/WIFI-WB-LATAM-1536x1024.jpg",1536,1024,true],"2048x2048":["https:\/\/aeroespacio.com.ar\/wp-content\/uploads\/2025\/09\/WIFI-WB-LATAM-2048x1365.jpg",2048,1365,true]},"rttpg_author":{"display_name":"Jose Operto","author_link":"https:\/\/aeroespacio.com.ar\/?author=20"},"rttpg_comment":0,"rttpg_category":"<a href=\"https:\/\/aeroespacio.com.ar\/?cat=1438\" rel=\"category\">Aviaci\u00f3n Comercial<\/a> <a href=\"https:\/\/aeroespacio.com.ar\/?cat=1434\" rel=\"category\">Aviaci\u00f3n General<\/a>","rttpg_excerpt":"La compa\u00f1\u00eda a\u00e9rea acaba de publicar su \u00faltimo informe corporativo en el que detalla su situaci\u00f3n actual, las perspectivas a [&hellip;]","_links":{"self":[{"href":"https:\/\/aeroespacio.com.ar\/index.php?rest_route=\/wp\/v2\/posts\/17131","targetHints":{"allow":["GET"]}}],"collection":[{"href":"https:\/\/aeroespacio.com.ar\/index.php?rest_route=\/wp\/v2\/posts"}],"about":[{"href":"https:\/\/aeroespacio.com.ar\/index.php?rest_route=\/wp\/v2\/types\/post"}],"author":[{"embeddable":true,"href":"https:\/\/aeroespacio.com.ar\/index.php?rest_route=\/wp\/v2\/users\/20"}],"replies":[{"embeddable":true,"href":"https:\/\/aeroespacio.com.ar\/index.php?rest_route=%2Fwp%2Fv2%2Fcomments&post=17131"}],"version-history":[{"count":1,"href":"https:\/\/aeroespacio.com.ar\/index.php?rest_route=\/wp\/v2\/posts\/17131\/revisions"}],"predecessor-version":[{"id":17133,"href":"https:\/\/aeroespacio.com.ar\/index.php?rest_route=\/wp\/v2\/posts\/17131\/revisions\/17133"}],"wp:featuredmedia":[{"embeddable":true,"href":"https:\/\/aeroespacio.com.ar\/index.php?rest_route=\/wp\/v2\/media\/17132"}],"wp:attachment":[{"href":"https:\/\/aeroespacio.com.ar\/index.php?rest_route=%2Fwp%2Fv2%2Fmedia&parent=17131"}],"wp:term":[{"taxonomy":"category","embeddable":true,"href":"https:\/\/aeroespacio.com.ar\/index.php?rest_route=%2Fwp%2Fv2%2Fcategories&post=17131"},{"taxonomy":"post_tag","embeddable":true,"href":"https:\/\/aeroespacio.com.ar\/index.php?rest_route=%2Fwp%2Fv2%2Ftags&post=17131"}],"curies":[{"name":"wp","href":"https:\/\/api.w.org\/{rel}","templated":true}]}}