{"id":17112,"date":"2025-08-27T11:26:31","date_gmt":"2025-08-27T11:26:31","guid":{"rendered":"http:\/\/192.168.0.98\/?p=17112"},"modified":"2025-08-27T16:35:39","modified_gmt":"2025-08-27T16:35:39","slug":"record-historico-un-avion-solar-a-casi-10-000-metros-sobre-los-alpes-suizos","status":"publish","type":"post","link":"https:\/\/aeroespacio.com.ar\/?p=17112","title":{"rendered":"R\u00e9cord hist\u00f3rico: un avi\u00f3n solar a casi 10 000 metros sobre los Alpes Suizos"},"content":{"rendered":"\n<p>El cambio de los combustibles f\u00f3siles a la energ\u00eda limpia en la aviaci\u00f3n ya es una realidad gracias a una iniciativa pionera en Suiza: el avi\u00f3n SolarStratos, que acaba de batir un r\u00e9cord mundial de altitud en un vuelo sobre los Alpes. Este hito demuestra que una aviaci\u00f3n sostenible es posible. El objetivo del proyecto es mostrar que se puede alcanzar la estrat\u00f3sfera sin utilizar queroseno.<\/p>\n\n\n\n<p>El 12 de agosto, el piloto suizo Rapha\u00ebl Domjan parti\u00f3 desde el aeropuerto de Sion con el avi\u00f3n HB-SXA y lleg\u00f3 a una altitud de 9 521 metros sobre los Alpes del Valais. Este fue el vuelo m\u00e1s alto logrado, por primera vez, por un avi\u00f3n tripulado, el\u00e9ctrico y solar, y super\u00f3 al Solar Impulse que alcanz\u00f3 los 9 235 m.<\/p>\n\n\n\n<figure class=\"wp-block-gallery has-nested-images columns-default is-cropped wp-block-gallery-1 is-layout-flex wp-block-gallery-is-layout-flex\">\n<figure class=\"wp-block-image size-large\"><img fetchpriority=\"high\" decoding=\"async\" width=\"1024\" height=\"768\" data-id=\"17117\" src=\"https:\/\/aeroespacio.com.ar\/wp-content\/uploads\/2025\/08\/6DBE7C2E-7264-4DC2-91CE-5DCFFF33BF87-scaled-2-1024x768.jpg\" alt=\"\" class=\"wp-image-17117\" srcset=\"https:\/\/aeroespacio.com.ar\/wp-content\/uploads\/2025\/08\/6DBE7C2E-7264-4DC2-91CE-5DCFFF33BF87-scaled-2-1024x768.jpg 1024w, https:\/\/aeroespacio.com.ar\/wp-content\/uploads\/2025\/08\/6DBE7C2E-7264-4DC2-91CE-5DCFFF33BF87-scaled-2-300x225.jpg 300w, https:\/\/aeroespacio.com.ar\/wp-content\/uploads\/2025\/08\/6DBE7C2E-7264-4DC2-91CE-5DCFFF33BF87-scaled-2-768x576.jpg 768w, https:\/\/aeroespacio.com.ar\/wp-content\/uploads\/2025\/08\/6DBE7C2E-7264-4DC2-91CE-5DCFFF33BF87-scaled-2-1536x1152.jpg 1536w, https:\/\/aeroespacio.com.ar\/wp-content\/uploads\/2025\/08\/6DBE7C2E-7264-4DC2-91CE-5DCFFF33BF87-scaled-2-2048x1536.jpg 2048w\" sizes=\"(max-width: 1024px) 100vw, 1024px\" \/><\/figure>\n<\/figure>\n\n\n\n<p>El avi\u00f3n despeg\u00f3 con las bater\u00edas cargadas al 100 % con energ\u00eda solar, y logr\u00f3 un vuelo de 5 horas y 9 minutos. El HB-SXA, que pesa 450 kg, es un biplaza realizado, \u00edntegramente, en fibra de carbono. Sus alas est\u00e1n construidas con paneles solares y no posee cabina presurizada, por lo que el piloto llev\u00f3 a bordo su tanque de ox\u00edgeno. Aunque sus prestaciones son modestas y no supera los 140 km\/h, su eficiencia aerodin\u00e1mica lo coloca al mismo nivel que las aeronaves convencionales.<\/p>\n\n\n\n<p>La Federaci\u00f3n Aeron\u00e1utica Internacional deber\u00e1 validar el r\u00e9cord mediante la verificaci\u00f3n de los datos de altitud, que se certifican en funci\u00f3n de la presi\u00f3n atmosf\u00e9rica y la densidad del aire. Actualmente, la organizaci\u00f3n est\u00e1 analizando los registros del vuelo conforme a sus estrictos est\u00e1ndares.<\/p>\n\n\n\n<figure class=\"wp-block-gallery has-nested-images columns-default is-cropped wp-block-gallery-2 is-layout-flex wp-block-gallery-is-layout-flex\">\n<figure class=\"wp-block-image size-large\"><img decoding=\"async\" width=\"1024\" height=\"576\" data-id=\"17118\" src=\"https:\/\/aeroespacio.com.ar\/wp-content\/uploads\/2025\/08\/solarstratos-20250812-record-flight-07-scaled-2-1024x576.jpg\" alt=\"\" class=\"wp-image-17118\" srcset=\"https:\/\/aeroespacio.com.ar\/wp-content\/uploads\/2025\/08\/solarstratos-20250812-record-flight-07-scaled-2-1024x576.jpg 1024w, https:\/\/aeroespacio.com.ar\/wp-content\/uploads\/2025\/08\/solarstratos-20250812-record-flight-07-scaled-2-300x169.jpg 300w, https:\/\/aeroespacio.com.ar\/wp-content\/uploads\/2025\/08\/solarstratos-20250812-record-flight-07-scaled-2-768x432.jpg 768w, https:\/\/aeroespacio.com.ar\/wp-content\/uploads\/2025\/08\/solarstratos-20250812-record-flight-07-scaled-2-1536x864.jpg 1536w, https:\/\/aeroespacio.com.ar\/wp-content\/uploads\/2025\/08\/solarstratos-20250812-record-flight-07-scaled-2-2048x1152.jpg 2048w\" sizes=\"(max-width: 1024px) 100vw, 1024px\" \/><\/figure>\n<\/figure>\n\n\n\n<p>Este logro no marca el final del camino, sino que representa un nuevo avance hacia una meta a\u00fan m\u00e1s ambiciosa: superar los 10 000 m, la altitud habitual de crucero de los aviones comerciales y, m\u00e1s adelante, alcanzar la estrat\u00f3sfera, que, en Suiza, comienza aproximadamente a los 12 000 m.<\/p>\n\n\n\n<p>En julio, la aeronave hab\u00eda realizado otros dos vuelos: en el primero, alcanz\u00f3 una altitud de 6 589 m y, en el segundo, de 8 224 m, aunque tuvo que suspender el ascenso por la falta de corrientes t\u00e9rmicas, seg\u00fan informaron.<\/p>\n\n\n\n<p>Fuente y fotos: SolarStratos<\/p>\n\n\n\n<p><\/p>\n","protected":false},"excerpt":{"rendered":"<p>El cambio de los combustibles f\u00f3siles a la energ\u00eda limpia en la aviaci\u00f3n ya es una realidad gracias a una [&hellip;]<\/p>\n","protected":false},"author":20,"featured_media":17116,"comment_status":"open","ping_status":"open","sticky":false,"template":"","format":"standard","meta":{"site-sidebar-layout":"default","site-content-layout":"","ast-site-content-layout":"default","site-content-style":"default","site-sidebar-style":"default","ast-global-header-display":"","ast-banner-title-visibility":"","ast-main-header-display":"","ast-hfb-above-header-display":"","ast-hfb-below-header-display":"","ast-hfb-mobile-header-display":"","site-post-title":"","ast-breadcrumbs-content":"","ast-featured-img":"","footer-sml-layout":"","ast-disable-related-posts":"","theme-transparent-header-meta":"","adv-header-id-meta":"","stick-header-meta":"","header-above-stick-meta":"","header-main-stick-meta":"","header-below-stick-meta":"","astra-migrate-meta-layouts":"default","ast-page-background-enabled":"default","ast-page-background-meta":{"desktop":{"background-color":"var(--ast-global-color-5)","background-image":"","background-repeat":"repeat","background-position":"center center","background-size":"auto","background-attachment":"scroll","background-type":"","background-media":"","overlay-type":"","overlay-color":"","overlay-opacity":"","overlay-gradient":""},"tablet":{"background-color":"","background-image":"","background-repeat":"repeat","background-position":"center center","background-size":"auto","background-attachment":"scroll","background-type":"","background-media":"","overlay-type":"","overlay-color":"","overlay-opacity":"","overlay-gradient":""},"mobile":{"background-color":"","background-image":"","background-repeat":"repeat","background-position":"center center","background-size":"auto","background-attachment":"scroll","background-type":"","background-media":"","overlay-type":"","overlay-color":"","overlay-opacity":"","overlay-gradient":""}},"ast-content-background-meta":{"desktop":{"background-color":"var(--ast-global-color-4)","background-image":"","background-repeat":"repeat","background-position":"center center","background-size":"auto","background-attachment":"scroll","background-type":"","background-media":"","overlay-type":"","overlay-color":"","overlay-opacity":"","overlay-gradient":""},"tablet":{"background-color":"var(--ast-global-color-4)","background-image":"","background-repeat":"repeat","background-position":"center center","background-size":"auto","background-attachment":"scroll","background-type":"","background-media":"","overlay-type":"","overlay-color":"","overlay-opacity":"","overlay-gradient":""},"mobile":{"background-color":"var(--ast-global-color-4)","background-image":"","background-repeat":"repeat","background-position":"center center","background-size":"auto","background-attachment":"scroll","background-type":"","background-media":"","overlay-type":"","overlay-color":"","overlay-opacity":"","overlay-gradient":""}},"_joinchat":[],"footnotes":""},"categories":[1523],"tags":[161],"class_list":["post-17112","post","type-post","status-publish","format-standard","has-post-thumbnail","hentry","category-aviacion-sostenible","tag-aviacionsostenible"],"yoast_head":"<!-- This site is optimized with the Yoast SEO plugin v27.3 - https:\/\/yoast.com\/product\/yoast-seo-wordpress\/ -->\n<title>R\u00e9cord hist\u00f3rico: un avi\u00f3n solar a casi 10 000 metros sobre los Alpes Suizos - Aeroespacio<\/title>\n<meta name=\"robots\" content=\"index, follow, max-snippet:-1, max-image-preview:large, max-video-preview:-1\" \/>\n<link rel=\"canonical\" href=\"https:\/\/aeroespacio.com.ar\/?p=17112\" \/>\n<meta property=\"og:locale\" content=\"es_ES\" \/>\n<meta property=\"og:type\" content=\"article\" \/>\n<meta property=\"og:title\" content=\"R\u00e9cord hist\u00f3rico: un avi\u00f3n solar a casi 10 000 metros sobre los Alpes Suizos - Aeroespacio\" \/>\n<meta property=\"og:description\" content=\"El cambio de los combustibles f\u00f3siles a la energ\u00eda limpia en la aviaci\u00f3n ya es una realidad gracias a una [&hellip;]\" \/>\n<meta property=\"og:url\" content=\"https:\/\/aeroespacio.com.ar\/?p=17112\" \/>\n<meta property=\"og:site_name\" content=\"Aeroespacio\" \/>\n<meta property=\"article:published_time\" content=\"2025-08-27T11:26:31+00:00\" \/>\n<meta property=\"article:modified_time\" content=\"2025-08-27T16:35:39+00:00\" \/>\n<meta property=\"og:image\" content=\"https:\/\/aeroespacio.com.ar\/wp-content\/uploads\/2025\/08\/vol_preparatoire_cervin_photo_solarstratos-1200x800-1.jpg\" \/>\n\t<meta property=\"og:image:width\" content=\"1200\" \/>\n\t<meta property=\"og:image:height\" content=\"800\" \/>\n\t<meta property=\"og:image:type\" content=\"image\/jpeg\" \/>\n<meta name=\"author\" content=\"Jose Operto\" \/>\n<meta name=\"twitter:card\" content=\"summary_large_image\" \/>\n<meta name=\"twitter:label1\" content=\"Escrito por\" \/>\n\t<meta name=\"twitter:data1\" content=\"Jose Operto\" \/>\n\t<meta name=\"twitter:label2\" content=\"Tiempo de lectura\" \/>\n\t<meta name=\"twitter:data2\" content=\"3 minutos\" \/>\n<script type=\"application\/ld+json\" class=\"yoast-schema-graph\">{\"@context\":\"https:\\\/\\\/schema.org\",\"@graph\":[{\"@type\":\"Article\",\"@id\":\"https:\\\/\\\/aeroespacio.com.ar\\\/?p=17112#article\",\"isPartOf\":{\"@id\":\"https:\\\/\\\/aeroespacio.com.ar\\\/?p=17112\"},\"author\":{\"name\":\"Jose Operto\",\"@id\":\"https:\\\/\\\/aeroespacio.com.ar\\\/#\\\/schema\\\/person\\\/6ed044bb77d2eec9f7615badbe365ffa\"},\"headline\":\"R\u00e9cord hist\u00f3rico: un avi\u00f3n solar a casi 10 000 metros sobre los Alpes Suizos\",\"datePublished\":\"2025-08-27T11:26:31+00:00\",\"dateModified\":\"2025-08-27T16:35:39+00:00\",\"mainEntityOfPage\":{\"@id\":\"https:\\\/\\\/aeroespacio.com.ar\\\/?p=17112\"},\"wordCount\":382,\"commentCount\":0,\"image\":{\"@id\":\"https:\\\/\\\/aeroespacio.com.ar\\\/?p=17112#primaryimage\"},\"thumbnailUrl\":\"https:\\\/\\\/aeroespacio.com.ar\\\/wp-content\\\/uploads\\\/2025\\\/08\\\/vol_preparatoire_cervin_photo_solarstratos-1200x800-1.jpg\",\"keywords\":[\"#aviacionsostenible\"],\"articleSection\":[\"Aviaci\u00f3n Sostenible\"],\"inLanguage\":\"es-AR\",\"potentialAction\":[{\"@type\":\"CommentAction\",\"name\":\"Comment\",\"target\":[\"https:\\\/\\\/aeroespacio.com.ar\\\/?p=17112#respond\"]}]},{\"@type\":\"WebPage\",\"@id\":\"https:\\\/\\\/aeroespacio.com.ar\\\/?p=17112\",\"url\":\"https:\\\/\\\/aeroespacio.com.ar\\\/?p=17112\",\"name\":\"R\u00e9cord hist\u00f3rico: un avi\u00f3n solar a casi 10 000 metros sobre los Alpes Suizos - Aeroespacio\",\"isPartOf\":{\"@id\":\"https:\\\/\\\/aeroespacio.com.ar\\\/#website\"},\"primaryImageOfPage\":{\"@id\":\"https:\\\/\\\/aeroespacio.com.ar\\\/?p=17112#primaryimage\"},\"image\":{\"@id\":\"https:\\\/\\\/aeroespacio.com.ar\\\/?p=17112#primaryimage\"},\"thumbnailUrl\":\"https:\\\/\\\/aeroespacio.com.ar\\\/wp-content\\\/uploads\\\/2025\\\/08\\\/vol_preparatoire_cervin_photo_solarstratos-1200x800-1.jpg\",\"datePublished\":\"2025-08-27T11:26:31+00:00\",\"dateModified\":\"2025-08-27T16:35:39+00:00\",\"author\":{\"@id\":\"https:\\\/\\\/aeroespacio.com.ar\\\/#\\\/schema\\\/person\\\/6ed044bb77d2eec9f7615badbe365ffa\"},\"breadcrumb\":{\"@id\":\"https:\\\/\\\/aeroespacio.com.ar\\\/?p=17112#breadcrumb\"},\"inLanguage\":\"es-AR\",\"potentialAction\":[{\"@type\":\"ReadAction\",\"target\":[\"https:\\\/\\\/aeroespacio.com.ar\\\/?p=17112\"]}]},{\"@type\":\"ImageObject\",\"inLanguage\":\"es-AR\",\"@id\":\"https:\\\/\\\/aeroespacio.com.ar\\\/?p=17112#primaryimage\",\"url\":\"https:\\\/\\\/aeroespacio.com.ar\\\/wp-content\\\/uploads\\\/2025\\\/08\\\/vol_preparatoire_cervin_photo_solarstratos-1200x800-1.jpg\",\"contentUrl\":\"https:\\\/\\\/aeroespacio.com.ar\\\/wp-content\\\/uploads\\\/2025\\\/08\\\/vol_preparatoire_cervin_photo_solarstratos-1200x800-1.jpg\",\"width\":1200,\"height\":800},{\"@type\":\"BreadcrumbList\",\"@id\":\"https:\\\/\\\/aeroespacio.com.ar\\\/?p=17112#breadcrumb\",\"itemListElement\":[{\"@type\":\"ListItem\",\"position\":1,\"name\":\"Inicio\",\"item\":\"https:\\\/\\\/aeroespacio.com.ar\\\/\"},{\"@type\":\"ListItem\",\"position\":2,\"name\":\"R\u00e9cord hist\u00f3rico: un avi\u00f3n solar a casi 10 000 metros sobre los Alpes Suizos\"}]},{\"@type\":\"WebSite\",\"@id\":\"https:\\\/\\\/aeroespacio.com.ar\\\/#website\",\"url\":\"https:\\\/\\\/aeroespacio.com.ar\\\/\",\"name\":\"aeroespacio.com.ar\",\"description\":\"\",\"potentialAction\":[{\"@type\":\"SearchAction\",\"target\":{\"@type\":\"EntryPoint\",\"urlTemplate\":\"https:\\\/\\\/aeroespacio.com.ar\\\/?s={search_term_string}\"},\"query-input\":{\"@type\":\"PropertyValueSpecification\",\"valueRequired\":true,\"valueName\":\"search_term_string\"}}],\"inLanguage\":\"es-AR\"},{\"@type\":\"Person\",\"@id\":\"https:\\\/\\\/aeroespacio.com.ar\\\/#\\\/schema\\\/person\\\/6ed044bb77d2eec9f7615badbe365ffa\",\"name\":\"Jose Operto\",\"image\":{\"@type\":\"ImageObject\",\"inLanguage\":\"es-AR\",\"@id\":\"https:\\\/\\\/secure.gravatar.com\\\/avatar\\\/46c91e2630685531c0b0dd365ca4b4c391e308a6e5811841f817a41623f5da65?s=96&d=mm&r=g\",\"url\":\"https:\\\/\\\/secure.gravatar.com\\\/avatar\\\/46c91e2630685531c0b0dd365ca4b4c391e308a6e5811841f817a41623f5da65?s=96&d=mm&r=g\",\"contentUrl\":\"https:\\\/\\\/secure.gravatar.com\\\/avatar\\\/46c91e2630685531c0b0dd365ca4b4c391e308a6e5811841f817a41623f5da65?s=96&d=mm&r=g\",\"caption\":\"Jose Operto\"},\"url\":\"https:\\\/\\\/aeroespacio.com.ar\\\/?author=20\"}]}<\/script>\n<!-- \/ Yoast SEO plugin. -->","yoast_head_json":{"title":"R\u00e9cord hist\u00f3rico: un avi\u00f3n solar a casi 10 000 metros sobre los Alpes Suizos - Aeroespacio","robots":{"index":"index","follow":"follow","max-snippet":"max-snippet:-1","max-image-preview":"max-image-preview:large","max-video-preview":"max-video-preview:-1"},"canonical":"https:\/\/aeroespacio.com.ar\/?p=17112","og_locale":"es_ES","og_type":"article","og_title":"R\u00e9cord hist\u00f3rico: un avi\u00f3n solar a casi 10 000 metros sobre los Alpes Suizos - Aeroespacio","og_description":"El cambio de los combustibles f\u00f3siles a la energ\u00eda limpia en la aviaci\u00f3n ya es una realidad gracias a una [&hellip;]","og_url":"https:\/\/aeroespacio.com.ar\/?p=17112","og_site_name":"Aeroespacio","article_published_time":"2025-08-27T11:26:31+00:00","article_modified_time":"2025-08-27T16:35:39+00:00","og_image":[{"width":1200,"height":800,"url":"https:\/\/aeroespacio.com.ar\/wp-content\/uploads\/2025\/08\/vol_preparatoire_cervin_photo_solarstratos-1200x800-1.jpg","type":"image\/jpeg"}],"author":"Jose Operto","twitter_card":"summary_large_image","twitter_misc":{"Escrito por":"Jose Operto","Tiempo de lectura":"3 minutos"},"schema":{"@context":"https:\/\/schema.org","@graph":[{"@type":"Article","@id":"https:\/\/aeroespacio.com.ar\/?p=17112#article","isPartOf":{"@id":"https:\/\/aeroespacio.com.ar\/?p=17112"},"author":{"name":"Jose Operto","@id":"https:\/\/aeroespacio.com.ar\/#\/schema\/person\/6ed044bb77d2eec9f7615badbe365ffa"},"headline":"R\u00e9cord hist\u00f3rico: un avi\u00f3n solar a casi 10 000 metros sobre los Alpes Suizos","datePublished":"2025-08-27T11:26:31+00:00","dateModified":"2025-08-27T16:35:39+00:00","mainEntityOfPage":{"@id":"https:\/\/aeroespacio.com.ar\/?p=17112"},"wordCount":382,"commentCount":0,"image":{"@id":"https:\/\/aeroespacio.com.ar\/?p=17112#primaryimage"},"thumbnailUrl":"https:\/\/aeroespacio.com.ar\/wp-content\/uploads\/2025\/08\/vol_preparatoire_cervin_photo_solarstratos-1200x800-1.jpg","keywords":["#aviacionsostenible"],"articleSection":["Aviaci\u00f3n Sostenible"],"inLanguage":"es-AR","potentialAction":[{"@type":"CommentAction","name":"Comment","target":["https:\/\/aeroespacio.com.ar\/?p=17112#respond"]}]},{"@type":"WebPage","@id":"https:\/\/aeroespacio.com.ar\/?p=17112","url":"https:\/\/aeroespacio.com.ar\/?p=17112","name":"R\u00e9cord hist\u00f3rico: un avi\u00f3n solar a casi 10 000 metros sobre los Alpes Suizos - Aeroespacio","isPartOf":{"@id":"https:\/\/aeroespacio.com.ar\/#website"},"primaryImageOfPage":{"@id":"https:\/\/aeroespacio.com.ar\/?p=17112#primaryimage"},"image":{"@id":"https:\/\/aeroespacio.com.ar\/?p=17112#primaryimage"},"thumbnailUrl":"https:\/\/aeroespacio.com.ar\/wp-content\/uploads\/2025\/08\/vol_preparatoire_cervin_photo_solarstratos-1200x800-1.jpg","datePublished":"2025-08-27T11:26:31+00:00","dateModified":"2025-08-27T16:35:39+00:00","author":{"@id":"https:\/\/aeroespacio.com.ar\/#\/schema\/person\/6ed044bb77d2eec9f7615badbe365ffa"},"breadcrumb":{"@id":"https:\/\/aeroespacio.com.ar\/?p=17112#breadcrumb"},"inLanguage":"es-AR","potentialAction":[{"@type":"ReadAction","target":["https:\/\/aeroespacio.com.ar\/?p=17112"]}]},{"@type":"ImageObject","inLanguage":"es-AR","@id":"https:\/\/aeroespacio.com.ar\/?p=17112#primaryimage","url":"https:\/\/aeroespacio.com.ar\/wp-content\/uploads\/2025\/08\/vol_preparatoire_cervin_photo_solarstratos-1200x800-1.jpg","contentUrl":"https:\/\/aeroespacio.com.ar\/wp-content\/uploads\/2025\/08\/vol_preparatoire_cervin_photo_solarstratos-1200x800-1.jpg","width":1200,"height":800},{"@type":"BreadcrumbList","@id":"https:\/\/aeroespacio.com.ar\/?p=17112#breadcrumb","itemListElement":[{"@type":"ListItem","position":1,"name":"Inicio","item":"https:\/\/aeroespacio.com.ar\/"},{"@type":"ListItem","position":2,"name":"R\u00e9cord hist\u00f3rico: un avi\u00f3n solar a casi 10 000 metros sobre los Alpes Suizos"}]},{"@type":"WebSite","@id":"https:\/\/aeroespacio.com.ar\/#website","url":"https:\/\/aeroespacio.com.ar\/","name":"aeroespacio.com.ar","description":"","potentialAction":[{"@type":"SearchAction","target":{"@type":"EntryPoint","urlTemplate":"https:\/\/aeroespacio.com.ar\/?s={search_term_string}"},"query-input":{"@type":"PropertyValueSpecification","valueRequired":true,"valueName":"search_term_string"}}],"inLanguage":"es-AR"},{"@type":"Person","@id":"https:\/\/aeroespacio.com.ar\/#\/schema\/person\/6ed044bb77d2eec9f7615badbe365ffa","name":"Jose Operto","image":{"@type":"ImageObject","inLanguage":"es-AR","@id":"https:\/\/secure.gravatar.com\/avatar\/46c91e2630685531c0b0dd365ca4b4c391e308a6e5811841f817a41623f5da65?s=96&d=mm&r=g","url":"https:\/\/secure.gravatar.com\/avatar\/46c91e2630685531c0b0dd365ca4b4c391e308a6e5811841f817a41623f5da65?s=96&d=mm&r=g","contentUrl":"https:\/\/secure.gravatar.com\/avatar\/46c91e2630685531c0b0dd365ca4b4c391e308a6e5811841f817a41623f5da65?s=96&d=mm&r=g","caption":"Jose Operto"},"url":"https:\/\/aeroespacio.com.ar\/?author=20"}]}},"rttpg_featured_image_url":{"full":["https:\/\/aeroespacio.com.ar\/wp-content\/uploads\/2025\/08\/vol_preparatoire_cervin_photo_solarstratos-1200x800-1.jpg",1200,800,false],"landscape":["https:\/\/aeroespacio.com.ar\/wp-content\/uploads\/2025\/08\/vol_preparatoire_cervin_photo_solarstratos-1200x800-1.jpg",1200,800,false],"portraits":["https:\/\/aeroespacio.com.ar\/wp-content\/uploads\/2025\/08\/vol_preparatoire_cervin_photo_solarstratos-1200x800-1.jpg",1200,800,false],"thumbnail":["https:\/\/aeroespacio.com.ar\/wp-content\/uploads\/2025\/08\/vol_preparatoire_cervin_photo_solarstratos-1200x800-1-150x150.jpg",150,150,true],"medium":["https:\/\/aeroespacio.com.ar\/wp-content\/uploads\/2025\/08\/vol_preparatoire_cervin_photo_solarstratos-1200x800-1-300x200.jpg",300,200,true],"large":["https:\/\/aeroespacio.com.ar\/wp-content\/uploads\/2025\/08\/vol_preparatoire_cervin_photo_solarstratos-1200x800-1-1024x683.jpg",1024,683,true],"1536x1536":["https:\/\/aeroespacio.com.ar\/wp-content\/uploads\/2025\/08\/vol_preparatoire_cervin_photo_solarstratos-1200x800-1.jpg",1200,800,false],"2048x2048":["https:\/\/aeroespacio.com.ar\/wp-content\/uploads\/2025\/08\/vol_preparatoire_cervin_photo_solarstratos-1200x800-1.jpg",1200,800,false]},"rttpg_author":{"display_name":"Jose Operto","author_link":"https:\/\/aeroespacio.com.ar\/?author=20"},"rttpg_comment":0,"rttpg_category":"<a href=\"https:\/\/aeroespacio.com.ar\/?cat=1523\" rel=\"category\">Aviaci\u00f3n Sostenible<\/a>","rttpg_excerpt":"El cambio de los combustibles f\u00f3siles a la energ\u00eda limpia en la aviaci\u00f3n ya es una realidad gracias a una [&hellip;]","_links":{"self":[{"href":"https:\/\/aeroespacio.com.ar\/index.php?rest_route=\/wp\/v2\/posts\/17112","targetHints":{"allow":["GET"]}}],"collection":[{"href":"https:\/\/aeroespacio.com.ar\/index.php?rest_route=\/wp\/v2\/posts"}],"about":[{"href":"https:\/\/aeroespacio.com.ar\/index.php?rest_route=\/wp\/v2\/types\/post"}],"author":[{"embeddable":true,"href":"https:\/\/aeroespacio.com.ar\/index.php?rest_route=\/wp\/v2\/users\/20"}],"replies":[{"embeddable":true,"href":"https:\/\/aeroespacio.com.ar\/index.php?rest_route=%2Fwp%2Fv2%2Fcomments&post=17112"}],"version-history":[{"count":1,"href":"https:\/\/aeroespacio.com.ar\/index.php?rest_route=\/wp\/v2\/posts\/17112\/revisions"}],"predecessor-version":[{"id":17119,"href":"https:\/\/aeroespacio.com.ar\/index.php?rest_route=\/wp\/v2\/posts\/17112\/revisions\/17119"}],"wp:featuredmedia":[{"embeddable":true,"href":"https:\/\/aeroespacio.com.ar\/index.php?rest_route=\/wp\/v2\/media\/17116"}],"wp:attachment":[{"href":"https:\/\/aeroespacio.com.ar\/index.php?rest_route=%2Fwp%2Fv2%2Fmedia&parent=17112"}],"wp:term":[{"taxonomy":"category","embeddable":true,"href":"https:\/\/aeroespacio.com.ar\/index.php?rest_route=%2Fwp%2Fv2%2Fcategories&post=17112"},{"taxonomy":"post_tag","embeddable":true,"href":"https:\/\/aeroespacio.com.ar\/index.php?rest_route=%2Fwp%2Fv2%2Ftags&post=17112"}],"curies":[{"name":"wp","href":"https:\/\/api.w.org\/{rel}","templated":true}]}}