{"id":17107,"date":"2025-08-26T16:04:44","date_gmt":"2025-08-26T16:04:44","guid":{"rendered":"http:\/\/192.168.0.98\/?p=17107"},"modified":"2025-08-26T16:04:46","modified_gmt":"2025-08-26T16:04:46","slug":"el-cuidado-del-medioambiente-y-la-aviacion-comercial-unen-fuerzas","status":"publish","type":"post","link":"https:\/\/aeroespacio.com.ar\/?p=17107","title":{"rendered":"El cuidado del medioambiente y la aviaci\u00f3n comercial unen fuerzas"},"content":{"rendered":"\n<p>La aerol\u00ednea JetSMART y la Fundaci\u00f3n Natura de Colombia firmaron, recientemente, un acuerdo de cooperaci\u00f3n para fortalecer acciones de conservaci\u00f3n y restauraci\u00f3n ecol\u00f3gica en dicho pa\u00eds. La alianza contempla apoyo a la gesti\u00f3n de reservas naturales, programas de educaci\u00f3n ambiental y respaldo log\u00edstico para operaciones en el territorio.<\/p>\n\n\n\n<figure class=\"wp-block-image size-large\"><img fetchpriority=\"high\" decoding=\"async\" width=\"1024\" height=\"561\" src=\"https:\/\/aeroespacio.com.ar\/wp-content\/uploads\/2025\/08\/jetsmart-fundacion-natura-1024x561.jpg\" alt=\"\" class=\"wp-image-17108\" srcset=\"https:\/\/aeroespacio.com.ar\/wp-content\/uploads\/2025\/08\/jetsmart-fundacion-natura-1024x561.jpg 1024w, https:\/\/aeroespacio.com.ar\/wp-content\/uploads\/2025\/08\/jetsmart-fundacion-natura-300x164.jpg 300w, https:\/\/aeroespacio.com.ar\/wp-content\/uploads\/2025\/08\/jetsmart-fundacion-natura-768x421.jpg 768w, https:\/\/aeroespacio.com.ar\/wp-content\/uploads\/2025\/08\/jetsmart-fundacion-natura-1536x842.jpg 1536w, https:\/\/aeroespacio.com.ar\/wp-content\/uploads\/2025\/08\/jetsmart-fundacion-natura.jpg 2048w\" sizes=\"(max-width: 1024px) 100vw, 1024px\" \/><\/figure>\n\n\n\n<p>En el marco de esta colaboraci\u00f3n, JetSMART facilitar\u00e1 el transporte a\u00e9reo de equipos t\u00e9cnicos, investigadores y aliados hacia diferentes regiones, lo que permitir\u00e1 optimizar la ejecuci\u00f3n de investigaciones cient\u00edficas, proyectos de conservaci\u00f3n y participaci\u00f3n en espacios de incidencia ambiental, tanto en el \u00e1mbito nacional como en el internacional. Las acciones conjuntas tambi\u00e9n incluir\u00e1n el fortalecimiento de la gesti\u00f3n de las reservas naturales bajo administraci\u00f3n de la Fundaci\u00f3n, as\u00ed como iniciativas de sensibilizaci\u00f3n y formaci\u00f3n ambiental dirigidas a comunidades locales, con especial \u00e9nfasis en j\u00f3venes.<\/p>\n\n\n\n<figure class=\"wp-block-gallery has-nested-images columns-default is-cropped wp-block-gallery-1 is-layout-flex wp-block-gallery-is-layout-flex\"><\/figure>\n\n\n\n<p>La Fundaci\u00f3n Natura, una organizaci\u00f3n civil sin fines de lucro creada, en 1983, por un grupo de personas interesadas en la conservaci\u00f3n ambiental, administra cinco reservas naturales en Colombia y desarrolla proyectos con comunidades e instituciones para la protecci\u00f3n de ecosistemas estrat\u00e9gicos. Durante sus a\u00f1os de existencia, esta organizaci\u00f3n ha sido testigo de logros significativos a nivel nacional relacionados con la protecci\u00f3n de los ecosistemas, as\u00ed como de avances en el reconocimiento y la protecci\u00f3n de la diversidad \u00e9tnica y cultural de territorios ancestrales. En este sentido, tambi\u00e9n tiene en cuenta el papel preponderante de la sociedad civil en la gesti\u00f3n integral de la biodiversidad.<\/p>\n\n\n\n<figure class=\"wp-block-gallery has-nested-images columns-default is-cropped wp-block-gallery-2 is-layout-flex wp-block-gallery-is-layout-flex\">\n<figure class=\"wp-block-image size-large\"><img decoding=\"async\" width=\"1024\" height=\"683\" data-id=\"17109\" src=\"https:\/\/aeroespacio.com.ar\/wp-content\/uploads\/2025\/08\/IMG-20250826-WA0014-1024x683.jpg\" alt=\"\" class=\"wp-image-17109\" srcset=\"https:\/\/aeroespacio.com.ar\/wp-content\/uploads\/2025\/08\/IMG-20250826-WA0014-1024x683.jpg 1024w, https:\/\/aeroespacio.com.ar\/wp-content\/uploads\/2025\/08\/IMG-20250826-WA0014-300x200.jpg 300w, https:\/\/aeroespacio.com.ar\/wp-content\/uploads\/2025\/08\/IMG-20250826-WA0014-768x512.jpg 768w, https:\/\/aeroespacio.com.ar\/wp-content\/uploads\/2025\/08\/IMG-20250826-WA0014.jpg 1280w\" sizes=\"(max-width: 1024px) 100vw, 1024px\" \/><\/figure>\n<\/figure>\n\n\n\n<p>\u201cEn JetSMART, creemos que volar <em>smart<\/em> tambi\u00e9n es volar con conciencia. Esta alianza con Fundaci\u00f3n Natura refleja nuestro compromiso por aportar a la protecci\u00f3n de los ecosistemas que hacen \u00fanico a nuestro pa\u00eds. En l\u00ednea con nuestra estrategia de sostenibilidad, queremos ser parte activa de las soluciones que permitan conservar el patrimonio natural de Colombia\u201d, afirm\u00f3 Mario Garc\u00eda, Country Manager de JetSMART en el pa\u00eds sudamericano.<\/p>\n\n\n\n<p>Fuente: Aerolatinnews.com<\/p>\n\n\n\n<p><\/p>\n","protected":false},"excerpt":{"rendered":"<p>La aerol\u00ednea JetSMART y la Fundaci\u00f3n Natura de Colombia firmaron, recientemente, un acuerdo de cooperaci\u00f3n para fortalecer acciones de conservaci\u00f3n [&hellip;]<\/p>\n","protected":false},"author":20,"featured_media":17110,"comment_status":"open","ping_status":"open","sticky":false,"template":"","format":"standard","meta":{"site-sidebar-layout":"default","site-content-layout":"","ast-site-content-layout":"default","site-content-style":"default","site-sidebar-style":"default","ast-global-header-display":"","ast-banner-title-visibility":"","ast-main-header-display":"","ast-hfb-above-header-display":"","ast-hfb-below-header-display":"","ast-hfb-mobile-header-display":"","site-post-title":"","ast-breadcrumbs-content":"","ast-featured-img":"","footer-sml-layout":"","ast-disable-related-posts":"","theme-transparent-header-meta":"","adv-header-id-meta":"","stick-header-meta":"","header-above-stick-meta":"","header-main-stick-meta":"","header-below-stick-meta":"","astra-migrate-meta-layouts":"default","ast-page-background-enabled":"default","ast-page-background-meta":{"desktop":{"background-color":"var(--ast-global-color-5)","background-image":"","background-repeat":"repeat","background-position":"center center","background-size":"auto","background-attachment":"scroll","background-type":"","background-media":"","overlay-type":"","overlay-color":"","overlay-opacity":"","overlay-gradient":""},"tablet":{"background-color":"","background-image":"","background-repeat":"repeat","background-position":"center center","background-size":"auto","background-attachment":"scroll","background-type":"","background-media":"","overlay-type":"","overlay-color":"","overlay-opacity":"","overlay-gradient":""},"mobile":{"background-color":"","background-image":"","background-repeat":"repeat","background-position":"center center","background-size":"auto","background-attachment":"scroll","background-type":"","background-media":"","overlay-type":"","overlay-color":"","overlay-opacity":"","overlay-gradient":""}},"ast-content-background-meta":{"desktop":{"background-color":"var(--ast-global-color-4)","background-image":"","background-repeat":"repeat","background-position":"center center","background-size":"auto","background-attachment":"scroll","background-type":"","background-media":"","overlay-type":"","overlay-color":"","overlay-opacity":"","overlay-gradient":""},"tablet":{"background-color":"var(--ast-global-color-4)","background-image":"","background-repeat":"repeat","background-position":"center center","background-size":"auto","background-attachment":"scroll","background-type":"","background-media":"","overlay-type":"","overlay-color":"","overlay-opacity":"","overlay-gradient":""},"mobile":{"background-color":"var(--ast-global-color-4)","background-image":"","background-repeat":"repeat","background-position":"center center","background-size":"auto","background-attachment":"scroll","background-type":"","background-media":"","overlay-type":"","overlay-color":"","overlay-opacity":"","overlay-gradient":""}},"_joinchat":[],"footnotes":""},"categories":[1441],"tags":[],"class_list":["post-17107","post","type-post","status-publish","format-standard","has-post-thumbnail","hentry","category-industria-y-tecnologia"],"yoast_head":"<!-- This site is optimized with the Yoast SEO plugin v27.3 - https:\/\/yoast.com\/product\/yoast-seo-wordpress\/ -->\n<title>El cuidado del medioambiente y la aviaci\u00f3n comercial unen fuerzas - Aeroespacio<\/title>\n<meta name=\"robots\" content=\"index, follow, max-snippet:-1, max-image-preview:large, max-video-preview:-1\" \/>\n<link rel=\"canonical\" href=\"https:\/\/aeroespacio.com.ar\/?p=17107\" \/>\n<meta property=\"og:locale\" content=\"es_ES\" \/>\n<meta property=\"og:type\" content=\"article\" \/>\n<meta property=\"og:title\" content=\"El cuidado del medioambiente y la aviaci\u00f3n comercial unen fuerzas - Aeroespacio\" \/>\n<meta property=\"og:description\" content=\"La aerol\u00ednea JetSMART y la Fundaci\u00f3n Natura de Colombia firmaron, recientemente, un acuerdo de cooperaci\u00f3n para fortalecer acciones de conservaci\u00f3n [&hellip;]\" \/>\n<meta property=\"og:url\" content=\"https:\/\/aeroespacio.com.ar\/?p=17107\" \/>\n<meta property=\"og:site_name\" content=\"Aeroespacio\" \/>\n<meta property=\"article:published_time\" content=\"2025-08-26T16:04:44+00:00\" \/>\n<meta property=\"article:modified_time\" content=\"2025-08-26T16:04:46+00:00\" \/>\n<meta property=\"og:image\" content=\"https:\/\/aeroespacio.com.ar\/wp-content\/uploads\/2025\/08\/IMG-20250826-WA0013.jpg\" \/>\n\t<meta property=\"og:image:width\" content=\"768\" \/>\n\t<meta property=\"og:image:height\" content=\"512\" \/>\n\t<meta property=\"og:image:type\" content=\"image\/jpeg\" \/>\n<meta name=\"author\" content=\"Jose Operto\" \/>\n<meta name=\"twitter:card\" content=\"summary_large_image\" \/>\n<meta name=\"twitter:label1\" content=\"Escrito por\" \/>\n\t<meta name=\"twitter:data1\" content=\"Jose Operto\" \/>\n\t<meta name=\"twitter:label2\" content=\"Tiempo de lectura\" \/>\n\t<meta name=\"twitter:data2\" content=\"2 minutos\" \/>\n<script type=\"application\/ld+json\" class=\"yoast-schema-graph\">{\"@context\":\"https:\\\/\\\/schema.org\",\"@graph\":[{\"@type\":\"Article\",\"@id\":\"https:\\\/\\\/aeroespacio.com.ar\\\/?p=17107#article\",\"isPartOf\":{\"@id\":\"https:\\\/\\\/aeroespacio.com.ar\\\/?p=17107\"},\"author\":{\"name\":\"Jose Operto\",\"@id\":\"https:\\\/\\\/aeroespacio.com.ar\\\/#\\\/schema\\\/person\\\/6ed044bb77d2eec9f7615badbe365ffa\"},\"headline\":\"El cuidado del medioambiente y la aviaci\u00f3n comercial unen fuerzas\",\"datePublished\":\"2025-08-26T16:04:44+00:00\",\"dateModified\":\"2025-08-26T16:04:46+00:00\",\"mainEntityOfPage\":{\"@id\":\"https:\\\/\\\/aeroespacio.com.ar\\\/?p=17107\"},\"wordCount\":359,\"commentCount\":0,\"image\":{\"@id\":\"https:\\\/\\\/aeroespacio.com.ar\\\/?p=17107#primaryimage\"},\"thumbnailUrl\":\"https:\\\/\\\/aeroespacio.com.ar\\\/wp-content\\\/uploads\\\/2025\\\/08\\\/IMG-20250826-WA0013.jpg\",\"articleSection\":[\"Industria y Tecnolog\u00eda\"],\"inLanguage\":\"es-AR\",\"potentialAction\":[{\"@type\":\"CommentAction\",\"name\":\"Comment\",\"target\":[\"https:\\\/\\\/aeroespacio.com.ar\\\/?p=17107#respond\"]}]},{\"@type\":\"WebPage\",\"@id\":\"https:\\\/\\\/aeroespacio.com.ar\\\/?p=17107\",\"url\":\"https:\\\/\\\/aeroespacio.com.ar\\\/?p=17107\",\"name\":\"El cuidado del medioambiente y la aviaci\u00f3n comercial unen fuerzas - Aeroespacio\",\"isPartOf\":{\"@id\":\"https:\\\/\\\/aeroespacio.com.ar\\\/#website\"},\"primaryImageOfPage\":{\"@id\":\"https:\\\/\\\/aeroespacio.com.ar\\\/?p=17107#primaryimage\"},\"image\":{\"@id\":\"https:\\\/\\\/aeroespacio.com.ar\\\/?p=17107#primaryimage\"},\"thumbnailUrl\":\"https:\\\/\\\/aeroespacio.com.ar\\\/wp-content\\\/uploads\\\/2025\\\/08\\\/IMG-20250826-WA0013.jpg\",\"datePublished\":\"2025-08-26T16:04:44+00:00\",\"dateModified\":\"2025-08-26T16:04:46+00:00\",\"author\":{\"@id\":\"https:\\\/\\\/aeroespacio.com.ar\\\/#\\\/schema\\\/person\\\/6ed044bb77d2eec9f7615badbe365ffa\"},\"breadcrumb\":{\"@id\":\"https:\\\/\\\/aeroespacio.com.ar\\\/?p=17107#breadcrumb\"},\"inLanguage\":\"es-AR\",\"potentialAction\":[{\"@type\":\"ReadAction\",\"target\":[\"https:\\\/\\\/aeroespacio.com.ar\\\/?p=17107\"]}]},{\"@type\":\"ImageObject\",\"inLanguage\":\"es-AR\",\"@id\":\"https:\\\/\\\/aeroespacio.com.ar\\\/?p=17107#primaryimage\",\"url\":\"https:\\\/\\\/aeroespacio.com.ar\\\/wp-content\\\/uploads\\\/2025\\\/08\\\/IMG-20250826-WA0013.jpg\",\"contentUrl\":\"https:\\\/\\\/aeroespacio.com.ar\\\/wp-content\\\/uploads\\\/2025\\\/08\\\/IMG-20250826-WA0013.jpg\",\"width\":768,\"height\":512},{\"@type\":\"BreadcrumbList\",\"@id\":\"https:\\\/\\\/aeroespacio.com.ar\\\/?p=17107#breadcrumb\",\"itemListElement\":[{\"@type\":\"ListItem\",\"position\":1,\"name\":\"Inicio\",\"item\":\"https:\\\/\\\/aeroespacio.com.ar\\\/\"},{\"@type\":\"ListItem\",\"position\":2,\"name\":\"El cuidado del medioambiente y la aviaci\u00f3n comercial unen fuerzas\"}]},{\"@type\":\"WebSite\",\"@id\":\"https:\\\/\\\/aeroespacio.com.ar\\\/#website\",\"url\":\"https:\\\/\\\/aeroespacio.com.ar\\\/\",\"name\":\"aeroespacio.com.ar\",\"description\":\"\",\"potentialAction\":[{\"@type\":\"SearchAction\",\"target\":{\"@type\":\"EntryPoint\",\"urlTemplate\":\"https:\\\/\\\/aeroespacio.com.ar\\\/?s={search_term_string}\"},\"query-input\":{\"@type\":\"PropertyValueSpecification\",\"valueRequired\":true,\"valueName\":\"search_term_string\"}}],\"inLanguage\":\"es-AR\"},{\"@type\":\"Person\",\"@id\":\"https:\\\/\\\/aeroespacio.com.ar\\\/#\\\/schema\\\/person\\\/6ed044bb77d2eec9f7615badbe365ffa\",\"name\":\"Jose Operto\",\"image\":{\"@type\":\"ImageObject\",\"inLanguage\":\"es-AR\",\"@id\":\"https:\\\/\\\/secure.gravatar.com\\\/avatar\\\/46c91e2630685531c0b0dd365ca4b4c391e308a6e5811841f817a41623f5da65?s=96&d=mm&r=g\",\"url\":\"https:\\\/\\\/secure.gravatar.com\\\/avatar\\\/46c91e2630685531c0b0dd365ca4b4c391e308a6e5811841f817a41623f5da65?s=96&d=mm&r=g\",\"contentUrl\":\"https:\\\/\\\/secure.gravatar.com\\\/avatar\\\/46c91e2630685531c0b0dd365ca4b4c391e308a6e5811841f817a41623f5da65?s=96&d=mm&r=g\",\"caption\":\"Jose Operto\"},\"url\":\"https:\\\/\\\/aeroespacio.com.ar\\\/?author=20\"}]}<\/script>\n<!-- \/ Yoast SEO plugin. -->","yoast_head_json":{"title":"El cuidado del medioambiente y la aviaci\u00f3n comercial unen fuerzas - Aeroespacio","robots":{"index":"index","follow":"follow","max-snippet":"max-snippet:-1","max-image-preview":"max-image-preview:large","max-video-preview":"max-video-preview:-1"},"canonical":"https:\/\/aeroespacio.com.ar\/?p=17107","og_locale":"es_ES","og_type":"article","og_title":"El cuidado del medioambiente y la aviaci\u00f3n comercial unen fuerzas - Aeroespacio","og_description":"La aerol\u00ednea JetSMART y la Fundaci\u00f3n Natura de Colombia firmaron, recientemente, un acuerdo de cooperaci\u00f3n para fortalecer acciones de conservaci\u00f3n [&hellip;]","og_url":"https:\/\/aeroespacio.com.ar\/?p=17107","og_site_name":"Aeroespacio","article_published_time":"2025-08-26T16:04:44+00:00","article_modified_time":"2025-08-26T16:04:46+00:00","og_image":[{"width":768,"height":512,"url":"https:\/\/aeroespacio.com.ar\/wp-content\/uploads\/2025\/08\/IMG-20250826-WA0013.jpg","type":"image\/jpeg"}],"author":"Jose Operto","twitter_card":"summary_large_image","twitter_misc":{"Escrito por":"Jose Operto","Tiempo de lectura":"2 minutos"},"schema":{"@context":"https:\/\/schema.org","@graph":[{"@type":"Article","@id":"https:\/\/aeroespacio.com.ar\/?p=17107#article","isPartOf":{"@id":"https:\/\/aeroespacio.com.ar\/?p=17107"},"author":{"name":"Jose Operto","@id":"https:\/\/aeroespacio.com.ar\/#\/schema\/person\/6ed044bb77d2eec9f7615badbe365ffa"},"headline":"El cuidado del medioambiente y la aviaci\u00f3n comercial unen fuerzas","datePublished":"2025-08-26T16:04:44+00:00","dateModified":"2025-08-26T16:04:46+00:00","mainEntityOfPage":{"@id":"https:\/\/aeroespacio.com.ar\/?p=17107"},"wordCount":359,"commentCount":0,"image":{"@id":"https:\/\/aeroespacio.com.ar\/?p=17107#primaryimage"},"thumbnailUrl":"https:\/\/aeroespacio.com.ar\/wp-content\/uploads\/2025\/08\/IMG-20250826-WA0013.jpg","articleSection":["Industria y Tecnolog\u00eda"],"inLanguage":"es-AR","potentialAction":[{"@type":"CommentAction","name":"Comment","target":["https:\/\/aeroespacio.com.ar\/?p=17107#respond"]}]},{"@type":"WebPage","@id":"https:\/\/aeroespacio.com.ar\/?p=17107","url":"https:\/\/aeroespacio.com.ar\/?p=17107","name":"El cuidado del medioambiente y la aviaci\u00f3n comercial unen fuerzas - Aeroespacio","isPartOf":{"@id":"https:\/\/aeroespacio.com.ar\/#website"},"primaryImageOfPage":{"@id":"https:\/\/aeroespacio.com.ar\/?p=17107#primaryimage"},"image":{"@id":"https:\/\/aeroespacio.com.ar\/?p=17107#primaryimage"},"thumbnailUrl":"https:\/\/aeroespacio.com.ar\/wp-content\/uploads\/2025\/08\/IMG-20250826-WA0013.jpg","datePublished":"2025-08-26T16:04:44+00:00","dateModified":"2025-08-26T16:04:46+00:00","author":{"@id":"https:\/\/aeroespacio.com.ar\/#\/schema\/person\/6ed044bb77d2eec9f7615badbe365ffa"},"breadcrumb":{"@id":"https:\/\/aeroespacio.com.ar\/?p=17107#breadcrumb"},"inLanguage":"es-AR","potentialAction":[{"@type":"ReadAction","target":["https:\/\/aeroespacio.com.ar\/?p=17107"]}]},{"@type":"ImageObject","inLanguage":"es-AR","@id":"https:\/\/aeroespacio.com.ar\/?p=17107#primaryimage","url":"https:\/\/aeroespacio.com.ar\/wp-content\/uploads\/2025\/08\/IMG-20250826-WA0013.jpg","contentUrl":"https:\/\/aeroespacio.com.ar\/wp-content\/uploads\/2025\/08\/IMG-20250826-WA0013.jpg","width":768,"height":512},{"@type":"BreadcrumbList","@id":"https:\/\/aeroespacio.com.ar\/?p=17107#breadcrumb","itemListElement":[{"@type":"ListItem","position":1,"name":"Inicio","item":"https:\/\/aeroespacio.com.ar\/"},{"@type":"ListItem","position":2,"name":"El cuidado del medioambiente y la aviaci\u00f3n comercial unen fuerzas"}]},{"@type":"WebSite","@id":"https:\/\/aeroespacio.com.ar\/#website","url":"https:\/\/aeroespacio.com.ar\/","name":"aeroespacio.com.ar","description":"","potentialAction":[{"@type":"SearchAction","target":{"@type":"EntryPoint","urlTemplate":"https:\/\/aeroespacio.com.ar\/?s={search_term_string}"},"query-input":{"@type":"PropertyValueSpecification","valueRequired":true,"valueName":"search_term_string"}}],"inLanguage":"es-AR"},{"@type":"Person","@id":"https:\/\/aeroespacio.com.ar\/#\/schema\/person\/6ed044bb77d2eec9f7615badbe365ffa","name":"Jose Operto","image":{"@type":"ImageObject","inLanguage":"es-AR","@id":"https:\/\/secure.gravatar.com\/avatar\/46c91e2630685531c0b0dd365ca4b4c391e308a6e5811841f817a41623f5da65?s=96&d=mm&r=g","url":"https:\/\/secure.gravatar.com\/avatar\/46c91e2630685531c0b0dd365ca4b4c391e308a6e5811841f817a41623f5da65?s=96&d=mm&r=g","contentUrl":"https:\/\/secure.gravatar.com\/avatar\/46c91e2630685531c0b0dd365ca4b4c391e308a6e5811841f817a41623f5da65?s=96&d=mm&r=g","caption":"Jose Operto"},"url":"https:\/\/aeroespacio.com.ar\/?author=20"}]}},"rttpg_featured_image_url":{"full":["https:\/\/aeroespacio.com.ar\/wp-content\/uploads\/2025\/08\/IMG-20250826-WA0013.jpg",768,512,false],"landscape":["https:\/\/aeroespacio.com.ar\/wp-content\/uploads\/2025\/08\/IMG-20250826-WA0013.jpg",768,512,false],"portraits":["https:\/\/aeroespacio.com.ar\/wp-content\/uploads\/2025\/08\/IMG-20250826-WA0013.jpg",768,512,false],"thumbnail":["https:\/\/aeroespacio.com.ar\/wp-content\/uploads\/2025\/08\/IMG-20250826-WA0013-150x150.jpg",150,150,true],"medium":["https:\/\/aeroespacio.com.ar\/wp-content\/uploads\/2025\/08\/IMG-20250826-WA0013-300x200.jpg",300,200,true],"large":["https:\/\/aeroespacio.com.ar\/wp-content\/uploads\/2025\/08\/IMG-20250826-WA0013.jpg",768,512,false],"1536x1536":["https:\/\/aeroespacio.com.ar\/wp-content\/uploads\/2025\/08\/IMG-20250826-WA0013.jpg",768,512,false],"2048x2048":["https:\/\/aeroespacio.com.ar\/wp-content\/uploads\/2025\/08\/IMG-20250826-WA0013.jpg",768,512,false]},"rttpg_author":{"display_name":"Jose Operto","author_link":"https:\/\/aeroespacio.com.ar\/?author=20"},"rttpg_comment":0,"rttpg_category":"<a href=\"https:\/\/aeroespacio.com.ar\/?cat=1441\" rel=\"category\">Industria y Tecnolog\u00eda<\/a>","rttpg_excerpt":"La aerol\u00ednea JetSMART y la Fundaci\u00f3n Natura de Colombia firmaron, recientemente, un acuerdo de cooperaci\u00f3n para fortalecer acciones de conservaci\u00f3n [&hellip;]","_links":{"self":[{"href":"https:\/\/aeroespacio.com.ar\/index.php?rest_route=\/wp\/v2\/posts\/17107","targetHints":{"allow":["GET"]}}],"collection":[{"href":"https:\/\/aeroespacio.com.ar\/index.php?rest_route=\/wp\/v2\/posts"}],"about":[{"href":"https:\/\/aeroespacio.com.ar\/index.php?rest_route=\/wp\/v2\/types\/post"}],"author":[{"embeddable":true,"href":"https:\/\/aeroespacio.com.ar\/index.php?rest_route=\/wp\/v2\/users\/20"}],"replies":[{"embeddable":true,"href":"https:\/\/aeroespacio.com.ar\/index.php?rest_route=%2Fwp%2Fv2%2Fcomments&post=17107"}],"version-history":[{"count":1,"href":"https:\/\/aeroespacio.com.ar\/index.php?rest_route=\/wp\/v2\/posts\/17107\/revisions"}],"predecessor-version":[{"id":17111,"href":"https:\/\/aeroespacio.com.ar\/index.php?rest_route=\/wp\/v2\/posts\/17107\/revisions\/17111"}],"wp:featuredmedia":[{"embeddable":true,"href":"https:\/\/aeroespacio.com.ar\/index.php?rest_route=\/wp\/v2\/media\/17110"}],"wp:attachment":[{"href":"https:\/\/aeroespacio.com.ar\/index.php?rest_route=%2Fwp%2Fv2%2Fmedia&parent=17107"}],"wp:term":[{"taxonomy":"category","embeddable":true,"href":"https:\/\/aeroespacio.com.ar\/index.php?rest_route=%2Fwp%2Fv2%2Fcategories&post=17107"},{"taxonomy":"post_tag","embeddable":true,"href":"https:\/\/aeroespacio.com.ar\/index.php?rest_route=%2Fwp%2Fv2%2Ftags&post=17107"}],"curies":[{"name":"wp","href":"https:\/\/api.w.org\/{rel}","templated":true}]}}