{"id":17103,"date":"2025-08-25T11:27:34","date_gmt":"2025-08-25T11:27:34","guid":{"rendered":"http:\/\/192.168.0.98\/?p=17103"},"modified":"2025-08-25T11:27:36","modified_gmt":"2025-08-25T11:27:36","slug":"conectividad-y-sostenibilidad-la-hoja-de-ruta-que-marca-embraer-en-el-market-outlook-2025","status":"publish","type":"post","link":"https:\/\/aeroespacio.com.ar\/?p=17103","title":{"rendered":"Conectividad y sostenibilidad: la hoja de ruta que marca Embraer en el Market Outlook 2025"},"content":{"rendered":"\n<figure class=\"wp-block-image size-large\"><img fetchpriority=\"high\" decoding=\"async\" width=\"1024\" height=\"683\" src=\"https:\/\/aeroespacio.com.ar\/wp-content\/uploads\/2025\/08\/praetor-family-1-1024x683.jpg\" alt=\"\" class=\"wp-image-17104\" srcset=\"https:\/\/aeroespacio.com.ar\/wp-content\/uploads\/2025\/08\/praetor-family-1-1024x683.jpg 1024w, https:\/\/aeroespacio.com.ar\/wp-content\/uploads\/2025\/08\/praetor-family-1-300x200.jpg 300w, https:\/\/aeroespacio.com.ar\/wp-content\/uploads\/2025\/08\/praetor-family-1-768x512.jpg 768w, https:\/\/aeroespacio.com.ar\/wp-content\/uploads\/2025\/08\/praetor-family-1.jpg 1080w\" sizes=\"(max-width: 1024px) 100vw, 1024px\" \/><\/figure>\n\n\n\n<p>Embraer cerr\u00f3 el primer semestre de 2025 con un desempe\u00f1o en alza y con expectativas s\u00f3lidas para los pr\u00f3ximos a\u00f1os. La compa\u00f1\u00eda brasile\u00f1a inform\u00f3 que, en los primeros seis meses del a\u00f1o, entreg\u00f3 30 aviones, lo que representa un aumento del 20 % en comparaci\u00f3n con el mismo per\u00edodo del a\u00f1o anterior. De ese total, siete correspondieron a aeronaves comerciales, cifra que se mantuvo estable frente al mismo per\u00edodo de 2024, mientras que los&nbsp;<em>jets<\/em>&nbsp;ejecutivos alcanzaron las 23 unidades, con un incremento del 28 % en ese segmento.<\/p>\n\n\n\n<p>La previsi\u00f3n de la empresa para el resto del a\u00f1o es la entrega de unas 75 a 80 aeronaves comerciales, adem\u00e1s de 155&nbsp;<em>jets<\/em>. El ritmo sostenido de producci\u00f3n y de entrega refleja la recuperaci\u00f3n de la demanda en ambos mercados, impulsada por la necesidad de renovar flotas y sumar capacidad en rutas regionales y en la aviaci\u00f3n corporativa.<\/p>\n\n\n\n<p>En paralelo, Embraer dio a conocer su informe de proyecci\u00f3n&nbsp;<em>Market Outlook 2025<\/em>, que analiza la demanda global para las pr\u00f3ximas dos d\u00e9cadas. Seg\u00fan el estudio, se espera la incorporaci\u00f3n de alrededor de 10 500 aeronaves con menos de 150 asientos, entre&nbsp;<em>jets<\/em>&nbsp;y turboh\u00e9lices, para el 2044. El valor estimado de este mercado asciende a 680 000 millones de d\u00f3lares, con una mayor importancia de los aviones de menor porte para fortalecer la conectividad en mercados secundarios y en rutas de menor densidad.<\/p>\n\n\n\n<p>Con estos resultados, Embraer no solo refuerza su posici\u00f3n como fabricante de referencia en aeronaves regionales y ejecutivas, sino que tambi\u00e9n perfila una estrategia de largo plazo alineada con las tendencias de movilidad a\u00e9rea global. Los n\u00fameros confirman que, en un escenario donde la eficiencia y la flexibilidad ganan protagonismo. Estos modelos son un espacio clave en la planificaci\u00f3n de las aerol\u00edneas y los operadores de todo el mundo.<\/p>\n\n\n\n<p>Fuente: Embraer&nbsp;<\/p>\n\n\n\n<p>Foto: Embraer, Aviation Source News<\/p>\n\n\n\n<p><\/p>\n","protected":false},"excerpt":{"rendered":"<p>Embraer cerr\u00f3 el primer semestre de 2025 con un desempe\u00f1o en alza y con expectativas s\u00f3lidas para los pr\u00f3ximos a\u00f1os. [&hellip;]<\/p>\n","protected":false},"author":20,"featured_media":17104,"comment_status":"open","ping_status":"open","sticky":false,"template":"","format":"standard","meta":{"site-sidebar-layout":"default","site-content-layout":"","ast-site-content-layout":"default","site-content-style":"default","site-sidebar-style":"default","ast-global-header-display":"","ast-banner-title-visibility":"","ast-main-header-display":"","ast-hfb-above-header-display":"","ast-hfb-below-header-display":"","ast-hfb-mobile-header-display":"","site-post-title":"","ast-breadcrumbs-content":"","ast-featured-img":"","footer-sml-layout":"","ast-disable-related-posts":"","theme-transparent-header-meta":"","adv-header-id-meta":"","stick-header-meta":"","header-above-stick-meta":"","header-main-stick-meta":"","header-below-stick-meta":"","astra-migrate-meta-layouts":"default","ast-page-background-enabled":"default","ast-page-background-meta":{"desktop":{"background-color":"var(--ast-global-color-5)","background-image":"","background-repeat":"repeat","background-position":"center center","background-size":"auto","background-attachment":"scroll","background-type":"","background-media":"","overlay-type":"","overlay-color":"","overlay-opacity":"","overlay-gradient":""},"tablet":{"background-color":"","background-image":"","background-repeat":"repeat","background-position":"center center","background-size":"auto","background-attachment":"scroll","background-type":"","background-media":"","overlay-type":"","overlay-color":"","overlay-opacity":"","overlay-gradient":""},"mobile":{"background-color":"","background-image":"","background-repeat":"repeat","background-position":"center center","background-size":"auto","background-attachment":"scroll","background-type":"","background-media":"","overlay-type":"","overlay-color":"","overlay-opacity":"","overlay-gradient":""}},"ast-content-background-meta":{"desktop":{"background-color":"var(--ast-global-color-4)","background-image":"","background-repeat":"repeat","background-position":"center center","background-size":"auto","background-attachment":"scroll","background-type":"","background-media":"","overlay-type":"","overlay-color":"","overlay-opacity":"","overlay-gradient":""},"tablet":{"background-color":"var(--ast-global-color-4)","background-image":"","background-repeat":"repeat","background-position":"center center","background-size":"auto","background-attachment":"scroll","background-type":"","background-media":"","overlay-type":"","overlay-color":"","overlay-opacity":"","overlay-gradient":""},"mobile":{"background-color":"var(--ast-global-color-4)","background-image":"","background-repeat":"repeat","background-position":"center center","background-size":"auto","background-attachment":"scroll","background-type":"","background-media":"","overlay-type":"","overlay-color":"","overlay-opacity":"","overlay-gradient":""}},"_joinchat":[],"footnotes":""},"categories":[1438,1523],"tags":[11,83,1880,647],"class_list":["post-17103","post","type-post","status-publish","format-standard","has-post-thumbnail","hentry","category-aviacion-comercial","category-aviacion-sostenible","tag-aviacioncomercial-2","tag-embraer","tag-marketoutlook2025","tag-sostenibilidad"],"yoast_head":"<!-- This site is optimized with the Yoast SEO plugin v27.3 - https:\/\/yoast.com\/product\/yoast-seo-wordpress\/ -->\n<title>Conectividad y sostenibilidad: la hoja de ruta que marca Embraer en el Market Outlook 2025 - Aeroespacio<\/title>\n<meta name=\"robots\" content=\"index, follow, max-snippet:-1, max-image-preview:large, max-video-preview:-1\" \/>\n<link rel=\"canonical\" href=\"https:\/\/aeroespacio.com.ar\/?p=17103\" \/>\n<meta property=\"og:locale\" content=\"es_ES\" \/>\n<meta property=\"og:type\" content=\"article\" \/>\n<meta property=\"og:title\" content=\"Conectividad y sostenibilidad: la hoja de ruta que marca Embraer en el Market Outlook 2025 - Aeroespacio\" \/>\n<meta property=\"og:description\" content=\"Embraer cerr\u00f3 el primer semestre de 2025 con un desempe\u00f1o en alza y con expectativas s\u00f3lidas para los pr\u00f3ximos a\u00f1os. [&hellip;]\" \/>\n<meta property=\"og:url\" content=\"https:\/\/aeroespacio.com.ar\/?p=17103\" \/>\n<meta property=\"og:site_name\" content=\"Aeroespacio\" \/>\n<meta property=\"article:published_time\" content=\"2025-08-25T11:27:34+00:00\" \/>\n<meta property=\"article:modified_time\" content=\"2025-08-25T11:27:36+00:00\" \/>\n<meta property=\"og:image\" content=\"https:\/\/aeroespacio.com.ar\/wp-content\/uploads\/2025\/08\/praetor-family-1.jpg\" \/>\n\t<meta property=\"og:image:width\" content=\"1080\" \/>\n\t<meta property=\"og:image:height\" content=\"720\" \/>\n\t<meta property=\"og:image:type\" content=\"image\/jpeg\" \/>\n<meta name=\"author\" content=\"Jose Operto\" \/>\n<meta name=\"twitter:card\" content=\"summary_large_image\" \/>\n<meta name=\"twitter:label1\" content=\"Escrito por\" \/>\n\t<meta name=\"twitter:data1\" content=\"Jose Operto\" \/>\n\t<meta name=\"twitter:label2\" content=\"Tiempo de lectura\" \/>\n\t<meta name=\"twitter:data2\" content=\"2 minutos\" \/>\n<script type=\"application\/ld+json\" class=\"yoast-schema-graph\">{\"@context\":\"https:\\\/\\\/schema.org\",\"@graph\":[{\"@type\":\"Article\",\"@id\":\"https:\\\/\\\/aeroespacio.com.ar\\\/?p=17103#article\",\"isPartOf\":{\"@id\":\"https:\\\/\\\/aeroespacio.com.ar\\\/?p=17103\"},\"author\":{\"name\":\"Jose Operto\",\"@id\":\"https:\\\/\\\/aeroespacio.com.ar\\\/#\\\/schema\\\/person\\\/6ed044bb77d2eec9f7615badbe365ffa\"},\"headline\":\"Conectividad y sostenibilidad: la hoja de ruta que marca Embraer en el Market Outlook 2025\",\"datePublished\":\"2025-08-25T11:27:34+00:00\",\"dateModified\":\"2025-08-25T11:27:36+00:00\",\"mainEntityOfPage\":{\"@id\":\"https:\\\/\\\/aeroespacio.com.ar\\\/?p=17103\"},\"wordCount\":341,\"commentCount\":0,\"image\":{\"@id\":\"https:\\\/\\\/aeroespacio.com.ar\\\/?p=17103#primaryimage\"},\"thumbnailUrl\":\"https:\\\/\\\/aeroespacio.com.ar\\\/wp-content\\\/uploads\\\/2025\\\/08\\\/praetor-family-1.jpg\",\"keywords\":[\"#aviacioncomercial\",\"#embraer\",\"#MarketOutlook2025\",\"#sostenibilidad\"],\"articleSection\":[\"Aviaci\u00f3n Comercial\",\"Aviaci\u00f3n Sostenible\"],\"inLanguage\":\"es-AR\",\"potentialAction\":[{\"@type\":\"CommentAction\",\"name\":\"Comment\",\"target\":[\"https:\\\/\\\/aeroespacio.com.ar\\\/?p=17103#respond\"]}]},{\"@type\":\"WebPage\",\"@id\":\"https:\\\/\\\/aeroespacio.com.ar\\\/?p=17103\",\"url\":\"https:\\\/\\\/aeroespacio.com.ar\\\/?p=17103\",\"name\":\"Conectividad y sostenibilidad: la hoja de ruta que marca Embraer en el Market Outlook 2025 - Aeroespacio\",\"isPartOf\":{\"@id\":\"https:\\\/\\\/aeroespacio.com.ar\\\/#website\"},\"primaryImageOfPage\":{\"@id\":\"https:\\\/\\\/aeroespacio.com.ar\\\/?p=17103#primaryimage\"},\"image\":{\"@id\":\"https:\\\/\\\/aeroespacio.com.ar\\\/?p=17103#primaryimage\"},\"thumbnailUrl\":\"https:\\\/\\\/aeroespacio.com.ar\\\/wp-content\\\/uploads\\\/2025\\\/08\\\/praetor-family-1.jpg\",\"datePublished\":\"2025-08-25T11:27:34+00:00\",\"dateModified\":\"2025-08-25T11:27:36+00:00\",\"author\":{\"@id\":\"https:\\\/\\\/aeroespacio.com.ar\\\/#\\\/schema\\\/person\\\/6ed044bb77d2eec9f7615badbe365ffa\"},\"breadcrumb\":{\"@id\":\"https:\\\/\\\/aeroespacio.com.ar\\\/?p=17103#breadcrumb\"},\"inLanguage\":\"es-AR\",\"potentialAction\":[{\"@type\":\"ReadAction\",\"target\":[\"https:\\\/\\\/aeroespacio.com.ar\\\/?p=17103\"]}]},{\"@type\":\"ImageObject\",\"inLanguage\":\"es-AR\",\"@id\":\"https:\\\/\\\/aeroespacio.com.ar\\\/?p=17103#primaryimage\",\"url\":\"https:\\\/\\\/aeroespacio.com.ar\\\/wp-content\\\/uploads\\\/2025\\\/08\\\/praetor-family-1.jpg\",\"contentUrl\":\"https:\\\/\\\/aeroespacio.com.ar\\\/wp-content\\\/uploads\\\/2025\\\/08\\\/praetor-family-1.jpg\",\"width\":1080,\"height\":720},{\"@type\":\"BreadcrumbList\",\"@id\":\"https:\\\/\\\/aeroespacio.com.ar\\\/?p=17103#breadcrumb\",\"itemListElement\":[{\"@type\":\"ListItem\",\"position\":1,\"name\":\"Inicio\",\"item\":\"https:\\\/\\\/aeroespacio.com.ar\\\/\"},{\"@type\":\"ListItem\",\"position\":2,\"name\":\"Conectividad y sostenibilidad: la hoja de ruta que marca Embraer en el Market Outlook 2025\"}]},{\"@type\":\"WebSite\",\"@id\":\"https:\\\/\\\/aeroespacio.com.ar\\\/#website\",\"url\":\"https:\\\/\\\/aeroespacio.com.ar\\\/\",\"name\":\"aeroespacio.com.ar\",\"description\":\"\",\"potentialAction\":[{\"@type\":\"SearchAction\",\"target\":{\"@type\":\"EntryPoint\",\"urlTemplate\":\"https:\\\/\\\/aeroespacio.com.ar\\\/?s={search_term_string}\"},\"query-input\":{\"@type\":\"PropertyValueSpecification\",\"valueRequired\":true,\"valueName\":\"search_term_string\"}}],\"inLanguage\":\"es-AR\"},{\"@type\":\"Person\",\"@id\":\"https:\\\/\\\/aeroespacio.com.ar\\\/#\\\/schema\\\/person\\\/6ed044bb77d2eec9f7615badbe365ffa\",\"name\":\"Jose Operto\",\"image\":{\"@type\":\"ImageObject\",\"inLanguage\":\"es-AR\",\"@id\":\"https:\\\/\\\/secure.gravatar.com\\\/avatar\\\/46c91e2630685531c0b0dd365ca4b4c391e308a6e5811841f817a41623f5da65?s=96&d=mm&r=g\",\"url\":\"https:\\\/\\\/secure.gravatar.com\\\/avatar\\\/46c91e2630685531c0b0dd365ca4b4c391e308a6e5811841f817a41623f5da65?s=96&d=mm&r=g\",\"contentUrl\":\"https:\\\/\\\/secure.gravatar.com\\\/avatar\\\/46c91e2630685531c0b0dd365ca4b4c391e308a6e5811841f817a41623f5da65?s=96&d=mm&r=g\",\"caption\":\"Jose Operto\"},\"url\":\"https:\\\/\\\/aeroespacio.com.ar\\\/?author=20\"}]}<\/script>\n<!-- \/ Yoast SEO plugin. -->","yoast_head_json":{"title":"Conectividad y sostenibilidad: la hoja de ruta que marca Embraer en el Market Outlook 2025 - Aeroespacio","robots":{"index":"index","follow":"follow","max-snippet":"max-snippet:-1","max-image-preview":"max-image-preview:large","max-video-preview":"max-video-preview:-1"},"canonical":"https:\/\/aeroespacio.com.ar\/?p=17103","og_locale":"es_ES","og_type":"article","og_title":"Conectividad y sostenibilidad: la hoja de ruta que marca Embraer en el Market Outlook 2025 - Aeroespacio","og_description":"Embraer cerr\u00f3 el primer semestre de 2025 con un desempe\u00f1o en alza y con expectativas s\u00f3lidas para los pr\u00f3ximos a\u00f1os. [&hellip;]","og_url":"https:\/\/aeroespacio.com.ar\/?p=17103","og_site_name":"Aeroespacio","article_published_time":"2025-08-25T11:27:34+00:00","article_modified_time":"2025-08-25T11:27:36+00:00","og_image":[{"width":1080,"height":720,"url":"https:\/\/aeroespacio.com.ar\/wp-content\/uploads\/2025\/08\/praetor-family-1.jpg","type":"image\/jpeg"}],"author":"Jose Operto","twitter_card":"summary_large_image","twitter_misc":{"Escrito por":"Jose Operto","Tiempo de lectura":"2 minutos"},"schema":{"@context":"https:\/\/schema.org","@graph":[{"@type":"Article","@id":"https:\/\/aeroespacio.com.ar\/?p=17103#article","isPartOf":{"@id":"https:\/\/aeroespacio.com.ar\/?p=17103"},"author":{"name":"Jose Operto","@id":"https:\/\/aeroespacio.com.ar\/#\/schema\/person\/6ed044bb77d2eec9f7615badbe365ffa"},"headline":"Conectividad y sostenibilidad: la hoja de ruta que marca Embraer en el Market Outlook 2025","datePublished":"2025-08-25T11:27:34+00:00","dateModified":"2025-08-25T11:27:36+00:00","mainEntityOfPage":{"@id":"https:\/\/aeroespacio.com.ar\/?p=17103"},"wordCount":341,"commentCount":0,"image":{"@id":"https:\/\/aeroespacio.com.ar\/?p=17103#primaryimage"},"thumbnailUrl":"https:\/\/aeroespacio.com.ar\/wp-content\/uploads\/2025\/08\/praetor-family-1.jpg","keywords":["#aviacioncomercial","#embraer","#MarketOutlook2025","#sostenibilidad"],"articleSection":["Aviaci\u00f3n Comercial","Aviaci\u00f3n Sostenible"],"inLanguage":"es-AR","potentialAction":[{"@type":"CommentAction","name":"Comment","target":["https:\/\/aeroespacio.com.ar\/?p=17103#respond"]}]},{"@type":"WebPage","@id":"https:\/\/aeroespacio.com.ar\/?p=17103","url":"https:\/\/aeroespacio.com.ar\/?p=17103","name":"Conectividad y sostenibilidad: la hoja de ruta que marca Embraer en el Market Outlook 2025 - Aeroespacio","isPartOf":{"@id":"https:\/\/aeroespacio.com.ar\/#website"},"primaryImageOfPage":{"@id":"https:\/\/aeroespacio.com.ar\/?p=17103#primaryimage"},"image":{"@id":"https:\/\/aeroespacio.com.ar\/?p=17103#primaryimage"},"thumbnailUrl":"https:\/\/aeroespacio.com.ar\/wp-content\/uploads\/2025\/08\/praetor-family-1.jpg","datePublished":"2025-08-25T11:27:34+00:00","dateModified":"2025-08-25T11:27:36+00:00","author":{"@id":"https:\/\/aeroespacio.com.ar\/#\/schema\/person\/6ed044bb77d2eec9f7615badbe365ffa"},"breadcrumb":{"@id":"https:\/\/aeroespacio.com.ar\/?p=17103#breadcrumb"},"inLanguage":"es-AR","potentialAction":[{"@type":"ReadAction","target":["https:\/\/aeroespacio.com.ar\/?p=17103"]}]},{"@type":"ImageObject","inLanguage":"es-AR","@id":"https:\/\/aeroespacio.com.ar\/?p=17103#primaryimage","url":"https:\/\/aeroespacio.com.ar\/wp-content\/uploads\/2025\/08\/praetor-family-1.jpg","contentUrl":"https:\/\/aeroespacio.com.ar\/wp-content\/uploads\/2025\/08\/praetor-family-1.jpg","width":1080,"height":720},{"@type":"BreadcrumbList","@id":"https:\/\/aeroespacio.com.ar\/?p=17103#breadcrumb","itemListElement":[{"@type":"ListItem","position":1,"name":"Inicio","item":"https:\/\/aeroespacio.com.ar\/"},{"@type":"ListItem","position":2,"name":"Conectividad y sostenibilidad: la hoja de ruta que marca Embraer en el Market Outlook 2025"}]},{"@type":"WebSite","@id":"https:\/\/aeroespacio.com.ar\/#website","url":"https:\/\/aeroespacio.com.ar\/","name":"aeroespacio.com.ar","description":"","potentialAction":[{"@type":"SearchAction","target":{"@type":"EntryPoint","urlTemplate":"https:\/\/aeroespacio.com.ar\/?s={search_term_string}"},"query-input":{"@type":"PropertyValueSpecification","valueRequired":true,"valueName":"search_term_string"}}],"inLanguage":"es-AR"},{"@type":"Person","@id":"https:\/\/aeroespacio.com.ar\/#\/schema\/person\/6ed044bb77d2eec9f7615badbe365ffa","name":"Jose Operto","image":{"@type":"ImageObject","inLanguage":"es-AR","@id":"https:\/\/secure.gravatar.com\/avatar\/46c91e2630685531c0b0dd365ca4b4c391e308a6e5811841f817a41623f5da65?s=96&d=mm&r=g","url":"https:\/\/secure.gravatar.com\/avatar\/46c91e2630685531c0b0dd365ca4b4c391e308a6e5811841f817a41623f5da65?s=96&d=mm&r=g","contentUrl":"https:\/\/secure.gravatar.com\/avatar\/46c91e2630685531c0b0dd365ca4b4c391e308a6e5811841f817a41623f5da65?s=96&d=mm&r=g","caption":"Jose Operto"},"url":"https:\/\/aeroespacio.com.ar\/?author=20"}]}},"rttpg_featured_image_url":{"full":["https:\/\/aeroespacio.com.ar\/wp-content\/uploads\/2025\/08\/praetor-family-1.jpg",1080,720,false],"landscape":["https:\/\/aeroespacio.com.ar\/wp-content\/uploads\/2025\/08\/praetor-family-1.jpg",1080,720,false],"portraits":["https:\/\/aeroespacio.com.ar\/wp-content\/uploads\/2025\/08\/praetor-family-1.jpg",1080,720,false],"thumbnail":["https:\/\/aeroespacio.com.ar\/wp-content\/uploads\/2025\/08\/praetor-family-1-150x150.jpg",150,150,true],"medium":["https:\/\/aeroespacio.com.ar\/wp-content\/uploads\/2025\/08\/praetor-family-1-300x200.jpg",300,200,true],"large":["https:\/\/aeroespacio.com.ar\/wp-content\/uploads\/2025\/08\/praetor-family-1-1024x683.jpg",1024,683,true],"1536x1536":["https:\/\/aeroespacio.com.ar\/wp-content\/uploads\/2025\/08\/praetor-family-1.jpg",1080,720,false],"2048x2048":["https:\/\/aeroespacio.com.ar\/wp-content\/uploads\/2025\/08\/praetor-family-1.jpg",1080,720,false]},"rttpg_author":{"display_name":"Jose Operto","author_link":"https:\/\/aeroespacio.com.ar\/?author=20"},"rttpg_comment":0,"rttpg_category":"<a href=\"https:\/\/aeroespacio.com.ar\/?cat=1438\" rel=\"category\">Aviaci\u00f3n Comercial<\/a> <a href=\"https:\/\/aeroespacio.com.ar\/?cat=1523\" rel=\"category\">Aviaci\u00f3n Sostenible<\/a>","rttpg_excerpt":"Embraer cerr\u00f3 el primer semestre de 2025 con un desempe\u00f1o en alza y con expectativas s\u00f3lidas para los pr\u00f3ximos a\u00f1os. [&hellip;]","_links":{"self":[{"href":"https:\/\/aeroespacio.com.ar\/index.php?rest_route=\/wp\/v2\/posts\/17103","targetHints":{"allow":["GET"]}}],"collection":[{"href":"https:\/\/aeroespacio.com.ar\/index.php?rest_route=\/wp\/v2\/posts"}],"about":[{"href":"https:\/\/aeroespacio.com.ar\/index.php?rest_route=\/wp\/v2\/types\/post"}],"author":[{"embeddable":true,"href":"https:\/\/aeroespacio.com.ar\/index.php?rest_route=\/wp\/v2\/users\/20"}],"replies":[{"embeddable":true,"href":"https:\/\/aeroespacio.com.ar\/index.php?rest_route=%2Fwp%2Fv2%2Fcomments&post=17103"}],"version-history":[{"count":1,"href":"https:\/\/aeroespacio.com.ar\/index.php?rest_route=\/wp\/v2\/posts\/17103\/revisions"}],"predecessor-version":[{"id":17105,"href":"https:\/\/aeroespacio.com.ar\/index.php?rest_route=\/wp\/v2\/posts\/17103\/revisions\/17105"}],"wp:featuredmedia":[{"embeddable":true,"href":"https:\/\/aeroespacio.com.ar\/index.php?rest_route=\/wp\/v2\/media\/17104"}],"wp:attachment":[{"href":"https:\/\/aeroespacio.com.ar\/index.php?rest_route=%2Fwp%2Fv2%2Fmedia&parent=17103"}],"wp:term":[{"taxonomy":"category","embeddable":true,"href":"https:\/\/aeroespacio.com.ar\/index.php?rest_route=%2Fwp%2Fv2%2Fcategories&post=17103"},{"taxonomy":"post_tag","embeddable":true,"href":"https:\/\/aeroespacio.com.ar\/index.php?rest_route=%2Fwp%2Fv2%2Ftags&post=17103"}],"curies":[{"name":"wp","href":"https:\/\/api.w.org\/{rel}","templated":true}]}}