{"id":17080,"date":"2025-08-21T14:42:43","date_gmt":"2025-08-21T14:42:43","guid":{"rendered":"http:\/\/192.168.0.98\/?p=17080"},"modified":"2025-08-22T11:28:21","modified_gmt":"2025-08-22T11:28:21","slug":"cielos-abiertos-el-mercado-aereo-argentino-crece-un-20-con-nuevas-rutas-y-mas-conectividad","status":"publish","type":"post","link":"https:\/\/aeroespacio.com.ar\/?p=17080","title":{"rendered":"Cielos abiertos: el mercado a\u00e9reo argentino crece un 20 % con nuevas rutas y m\u00e1s conectividad"},"content":{"rendered":"\n<p>Durante 2025, el mercado a\u00e9reo argentino atraviesa una etapa de expansi\u00f3n marcada por un cambio profundo con la adopci\u00f3n de una pol\u00edtica de cielos abiertos y la revisi\u00f3n de m\u00e1s de una docena de acuerdos bilaterales de servicios a\u00e9reos, lo que ha permitido un aumento significativo en la oferta y la conectividad del pa\u00eds. De acuerdo con datos de la consultora especializada en el mercado aeron\u00e1utico mundial CAPA \u2013Centre for Aviation\u2013 y <em>Official Airline Guide (OAG<\/em>), la capacidad de asientos disponibles creci\u00f3 cerca de un 20 % respecto del 2024, con un incremento del 21 % en rutas dom\u00e9sticas y del 19 % en internacionales.<\/p>\n\n\n\n<figure class=\"wp-block-image size-full\"><img fetchpriority=\"high\" decoding=\"async\" width=\"1024\" height=\"576\" src=\"https:\/\/aeroespacio.com.ar\/wp-content\/uploads\/2025\/08\/Aeropuerto_Internacional_Ezeiza.jpg\" alt=\"\" class=\"wp-image-17083\" srcset=\"https:\/\/aeroespacio.com.ar\/wp-content\/uploads\/2025\/08\/Aeropuerto_Internacional_Ezeiza.jpg 1024w, https:\/\/aeroespacio.com.ar\/wp-content\/uploads\/2025\/08\/Aeropuerto_Internacional_Ezeiza-300x169.jpg 300w, https:\/\/aeroespacio.com.ar\/wp-content\/uploads\/2025\/08\/Aeropuerto_Internacional_Ezeiza-768x432.jpg 768w\" sizes=\"(max-width: 1024px) 100vw, 1024px\" \/><\/figure>\n\n\n\n<p>La medida central, implementada por el Gobierno nacional, a trav\u00e9s del Decreto 599\/2024, elimin\u00f3 l\u00edmites de frecuencias y capacidad, habilit\u00f3 vuelos con octava y novena libertad bajo condiciones de reciprocidad y simplific\u00f3 la autorizaci\u00f3n de vuelos ch\u00e1rter de hasta 19 asientos. Estas modificaciones facilitaron el ingreso de nuevos operadores y la expansi\u00f3n de aerol\u00edneas ya establecidas, lo que impact\u00f3 en la oferta de rutas y en la diversidad de conexiones.<\/p>\n\n\n\n<p>El Ministerio de Desregulaci\u00f3n y Transformaci\u00f3n del Estado tambi\u00e9n impuls\u00f3 la actualizaci\u00f3n de m\u00e1s de 14 acuerdos de servicios a\u00e9reos internacionales, lo que abri\u00f3 la puerta a mayores frecuencias y a la posibilidad de operar rutas no tradicionales. Seg\u00fan cifras difundidas por la Asociaci\u00f3n Internacional de Transporte A\u00e9reo (IATA, por sus siglas en ingl\u00e9s), el tr\u00e1fico entre Argentina, Per\u00fa, Brasil y Rep\u00fablica Dominicana registr\u00f3 un aumento significativo en frecuencias y en la demanda de pasajeros.<\/p>\n\n\n\n<figure class=\"wp-block-image size-full\"><img decoding=\"async\" width=\"750\" height=\"422\" src=\"https:\/\/aeroespacio.com.ar\/wp-content\/uploads\/2025\/08\/pasajeros-en-aeropuertos-1.jpg\" alt=\"\" class=\"wp-image-17084\" srcset=\"https:\/\/aeroespacio.com.ar\/wp-content\/uploads\/2025\/08\/pasajeros-en-aeropuertos-1.jpg 750w, https:\/\/aeroespacio.com.ar\/wp-content\/uploads\/2025\/08\/pasajeros-en-aeropuertos-1-300x169.jpg 300w\" sizes=\"(max-width: 750px) 100vw, 750px\" \/><\/figure>\n\n\n\n<p>Las aerol\u00edneas respondieron a este nuevo escenario: JetSmart incorpor\u00f3 tres Airbus A321neo a su base en el pa\u00eds, con un incremento en su capacidad dom\u00e9stica y en la internacional durante el primer trimestre del a\u00f1o. Otras compa\u00f1\u00edas, como Aerol\u00edneas Argentinas, LATAM, GOL, Azul y Flybondi, sumaron rutas y frecuencias, y conectaron ciudades argentinas con destinos como Punta Cana, R\u00edo de Janeiro, Recife y Florian\u00f3polis, adem\u00e1s de reforzar rutas tur\u00edsticas internas como Bariloche y C\u00f3rdoba.<\/p>\n\n\n\n<p>El Ministerio de Transporte y la Administraci\u00f3n Nacional de Aviaci\u00f3n Civil lideraron las reformas y las normativas, alentadas por el deseo de fomentar la competencia, mejorar la accesibilidad a\u00e9rea y revitalizar el interior del pa\u00eds. Como resultado, el mercado ya mostr\u00f3 efectos tangibles: m\u00e1s opciones para el p\u00fablico, mayor conectividad regional, y un entorno m\u00e1s din\u00e1mico y abierto para el sector a\u00e9reo.<\/p>\n\n\n\n<p>Fuentes: OAG Data, IATA, Bolet\u00edn Oficial, Routers, CAPA<\/p>\n\n\n\n<p><\/p>\n","protected":false},"excerpt":{"rendered":"<p>Durante 2025, el mercado a\u00e9reo argentino atraviesa una etapa de expansi\u00f3n marcada por un cambio profundo con la adopci\u00f3n de [&hellip;]<\/p>\n","protected":false},"author":20,"featured_media":17085,"comment_status":"open","ping_status":"open","sticky":false,"template":"","format":"standard","meta":{"site-sidebar-layout":"default","site-content-layout":"","ast-site-content-layout":"default","site-content-style":"default","site-sidebar-style":"default","ast-global-header-display":"","ast-banner-title-visibility":"","ast-main-header-display":"","ast-hfb-above-header-display":"","ast-hfb-below-header-display":"","ast-hfb-mobile-header-display":"","site-post-title":"","ast-breadcrumbs-content":"","ast-featured-img":"","footer-sml-layout":"","ast-disable-related-posts":"","theme-transparent-header-meta":"","adv-header-id-meta":"","stick-header-meta":"","header-above-stick-meta":"","header-main-stick-meta":"","header-below-stick-meta":"","astra-migrate-meta-layouts":"default","ast-page-background-enabled":"default","ast-page-background-meta":{"desktop":{"background-color":"var(--ast-global-color-5)","background-image":"","background-repeat":"repeat","background-position":"center center","background-size":"auto","background-attachment":"scroll","background-type":"","background-media":"","overlay-type":"","overlay-color":"","overlay-opacity":"","overlay-gradient":""},"tablet":{"background-color":"","background-image":"","background-repeat":"repeat","background-position":"center center","background-size":"auto","background-attachment":"scroll","background-type":"","background-media":"","overlay-type":"","overlay-color":"","overlay-opacity":"","overlay-gradient":""},"mobile":{"background-color":"","background-image":"","background-repeat":"repeat","background-position":"center center","background-size":"auto","background-attachment":"scroll","background-type":"","background-media":"","overlay-type":"","overlay-color":"","overlay-opacity":"","overlay-gradient":""}},"ast-content-background-meta":{"desktop":{"background-color":"var(--ast-global-color-4)","background-image":"","background-repeat":"repeat","background-position":"center center","background-size":"auto","background-attachment":"scroll","background-type":"","background-media":"","overlay-type":"","overlay-color":"","overlay-opacity":"","overlay-gradient":""},"tablet":{"background-color":"var(--ast-global-color-4)","background-image":"","background-repeat":"repeat","background-position":"center center","background-size":"auto","background-attachment":"scroll","background-type":"","background-media":"","overlay-type":"","overlay-color":"","overlay-opacity":"","overlay-gradient":""},"mobile":{"background-color":"var(--ast-global-color-4)","background-image":"","background-repeat":"repeat","background-position":"center center","background-size":"auto","background-attachment":"scroll","background-type":"","background-media":"","overlay-type":"","overlay-color":"","overlay-opacity":"","overlay-gradient":""}},"_joinchat":[],"footnotes":""},"categories":[1438],"tags":[11,974,24],"class_list":["post-17080","post","type-post","status-publish","format-standard","has-post-thumbnail","hentry","category-aviacion-comercial","tag-aviacioncomercial-2","tag-cielosabiertos","tag-iata-2"],"yoast_head":"<!-- This site is optimized with the Yoast SEO plugin v27.3 - https:\/\/yoast.com\/product\/yoast-seo-wordpress\/ -->\n<title>Cielos abiertos: el mercado a\u00e9reo argentino crece un 20 % con nuevas rutas y m\u00e1s conectividad - Aeroespacio<\/title>\n<meta name=\"robots\" content=\"index, follow, max-snippet:-1, max-image-preview:large, max-video-preview:-1\" \/>\n<link rel=\"canonical\" href=\"https:\/\/aeroespacio.com.ar\/?p=17080\" \/>\n<meta property=\"og:locale\" content=\"es_ES\" \/>\n<meta property=\"og:type\" content=\"article\" \/>\n<meta property=\"og:title\" content=\"Cielos abiertos: el mercado a\u00e9reo argentino crece un 20 % con nuevas rutas y m\u00e1s conectividad - Aeroespacio\" \/>\n<meta property=\"og:description\" content=\"Durante 2025, el mercado a\u00e9reo argentino atraviesa una etapa de expansi\u00f3n marcada por un cambio profundo con la adopci\u00f3n de [&hellip;]\" \/>\n<meta property=\"og:url\" content=\"https:\/\/aeroespacio.com.ar\/?p=17080\" \/>\n<meta property=\"og:site_name\" content=\"Aeroespacio\" \/>\n<meta property=\"article:published_time\" content=\"2025-08-21T14:42:43+00:00\" \/>\n<meta property=\"article:modified_time\" content=\"2025-08-22T11:28:21+00:00\" \/>\n<meta property=\"og:image\" content=\"https:\/\/aeroespacio.com.ar\/wp-content\/uploads\/2025\/08\/colas-aviones_aeroparque-1.jpg\" \/>\n\t<meta property=\"og:image:width\" content=\"750\" \/>\n\t<meta property=\"og:image:height\" content=\"375\" \/>\n\t<meta property=\"og:image:type\" content=\"image\/jpeg\" \/>\n<meta name=\"author\" content=\"Jose Operto\" \/>\n<meta name=\"twitter:card\" content=\"summary_large_image\" \/>\n<meta name=\"twitter:label1\" content=\"Escrito por\" \/>\n\t<meta name=\"twitter:data1\" content=\"Jose Operto\" \/>\n\t<meta name=\"twitter:label2\" content=\"Tiempo de lectura\" \/>\n\t<meta name=\"twitter:data2\" content=\"3 minutos\" \/>\n<script type=\"application\/ld+json\" class=\"yoast-schema-graph\">{\"@context\":\"https:\\\/\\\/schema.org\",\"@graph\":[{\"@type\":\"Article\",\"@id\":\"https:\\\/\\\/aeroespacio.com.ar\\\/?p=17080#article\",\"isPartOf\":{\"@id\":\"https:\\\/\\\/aeroespacio.com.ar\\\/?p=17080\"},\"author\":{\"name\":\"Jose Operto\",\"@id\":\"https:\\\/\\\/aeroespacio.com.ar\\\/#\\\/schema\\\/person\\\/6ed044bb77d2eec9f7615badbe365ffa\"},\"headline\":\"Cielos abiertos: el mercado a\u00e9reo argentino crece un 20 % con nuevas rutas y m\u00e1s conectividad\",\"datePublished\":\"2025-08-21T14:42:43+00:00\",\"dateModified\":\"2025-08-22T11:28:21+00:00\",\"mainEntityOfPage\":{\"@id\":\"https:\\\/\\\/aeroespacio.com.ar\\\/?p=17080\"},\"wordCount\":449,\"commentCount\":0,\"image\":{\"@id\":\"https:\\\/\\\/aeroespacio.com.ar\\\/?p=17080#primaryimage\"},\"thumbnailUrl\":\"https:\\\/\\\/aeroespacio.com.ar\\\/wp-content\\\/uploads\\\/2025\\\/08\\\/colas-aviones_aeroparque-1.jpg\",\"keywords\":[\"#aviacioncomercial\",\"#cielosabiertos\",\"#Iata\"],\"articleSection\":[\"Aviaci\u00f3n Comercial\"],\"inLanguage\":\"es-AR\",\"potentialAction\":[{\"@type\":\"CommentAction\",\"name\":\"Comment\",\"target\":[\"https:\\\/\\\/aeroespacio.com.ar\\\/?p=17080#respond\"]}]},{\"@type\":\"WebPage\",\"@id\":\"https:\\\/\\\/aeroespacio.com.ar\\\/?p=17080\",\"url\":\"https:\\\/\\\/aeroespacio.com.ar\\\/?p=17080\",\"name\":\"Cielos abiertos: el mercado a\u00e9reo argentino crece un 20 % con nuevas rutas y m\u00e1s conectividad - Aeroespacio\",\"isPartOf\":{\"@id\":\"https:\\\/\\\/aeroespacio.com.ar\\\/#website\"},\"primaryImageOfPage\":{\"@id\":\"https:\\\/\\\/aeroespacio.com.ar\\\/?p=17080#primaryimage\"},\"image\":{\"@id\":\"https:\\\/\\\/aeroespacio.com.ar\\\/?p=17080#primaryimage\"},\"thumbnailUrl\":\"https:\\\/\\\/aeroespacio.com.ar\\\/wp-content\\\/uploads\\\/2025\\\/08\\\/colas-aviones_aeroparque-1.jpg\",\"datePublished\":\"2025-08-21T14:42:43+00:00\",\"dateModified\":\"2025-08-22T11:28:21+00:00\",\"author\":{\"@id\":\"https:\\\/\\\/aeroespacio.com.ar\\\/#\\\/schema\\\/person\\\/6ed044bb77d2eec9f7615badbe365ffa\"},\"breadcrumb\":{\"@id\":\"https:\\\/\\\/aeroespacio.com.ar\\\/?p=17080#breadcrumb\"},\"inLanguage\":\"es-AR\",\"potentialAction\":[{\"@type\":\"ReadAction\",\"target\":[\"https:\\\/\\\/aeroespacio.com.ar\\\/?p=17080\"]}]},{\"@type\":\"ImageObject\",\"inLanguage\":\"es-AR\",\"@id\":\"https:\\\/\\\/aeroespacio.com.ar\\\/?p=17080#primaryimage\",\"url\":\"https:\\\/\\\/aeroespacio.com.ar\\\/wp-content\\\/uploads\\\/2025\\\/08\\\/colas-aviones_aeroparque-1.jpg\",\"contentUrl\":\"https:\\\/\\\/aeroespacio.com.ar\\\/wp-content\\\/uploads\\\/2025\\\/08\\\/colas-aviones_aeroparque-1.jpg\",\"width\":750,\"height\":375},{\"@type\":\"BreadcrumbList\",\"@id\":\"https:\\\/\\\/aeroespacio.com.ar\\\/?p=17080#breadcrumb\",\"itemListElement\":[{\"@type\":\"ListItem\",\"position\":1,\"name\":\"Inicio\",\"item\":\"https:\\\/\\\/aeroespacio.com.ar\\\/\"},{\"@type\":\"ListItem\",\"position\":2,\"name\":\"Cielos abiertos: el mercado a\u00e9reo argentino crece un 20 % con nuevas rutas y m\u00e1s conectividad\"}]},{\"@type\":\"WebSite\",\"@id\":\"https:\\\/\\\/aeroespacio.com.ar\\\/#website\",\"url\":\"https:\\\/\\\/aeroespacio.com.ar\\\/\",\"name\":\"aeroespacio.com.ar\",\"description\":\"\",\"potentialAction\":[{\"@type\":\"SearchAction\",\"target\":{\"@type\":\"EntryPoint\",\"urlTemplate\":\"https:\\\/\\\/aeroespacio.com.ar\\\/?s={search_term_string}\"},\"query-input\":{\"@type\":\"PropertyValueSpecification\",\"valueRequired\":true,\"valueName\":\"search_term_string\"}}],\"inLanguage\":\"es-AR\"},{\"@type\":\"Person\",\"@id\":\"https:\\\/\\\/aeroespacio.com.ar\\\/#\\\/schema\\\/person\\\/6ed044bb77d2eec9f7615badbe365ffa\",\"name\":\"Jose Operto\",\"image\":{\"@type\":\"ImageObject\",\"inLanguage\":\"es-AR\",\"@id\":\"https:\\\/\\\/secure.gravatar.com\\\/avatar\\\/46c91e2630685531c0b0dd365ca4b4c391e308a6e5811841f817a41623f5da65?s=96&d=mm&r=g\",\"url\":\"https:\\\/\\\/secure.gravatar.com\\\/avatar\\\/46c91e2630685531c0b0dd365ca4b4c391e308a6e5811841f817a41623f5da65?s=96&d=mm&r=g\",\"contentUrl\":\"https:\\\/\\\/secure.gravatar.com\\\/avatar\\\/46c91e2630685531c0b0dd365ca4b4c391e308a6e5811841f817a41623f5da65?s=96&d=mm&r=g\",\"caption\":\"Jose Operto\"},\"url\":\"https:\\\/\\\/aeroespacio.com.ar\\\/?author=20\"}]}<\/script>\n<!-- \/ Yoast SEO plugin. -->","yoast_head_json":{"title":"Cielos abiertos: el mercado a\u00e9reo argentino crece un 20 % con nuevas rutas y m\u00e1s conectividad - Aeroespacio","robots":{"index":"index","follow":"follow","max-snippet":"max-snippet:-1","max-image-preview":"max-image-preview:large","max-video-preview":"max-video-preview:-1"},"canonical":"https:\/\/aeroespacio.com.ar\/?p=17080","og_locale":"es_ES","og_type":"article","og_title":"Cielos abiertos: el mercado a\u00e9reo argentino crece un 20 % con nuevas rutas y m\u00e1s conectividad - Aeroespacio","og_description":"Durante 2025, el mercado a\u00e9reo argentino atraviesa una etapa de expansi\u00f3n marcada por un cambio profundo con la adopci\u00f3n de [&hellip;]","og_url":"https:\/\/aeroespacio.com.ar\/?p=17080","og_site_name":"Aeroespacio","article_published_time":"2025-08-21T14:42:43+00:00","article_modified_time":"2025-08-22T11:28:21+00:00","og_image":[{"width":750,"height":375,"url":"https:\/\/aeroespacio.com.ar\/wp-content\/uploads\/2025\/08\/colas-aviones_aeroparque-1.jpg","type":"image\/jpeg"}],"author":"Jose Operto","twitter_card":"summary_large_image","twitter_misc":{"Escrito por":"Jose Operto","Tiempo de lectura":"3 minutos"},"schema":{"@context":"https:\/\/schema.org","@graph":[{"@type":"Article","@id":"https:\/\/aeroespacio.com.ar\/?p=17080#article","isPartOf":{"@id":"https:\/\/aeroespacio.com.ar\/?p=17080"},"author":{"name":"Jose Operto","@id":"https:\/\/aeroespacio.com.ar\/#\/schema\/person\/6ed044bb77d2eec9f7615badbe365ffa"},"headline":"Cielos abiertos: el mercado a\u00e9reo argentino crece un 20 % con nuevas rutas y m\u00e1s conectividad","datePublished":"2025-08-21T14:42:43+00:00","dateModified":"2025-08-22T11:28:21+00:00","mainEntityOfPage":{"@id":"https:\/\/aeroespacio.com.ar\/?p=17080"},"wordCount":449,"commentCount":0,"image":{"@id":"https:\/\/aeroespacio.com.ar\/?p=17080#primaryimage"},"thumbnailUrl":"https:\/\/aeroespacio.com.ar\/wp-content\/uploads\/2025\/08\/colas-aviones_aeroparque-1.jpg","keywords":["#aviacioncomercial","#cielosabiertos","#Iata"],"articleSection":["Aviaci\u00f3n Comercial"],"inLanguage":"es-AR","potentialAction":[{"@type":"CommentAction","name":"Comment","target":["https:\/\/aeroespacio.com.ar\/?p=17080#respond"]}]},{"@type":"WebPage","@id":"https:\/\/aeroespacio.com.ar\/?p=17080","url":"https:\/\/aeroespacio.com.ar\/?p=17080","name":"Cielos abiertos: el mercado a\u00e9reo argentino crece un 20 % con nuevas rutas y m\u00e1s conectividad - Aeroespacio","isPartOf":{"@id":"https:\/\/aeroespacio.com.ar\/#website"},"primaryImageOfPage":{"@id":"https:\/\/aeroespacio.com.ar\/?p=17080#primaryimage"},"image":{"@id":"https:\/\/aeroespacio.com.ar\/?p=17080#primaryimage"},"thumbnailUrl":"https:\/\/aeroespacio.com.ar\/wp-content\/uploads\/2025\/08\/colas-aviones_aeroparque-1.jpg","datePublished":"2025-08-21T14:42:43+00:00","dateModified":"2025-08-22T11:28:21+00:00","author":{"@id":"https:\/\/aeroespacio.com.ar\/#\/schema\/person\/6ed044bb77d2eec9f7615badbe365ffa"},"breadcrumb":{"@id":"https:\/\/aeroespacio.com.ar\/?p=17080#breadcrumb"},"inLanguage":"es-AR","potentialAction":[{"@type":"ReadAction","target":["https:\/\/aeroespacio.com.ar\/?p=17080"]}]},{"@type":"ImageObject","inLanguage":"es-AR","@id":"https:\/\/aeroespacio.com.ar\/?p=17080#primaryimage","url":"https:\/\/aeroespacio.com.ar\/wp-content\/uploads\/2025\/08\/colas-aviones_aeroparque-1.jpg","contentUrl":"https:\/\/aeroespacio.com.ar\/wp-content\/uploads\/2025\/08\/colas-aviones_aeroparque-1.jpg","width":750,"height":375},{"@type":"BreadcrumbList","@id":"https:\/\/aeroespacio.com.ar\/?p=17080#breadcrumb","itemListElement":[{"@type":"ListItem","position":1,"name":"Inicio","item":"https:\/\/aeroespacio.com.ar\/"},{"@type":"ListItem","position":2,"name":"Cielos abiertos: el mercado a\u00e9reo argentino crece un 20 % con nuevas rutas y m\u00e1s conectividad"}]},{"@type":"WebSite","@id":"https:\/\/aeroespacio.com.ar\/#website","url":"https:\/\/aeroespacio.com.ar\/","name":"aeroespacio.com.ar","description":"","potentialAction":[{"@type":"SearchAction","target":{"@type":"EntryPoint","urlTemplate":"https:\/\/aeroespacio.com.ar\/?s={search_term_string}"},"query-input":{"@type":"PropertyValueSpecification","valueRequired":true,"valueName":"search_term_string"}}],"inLanguage":"es-AR"},{"@type":"Person","@id":"https:\/\/aeroespacio.com.ar\/#\/schema\/person\/6ed044bb77d2eec9f7615badbe365ffa","name":"Jose Operto","image":{"@type":"ImageObject","inLanguage":"es-AR","@id":"https:\/\/secure.gravatar.com\/avatar\/46c91e2630685531c0b0dd365ca4b4c391e308a6e5811841f817a41623f5da65?s=96&d=mm&r=g","url":"https:\/\/secure.gravatar.com\/avatar\/46c91e2630685531c0b0dd365ca4b4c391e308a6e5811841f817a41623f5da65?s=96&d=mm&r=g","contentUrl":"https:\/\/secure.gravatar.com\/avatar\/46c91e2630685531c0b0dd365ca4b4c391e308a6e5811841f817a41623f5da65?s=96&d=mm&r=g","caption":"Jose Operto"},"url":"https:\/\/aeroespacio.com.ar\/?author=20"}]}},"rttpg_featured_image_url":{"full":["https:\/\/aeroespacio.com.ar\/wp-content\/uploads\/2025\/08\/colas-aviones_aeroparque-1.jpg",750,375,false],"landscape":["https:\/\/aeroespacio.com.ar\/wp-content\/uploads\/2025\/08\/colas-aviones_aeroparque-1.jpg",750,375,false],"portraits":["https:\/\/aeroespacio.com.ar\/wp-content\/uploads\/2025\/08\/colas-aviones_aeroparque-1.jpg",750,375,false],"thumbnail":["https:\/\/aeroespacio.com.ar\/wp-content\/uploads\/2025\/08\/colas-aviones_aeroparque-1-150x150.jpg",150,150,true],"medium":["https:\/\/aeroespacio.com.ar\/wp-content\/uploads\/2025\/08\/colas-aviones_aeroparque-1-300x150.jpg",300,150,true],"large":["https:\/\/aeroespacio.com.ar\/wp-content\/uploads\/2025\/08\/colas-aviones_aeroparque-1.jpg",750,375,false],"1536x1536":["https:\/\/aeroespacio.com.ar\/wp-content\/uploads\/2025\/08\/colas-aviones_aeroparque-1.jpg",750,375,false],"2048x2048":["https:\/\/aeroespacio.com.ar\/wp-content\/uploads\/2025\/08\/colas-aviones_aeroparque-1.jpg",750,375,false]},"rttpg_author":{"display_name":"Jose Operto","author_link":"https:\/\/aeroespacio.com.ar\/?author=20"},"rttpg_comment":0,"rttpg_category":"<a href=\"https:\/\/aeroespacio.com.ar\/?cat=1438\" rel=\"category\">Aviaci\u00f3n Comercial<\/a>","rttpg_excerpt":"Durante 2025, el mercado a\u00e9reo argentino atraviesa una etapa de expansi\u00f3n marcada por un cambio profundo con la adopci\u00f3n de [&hellip;]","_links":{"self":[{"href":"https:\/\/aeroespacio.com.ar\/index.php?rest_route=\/wp\/v2\/posts\/17080","targetHints":{"allow":["GET"]}}],"collection":[{"href":"https:\/\/aeroespacio.com.ar\/index.php?rest_route=\/wp\/v2\/posts"}],"about":[{"href":"https:\/\/aeroespacio.com.ar\/index.php?rest_route=\/wp\/v2\/types\/post"}],"author":[{"embeddable":true,"href":"https:\/\/aeroespacio.com.ar\/index.php?rest_route=\/wp\/v2\/users\/20"}],"replies":[{"embeddable":true,"href":"https:\/\/aeroespacio.com.ar\/index.php?rest_route=%2Fwp%2Fv2%2Fcomments&post=17080"}],"version-history":[{"count":1,"href":"https:\/\/aeroespacio.com.ar\/index.php?rest_route=\/wp\/v2\/posts\/17080\/revisions"}],"predecessor-version":[{"id":17086,"href":"https:\/\/aeroespacio.com.ar\/index.php?rest_route=\/wp\/v2\/posts\/17080\/revisions\/17086"}],"wp:featuredmedia":[{"embeddable":true,"href":"https:\/\/aeroespacio.com.ar\/index.php?rest_route=\/wp\/v2\/media\/17085"}],"wp:attachment":[{"href":"https:\/\/aeroespacio.com.ar\/index.php?rest_route=%2Fwp%2Fv2%2Fmedia&parent=17080"}],"wp:term":[{"taxonomy":"category","embeddable":true,"href":"https:\/\/aeroespacio.com.ar\/index.php?rest_route=%2Fwp%2Fv2%2Fcategories&post=17080"},{"taxonomy":"post_tag","embeddable":true,"href":"https:\/\/aeroespacio.com.ar\/index.php?rest_route=%2Fwp%2Fv2%2Ftags&post=17080"}],"curies":[{"name":"wp","href":"https:\/\/api.w.org\/{rel}","templated":true}]}}