{"id":17077,"date":"2025-08-20T11:35:41","date_gmt":"2025-08-20T11:35:41","guid":{"rendered":"http:\/\/192.168.0.98\/?p=17077"},"modified":"2025-09-03T17:42:43","modified_gmt":"2025-09-03T17:42:43","slug":"el-kc-390-millennium-amplia-su-alcance-con-nuevos-interiores-modulares","status":"publish","type":"post","link":"https:\/\/aeroespacio.com.ar\/?p=17077","title":{"rendered":"El KC-390 Millennium ampl\u00eda su alcance con nuevos interiores modulares"},"content":{"rendered":"\n<figure class=\"wp-block-image size-large\"><img fetchpriority=\"high\" decoding=\"async\" width=\"1024\" height=\"683\" src=\"https:\/\/aeroespacio.com.ar\/wp-content\/uploads\/2025\/08\/KC-390-First-Flight-1024x683.jpg\" alt=\"\" class=\"wp-image-17078\" srcset=\"https:\/\/aeroespacio.com.ar\/wp-content\/uploads\/2025\/08\/KC-390-First-Flight-1024x683.jpg 1024w, https:\/\/aeroespacio.com.ar\/wp-content\/uploads\/2025\/08\/KC-390-First-Flight-300x200.jpg 300w, https:\/\/aeroespacio.com.ar\/wp-content\/uploads\/2025\/08\/KC-390-First-Flight-768x512.jpg 768w, https:\/\/aeroespacio.com.ar\/wp-content\/uploads\/2025\/08\/KC-390-First-Flight-1536x1024.jpg 1536w, https:\/\/aeroespacio.com.ar\/wp-content\/uploads\/2025\/08\/KC-390-First-Flight-2048x1365.jpg 2048w\" sizes=\"(max-width: 1024px) 100vw, 1024px\" \/><\/figure>\n\n\n\n<p>La compa\u00f1\u00eda&nbsp;estadounidense&nbsp;Knight Aerospace, l\u00edder en la industria del dise\u00f1o, la fabricaci\u00f3n y la personalizaci\u00f3n de m\u00f3dulos \u2013<em>pallets<\/em>&nbsp;para aviones de carga militar\u2013,&nbsp;firm\u00f3 un contrato de largo plazo con el fabricante Embraer para suministrar interiores adaptables al avi\u00f3n multimisi\u00f3n KC-390 Millennium. El acuerdo, con una vigencia de veinte a\u00f1os, establece que Knight proveer\u00e1 m\u00f3dulos&nbsp;<em>roll-on<\/em>\/<em>roll-off<\/em>&nbsp;que incluyen configuraciones m\u00e9dicas, sistemas de asientos, cocinas y ba\u00f1os, dise\u00f1ados para ser instalados o retirados con rapidez seg\u00fan las necesidades de cada misi\u00f3n.<\/p>\n\n\n\n<p>La presidenta y directora ejecutiva de Knight, Bianca Rhodes, comunic\u00f3: \u201cEste acuerdo con Embraer es el resultado de seis a\u00f1os de conversaciones y trabajo conjunto, que representa el mayor contrato en la historia de nuestra empresa\u201d. Seg\u00fan las proyecciones de la compa\u00f1\u00eda, \u201cel impacto comercial ser\u00e1 significativo, con un posible aumento de ingresos de hasta el doble a partir de 2025\u201d, agreg\u00f3 Rhodes.<\/p>\n\n\n\n<p>El contrato contempla una amplia variedad de configuraciones para el KC-390, tales como:\u00a0m\u00f3dulos m\u00e9dicos de presi\u00f3n negativa con capacidad para cuidados cr\u00edticos;\u00a0sistemas de\u00a0<em>pallets<\/em>\u00a0para evacuaci\u00f3n m\u00e9dica;\u00a0asientos\u00a0<em>VIP<\/em>, clase ejecutiva y econ\u00f3mica;\u00a0paneles para ba\u00f1os y cocinas;\u00a0soluciones de almacenamiento y soporte.<\/p>\n\n\n\n<p>El modelo KC-390 Millennium es una aeronave de transporte t\u00e1ctico y log\u00edstico que Embraer produce para misiones militares, humanitarias y de asistencia en emergencias. Su capacidad para adaptarse a diferentes operaciones es uno de sus puntos fuertes, y la incorporaci\u00f3n de m\u00f3dulos de Knight ampliar\u00e1 a\u00fan m\u00e1s su versatilidad. Estos sistemas permiten que, en cuesti\u00f3n de horas, el avi\u00f3n pueda pasar de transportar carga a realizar evacuaciones m\u00e9dicas con equipamiento especializado, o a operar en configuraciones de transporte de personal con mayor confort.<\/p>\n\n\n\n<p>Cabe destacar que Knight Aerospace ya suministra m\u00f3dulos similares a fuerzas a\u00e9reas como las de Canad\u00e1 y Pa\u00edses Bajos, en contratos que incluyen unidades m\u00e9dicas y&nbsp;<em>pallets<\/em>&nbsp;de evacuaci\u00f3n. Esta experiencia es clave para consolidar la confianza de Embraer y sellar un compromiso de colaboraci\u00f3n a largo plazo.<\/p>\n\n\n\n<p>Esta colaboraci\u00f3n refuerza el papel de Knight como proveedor global de interiores especializados y confirma el potencial del KC-390 como un avi\u00f3n de transporte flexible, capaz de responder, con rapidez, a diferentes tipos de misiones en cualquier parte del mundo.<\/p>\n\n\n\n<p>Ubicada en San Antonio, Texas, Knight Aerospace, desde 1992, es uno de los principales proveedores de productos militares y m\u00e9dicos, sistemas de m\u00f3dulos paletizados y equipos de apoyo en tierra y ya brinda soluciones especializadas de transporte a\u00e9reo en m\u00e1s de 35 pa\u00edses de todo el mundo.<\/p>\n\n\n\n<p>Fuente: Knight Aerospace\/ Foto: Embraer<\/p>\n","protected":false},"excerpt":{"rendered":"<p>La compa\u00f1\u00eda&nbsp;estadounidense&nbsp;Knight Aerospace, l\u00edder en la industria del dise\u00f1o, la fabricaci\u00f3n y la personalizaci\u00f3n de m\u00f3dulos \u2013pallets&nbsp;para aviones de carga [&hellip;]<\/p>\n","protected":false},"author":20,"featured_media":17078,"comment_status":"open","ping_status":"open","sticky":false,"template":"","format":"standard","meta":{"site-sidebar-layout":"default","site-content-layout":"","ast-site-content-layout":"default","site-content-style":"default","site-sidebar-style":"default","ast-global-header-display":"","ast-banner-title-visibility":"","ast-main-header-display":"","ast-hfb-above-header-display":"","ast-hfb-below-header-display":"","ast-hfb-mobile-header-display":"","site-post-title":"","ast-breadcrumbs-content":"","ast-featured-img":"","footer-sml-layout":"","ast-disable-related-posts":"","theme-transparent-header-meta":"","adv-header-id-meta":"","stick-header-meta":"","header-above-stick-meta":"","header-main-stick-meta":"","header-below-stick-meta":"","astra-migrate-meta-layouts":"default","ast-page-background-enabled":"default","ast-page-background-meta":{"desktop":{"background-color":"var(--ast-global-color-5)","background-image":"","background-repeat":"repeat","background-position":"center center","background-size":"auto","background-attachment":"scroll","background-type":"","background-media":"","overlay-type":"","overlay-color":"","overlay-opacity":"","overlay-gradient":""},"tablet":{"background-color":"","background-image":"","background-repeat":"repeat","background-position":"center center","background-size":"auto","background-attachment":"scroll","background-type":"","background-media":"","overlay-type":"","overlay-color":"","overlay-opacity":"","overlay-gradient":""},"mobile":{"background-color":"","background-image":"","background-repeat":"repeat","background-position":"center center","background-size":"auto","background-attachment":"scroll","background-type":"","background-media":"","overlay-type":"","overlay-color":"","overlay-opacity":"","overlay-gradient":""}},"ast-content-background-meta":{"desktop":{"background-color":"var(--ast-global-color-4)","background-image":"","background-repeat":"repeat","background-position":"center center","background-size":"auto","background-attachment":"scroll","background-type":"","background-media":"","overlay-type":"","overlay-color":"","overlay-opacity":"","overlay-gradient":""},"tablet":{"background-color":"var(--ast-global-color-4)","background-image":"","background-repeat":"repeat","background-position":"center center","background-size":"auto","background-attachment":"scroll","background-type":"","background-media":"","overlay-type":"","overlay-color":"","overlay-opacity":"","overlay-gradient":""},"mobile":{"background-color":"var(--ast-global-color-4)","background-image":"","background-repeat":"repeat","background-position":"center center","background-size":"auto","background-attachment":"scroll","background-type":"","background-media":"","overlay-type":"","overlay-color":"","overlay-opacity":"","overlay-gradient":""}},"_joinchat":[],"footnotes":""},"categories":[1442],"tags":[310,83,1878,1879],"class_list":["post-17077","post","type-post","status-publish","format-standard","has-post-thumbnail","hentry","category-aviacion-militar","tag-aviacionmilitar-2","tag-embraer","tag-kc390-millennium","tag-knightaeroespace"],"yoast_head":"<!-- This site is optimized with the Yoast SEO plugin v27.3 - https:\/\/yoast.com\/product\/yoast-seo-wordpress\/ -->\n<title>El KC-390 Millennium ampl\u00eda su alcance con nuevos interiores modulares - Aeroespacio<\/title>\n<meta name=\"robots\" content=\"index, follow, max-snippet:-1, max-image-preview:large, max-video-preview:-1\" \/>\n<link rel=\"canonical\" href=\"https:\/\/aeroespacio.com.ar\/?p=17077\" \/>\n<meta property=\"og:locale\" content=\"es_ES\" \/>\n<meta property=\"og:type\" content=\"article\" \/>\n<meta property=\"og:title\" content=\"El KC-390 Millennium ampl\u00eda su alcance con nuevos interiores modulares - Aeroespacio\" \/>\n<meta property=\"og:description\" content=\"La compa\u00f1\u00eda&nbsp;estadounidense&nbsp;Knight Aerospace, l\u00edder en la industria del dise\u00f1o, la fabricaci\u00f3n y la personalizaci\u00f3n de m\u00f3dulos \u2013pallets&nbsp;para aviones de carga [&hellip;]\" \/>\n<meta property=\"og:url\" content=\"https:\/\/aeroespacio.com.ar\/?p=17077\" \/>\n<meta property=\"og:site_name\" content=\"Aeroespacio\" \/>\n<meta property=\"article:published_time\" content=\"2025-08-20T11:35:41+00:00\" \/>\n<meta property=\"article:modified_time\" content=\"2025-09-03T17:42:43+00:00\" \/>\n<meta property=\"og:image\" content=\"https:\/\/aeroespacio.com.ar\/wp-content\/uploads\/2025\/08\/KC-390-First-Flight-scaled.jpg\" \/>\n\t<meta property=\"og:image:width\" content=\"2560\" \/>\n\t<meta property=\"og:image:height\" content=\"1706\" \/>\n\t<meta property=\"og:image:type\" content=\"image\/jpeg\" \/>\n<meta name=\"author\" content=\"Jose Operto\" \/>\n<meta name=\"twitter:card\" content=\"summary_large_image\" \/>\n<meta name=\"twitter:label1\" content=\"Escrito por\" \/>\n\t<meta name=\"twitter:data1\" content=\"Jose Operto\" \/>\n\t<meta name=\"twitter:label2\" content=\"Tiempo de lectura\" \/>\n\t<meta name=\"twitter:data2\" content=\"3 minutos\" \/>\n<script type=\"application\/ld+json\" class=\"yoast-schema-graph\">{\"@context\":\"https:\\\/\\\/schema.org\",\"@graph\":[{\"@type\":\"Article\",\"@id\":\"https:\\\/\\\/aeroespacio.com.ar\\\/?p=17077#article\",\"isPartOf\":{\"@id\":\"https:\\\/\\\/aeroespacio.com.ar\\\/?p=17077\"},\"author\":{\"name\":\"Jose Operto\",\"@id\":\"https:\\\/\\\/aeroespacio.com.ar\\\/#\\\/schema\\\/person\\\/6ed044bb77d2eec9f7615badbe365ffa\"},\"headline\":\"El KC-390 Millennium ampl\u00eda su alcance con nuevos interiores modulares\",\"datePublished\":\"2025-08-20T11:35:41+00:00\",\"dateModified\":\"2025-09-03T17:42:43+00:00\",\"mainEntityOfPage\":{\"@id\":\"https:\\\/\\\/aeroespacio.com.ar\\\/?p=17077\"},\"wordCount\":477,\"commentCount\":0,\"image\":{\"@id\":\"https:\\\/\\\/aeroespacio.com.ar\\\/?p=17077#primaryimage\"},\"thumbnailUrl\":\"https:\\\/\\\/aeroespacio.com.ar\\\/wp-content\\\/uploads\\\/2025\\\/08\\\/KC-390-First-Flight-scaled.jpg\",\"keywords\":[\"#aviacionmilitar\",\"#embraer\",\"#KC390 Millennium\",\"#KnightAeroespace\"],\"articleSection\":[\"Aviaci\u00f3n Militar\"],\"inLanguage\":\"es-AR\",\"potentialAction\":[{\"@type\":\"CommentAction\",\"name\":\"Comment\",\"target\":[\"https:\\\/\\\/aeroespacio.com.ar\\\/?p=17077#respond\"]}]},{\"@type\":\"WebPage\",\"@id\":\"https:\\\/\\\/aeroespacio.com.ar\\\/?p=17077\",\"url\":\"https:\\\/\\\/aeroespacio.com.ar\\\/?p=17077\",\"name\":\"El KC-390 Millennium ampl\u00eda su alcance con nuevos interiores modulares - Aeroespacio\",\"isPartOf\":{\"@id\":\"https:\\\/\\\/aeroespacio.com.ar\\\/#website\"},\"primaryImageOfPage\":{\"@id\":\"https:\\\/\\\/aeroespacio.com.ar\\\/?p=17077#primaryimage\"},\"image\":{\"@id\":\"https:\\\/\\\/aeroespacio.com.ar\\\/?p=17077#primaryimage\"},\"thumbnailUrl\":\"https:\\\/\\\/aeroespacio.com.ar\\\/wp-content\\\/uploads\\\/2025\\\/08\\\/KC-390-First-Flight-scaled.jpg\",\"datePublished\":\"2025-08-20T11:35:41+00:00\",\"dateModified\":\"2025-09-03T17:42:43+00:00\",\"author\":{\"@id\":\"https:\\\/\\\/aeroespacio.com.ar\\\/#\\\/schema\\\/person\\\/6ed044bb77d2eec9f7615badbe365ffa\"},\"breadcrumb\":{\"@id\":\"https:\\\/\\\/aeroespacio.com.ar\\\/?p=17077#breadcrumb\"},\"inLanguage\":\"es-AR\",\"potentialAction\":[{\"@type\":\"ReadAction\",\"target\":[\"https:\\\/\\\/aeroespacio.com.ar\\\/?p=17077\"]}]},{\"@type\":\"ImageObject\",\"inLanguage\":\"es-AR\",\"@id\":\"https:\\\/\\\/aeroespacio.com.ar\\\/?p=17077#primaryimage\",\"url\":\"https:\\\/\\\/aeroespacio.com.ar\\\/wp-content\\\/uploads\\\/2025\\\/08\\\/KC-390-First-Flight-scaled.jpg\",\"contentUrl\":\"https:\\\/\\\/aeroespacio.com.ar\\\/wp-content\\\/uploads\\\/2025\\\/08\\\/KC-390-First-Flight-scaled.jpg\",\"width\":2560,\"height\":1706},{\"@type\":\"BreadcrumbList\",\"@id\":\"https:\\\/\\\/aeroespacio.com.ar\\\/?p=17077#breadcrumb\",\"itemListElement\":[{\"@type\":\"ListItem\",\"position\":1,\"name\":\"Inicio\",\"item\":\"https:\\\/\\\/aeroespacio.com.ar\\\/\"},{\"@type\":\"ListItem\",\"position\":2,\"name\":\"El KC-390 Millennium ampl\u00eda su alcance con nuevos interiores modulares\"}]},{\"@type\":\"WebSite\",\"@id\":\"https:\\\/\\\/aeroespacio.com.ar\\\/#website\",\"url\":\"https:\\\/\\\/aeroespacio.com.ar\\\/\",\"name\":\"aeroespacio.com.ar\",\"description\":\"\",\"potentialAction\":[{\"@type\":\"SearchAction\",\"target\":{\"@type\":\"EntryPoint\",\"urlTemplate\":\"https:\\\/\\\/aeroespacio.com.ar\\\/?s={search_term_string}\"},\"query-input\":{\"@type\":\"PropertyValueSpecification\",\"valueRequired\":true,\"valueName\":\"search_term_string\"}}],\"inLanguage\":\"es-AR\"},{\"@type\":\"Person\",\"@id\":\"https:\\\/\\\/aeroespacio.com.ar\\\/#\\\/schema\\\/person\\\/6ed044bb77d2eec9f7615badbe365ffa\",\"name\":\"Jose Operto\",\"image\":{\"@type\":\"ImageObject\",\"inLanguage\":\"es-AR\",\"@id\":\"https:\\\/\\\/secure.gravatar.com\\\/avatar\\\/46c91e2630685531c0b0dd365ca4b4c391e308a6e5811841f817a41623f5da65?s=96&d=mm&r=g\",\"url\":\"https:\\\/\\\/secure.gravatar.com\\\/avatar\\\/46c91e2630685531c0b0dd365ca4b4c391e308a6e5811841f817a41623f5da65?s=96&d=mm&r=g\",\"contentUrl\":\"https:\\\/\\\/secure.gravatar.com\\\/avatar\\\/46c91e2630685531c0b0dd365ca4b4c391e308a6e5811841f817a41623f5da65?s=96&d=mm&r=g\",\"caption\":\"Jose Operto\"},\"url\":\"https:\\\/\\\/aeroespacio.com.ar\\\/?author=20\"}]}<\/script>\n<!-- \/ Yoast SEO plugin. -->","yoast_head_json":{"title":"El KC-390 Millennium ampl\u00eda su alcance con nuevos interiores modulares - Aeroespacio","robots":{"index":"index","follow":"follow","max-snippet":"max-snippet:-1","max-image-preview":"max-image-preview:large","max-video-preview":"max-video-preview:-1"},"canonical":"https:\/\/aeroespacio.com.ar\/?p=17077","og_locale":"es_ES","og_type":"article","og_title":"El KC-390 Millennium ampl\u00eda su alcance con nuevos interiores modulares - Aeroespacio","og_description":"La compa\u00f1\u00eda&nbsp;estadounidense&nbsp;Knight Aerospace, l\u00edder en la industria del dise\u00f1o, la fabricaci\u00f3n y la personalizaci\u00f3n de m\u00f3dulos \u2013pallets&nbsp;para aviones de carga [&hellip;]","og_url":"https:\/\/aeroespacio.com.ar\/?p=17077","og_site_name":"Aeroespacio","article_published_time":"2025-08-20T11:35:41+00:00","article_modified_time":"2025-09-03T17:42:43+00:00","og_image":[{"width":2560,"height":1706,"url":"https:\/\/aeroespacio.com.ar\/wp-content\/uploads\/2025\/08\/KC-390-First-Flight-scaled.jpg","type":"image\/jpeg"}],"author":"Jose Operto","twitter_card":"summary_large_image","twitter_misc":{"Escrito por":"Jose Operto","Tiempo de lectura":"3 minutos"},"schema":{"@context":"https:\/\/schema.org","@graph":[{"@type":"Article","@id":"https:\/\/aeroespacio.com.ar\/?p=17077#article","isPartOf":{"@id":"https:\/\/aeroespacio.com.ar\/?p=17077"},"author":{"name":"Jose Operto","@id":"https:\/\/aeroespacio.com.ar\/#\/schema\/person\/6ed044bb77d2eec9f7615badbe365ffa"},"headline":"El KC-390 Millennium ampl\u00eda su alcance con nuevos interiores modulares","datePublished":"2025-08-20T11:35:41+00:00","dateModified":"2025-09-03T17:42:43+00:00","mainEntityOfPage":{"@id":"https:\/\/aeroespacio.com.ar\/?p=17077"},"wordCount":477,"commentCount":0,"image":{"@id":"https:\/\/aeroespacio.com.ar\/?p=17077#primaryimage"},"thumbnailUrl":"https:\/\/aeroespacio.com.ar\/wp-content\/uploads\/2025\/08\/KC-390-First-Flight-scaled.jpg","keywords":["#aviacionmilitar","#embraer","#KC390 Millennium","#KnightAeroespace"],"articleSection":["Aviaci\u00f3n Militar"],"inLanguage":"es-AR","potentialAction":[{"@type":"CommentAction","name":"Comment","target":["https:\/\/aeroespacio.com.ar\/?p=17077#respond"]}]},{"@type":"WebPage","@id":"https:\/\/aeroespacio.com.ar\/?p=17077","url":"https:\/\/aeroespacio.com.ar\/?p=17077","name":"El KC-390 Millennium ampl\u00eda su alcance con nuevos interiores modulares - Aeroespacio","isPartOf":{"@id":"https:\/\/aeroespacio.com.ar\/#website"},"primaryImageOfPage":{"@id":"https:\/\/aeroespacio.com.ar\/?p=17077#primaryimage"},"image":{"@id":"https:\/\/aeroespacio.com.ar\/?p=17077#primaryimage"},"thumbnailUrl":"https:\/\/aeroespacio.com.ar\/wp-content\/uploads\/2025\/08\/KC-390-First-Flight-scaled.jpg","datePublished":"2025-08-20T11:35:41+00:00","dateModified":"2025-09-03T17:42:43+00:00","author":{"@id":"https:\/\/aeroespacio.com.ar\/#\/schema\/person\/6ed044bb77d2eec9f7615badbe365ffa"},"breadcrumb":{"@id":"https:\/\/aeroespacio.com.ar\/?p=17077#breadcrumb"},"inLanguage":"es-AR","potentialAction":[{"@type":"ReadAction","target":["https:\/\/aeroespacio.com.ar\/?p=17077"]}]},{"@type":"ImageObject","inLanguage":"es-AR","@id":"https:\/\/aeroespacio.com.ar\/?p=17077#primaryimage","url":"https:\/\/aeroespacio.com.ar\/wp-content\/uploads\/2025\/08\/KC-390-First-Flight-scaled.jpg","contentUrl":"https:\/\/aeroespacio.com.ar\/wp-content\/uploads\/2025\/08\/KC-390-First-Flight-scaled.jpg","width":2560,"height":1706},{"@type":"BreadcrumbList","@id":"https:\/\/aeroespacio.com.ar\/?p=17077#breadcrumb","itemListElement":[{"@type":"ListItem","position":1,"name":"Inicio","item":"https:\/\/aeroespacio.com.ar\/"},{"@type":"ListItem","position":2,"name":"El KC-390 Millennium ampl\u00eda su alcance con nuevos interiores modulares"}]},{"@type":"WebSite","@id":"https:\/\/aeroespacio.com.ar\/#website","url":"https:\/\/aeroespacio.com.ar\/","name":"aeroespacio.com.ar","description":"","potentialAction":[{"@type":"SearchAction","target":{"@type":"EntryPoint","urlTemplate":"https:\/\/aeroespacio.com.ar\/?s={search_term_string}"},"query-input":{"@type":"PropertyValueSpecification","valueRequired":true,"valueName":"search_term_string"}}],"inLanguage":"es-AR"},{"@type":"Person","@id":"https:\/\/aeroespacio.com.ar\/#\/schema\/person\/6ed044bb77d2eec9f7615badbe365ffa","name":"Jose Operto","image":{"@type":"ImageObject","inLanguage":"es-AR","@id":"https:\/\/secure.gravatar.com\/avatar\/46c91e2630685531c0b0dd365ca4b4c391e308a6e5811841f817a41623f5da65?s=96&d=mm&r=g","url":"https:\/\/secure.gravatar.com\/avatar\/46c91e2630685531c0b0dd365ca4b4c391e308a6e5811841f817a41623f5da65?s=96&d=mm&r=g","contentUrl":"https:\/\/secure.gravatar.com\/avatar\/46c91e2630685531c0b0dd365ca4b4c391e308a6e5811841f817a41623f5da65?s=96&d=mm&r=g","caption":"Jose Operto"},"url":"https:\/\/aeroespacio.com.ar\/?author=20"}]}},"rttpg_featured_image_url":{"full":["https:\/\/aeroespacio.com.ar\/wp-content\/uploads\/2025\/08\/KC-390-First-Flight-scaled.jpg",2560,1706,false],"landscape":["https:\/\/aeroespacio.com.ar\/wp-content\/uploads\/2025\/08\/KC-390-First-Flight-scaled.jpg",2560,1706,false],"portraits":["https:\/\/aeroespacio.com.ar\/wp-content\/uploads\/2025\/08\/KC-390-First-Flight-scaled.jpg",2560,1706,false],"thumbnail":["https:\/\/aeroespacio.com.ar\/wp-content\/uploads\/2025\/08\/KC-390-First-Flight-150x150.jpg",150,150,true],"medium":["https:\/\/aeroespacio.com.ar\/wp-content\/uploads\/2025\/08\/KC-390-First-Flight-300x200.jpg",300,200,true],"large":["https:\/\/aeroespacio.com.ar\/wp-content\/uploads\/2025\/08\/KC-390-First-Flight-1024x683.jpg",1024,683,true],"1536x1536":["https:\/\/aeroespacio.com.ar\/wp-content\/uploads\/2025\/08\/KC-390-First-Flight-1536x1024.jpg",1536,1024,true],"2048x2048":["https:\/\/aeroespacio.com.ar\/wp-content\/uploads\/2025\/08\/KC-390-First-Flight-2048x1365.jpg",2048,1365,true]},"rttpg_author":{"display_name":"Jose Operto","author_link":"https:\/\/aeroespacio.com.ar\/?author=20"},"rttpg_comment":0,"rttpg_category":"<a href=\"https:\/\/aeroespacio.com.ar\/?cat=1442\" rel=\"category\">Aviaci\u00f3n Militar<\/a>","rttpg_excerpt":"La compa\u00f1\u00eda&nbsp;estadounidense&nbsp;Knight Aerospace, l\u00edder en la industria del dise\u00f1o, la fabricaci\u00f3n y la personalizaci\u00f3n de m\u00f3dulos \u2013pallets&nbsp;para aviones de carga [&hellip;]","_links":{"self":[{"href":"https:\/\/aeroespacio.com.ar\/index.php?rest_route=\/wp\/v2\/posts\/17077","targetHints":{"allow":["GET"]}}],"collection":[{"href":"https:\/\/aeroespacio.com.ar\/index.php?rest_route=\/wp\/v2\/posts"}],"about":[{"href":"https:\/\/aeroespacio.com.ar\/index.php?rest_route=\/wp\/v2\/types\/post"}],"author":[{"embeddable":true,"href":"https:\/\/aeroespacio.com.ar\/index.php?rest_route=\/wp\/v2\/users\/20"}],"replies":[{"embeddable":true,"href":"https:\/\/aeroespacio.com.ar\/index.php?rest_route=%2Fwp%2Fv2%2Fcomments&post=17077"}],"version-history":[{"count":1,"href":"https:\/\/aeroespacio.com.ar\/index.php?rest_route=\/wp\/v2\/posts\/17077\/revisions"}],"predecessor-version":[{"id":17079,"href":"https:\/\/aeroespacio.com.ar\/index.php?rest_route=\/wp\/v2\/posts\/17077\/revisions\/17079"}],"wp:featuredmedia":[{"embeddable":true,"href":"https:\/\/aeroespacio.com.ar\/index.php?rest_route=\/wp\/v2\/media\/17078"}],"wp:attachment":[{"href":"https:\/\/aeroespacio.com.ar\/index.php?rest_route=%2Fwp%2Fv2%2Fmedia&parent=17077"}],"wp:term":[{"taxonomy":"category","embeddable":true,"href":"https:\/\/aeroespacio.com.ar\/index.php?rest_route=%2Fwp%2Fv2%2Fcategories&post=17077"},{"taxonomy":"post_tag","embeddable":true,"href":"https:\/\/aeroespacio.com.ar\/index.php?rest_route=%2Fwp%2Fv2%2Ftags&post=17077"}],"curies":[{"name":"wp","href":"https:\/\/api.w.org\/{rel}","templated":true}]}}