{"id":17042,"date":"2025-08-18T12:00:00","date_gmt":"2025-08-18T12:00:00","guid":{"rendered":"http:\/\/192.168.0.98\/?p=17042"},"modified":"2025-08-18T16:52:16","modified_gmt":"2025-08-18T16:52:16","slug":"dia-de-la-faa-muestra-anual-de-los-jardines-maternales","status":"publish","type":"post","link":"https:\/\/aeroespacio.com.ar\/?p=17042","title":{"rendered":"D\u00eda de la FAA: muestra anual de los jardines maternales"},"content":{"rendered":"\n<figure class=\"wp-block-image aligncenter size-large is-resized\"><img fetchpriority=\"high\" decoding=\"async\" width=\"1024\" height=\"683\" src=\"https:\/\/aeroespacio.com.ar\/wp-content\/uploads\/2025\/08\/11-08-2025-Visita-Jardines-C1-Detomasi-3-1024x683.jpg\" alt=\"\" class=\"wp-image-17043\" style=\"width:617px;height:auto\" srcset=\"https:\/\/aeroespacio.com.ar\/wp-content\/uploads\/2025\/08\/11-08-2025-Visita-Jardines-C1-Detomasi-3-1024x683.jpg 1024w, https:\/\/aeroespacio.com.ar\/wp-content\/uploads\/2025\/08\/11-08-2025-Visita-Jardines-C1-Detomasi-3-300x200.jpg 300w, https:\/\/aeroespacio.com.ar\/wp-content\/uploads\/2025\/08\/11-08-2025-Visita-Jardines-C1-Detomasi-3-768x512.jpg 768w, https:\/\/aeroespacio.com.ar\/wp-content\/uploads\/2025\/08\/11-08-2025-Visita-Jardines-C1-Detomasi-3-1536x1024.jpg 1536w, https:\/\/aeroespacio.com.ar\/wp-content\/uploads\/2025\/08\/11-08-2025-Visita-Jardines-C1-Detomasi-3-2048x1365.jpg 2048w\" sizes=\"(max-width: 1024px) 100vw, 1024px\" \/><\/figure>\n\n\n\n<p>En la ma\u00f1ana del lunes 11 de agosto, se realiz\u00f3, en el hall central del Edificio C\u00f3ndor, la segunda muestra anual de los jardines maternales dependientes de la Direcci\u00f3n General de Personal y Bienestar de la Fuerza A\u00e9rea Argentina (FAA), organizada por el Departamento Jardines Maternales.&nbsp;<\/p>\n\n\n\n<p>La actividad se enmarc\u00f3 en la conmemoraci\u00f3n del 113. \u00ba aniversario de la FAA y puso especial \u00e9nfasis en el trabajo de identidad institucional de los cuatro jardines maternales de la Fuerza: \u201cAlitas de Halc\u00f3n\u201d (Escuela de Aviaci\u00f3n Militar, C\u00f3rdoba); \u201cAlitas de C\u00f3ndor\u201d (IV Brigada A\u00e9rea, Mendoza); \u201cRinconcito Aeron\u00e1utico\u201d (Base A\u00e9rea El Palomar); y el \u201cJard\u00edn Maternal Mi Peque\u00f1o Mundo\u201d (Edificio Alas, CABA). Cada instituci\u00f3n estuvo representada por su personal directivo: Romina Montoya; Laura Santandreu; Viviana Mu\u00f1oz y Victoria Massaro; y Mar\u00eda Eugenia Oviedo y Laura Escapa, respectivamente.<\/p>\n\n\n\n<p>Durante la muestra, se exhibieron trabajos y proyectos realizados por los ni\u00f1os en colaboraci\u00f3n con sus docentes y familias. \u201cPresentamos desde aviones y actividades sensoriales hasta juegos simb\u00f3licos y escenarios l\u00fadicos con materiales reciclables; muchas de estas propuestas se trabajaron en el jard\u00edn con la participaci\u00f3n de las familias\u201d, destacaron las docentes y remarcaron: \u201cNuestro objetivo es transversalizar la identidad de la Fuerza A\u00e9rea en los contenidos del nivel maternal, respetando la l\u00f3gica l\u00fadica y exploratoria propia de esta etapa\u201d.<\/p>\n\n\n\n<figure class=\"wp-block-image aligncenter size-large is-resized\"><img decoding=\"async\" width=\"1024\" height=\"683\" src=\"https:\/\/aeroespacio.com.ar\/wp-content\/uploads\/2025\/08\/11-08-2025-Visita-Jardines-C1-Detomasi-53-1-1024x683.jpg\" alt=\"\" class=\"wp-image-17052\" style=\"width:615px;height:auto\" srcset=\"https:\/\/aeroespacio.com.ar\/wp-content\/uploads\/2025\/08\/11-08-2025-Visita-Jardines-C1-Detomasi-53-1-1024x683.jpg 1024w, https:\/\/aeroespacio.com.ar\/wp-content\/uploads\/2025\/08\/11-08-2025-Visita-Jardines-C1-Detomasi-53-1-300x200.jpg 300w, https:\/\/aeroespacio.com.ar\/wp-content\/uploads\/2025\/08\/11-08-2025-Visita-Jardines-C1-Detomasi-53-1-768x512.jpg 768w, https:\/\/aeroespacio.com.ar\/wp-content\/uploads\/2025\/08\/11-08-2025-Visita-Jardines-C1-Detomasi-53-1-1536x1024.jpg 1536w, https:\/\/aeroespacio.com.ar\/wp-content\/uploads\/2025\/08\/11-08-2025-Visita-Jardines-C1-Detomasi-53-1-2048x1366.jpg 2048w\" sizes=\"(max-width: 1024px) 100vw, 1024px\" \/><\/figure>\n\n\n\n<p>La participaci\u00f3n de las familias fue un factor central del encuentro. En Mendoza, por ejemplo, se\u00f1alaron que la mayor\u00eda de los ni\u00f1os son hijos de personal de la IV Brigada A\u00e9rea, lo que fortalece el sentido de pertenencia y la participaci\u00f3n en las actividades. En El Palomar \u2014donde no todas las familias pertenecen a la FAA\u2014 tambi\u00e9n se observ\u00f3 un marcado compromiso con las propuestas.<\/p>\n\n\n\n<p>Los jardines de la Fuerza atienden a ni\u00f1os desde los 45 d\u00edas hasta los 2 o 3 a\u00f1os, seg\u00fan la jurisdicci\u00f3n. En la jornada, se inform\u00f3 que cada uno de ellos cuenta con m\u00e1s de 50 alumnos y que el convenio entre el jard\u00edn que funciona en el Edificio Alas con la Secretar\u00eda de Trabajo permite extender esta propuesta educativa a familias externas a la instituci\u00f3n.<\/p>\n\n\n\n<p>\u201cLa muestra visibiliza un trabajo que muchas veces es silencioso, pero que es fundamental: no solo cuidamos, sino que tambi\u00e9n educamos, acompa\u00f1amos y fortalecemos v\u00ednculos con las familias\u201d, afirmaron las docentes. Para el personal, la participaci\u00f3n en estas actividades constituye, adem\u00e1s, una forma de integrarse institucionalmente: \u201cSomos parte de la Fuerza A\u00e9rea y eso lo transmitimos; esta muestra es apenas un recorte de lo que hacemos d\u00eda a d\u00eda\u201d.<\/p>\n\n\n\n<p>Con esta iniciativa, los jardines maternales de la FAA reafirmaron su compromiso con la educaci\u00f3n temprana, el acompa\u00f1amiento familiar y la transmisi\u00f3n de valores institucionales a las nuevas generaciones. Esto impulsa a todo el personal a trabajar d\u00eda a d\u00eda por una educaci\u00f3n de calidad, pensada por y para los ni\u00f1os.<\/p>\n\n\n\n<figure class=\"wp-block-image aligncenter size-large is-resized\"><img decoding=\"async\" width=\"1024\" height=\"683\" src=\"https:\/\/aeroespacio.com.ar\/wp-content\/uploads\/2025\/08\/11-08-2025-Visita-Jardines-C1-Detomasi-5-1-1024x683.jpg\" alt=\"\" class=\"wp-image-17054\" style=\"width:622px;height:auto\" srcset=\"https:\/\/aeroespacio.com.ar\/wp-content\/uploads\/2025\/08\/11-08-2025-Visita-Jardines-C1-Detomasi-5-1-1024x683.jpg 1024w, https:\/\/aeroespacio.com.ar\/wp-content\/uploads\/2025\/08\/11-08-2025-Visita-Jardines-C1-Detomasi-5-1-300x200.jpg 300w, https:\/\/aeroespacio.com.ar\/wp-content\/uploads\/2025\/08\/11-08-2025-Visita-Jardines-C1-Detomasi-5-1-768x512.jpg 768w, https:\/\/aeroespacio.com.ar\/wp-content\/uploads\/2025\/08\/11-08-2025-Visita-Jardines-C1-Detomasi-5-1-1536x1024.jpg 1536w, https:\/\/aeroespacio.com.ar\/wp-content\/uploads\/2025\/08\/11-08-2025-Visita-Jardines-C1-Detomasi-5-1-2048x1365.jpg 2048w\" sizes=\"(max-width: 1024px) 100vw, 1024px\" \/><\/figure>\n\n\n\n<p>La muestra realizada en el Edificio C\u00f3ndor cont\u00f3 con la presencia del jefe de la FAA, brigadier (Brig.) Gustavo Valverde; del subjefe, Brig. Marcelo Monetto; el comandante de Adiestramiento y Alistamiento, Brig. An\u00edbal Leiva; del secretario general, Brig. Ricardo Cappabianca; y del Brig. Rodolfo Etchegaray, responsable de la Direcci\u00f3n General de Personal y Bienestar, acompa\u00f1ado por el mayor Claudio Castellano, jefe del Departamento Jardines Maternales. Tambi\u00e9n asistieron directores generales y directores, oficiales, suboficiales, soldados, personal civil y docente de la FAA.<\/p>\n\n\n\n<figure class=\"wp-block-image aligncenter size-large is-resized\"><img loading=\"lazy\" decoding=\"async\" width=\"1024\" height=\"683\" src=\"https:\/\/aeroespacio.com.ar\/wp-content\/uploads\/2025\/08\/11-08-2025-Visita-Jardines-C1-Detomasi-63-1-1024x683.jpg\" alt=\"\" class=\"wp-image-17055\" style=\"width:612px;height:auto\" srcset=\"https:\/\/aeroespacio.com.ar\/wp-content\/uploads\/2025\/08\/11-08-2025-Visita-Jardines-C1-Detomasi-63-1-1024x683.jpg 1024w, https:\/\/aeroespacio.com.ar\/wp-content\/uploads\/2025\/08\/11-08-2025-Visita-Jardines-C1-Detomasi-63-1-300x200.jpg 300w, https:\/\/aeroespacio.com.ar\/wp-content\/uploads\/2025\/08\/11-08-2025-Visita-Jardines-C1-Detomasi-63-1-768x512.jpg 768w, https:\/\/aeroespacio.com.ar\/wp-content\/uploads\/2025\/08\/11-08-2025-Visita-Jardines-C1-Detomasi-63-1-1536x1024.jpg 1536w, https:\/\/aeroespacio.com.ar\/wp-content\/uploads\/2025\/08\/11-08-2025-Visita-Jardines-C1-Detomasi-63-1-2048x1365.jpg 2048w\" sizes=\"(max-width: 1024px) 100vw, 1024px\" \/><\/figure>\n\n\n\n<p>Fotos: C1 Ari Detomasi<\/p>\n\n\n\n<p><\/p>\n","protected":false},"excerpt":{"rendered":"<p>En la ma\u00f1ana del lunes 11 de agosto, se realiz\u00f3, en el hall central del Edificio C\u00f3ndor, la segunda muestra [&hellip;]<\/p>\n","protected":false},"author":20,"featured_media":17043,"comment_status":"open","ping_status":"open","sticky":false,"template":"","format":"standard","meta":{"site-sidebar-layout":"default","site-content-layout":"","ast-site-content-layout":"default","site-content-style":"default","site-sidebar-style":"default","ast-global-header-display":"","ast-banner-title-visibility":"","ast-main-header-display":"","ast-hfb-above-header-display":"","ast-hfb-below-header-display":"","ast-hfb-mobile-header-display":"","site-post-title":"","ast-breadcrumbs-content":"","ast-featured-img":"","footer-sml-layout":"","ast-disable-related-posts":"","theme-transparent-header-meta":"","adv-header-id-meta":"","stick-header-meta":"","header-above-stick-meta":"","header-main-stick-meta":"","header-below-stick-meta":"","astra-migrate-meta-layouts":"default","ast-page-background-enabled":"default","ast-page-background-meta":{"desktop":{"background-color":"var(--ast-global-color-5)","background-image":"","background-repeat":"repeat","background-position":"center center","background-size":"auto","background-attachment":"scroll","background-type":"","background-media":"","overlay-type":"","overlay-color":"","overlay-opacity":"","overlay-gradient":""},"tablet":{"background-color":"","background-image":"","background-repeat":"repeat","background-position":"center center","background-size":"auto","background-attachment":"scroll","background-type":"","background-media":"","overlay-type":"","overlay-color":"","overlay-opacity":"","overlay-gradient":""},"mobile":{"background-color":"","background-image":"","background-repeat":"repeat","background-position":"center center","background-size":"auto","background-attachment":"scroll","background-type":"","background-media":"","overlay-type":"","overlay-color":"","overlay-opacity":"","overlay-gradient":""}},"ast-content-background-meta":{"desktop":{"background-color":"var(--ast-global-color-4)","background-image":"","background-repeat":"repeat","background-position":"center center","background-size":"auto","background-attachment":"scroll","background-type":"","background-media":"","overlay-type":"","overlay-color":"","overlay-opacity":"","overlay-gradient":""},"tablet":{"background-color":"var(--ast-global-color-4)","background-image":"","background-repeat":"repeat","background-position":"center center","background-size":"auto","background-attachment":"scroll","background-type":"","background-media":"","overlay-type":"","overlay-color":"","overlay-opacity":"","overlay-gradient":""},"mobile":{"background-color":"var(--ast-global-color-4)","background-image":"","background-repeat":"repeat","background-position":"center center","background-size":"auto","background-attachment":"scroll","background-type":"","background-media":"","overlay-type":"","overlay-color":"","overlay-opacity":"","overlay-gradient":""}},"_joinchat":[],"footnotes":""},"categories":[1738],"tags":[1694,10,563],"class_list":["post-17042","post","type-post","status-publish","format-standard","has-post-thumbnail","hentry","category-fuerza-aerea-argentina","tag-aeroespacio","tag-aviacion-2","tag-fuerzaaereaargentina-3"],"yoast_head":"<!-- This site is optimized with the Yoast SEO plugin v27.3 - https:\/\/yoast.com\/product\/yoast-seo-wordpress\/ -->\n<title>D\u00eda de la FAA: muestra anual de los jardines maternales - Aeroespacio<\/title>\n<meta name=\"robots\" content=\"index, follow, max-snippet:-1, max-image-preview:large, max-video-preview:-1\" \/>\n<link rel=\"canonical\" href=\"https:\/\/aeroespacio.com.ar\/?p=17042\" \/>\n<meta property=\"og:locale\" content=\"es_ES\" \/>\n<meta property=\"og:type\" content=\"article\" \/>\n<meta property=\"og:title\" content=\"D\u00eda de la FAA: muestra anual de los jardines maternales - Aeroespacio\" \/>\n<meta property=\"og:description\" content=\"En la ma\u00f1ana del lunes 11 de agosto, se realiz\u00f3, en el hall central del Edificio C\u00f3ndor, la segunda muestra [&hellip;]\" \/>\n<meta property=\"og:url\" content=\"https:\/\/aeroespacio.com.ar\/?p=17042\" \/>\n<meta property=\"og:site_name\" content=\"Aeroespacio\" \/>\n<meta property=\"article:published_time\" content=\"2025-08-18T12:00:00+00:00\" \/>\n<meta property=\"article:modified_time\" content=\"2025-08-18T16:52:16+00:00\" \/>\n<meta property=\"og:image\" content=\"https:\/\/aeroespacio.com.ar\/wp-content\/uploads\/2025\/08\/11-08-2025-Visita-Jardines-C1-Detomasi-3-scaled.jpg\" \/>\n\t<meta property=\"og:image:width\" content=\"2560\" \/>\n\t<meta property=\"og:image:height\" content=\"1706\" \/>\n\t<meta property=\"og:image:type\" content=\"image\/jpeg\" \/>\n<meta name=\"author\" content=\"Jose Operto\" \/>\n<meta name=\"twitter:card\" content=\"summary_large_image\" \/>\n<meta name=\"twitter:label1\" content=\"Escrito por\" \/>\n\t<meta name=\"twitter:data1\" content=\"Jose Operto\" \/>\n\t<meta name=\"twitter:label2\" content=\"Tiempo de lectura\" \/>\n\t<meta name=\"twitter:data2\" content=\"4 minutos\" \/>\n<script type=\"application\/ld+json\" class=\"yoast-schema-graph\">{\"@context\":\"https:\\\/\\\/schema.org\",\"@graph\":[{\"@type\":\"Article\",\"@id\":\"https:\\\/\\\/aeroespacio.com.ar\\\/?p=17042#article\",\"isPartOf\":{\"@id\":\"https:\\\/\\\/aeroespacio.com.ar\\\/?p=17042\"},\"author\":{\"name\":\"Jose Operto\",\"@id\":\"https:\\\/\\\/aeroespacio.com.ar\\\/#\\\/schema\\\/person\\\/6ed044bb77d2eec9f7615badbe365ffa\"},\"headline\":\"D\u00eda de la FAA: muestra anual de los jardines maternales\",\"datePublished\":\"2025-08-18T12:00:00+00:00\",\"dateModified\":\"2025-08-18T16:52:16+00:00\",\"mainEntityOfPage\":{\"@id\":\"https:\\\/\\\/aeroespacio.com.ar\\\/?p=17042\"},\"wordCount\":617,\"commentCount\":0,\"image\":{\"@id\":\"https:\\\/\\\/aeroespacio.com.ar\\\/?p=17042#primaryimage\"},\"thumbnailUrl\":\"https:\\\/\\\/aeroespacio.com.ar\\\/wp-content\\\/uploads\\\/2025\\\/08\\\/11-08-2025-Visita-Jardines-C1-Detomasi-3-scaled.jpg\",\"keywords\":[\"#aeroespacio\",\"#aviacion\",\"#FuerzaAereaArgentina\"],\"articleSection\":[\"Fuerza A\u00e9rea Argentina\"],\"inLanguage\":\"es-AR\",\"potentialAction\":[{\"@type\":\"CommentAction\",\"name\":\"Comment\",\"target\":[\"https:\\\/\\\/aeroespacio.com.ar\\\/?p=17042#respond\"]}]},{\"@type\":\"WebPage\",\"@id\":\"https:\\\/\\\/aeroespacio.com.ar\\\/?p=17042\",\"url\":\"https:\\\/\\\/aeroespacio.com.ar\\\/?p=17042\",\"name\":\"D\u00eda de la FAA: muestra anual de los jardines maternales - Aeroespacio\",\"isPartOf\":{\"@id\":\"https:\\\/\\\/aeroespacio.com.ar\\\/#website\"},\"primaryImageOfPage\":{\"@id\":\"https:\\\/\\\/aeroespacio.com.ar\\\/?p=17042#primaryimage\"},\"image\":{\"@id\":\"https:\\\/\\\/aeroespacio.com.ar\\\/?p=17042#primaryimage\"},\"thumbnailUrl\":\"https:\\\/\\\/aeroespacio.com.ar\\\/wp-content\\\/uploads\\\/2025\\\/08\\\/11-08-2025-Visita-Jardines-C1-Detomasi-3-scaled.jpg\",\"datePublished\":\"2025-08-18T12:00:00+00:00\",\"dateModified\":\"2025-08-18T16:52:16+00:00\",\"author\":{\"@id\":\"https:\\\/\\\/aeroespacio.com.ar\\\/#\\\/schema\\\/person\\\/6ed044bb77d2eec9f7615badbe365ffa\"},\"breadcrumb\":{\"@id\":\"https:\\\/\\\/aeroespacio.com.ar\\\/?p=17042#breadcrumb\"},\"inLanguage\":\"es-AR\",\"potentialAction\":[{\"@type\":\"ReadAction\",\"target\":[\"https:\\\/\\\/aeroespacio.com.ar\\\/?p=17042\"]}]},{\"@type\":\"ImageObject\",\"inLanguage\":\"es-AR\",\"@id\":\"https:\\\/\\\/aeroespacio.com.ar\\\/?p=17042#primaryimage\",\"url\":\"https:\\\/\\\/aeroespacio.com.ar\\\/wp-content\\\/uploads\\\/2025\\\/08\\\/11-08-2025-Visita-Jardines-C1-Detomasi-3-scaled.jpg\",\"contentUrl\":\"https:\\\/\\\/aeroespacio.com.ar\\\/wp-content\\\/uploads\\\/2025\\\/08\\\/11-08-2025-Visita-Jardines-C1-Detomasi-3-scaled.jpg\",\"width\":2560,\"height\":1706},{\"@type\":\"BreadcrumbList\",\"@id\":\"https:\\\/\\\/aeroespacio.com.ar\\\/?p=17042#breadcrumb\",\"itemListElement\":[{\"@type\":\"ListItem\",\"position\":1,\"name\":\"Inicio\",\"item\":\"https:\\\/\\\/aeroespacio.com.ar\\\/\"},{\"@type\":\"ListItem\",\"position\":2,\"name\":\"D\u00eda de la FAA: muestra anual de los jardines maternales\"}]},{\"@type\":\"WebSite\",\"@id\":\"https:\\\/\\\/aeroespacio.com.ar\\\/#website\",\"url\":\"https:\\\/\\\/aeroespacio.com.ar\\\/\",\"name\":\"aeroespacio.com.ar\",\"description\":\"\",\"potentialAction\":[{\"@type\":\"SearchAction\",\"target\":{\"@type\":\"EntryPoint\",\"urlTemplate\":\"https:\\\/\\\/aeroespacio.com.ar\\\/?s={search_term_string}\"},\"query-input\":{\"@type\":\"PropertyValueSpecification\",\"valueRequired\":true,\"valueName\":\"search_term_string\"}}],\"inLanguage\":\"es-AR\"},{\"@type\":\"Person\",\"@id\":\"https:\\\/\\\/aeroespacio.com.ar\\\/#\\\/schema\\\/person\\\/6ed044bb77d2eec9f7615badbe365ffa\",\"name\":\"Jose Operto\",\"image\":{\"@type\":\"ImageObject\",\"inLanguage\":\"es-AR\",\"@id\":\"https:\\\/\\\/secure.gravatar.com\\\/avatar\\\/46c91e2630685531c0b0dd365ca4b4c391e308a6e5811841f817a41623f5da65?s=96&d=mm&r=g\",\"url\":\"https:\\\/\\\/secure.gravatar.com\\\/avatar\\\/46c91e2630685531c0b0dd365ca4b4c391e308a6e5811841f817a41623f5da65?s=96&d=mm&r=g\",\"contentUrl\":\"https:\\\/\\\/secure.gravatar.com\\\/avatar\\\/46c91e2630685531c0b0dd365ca4b4c391e308a6e5811841f817a41623f5da65?s=96&d=mm&r=g\",\"caption\":\"Jose Operto\"},\"url\":\"https:\\\/\\\/aeroespacio.com.ar\\\/?author=20\"}]}<\/script>\n<!-- \/ Yoast SEO plugin. -->","yoast_head_json":{"title":"D\u00eda de la FAA: muestra anual de los jardines maternales - Aeroespacio","robots":{"index":"index","follow":"follow","max-snippet":"max-snippet:-1","max-image-preview":"max-image-preview:large","max-video-preview":"max-video-preview:-1"},"canonical":"https:\/\/aeroespacio.com.ar\/?p=17042","og_locale":"es_ES","og_type":"article","og_title":"D\u00eda de la FAA: muestra anual de los jardines maternales - Aeroespacio","og_description":"En la ma\u00f1ana del lunes 11 de agosto, se realiz\u00f3, en el hall central del Edificio C\u00f3ndor, la segunda muestra [&hellip;]","og_url":"https:\/\/aeroespacio.com.ar\/?p=17042","og_site_name":"Aeroespacio","article_published_time":"2025-08-18T12:00:00+00:00","article_modified_time":"2025-08-18T16:52:16+00:00","og_image":[{"width":2560,"height":1706,"url":"https:\/\/aeroespacio.com.ar\/wp-content\/uploads\/2025\/08\/11-08-2025-Visita-Jardines-C1-Detomasi-3-scaled.jpg","type":"image\/jpeg"}],"author":"Jose Operto","twitter_card":"summary_large_image","twitter_misc":{"Escrito por":"Jose Operto","Tiempo de lectura":"4 minutos"},"schema":{"@context":"https:\/\/schema.org","@graph":[{"@type":"Article","@id":"https:\/\/aeroespacio.com.ar\/?p=17042#article","isPartOf":{"@id":"https:\/\/aeroespacio.com.ar\/?p=17042"},"author":{"name":"Jose Operto","@id":"https:\/\/aeroespacio.com.ar\/#\/schema\/person\/6ed044bb77d2eec9f7615badbe365ffa"},"headline":"D\u00eda de la FAA: muestra anual de los jardines maternales","datePublished":"2025-08-18T12:00:00+00:00","dateModified":"2025-08-18T16:52:16+00:00","mainEntityOfPage":{"@id":"https:\/\/aeroespacio.com.ar\/?p=17042"},"wordCount":617,"commentCount":0,"image":{"@id":"https:\/\/aeroespacio.com.ar\/?p=17042#primaryimage"},"thumbnailUrl":"https:\/\/aeroespacio.com.ar\/wp-content\/uploads\/2025\/08\/11-08-2025-Visita-Jardines-C1-Detomasi-3-scaled.jpg","keywords":["#aeroespacio","#aviacion","#FuerzaAereaArgentina"],"articleSection":["Fuerza A\u00e9rea Argentina"],"inLanguage":"es-AR","potentialAction":[{"@type":"CommentAction","name":"Comment","target":["https:\/\/aeroespacio.com.ar\/?p=17042#respond"]}]},{"@type":"WebPage","@id":"https:\/\/aeroespacio.com.ar\/?p=17042","url":"https:\/\/aeroespacio.com.ar\/?p=17042","name":"D\u00eda de la FAA: muestra anual de los jardines maternales - Aeroespacio","isPartOf":{"@id":"https:\/\/aeroespacio.com.ar\/#website"},"primaryImageOfPage":{"@id":"https:\/\/aeroespacio.com.ar\/?p=17042#primaryimage"},"image":{"@id":"https:\/\/aeroespacio.com.ar\/?p=17042#primaryimage"},"thumbnailUrl":"https:\/\/aeroespacio.com.ar\/wp-content\/uploads\/2025\/08\/11-08-2025-Visita-Jardines-C1-Detomasi-3-scaled.jpg","datePublished":"2025-08-18T12:00:00+00:00","dateModified":"2025-08-18T16:52:16+00:00","author":{"@id":"https:\/\/aeroespacio.com.ar\/#\/schema\/person\/6ed044bb77d2eec9f7615badbe365ffa"},"breadcrumb":{"@id":"https:\/\/aeroespacio.com.ar\/?p=17042#breadcrumb"},"inLanguage":"es-AR","potentialAction":[{"@type":"ReadAction","target":["https:\/\/aeroespacio.com.ar\/?p=17042"]}]},{"@type":"ImageObject","inLanguage":"es-AR","@id":"https:\/\/aeroespacio.com.ar\/?p=17042#primaryimage","url":"https:\/\/aeroespacio.com.ar\/wp-content\/uploads\/2025\/08\/11-08-2025-Visita-Jardines-C1-Detomasi-3-scaled.jpg","contentUrl":"https:\/\/aeroespacio.com.ar\/wp-content\/uploads\/2025\/08\/11-08-2025-Visita-Jardines-C1-Detomasi-3-scaled.jpg","width":2560,"height":1706},{"@type":"BreadcrumbList","@id":"https:\/\/aeroespacio.com.ar\/?p=17042#breadcrumb","itemListElement":[{"@type":"ListItem","position":1,"name":"Inicio","item":"https:\/\/aeroespacio.com.ar\/"},{"@type":"ListItem","position":2,"name":"D\u00eda de la FAA: muestra anual de los jardines maternales"}]},{"@type":"WebSite","@id":"https:\/\/aeroespacio.com.ar\/#website","url":"https:\/\/aeroespacio.com.ar\/","name":"aeroespacio.com.ar","description":"","potentialAction":[{"@type":"SearchAction","target":{"@type":"EntryPoint","urlTemplate":"https:\/\/aeroespacio.com.ar\/?s={search_term_string}"},"query-input":{"@type":"PropertyValueSpecification","valueRequired":true,"valueName":"search_term_string"}}],"inLanguage":"es-AR"},{"@type":"Person","@id":"https:\/\/aeroespacio.com.ar\/#\/schema\/person\/6ed044bb77d2eec9f7615badbe365ffa","name":"Jose Operto","image":{"@type":"ImageObject","inLanguage":"es-AR","@id":"https:\/\/secure.gravatar.com\/avatar\/46c91e2630685531c0b0dd365ca4b4c391e308a6e5811841f817a41623f5da65?s=96&d=mm&r=g","url":"https:\/\/secure.gravatar.com\/avatar\/46c91e2630685531c0b0dd365ca4b4c391e308a6e5811841f817a41623f5da65?s=96&d=mm&r=g","contentUrl":"https:\/\/secure.gravatar.com\/avatar\/46c91e2630685531c0b0dd365ca4b4c391e308a6e5811841f817a41623f5da65?s=96&d=mm&r=g","caption":"Jose Operto"},"url":"https:\/\/aeroespacio.com.ar\/?author=20"}]}},"rttpg_featured_image_url":{"full":["https:\/\/aeroespacio.com.ar\/wp-content\/uploads\/2025\/08\/11-08-2025-Visita-Jardines-C1-Detomasi-3-scaled.jpg",2560,1706,false],"landscape":["https:\/\/aeroespacio.com.ar\/wp-content\/uploads\/2025\/08\/11-08-2025-Visita-Jardines-C1-Detomasi-3-scaled.jpg",2560,1706,false],"portraits":["https:\/\/aeroespacio.com.ar\/wp-content\/uploads\/2025\/08\/11-08-2025-Visita-Jardines-C1-Detomasi-3-scaled.jpg",2560,1706,false],"thumbnail":["https:\/\/aeroespacio.com.ar\/wp-content\/uploads\/2025\/08\/11-08-2025-Visita-Jardines-C1-Detomasi-3-150x150.jpg",150,150,true],"medium":["https:\/\/aeroespacio.com.ar\/wp-content\/uploads\/2025\/08\/11-08-2025-Visita-Jardines-C1-Detomasi-3-300x200.jpg",300,200,true],"large":["https:\/\/aeroespacio.com.ar\/wp-content\/uploads\/2025\/08\/11-08-2025-Visita-Jardines-C1-Detomasi-3-1024x683.jpg",1024,683,true],"1536x1536":["https:\/\/aeroespacio.com.ar\/wp-content\/uploads\/2025\/08\/11-08-2025-Visita-Jardines-C1-Detomasi-3-1536x1024.jpg",1536,1024,true],"2048x2048":["https:\/\/aeroespacio.com.ar\/wp-content\/uploads\/2025\/08\/11-08-2025-Visita-Jardines-C1-Detomasi-3-2048x1365.jpg",2048,1365,true]},"rttpg_author":{"display_name":"Jose Operto","author_link":"https:\/\/aeroespacio.com.ar\/?author=20"},"rttpg_comment":0,"rttpg_category":"<a href=\"https:\/\/aeroespacio.com.ar\/?cat=1738\" rel=\"category\">Fuerza A\u00e9rea Argentina<\/a>","rttpg_excerpt":"En la ma\u00f1ana del lunes 11 de agosto, se realiz\u00f3, en el hall central del Edificio C\u00f3ndor, la segunda muestra [&hellip;]","_links":{"self":[{"href":"https:\/\/aeroespacio.com.ar\/index.php?rest_route=\/wp\/v2\/posts\/17042","targetHints":{"allow":["GET"]}}],"collection":[{"href":"https:\/\/aeroespacio.com.ar\/index.php?rest_route=\/wp\/v2\/posts"}],"about":[{"href":"https:\/\/aeroespacio.com.ar\/index.php?rest_route=\/wp\/v2\/types\/post"}],"author":[{"embeddable":true,"href":"https:\/\/aeroespacio.com.ar\/index.php?rest_route=\/wp\/v2\/users\/20"}],"replies":[{"embeddable":true,"href":"https:\/\/aeroespacio.com.ar\/index.php?rest_route=%2Fwp%2Fv2%2Fcomments&post=17042"}],"version-history":[{"count":3,"href":"https:\/\/aeroespacio.com.ar\/index.php?rest_route=\/wp\/v2\/posts\/17042\/revisions"}],"predecessor-version":[{"id":17056,"href":"https:\/\/aeroespacio.com.ar\/index.php?rest_route=\/wp\/v2\/posts\/17042\/revisions\/17056"}],"wp:featuredmedia":[{"embeddable":true,"href":"https:\/\/aeroespacio.com.ar\/index.php?rest_route=\/wp\/v2\/media\/17043"}],"wp:attachment":[{"href":"https:\/\/aeroespacio.com.ar\/index.php?rest_route=%2Fwp%2Fv2%2Fmedia&parent=17042"}],"wp:term":[{"taxonomy":"category","embeddable":true,"href":"https:\/\/aeroespacio.com.ar\/index.php?rest_route=%2Fwp%2Fv2%2Fcategories&post=17042"},{"taxonomy":"post_tag","embeddable":true,"href":"https:\/\/aeroespacio.com.ar\/index.php?rest_route=%2Fwp%2Fv2%2Ftags&post=17042"}],"curies":[{"name":"wp","href":"https:\/\/api.w.org\/{rel}","templated":true}]}}