{"id":17025,"date":"2025-08-13T17:48:42","date_gmt":"2025-08-13T17:48:42","guid":{"rendered":"http:\/\/192.168.0.98\/?p=17025"},"modified":"2025-08-13T18:06:31","modified_gmt":"2025-08-13T18:06:31","slug":"nuevo-marco-regulatorio-para-el-uso-de-drones-en-argentina","status":"publish","type":"post","link":"https:\/\/aeroespacio.com.ar\/?p=17025","title":{"rendered":"Nuevo marco regulatorio para el uso de drones en Argentina"},"content":{"rendered":"\n<p>Mediante una nueva resoluci\u00f3n publicada en el Bolet\u00edn Oficial, la Administraci\u00f3n Nacional de Aviaci\u00f3n Civil (ANAC) desregul\u00f3 el uso de los Sistemas de Aeronaves Pilotadas a Distancia (RPAS), conocidas como drones, con el objetivo de facilitar las actividades recreativas, cient\u00edficas y comerciales de bajo impacto. A diferencia de las operaciones de alto riesgo, que continuar\u00e1n sujetas a medidas de seguridad espec\u00edficas, esta nueva normativa flexibiliza los requisitos para los usos de menor riesgo.<\/p>\n\n\n\n<p>Entre los principales cambios, se eliminaron las exigencias de licencias, cursos y habilitaciones para ciertos segmentos de usuarios. Adem\u00e1s, se habilit\u00f3 la apertura de la formaci\u00f3n a todos los centros e instructores del pa\u00eds. La medida otorga acceso irrestricto al uso de drones de hasta 250 gramos, y elimina la obligaci\u00f3n de contar con licencias para operar equipos de hasta 25 kilos en todo el territorio nacional, incluyendo las \u00e1reas rurales, en l\u00ednea con las recomendaciones de la Organizaci\u00f3n de Aviaci\u00f3n Civil Internacional (OACI). Esto permitir\u00e1 tanto el uso recreativo como profesional sin necesidad de intervenci\u00f3n estatal.<\/p>\n\n\n\n<figure class=\"wp-block-gallery has-nested-images columns-default is-cropped wp-block-gallery-1 is-layout-flex wp-block-gallery-is-layout-flex\">\n<figure class=\"wp-block-image size-large\"><img fetchpriority=\"high\" decoding=\"async\" width=\"683\" height=\"1024\" data-id=\"17027\" src=\"https:\/\/aeroespacio.com.ar\/wp-content\/uploads\/2025\/08\/drone-quadcopter-negro-sobre-un-cielo-nublado-683x1024.jpg\" alt=\"\" class=\"wp-image-17027\" srcset=\"https:\/\/aeroespacio.com.ar\/wp-content\/uploads\/2025\/08\/drone-quadcopter-negro-sobre-un-cielo-nublado-683x1024.jpg 683w, https:\/\/aeroespacio.com.ar\/wp-content\/uploads\/2025\/08\/drone-quadcopter-negro-sobre-un-cielo-nublado-200x300.jpg 200w, https:\/\/aeroespacio.com.ar\/wp-content\/uploads\/2025\/08\/drone-quadcopter-negro-sobre-un-cielo-nublado-768x1152.jpg 768w, https:\/\/aeroespacio.com.ar\/wp-content\/uploads\/2025\/08\/drone-quadcopter-negro-sobre-un-cielo-nublado-1024x1536.jpg 1024w, https:\/\/aeroespacio.com.ar\/wp-content\/uploads\/2025\/08\/drone-quadcopter-negro-sobre-un-cielo-nublado-1365x2048.jpg 1365w, https:\/\/aeroespacio.com.ar\/wp-content\/uploads\/2025\/08\/drone-quadcopter-negro-sobre-un-cielo-nublado-scaled.jpg 1707w\" sizes=\"(max-width: 683px) 100vw, 683px\" \/><figcaption class=\"wp-element-caption\">FreePik<\/figcaption><\/figure>\n<\/figure>\n\n\n\n<p>\u201cLa seguridad operacional representa un objetivo irrenunciable en la actividad aeron\u00e1utica, constituy\u00e9ndose como un eje transversal en la toma de decisiones, en l\u00ednea con los est\u00e1ndares y las pr\u00e1cticas recomendadas por la OACI\u201d, destac\u00f3 la ANAC.<\/p>\n\n\n\n<p>El texto oficial subraya que la resoluci\u00f3n se dicta \u201cbajo los estrictos principios de libre mercado y libre competencia, y la sujeci\u00f3n a las reglas de lealtad comercial, generando las instancias necesarias para evitar cualquier conducta monop\u00f3lica por parte de fabricantes, importadores, operadores, organizaciones de mantenimiento o centros de instrucci\u00f3n de aviaci\u00f3n civil&#8221;.<\/p>\n\n\n\n<p>La nueva norma modifica lo establecido por la resoluci\u00f3n 880\/2019 y busca contribuir a un proceso de transformaci\u00f3n hacia una aviaci\u00f3n no tripulada m\u00e1s abierta, eficiente y alineada con los principios de transparencia, sin descuidar la seguridad operacional.<\/p>\n\n\n\n<p>La actualizaci\u00f3n incorpora tres nuevas secciones a las Regulaciones Argentinas de Aviaci\u00f3n Civil (RAAC). La Parte 100 establece disposiciones generales aplicables en todo el territorio nacional. La Parte 101 introduce la Categor\u00eda Abierta, destinada a operaciones de bajo riesgo que, si cumplen ciertos requisitos m\u00ednimos de seguridad, no requerir\u00e1n autorizaci\u00f3n previa de la ANAC. Adem\u00e1s, la Parte 102 define la Categor\u00eda Espec\u00edfica, orientada a operaciones que s\u00ed demandan una evaluaci\u00f3n de riesgos y una autorizaci\u00f3n formal por parte del organismo.<\/p>\n\n\n\n<p>Este nuevo enfoque reemplaza el sistema \u00fanico anterior por una estructura m\u00e1s flexible y divide las operaciones en dos grandes categor\u00edas: la abierta, pensada para usos recreativos, cient\u00edficos o comerciales de bajo impacto; y la espec\u00edfica, reservada para actividades de riesgo moderado a alto. El objetivo es ampliar las posibilidades de uso de drones simplificando los requisitos para aquellas actividades que representen menor riesgo.<\/p>\n\n\n\n<p>Fuente: Bolet\u00edn Oficial<br>Foto: FreePik y Pixbay<\/p>\n\n\n\n<p><\/p>\n","protected":false},"excerpt":{"rendered":"<p>Mediante una nueva resoluci\u00f3n publicada en el Bolet\u00edn Oficial, la Administraci\u00f3n Nacional de Aviaci\u00f3n Civil (ANAC) desregul\u00f3 el uso de [&hellip;]<\/p>\n","protected":false},"author":20,"featured_media":17026,"comment_status":"open","ping_status":"open","sticky":false,"template":"","format":"standard","meta":{"site-sidebar-layout":"default","site-content-layout":"","ast-site-content-layout":"default","site-content-style":"default","site-sidebar-style":"default","ast-global-header-display":"","ast-banner-title-visibility":"","ast-main-header-display":"","ast-hfb-above-header-display":"","ast-hfb-below-header-display":"","ast-hfb-mobile-header-display":"","site-post-title":"","ast-breadcrumbs-content":"","ast-featured-img":"","footer-sml-layout":"","ast-disable-related-posts":"","theme-transparent-header-meta":"","adv-header-id-meta":"","stick-header-meta":"","header-above-stick-meta":"","header-main-stick-meta":"","header-below-stick-meta":"","astra-migrate-meta-layouts":"default","ast-page-background-enabled":"default","ast-page-background-meta":{"desktop":{"background-color":"var(--ast-global-color-5)","background-image":"","background-repeat":"repeat","background-position":"center center","background-size":"auto","background-attachment":"scroll","background-type":"","background-media":"","overlay-type":"","overlay-color":"","overlay-opacity":"","overlay-gradient":""},"tablet":{"background-color":"","background-image":"","background-repeat":"repeat","background-position":"center center","background-size":"auto","background-attachment":"scroll","background-type":"","background-media":"","overlay-type":"","overlay-color":"","overlay-opacity":"","overlay-gradient":""},"mobile":{"background-color":"","background-image":"","background-repeat":"repeat","background-position":"center center","background-size":"auto","background-attachment":"scroll","background-type":"","background-media":"","overlay-type":"","overlay-color":"","overlay-opacity":"","overlay-gradient":""}},"ast-content-background-meta":{"desktop":{"background-color":"var(--ast-global-color-4)","background-image":"","background-repeat":"repeat","background-position":"center center","background-size":"auto","background-attachment":"scroll","background-type":"","background-media":"","overlay-type":"","overlay-color":"","overlay-opacity":"","overlay-gradient":""},"tablet":{"background-color":"var(--ast-global-color-4)","background-image":"","background-repeat":"repeat","background-position":"center center","background-size":"auto","background-attachment":"scroll","background-type":"","background-media":"","overlay-type":"","overlay-color":"","overlay-opacity":"","overlay-gradient":""},"mobile":{"background-color":"var(--ast-global-color-4)","background-image":"","background-repeat":"repeat","background-position":"center center","background-size":"auto","background-attachment":"scroll","background-type":"","background-media":"","overlay-type":"","overlay-color":"","overlay-opacity":"","overlay-gradient":""}},"_joinchat":[],"footnotes":""},"categories":[1766,1],"tags":[],"class_list":["post-17025","post","type-post","status-publish","format-standard","has-post-thumbnail","hentry","category-evtol","category-uncategorized"],"yoast_head":"<!-- This site is optimized with the Yoast SEO plugin v27.3 - https:\/\/yoast.com\/product\/yoast-seo-wordpress\/ -->\n<title>Nuevo marco regulatorio para el uso de drones en Argentina - Aeroespacio<\/title>\n<meta name=\"robots\" content=\"index, follow, max-snippet:-1, max-image-preview:large, max-video-preview:-1\" \/>\n<link rel=\"canonical\" href=\"https:\/\/aeroespacio.com.ar\/?p=17025\" \/>\n<meta property=\"og:locale\" content=\"es_ES\" \/>\n<meta property=\"og:type\" content=\"article\" \/>\n<meta property=\"og:title\" content=\"Nuevo marco regulatorio para el uso de drones en Argentina - Aeroespacio\" \/>\n<meta property=\"og:description\" content=\"Mediante una nueva resoluci\u00f3n publicada en el Bolet\u00edn Oficial, la Administraci\u00f3n Nacional de Aviaci\u00f3n Civil (ANAC) desregul\u00f3 el uso de [&hellip;]\" \/>\n<meta property=\"og:url\" content=\"https:\/\/aeroespacio.com.ar\/?p=17025\" \/>\n<meta property=\"og:site_name\" content=\"Aeroespacio\" \/>\n<meta property=\"article:published_time\" content=\"2025-08-13T17:48:42+00:00\" \/>\n<meta property=\"article:modified_time\" content=\"2025-08-13T18:06:31+00:00\" \/>\n<meta property=\"og:image\" content=\"https:\/\/aeroespacio.com.ar\/wp-content\/uploads\/2025\/08\/Drone.jpg\" \/>\n\t<meta property=\"og:image:width\" content=\"1920\" \/>\n\t<meta property=\"og:image:height\" content=\"1245\" \/>\n\t<meta property=\"og:image:type\" content=\"image\/jpeg\" \/>\n<meta name=\"author\" content=\"Jose Operto\" \/>\n<meta name=\"twitter:card\" content=\"summary_large_image\" \/>\n<meta name=\"twitter:label1\" content=\"Escrito por\" \/>\n\t<meta name=\"twitter:data1\" content=\"Jose Operto\" \/>\n\t<meta name=\"twitter:label2\" content=\"Tiempo de lectura\" \/>\n\t<meta name=\"twitter:data2\" content=\"3 minutos\" \/>\n<script type=\"application\/ld+json\" class=\"yoast-schema-graph\">{\"@context\":\"https:\\\/\\\/schema.org\",\"@graph\":[{\"@type\":\"Article\",\"@id\":\"https:\\\/\\\/aeroespacio.com.ar\\\/?p=17025#article\",\"isPartOf\":{\"@id\":\"https:\\\/\\\/aeroespacio.com.ar\\\/?p=17025\"},\"author\":{\"name\":\"Jose Operto\",\"@id\":\"https:\\\/\\\/aeroespacio.com.ar\\\/#\\\/schema\\\/person\\\/6ed044bb77d2eec9f7615badbe365ffa\"},\"headline\":\"Nuevo marco regulatorio para el uso de drones en Argentina\",\"datePublished\":\"2025-08-13T17:48:42+00:00\",\"dateModified\":\"2025-08-13T18:06:31+00:00\",\"mainEntityOfPage\":{\"@id\":\"https:\\\/\\\/aeroespacio.com.ar\\\/?p=17025\"},\"wordCount\":497,\"commentCount\":0,\"image\":{\"@id\":\"https:\\\/\\\/aeroespacio.com.ar\\\/?p=17025#primaryimage\"},\"thumbnailUrl\":\"https:\\\/\\\/aeroespacio.com.ar\\\/wp-content\\\/uploads\\\/2025\\\/08\\\/Drone.jpg\",\"articleSection\":[\"eVTOL\",\"Uncategorized\"],\"inLanguage\":\"es-AR\",\"potentialAction\":[{\"@type\":\"CommentAction\",\"name\":\"Comment\",\"target\":[\"https:\\\/\\\/aeroespacio.com.ar\\\/?p=17025#respond\"]}]},{\"@type\":\"WebPage\",\"@id\":\"https:\\\/\\\/aeroespacio.com.ar\\\/?p=17025\",\"url\":\"https:\\\/\\\/aeroespacio.com.ar\\\/?p=17025\",\"name\":\"Nuevo marco regulatorio para el uso de drones en Argentina - Aeroespacio\",\"isPartOf\":{\"@id\":\"https:\\\/\\\/aeroespacio.com.ar\\\/#website\"},\"primaryImageOfPage\":{\"@id\":\"https:\\\/\\\/aeroespacio.com.ar\\\/?p=17025#primaryimage\"},\"image\":{\"@id\":\"https:\\\/\\\/aeroespacio.com.ar\\\/?p=17025#primaryimage\"},\"thumbnailUrl\":\"https:\\\/\\\/aeroespacio.com.ar\\\/wp-content\\\/uploads\\\/2025\\\/08\\\/Drone.jpg\",\"datePublished\":\"2025-08-13T17:48:42+00:00\",\"dateModified\":\"2025-08-13T18:06:31+00:00\",\"author\":{\"@id\":\"https:\\\/\\\/aeroespacio.com.ar\\\/#\\\/schema\\\/person\\\/6ed044bb77d2eec9f7615badbe365ffa\"},\"breadcrumb\":{\"@id\":\"https:\\\/\\\/aeroespacio.com.ar\\\/?p=17025#breadcrumb\"},\"inLanguage\":\"es-AR\",\"potentialAction\":[{\"@type\":\"ReadAction\",\"target\":[\"https:\\\/\\\/aeroespacio.com.ar\\\/?p=17025\"]}]},{\"@type\":\"ImageObject\",\"inLanguage\":\"es-AR\",\"@id\":\"https:\\\/\\\/aeroespacio.com.ar\\\/?p=17025#primaryimage\",\"url\":\"https:\\\/\\\/aeroespacio.com.ar\\\/wp-content\\\/uploads\\\/2025\\\/08\\\/Drone.jpg\",\"contentUrl\":\"https:\\\/\\\/aeroespacio.com.ar\\\/wp-content\\\/uploads\\\/2025\\\/08\\\/Drone.jpg\",\"width\":1920,\"height\":1245},{\"@type\":\"BreadcrumbList\",\"@id\":\"https:\\\/\\\/aeroespacio.com.ar\\\/?p=17025#breadcrumb\",\"itemListElement\":[{\"@type\":\"ListItem\",\"position\":1,\"name\":\"Inicio\",\"item\":\"https:\\\/\\\/aeroespacio.com.ar\\\/\"},{\"@type\":\"ListItem\",\"position\":2,\"name\":\"Nuevo marco regulatorio para el uso de drones en Argentina\"}]},{\"@type\":\"WebSite\",\"@id\":\"https:\\\/\\\/aeroespacio.com.ar\\\/#website\",\"url\":\"https:\\\/\\\/aeroespacio.com.ar\\\/\",\"name\":\"aeroespacio.com.ar\",\"description\":\"\",\"potentialAction\":[{\"@type\":\"SearchAction\",\"target\":{\"@type\":\"EntryPoint\",\"urlTemplate\":\"https:\\\/\\\/aeroespacio.com.ar\\\/?s={search_term_string}\"},\"query-input\":{\"@type\":\"PropertyValueSpecification\",\"valueRequired\":true,\"valueName\":\"search_term_string\"}}],\"inLanguage\":\"es-AR\"},{\"@type\":\"Person\",\"@id\":\"https:\\\/\\\/aeroespacio.com.ar\\\/#\\\/schema\\\/person\\\/6ed044bb77d2eec9f7615badbe365ffa\",\"name\":\"Jose Operto\",\"image\":{\"@type\":\"ImageObject\",\"inLanguage\":\"es-AR\",\"@id\":\"https:\\\/\\\/secure.gravatar.com\\\/avatar\\\/46c91e2630685531c0b0dd365ca4b4c391e308a6e5811841f817a41623f5da65?s=96&d=mm&r=g\",\"url\":\"https:\\\/\\\/secure.gravatar.com\\\/avatar\\\/46c91e2630685531c0b0dd365ca4b4c391e308a6e5811841f817a41623f5da65?s=96&d=mm&r=g\",\"contentUrl\":\"https:\\\/\\\/secure.gravatar.com\\\/avatar\\\/46c91e2630685531c0b0dd365ca4b4c391e308a6e5811841f817a41623f5da65?s=96&d=mm&r=g\",\"caption\":\"Jose Operto\"},\"url\":\"https:\\\/\\\/aeroespacio.com.ar\\\/?author=20\"}]}<\/script>\n<!-- \/ Yoast SEO plugin. -->","yoast_head_json":{"title":"Nuevo marco regulatorio para el uso de drones en Argentina - Aeroespacio","robots":{"index":"index","follow":"follow","max-snippet":"max-snippet:-1","max-image-preview":"max-image-preview:large","max-video-preview":"max-video-preview:-1"},"canonical":"https:\/\/aeroespacio.com.ar\/?p=17025","og_locale":"es_ES","og_type":"article","og_title":"Nuevo marco regulatorio para el uso de drones en Argentina - Aeroespacio","og_description":"Mediante una nueva resoluci\u00f3n publicada en el Bolet\u00edn Oficial, la Administraci\u00f3n Nacional de Aviaci\u00f3n Civil (ANAC) desregul\u00f3 el uso de [&hellip;]","og_url":"https:\/\/aeroespacio.com.ar\/?p=17025","og_site_name":"Aeroespacio","article_published_time":"2025-08-13T17:48:42+00:00","article_modified_time":"2025-08-13T18:06:31+00:00","og_image":[{"width":1920,"height":1245,"url":"https:\/\/aeroespacio.com.ar\/wp-content\/uploads\/2025\/08\/Drone.jpg","type":"image\/jpeg"}],"author":"Jose Operto","twitter_card":"summary_large_image","twitter_misc":{"Escrito por":"Jose Operto","Tiempo de lectura":"3 minutos"},"schema":{"@context":"https:\/\/schema.org","@graph":[{"@type":"Article","@id":"https:\/\/aeroespacio.com.ar\/?p=17025#article","isPartOf":{"@id":"https:\/\/aeroespacio.com.ar\/?p=17025"},"author":{"name":"Jose Operto","@id":"https:\/\/aeroespacio.com.ar\/#\/schema\/person\/6ed044bb77d2eec9f7615badbe365ffa"},"headline":"Nuevo marco regulatorio para el uso de drones en Argentina","datePublished":"2025-08-13T17:48:42+00:00","dateModified":"2025-08-13T18:06:31+00:00","mainEntityOfPage":{"@id":"https:\/\/aeroespacio.com.ar\/?p=17025"},"wordCount":497,"commentCount":0,"image":{"@id":"https:\/\/aeroespacio.com.ar\/?p=17025#primaryimage"},"thumbnailUrl":"https:\/\/aeroespacio.com.ar\/wp-content\/uploads\/2025\/08\/Drone.jpg","articleSection":["eVTOL","Uncategorized"],"inLanguage":"es-AR","potentialAction":[{"@type":"CommentAction","name":"Comment","target":["https:\/\/aeroespacio.com.ar\/?p=17025#respond"]}]},{"@type":"WebPage","@id":"https:\/\/aeroespacio.com.ar\/?p=17025","url":"https:\/\/aeroespacio.com.ar\/?p=17025","name":"Nuevo marco regulatorio para el uso de drones en Argentina - Aeroespacio","isPartOf":{"@id":"https:\/\/aeroespacio.com.ar\/#website"},"primaryImageOfPage":{"@id":"https:\/\/aeroespacio.com.ar\/?p=17025#primaryimage"},"image":{"@id":"https:\/\/aeroespacio.com.ar\/?p=17025#primaryimage"},"thumbnailUrl":"https:\/\/aeroespacio.com.ar\/wp-content\/uploads\/2025\/08\/Drone.jpg","datePublished":"2025-08-13T17:48:42+00:00","dateModified":"2025-08-13T18:06:31+00:00","author":{"@id":"https:\/\/aeroespacio.com.ar\/#\/schema\/person\/6ed044bb77d2eec9f7615badbe365ffa"},"breadcrumb":{"@id":"https:\/\/aeroespacio.com.ar\/?p=17025#breadcrumb"},"inLanguage":"es-AR","potentialAction":[{"@type":"ReadAction","target":["https:\/\/aeroespacio.com.ar\/?p=17025"]}]},{"@type":"ImageObject","inLanguage":"es-AR","@id":"https:\/\/aeroespacio.com.ar\/?p=17025#primaryimage","url":"https:\/\/aeroespacio.com.ar\/wp-content\/uploads\/2025\/08\/Drone.jpg","contentUrl":"https:\/\/aeroespacio.com.ar\/wp-content\/uploads\/2025\/08\/Drone.jpg","width":1920,"height":1245},{"@type":"BreadcrumbList","@id":"https:\/\/aeroespacio.com.ar\/?p=17025#breadcrumb","itemListElement":[{"@type":"ListItem","position":1,"name":"Inicio","item":"https:\/\/aeroespacio.com.ar\/"},{"@type":"ListItem","position":2,"name":"Nuevo marco regulatorio para el uso de drones en Argentina"}]},{"@type":"WebSite","@id":"https:\/\/aeroespacio.com.ar\/#website","url":"https:\/\/aeroespacio.com.ar\/","name":"aeroespacio.com.ar","description":"","potentialAction":[{"@type":"SearchAction","target":{"@type":"EntryPoint","urlTemplate":"https:\/\/aeroespacio.com.ar\/?s={search_term_string}"},"query-input":{"@type":"PropertyValueSpecification","valueRequired":true,"valueName":"search_term_string"}}],"inLanguage":"es-AR"},{"@type":"Person","@id":"https:\/\/aeroespacio.com.ar\/#\/schema\/person\/6ed044bb77d2eec9f7615badbe365ffa","name":"Jose Operto","image":{"@type":"ImageObject","inLanguage":"es-AR","@id":"https:\/\/secure.gravatar.com\/avatar\/46c91e2630685531c0b0dd365ca4b4c391e308a6e5811841f817a41623f5da65?s=96&d=mm&r=g","url":"https:\/\/secure.gravatar.com\/avatar\/46c91e2630685531c0b0dd365ca4b4c391e308a6e5811841f817a41623f5da65?s=96&d=mm&r=g","contentUrl":"https:\/\/secure.gravatar.com\/avatar\/46c91e2630685531c0b0dd365ca4b4c391e308a6e5811841f817a41623f5da65?s=96&d=mm&r=g","caption":"Jose Operto"},"url":"https:\/\/aeroespacio.com.ar\/?author=20"}]}},"rttpg_featured_image_url":{"full":["https:\/\/aeroespacio.com.ar\/wp-content\/uploads\/2025\/08\/Drone.jpg",1920,1245,false],"landscape":["https:\/\/aeroespacio.com.ar\/wp-content\/uploads\/2025\/08\/Drone.jpg",1920,1245,false],"portraits":["https:\/\/aeroespacio.com.ar\/wp-content\/uploads\/2025\/08\/Drone.jpg",1920,1245,false],"thumbnail":["https:\/\/aeroespacio.com.ar\/wp-content\/uploads\/2025\/08\/Drone-150x150.jpg",150,150,true],"medium":["https:\/\/aeroespacio.com.ar\/wp-content\/uploads\/2025\/08\/Drone-300x195.jpg",300,195,true],"large":["https:\/\/aeroespacio.com.ar\/wp-content\/uploads\/2025\/08\/Drone-1024x664.jpg",1024,664,true],"1536x1536":["https:\/\/aeroespacio.com.ar\/wp-content\/uploads\/2025\/08\/Drone-1536x996.jpg",1536,996,true],"2048x2048":["https:\/\/aeroespacio.com.ar\/wp-content\/uploads\/2025\/08\/Drone.jpg",1920,1245,false]},"rttpg_author":{"display_name":"Jose Operto","author_link":"https:\/\/aeroespacio.com.ar\/?author=20"},"rttpg_comment":0,"rttpg_category":"<a href=\"https:\/\/aeroespacio.com.ar\/?cat=1766\" rel=\"category\">eVTOL<\/a> <a href=\"https:\/\/aeroespacio.com.ar\/?cat=1\" rel=\"category\">Uncategorized<\/a>","rttpg_excerpt":"Mediante una nueva resoluci\u00f3n publicada en el Bolet\u00edn Oficial, la Administraci\u00f3n Nacional de Aviaci\u00f3n Civil (ANAC) desregul\u00f3 el uso de [&hellip;]","_links":{"self":[{"href":"https:\/\/aeroespacio.com.ar\/index.php?rest_route=\/wp\/v2\/posts\/17025","targetHints":{"allow":["GET"]}}],"collection":[{"href":"https:\/\/aeroespacio.com.ar\/index.php?rest_route=\/wp\/v2\/posts"}],"about":[{"href":"https:\/\/aeroespacio.com.ar\/index.php?rest_route=\/wp\/v2\/types\/post"}],"author":[{"embeddable":true,"href":"https:\/\/aeroespacio.com.ar\/index.php?rest_route=\/wp\/v2\/users\/20"}],"replies":[{"embeddable":true,"href":"https:\/\/aeroespacio.com.ar\/index.php?rest_route=%2Fwp%2Fv2%2Fcomments&post=17025"}],"version-history":[{"count":2,"href":"https:\/\/aeroespacio.com.ar\/index.php?rest_route=\/wp\/v2\/posts\/17025\/revisions"}],"predecessor-version":[{"id":17030,"href":"https:\/\/aeroespacio.com.ar\/index.php?rest_route=\/wp\/v2\/posts\/17025\/revisions\/17030"}],"wp:featuredmedia":[{"embeddable":true,"href":"https:\/\/aeroespacio.com.ar\/index.php?rest_route=\/wp\/v2\/media\/17026"}],"wp:attachment":[{"href":"https:\/\/aeroespacio.com.ar\/index.php?rest_route=%2Fwp%2Fv2%2Fmedia&parent=17025"}],"wp:term":[{"taxonomy":"category","embeddable":true,"href":"https:\/\/aeroespacio.com.ar\/index.php?rest_route=%2Fwp%2Fv2%2Fcategories&post=17025"},{"taxonomy":"post_tag","embeddable":true,"href":"https:\/\/aeroespacio.com.ar\/index.php?rest_route=%2Fwp%2Fv2%2Ftags&post=17025"}],"curies":[{"name":"wp","href":"https:\/\/api.w.org\/{rel}","templated":true}]}}