{"id":17023,"date":"2025-08-18T11:37:50","date_gmt":"2025-08-18T11:37:50","guid":{"rendered":"http:\/\/192.168.0.98\/?p=17023"},"modified":"2025-08-18T11:37:51","modified_gmt":"2025-08-18T11:37:51","slug":"vuelos-de-alto-valor-mas-demanda-mas-inversion-y-mas-fidelidad","status":"publish","type":"post","link":"https:\/\/aeroespacio.com.ar\/?p=17023","title":{"rendered":"Vuelos de alto valor: m\u00e1s demanda, m\u00e1s inversi\u00f3n y m\u00e1s fidelidad"},"content":{"rendered":"\n<figure class=\"wp-block-image size-full\"><img fetchpriority=\"high\" decoding=\"async\" width=\"702\" height=\"350\" src=\"https:\/\/aeroespacio.com.ar\/wp-content\/uploads\/2025\/08\/boeing-737-max-9-1.png\" alt=\"\" class=\"wp-image-17024\" srcset=\"https:\/\/aeroespacio.com.ar\/wp-content\/uploads\/2025\/08\/boeing-737-max-9-1.png 702w, https:\/\/aeroespacio.com.ar\/wp-content\/uploads\/2025\/08\/boeing-737-max-9-1-300x150.png 300w\" sizes=\"(max-width: 702px) 100vw, 702px\" \/><\/figure>\n\n\n\n<p>El segmento de viajes internacionales en clases\u00a0Business\u00a0y\u00a0First\u00a0contin\u00faa en alza y supera las expectativas de las compa\u00f1\u00edas a\u00e9reas. Seg\u00fan el \u00faltimo informe de la\u00a0Asociaci\u00f3n Internacional de Transporte A\u00e9reo (IATA, por sus siglas en ingl\u00e9s), el n\u00famero de pasajeros que elogien las cabinas\u00a0<em>premium<\/em>\u00a0creci\u00f3, de manera constante,\u00a0durante todo el 2024,\u00a0en comparaci\u00f3n con el 2023, y alcanz\u00f3 los\u00a0117 millones de viajeros\u00a0a nivel global.\u00a0\u00a0<\/p>\n\n\n\n<p>Este repunte consolida la tendencia iniciada tras la pandemia, cuando las aerol\u00edneas comenzaron a redise\u00f1ar su propuesta de valor para el viajero frecuente, combinando&nbsp;<em>confort<\/em>, conectividad y flexibilidad en vuelos de mediana y larga distancia. En paralelo, se observa un crecimiento m\u00e1s moderado en clase econ\u00f3mica, donde la recuperaci\u00f3n se dio con mayor anticipaci\u00f3n pero con menor intensidad durante el \u00faltimo a\u00f1o.<\/p>\n\n\n\n<p>El informe de IATA destaca que este aumento en la demanda de cabinas&nbsp;<em>premium<\/em>&nbsp;no solo responde a la recuperaci\u00f3n del tr\u00e1fico corporativo, sino tambi\u00e9n a la consolidaci\u00f3n de un nuevo perfil de pasajero: alto poder adquisitivo, usuarios frecuentes de programas de fidelidad, y personas que prefieren m\u00e1s espacio, privacidad y beneficios a bordo, en particular en las rutas transatl\u00e1nticas y transpac\u00edficas.<\/p>\n\n\n\n<p>Entre las regiones que registraron el mayor incremento en viajes\u00a0<em>premium<\/em>\u00a0figuran\u00a0Asia-Pac\u00edfico, impulsada por la reapertura total de China; y\u00a0Am\u00e9rica del Norte, donde las aerol\u00edneas apostaron por ampliar sus cabinas\u00a0Business\u00a0con propuestas renovadas en aviones como el Airbus A350, Boeing 787 y 777.<\/p>\n\n\n\n<p>Adem\u00e1s, muchas compa\u00f1\u00edas incorporaron la clase\u00a0Premium Economy\u00a0como una opci\u00f3n intermedia m\u00e1s atractiva sin llegar al costo de la\u00a0Business\u00a0tradicional. Este segmento tambi\u00e9n mostr\u00f3 signos de expansi\u00f3n sostenida.<\/p>\n\n\n\n<p>Para la IATA, este fen\u00f3meno confirma que las cabinas&nbsp;<em>premium<\/em>&nbsp;son una fuente de ingresos estrat\u00e9gicos y claves para las aerol\u00edneas, ya que representan un porcentaje significativo de pasajero\/kil\u00f3metro volado (RPK, por sus siglas en ingl\u00e9s), pese a que el volumen total contin\u00faa&nbsp;&nbsp;liderado por la clase econ\u00f3mica.<\/p>\n\n\n\n<p>La recuperaci\u00f3n del sector ejecutivo y primera clase impulsa las inversiones en el redise\u00f1o de interiores, servicios a bordo personalizados y acceso mejorado a salas&nbsp;<em>VIP<\/em>, lo que refleja un incremento en la competencia por captar al p\u00fablico m\u00e1s exigente.<\/p>\n\n\n\n<p>Fuente: IATA\/ Foto: Boeing<\/p>\n\n\n\n<p><\/p>\n","protected":false},"excerpt":{"rendered":"<p>El segmento de viajes internacionales en clases\u00a0Business\u00a0y\u00a0First\u00a0contin\u00faa en alza y supera las expectativas de las compa\u00f1\u00edas a\u00e9reas. Seg\u00fan el \u00faltimo [&hellip;]<\/p>\n","protected":false},"author":20,"featured_media":17024,"comment_status":"open","ping_status":"open","sticky":false,"template":"","format":"standard","meta":{"site-sidebar-layout":"default","site-content-layout":"","ast-site-content-layout":"default","site-content-style":"default","site-sidebar-style":"default","ast-global-header-display":"","ast-banner-title-visibility":"","ast-main-header-display":"","ast-hfb-above-header-display":"","ast-hfb-below-header-display":"","ast-hfb-mobile-header-display":"","site-post-title":"","ast-breadcrumbs-content":"","ast-featured-img":"","footer-sml-layout":"","ast-disable-related-posts":"","theme-transparent-header-meta":"","adv-header-id-meta":"","stick-header-meta":"","header-above-stick-meta":"","header-main-stick-meta":"","header-below-stick-meta":"","astra-migrate-meta-layouts":"default","ast-page-background-enabled":"default","ast-page-background-meta":{"desktop":{"background-color":"var(--ast-global-color-5)","background-image":"","background-repeat":"repeat","background-position":"center center","background-size":"auto","background-attachment":"scroll","background-type":"","background-media":"","overlay-type":"","overlay-color":"","overlay-opacity":"","overlay-gradient":""},"tablet":{"background-color":"","background-image":"","background-repeat":"repeat","background-position":"center center","background-size":"auto","background-attachment":"scroll","background-type":"","background-media":"","overlay-type":"","overlay-color":"","overlay-opacity":"","overlay-gradient":""},"mobile":{"background-color":"","background-image":"","background-repeat":"repeat","background-position":"center center","background-size":"auto","background-attachment":"scroll","background-type":"","background-media":"","overlay-type":"","overlay-color":"","overlay-opacity":"","overlay-gradient":""}},"ast-content-background-meta":{"desktop":{"background-color":"var(--ast-global-color-4)","background-image":"","background-repeat":"repeat","background-position":"center center","background-size":"auto","background-attachment":"scroll","background-type":"","background-media":"","overlay-type":"","overlay-color":"","overlay-opacity":"","overlay-gradient":""},"tablet":{"background-color":"var(--ast-global-color-4)","background-image":"","background-repeat":"repeat","background-position":"center center","background-size":"auto","background-attachment":"scroll","background-type":"","background-media":"","overlay-type":"","overlay-color":"","overlay-opacity":"","overlay-gradient":""},"mobile":{"background-color":"var(--ast-global-color-4)","background-image":"","background-repeat":"repeat","background-position":"center center","background-size":"auto","background-attachment":"scroll","background-type":"","background-media":"","overlay-type":"","overlay-color":"","overlay-opacity":"","overlay-gradient":""}},"_joinchat":[],"footnotes":""},"categories":[1438],"tags":[1873,1874,1875,24,1863,1872],"class_list":["post-17023","post","type-post","status-publish","format-standard","has-post-thumbnail","hentry","category-aviacion-comercial","tag-clasebusiness-y-first","tag-clasefirst","tag-confortabordo","tag-iata-2","tag-viajerofrecuente","tag-viajesaereos"],"yoast_head":"<!-- This site is optimized with the Yoast SEO plugin v27.3 - https:\/\/yoast.com\/product\/yoast-seo-wordpress\/ -->\n<title>Vuelos de alto valor: m\u00e1s demanda, m\u00e1s inversi\u00f3n y m\u00e1s fidelidad - Aeroespacio<\/title>\n<meta name=\"robots\" content=\"index, follow, max-snippet:-1, max-image-preview:large, max-video-preview:-1\" \/>\n<link rel=\"canonical\" href=\"https:\/\/aeroespacio.com.ar\/?p=17023\" \/>\n<meta property=\"og:locale\" content=\"es_ES\" \/>\n<meta property=\"og:type\" content=\"article\" \/>\n<meta property=\"og:title\" content=\"Vuelos de alto valor: m\u00e1s demanda, m\u00e1s inversi\u00f3n y m\u00e1s fidelidad - Aeroespacio\" \/>\n<meta property=\"og:description\" content=\"El segmento de viajes internacionales en clases\u00a0Business\u00a0y\u00a0First\u00a0contin\u00faa en alza y supera las expectativas de las compa\u00f1\u00edas a\u00e9reas. Seg\u00fan el \u00faltimo [&hellip;]\" \/>\n<meta property=\"og:url\" content=\"https:\/\/aeroespacio.com.ar\/?p=17023\" \/>\n<meta property=\"og:site_name\" content=\"Aeroespacio\" \/>\n<meta property=\"article:published_time\" content=\"2025-08-18T11:37:50+00:00\" \/>\n<meta property=\"article:modified_time\" content=\"2025-08-18T11:37:51+00:00\" \/>\n<meta property=\"og:image\" content=\"https:\/\/aeroespacio.com.ar\/wp-content\/uploads\/2025\/08\/boeing-737-max-9-1.png\" \/>\n\t<meta property=\"og:image:width\" content=\"702\" \/>\n\t<meta property=\"og:image:height\" content=\"350\" \/>\n\t<meta property=\"og:image:type\" content=\"image\/png\" \/>\n<meta name=\"author\" content=\"Jose Operto\" \/>\n<meta name=\"twitter:card\" content=\"summary_large_image\" \/>\n<meta name=\"twitter:label1\" content=\"Escrito por\" \/>\n\t<meta name=\"twitter:data1\" content=\"Jose Operto\" \/>\n\t<meta name=\"twitter:label2\" content=\"Tiempo de lectura\" \/>\n\t<meta name=\"twitter:data2\" content=\"2 minutos\" \/>\n<script type=\"application\/ld+json\" class=\"yoast-schema-graph\">{\"@context\":\"https:\\\/\\\/schema.org\",\"@graph\":[{\"@type\":\"Article\",\"@id\":\"https:\\\/\\\/aeroespacio.com.ar\\\/?p=17023#article\",\"isPartOf\":{\"@id\":\"https:\\\/\\\/aeroespacio.com.ar\\\/?p=17023\"},\"author\":{\"name\":\"Jose Operto\",\"@id\":\"https:\\\/\\\/aeroespacio.com.ar\\\/#\\\/schema\\\/person\\\/6ed044bb77d2eec9f7615badbe365ffa\"},\"headline\":\"Vuelos de alto valor: m\u00e1s demanda, m\u00e1s inversi\u00f3n y m\u00e1s fidelidad\",\"datePublished\":\"2025-08-18T11:37:50+00:00\",\"dateModified\":\"2025-08-18T11:37:51+00:00\",\"mainEntityOfPage\":{\"@id\":\"https:\\\/\\\/aeroespacio.com.ar\\\/?p=17023\"},\"wordCount\":424,\"commentCount\":0,\"image\":{\"@id\":\"https:\\\/\\\/aeroespacio.com.ar\\\/?p=17023#primaryimage\"},\"thumbnailUrl\":\"https:\\\/\\\/aeroespacio.com.ar\\\/wp-content\\\/uploads\\\/2025\\\/08\\\/boeing-737-max-9-1.png\",\"keywords\":[\"#claseBusiness\u00a0y\u00a0First\",\"#ClaseFirst\",\"#Confortabordo\",\"#Iata\",\"#Viajerofrecuente\",\"#Viajesaereos\"],\"articleSection\":[\"Aviaci\u00f3n Comercial\"],\"inLanguage\":\"es-AR\",\"potentialAction\":[{\"@type\":\"CommentAction\",\"name\":\"Comment\",\"target\":[\"https:\\\/\\\/aeroespacio.com.ar\\\/?p=17023#respond\"]}]},{\"@type\":\"WebPage\",\"@id\":\"https:\\\/\\\/aeroespacio.com.ar\\\/?p=17023\",\"url\":\"https:\\\/\\\/aeroespacio.com.ar\\\/?p=17023\",\"name\":\"Vuelos de alto valor: m\u00e1s demanda, m\u00e1s inversi\u00f3n y m\u00e1s fidelidad - Aeroespacio\",\"isPartOf\":{\"@id\":\"https:\\\/\\\/aeroespacio.com.ar\\\/#website\"},\"primaryImageOfPage\":{\"@id\":\"https:\\\/\\\/aeroespacio.com.ar\\\/?p=17023#primaryimage\"},\"image\":{\"@id\":\"https:\\\/\\\/aeroespacio.com.ar\\\/?p=17023#primaryimage\"},\"thumbnailUrl\":\"https:\\\/\\\/aeroespacio.com.ar\\\/wp-content\\\/uploads\\\/2025\\\/08\\\/boeing-737-max-9-1.png\",\"datePublished\":\"2025-08-18T11:37:50+00:00\",\"dateModified\":\"2025-08-18T11:37:51+00:00\",\"author\":{\"@id\":\"https:\\\/\\\/aeroespacio.com.ar\\\/#\\\/schema\\\/person\\\/6ed044bb77d2eec9f7615badbe365ffa\"},\"breadcrumb\":{\"@id\":\"https:\\\/\\\/aeroespacio.com.ar\\\/?p=17023#breadcrumb\"},\"inLanguage\":\"es-AR\",\"potentialAction\":[{\"@type\":\"ReadAction\",\"target\":[\"https:\\\/\\\/aeroespacio.com.ar\\\/?p=17023\"]}]},{\"@type\":\"ImageObject\",\"inLanguage\":\"es-AR\",\"@id\":\"https:\\\/\\\/aeroespacio.com.ar\\\/?p=17023#primaryimage\",\"url\":\"https:\\\/\\\/aeroespacio.com.ar\\\/wp-content\\\/uploads\\\/2025\\\/08\\\/boeing-737-max-9-1.png\",\"contentUrl\":\"https:\\\/\\\/aeroespacio.com.ar\\\/wp-content\\\/uploads\\\/2025\\\/08\\\/boeing-737-max-9-1.png\",\"width\":702,\"height\":350},{\"@type\":\"BreadcrumbList\",\"@id\":\"https:\\\/\\\/aeroespacio.com.ar\\\/?p=17023#breadcrumb\",\"itemListElement\":[{\"@type\":\"ListItem\",\"position\":1,\"name\":\"Inicio\",\"item\":\"https:\\\/\\\/aeroespacio.com.ar\\\/\"},{\"@type\":\"ListItem\",\"position\":2,\"name\":\"Vuelos de alto valor: m\u00e1s demanda, m\u00e1s inversi\u00f3n y m\u00e1s fidelidad\"}]},{\"@type\":\"WebSite\",\"@id\":\"https:\\\/\\\/aeroespacio.com.ar\\\/#website\",\"url\":\"https:\\\/\\\/aeroespacio.com.ar\\\/\",\"name\":\"aeroespacio.com.ar\",\"description\":\"\",\"potentialAction\":[{\"@type\":\"SearchAction\",\"target\":{\"@type\":\"EntryPoint\",\"urlTemplate\":\"https:\\\/\\\/aeroespacio.com.ar\\\/?s={search_term_string}\"},\"query-input\":{\"@type\":\"PropertyValueSpecification\",\"valueRequired\":true,\"valueName\":\"search_term_string\"}}],\"inLanguage\":\"es-AR\"},{\"@type\":\"Person\",\"@id\":\"https:\\\/\\\/aeroespacio.com.ar\\\/#\\\/schema\\\/person\\\/6ed044bb77d2eec9f7615badbe365ffa\",\"name\":\"Jose Operto\",\"image\":{\"@type\":\"ImageObject\",\"inLanguage\":\"es-AR\",\"@id\":\"https:\\\/\\\/secure.gravatar.com\\\/avatar\\\/46c91e2630685531c0b0dd365ca4b4c391e308a6e5811841f817a41623f5da65?s=96&d=mm&r=g\",\"url\":\"https:\\\/\\\/secure.gravatar.com\\\/avatar\\\/46c91e2630685531c0b0dd365ca4b4c391e308a6e5811841f817a41623f5da65?s=96&d=mm&r=g\",\"contentUrl\":\"https:\\\/\\\/secure.gravatar.com\\\/avatar\\\/46c91e2630685531c0b0dd365ca4b4c391e308a6e5811841f817a41623f5da65?s=96&d=mm&r=g\",\"caption\":\"Jose Operto\"},\"url\":\"https:\\\/\\\/aeroespacio.com.ar\\\/?author=20\"}]}<\/script>\n<!-- \/ Yoast SEO plugin. -->","yoast_head_json":{"title":"Vuelos de alto valor: m\u00e1s demanda, m\u00e1s inversi\u00f3n y m\u00e1s fidelidad - Aeroespacio","robots":{"index":"index","follow":"follow","max-snippet":"max-snippet:-1","max-image-preview":"max-image-preview:large","max-video-preview":"max-video-preview:-1"},"canonical":"https:\/\/aeroespacio.com.ar\/?p=17023","og_locale":"es_ES","og_type":"article","og_title":"Vuelos de alto valor: m\u00e1s demanda, m\u00e1s inversi\u00f3n y m\u00e1s fidelidad - Aeroespacio","og_description":"El segmento de viajes internacionales en clases\u00a0Business\u00a0y\u00a0First\u00a0contin\u00faa en alza y supera las expectativas de las compa\u00f1\u00edas a\u00e9reas. Seg\u00fan el \u00faltimo [&hellip;]","og_url":"https:\/\/aeroespacio.com.ar\/?p=17023","og_site_name":"Aeroespacio","article_published_time":"2025-08-18T11:37:50+00:00","article_modified_time":"2025-08-18T11:37:51+00:00","og_image":[{"width":702,"height":350,"url":"https:\/\/aeroespacio.com.ar\/wp-content\/uploads\/2025\/08\/boeing-737-max-9-1.png","type":"image\/png"}],"author":"Jose Operto","twitter_card":"summary_large_image","twitter_misc":{"Escrito por":"Jose Operto","Tiempo de lectura":"2 minutos"},"schema":{"@context":"https:\/\/schema.org","@graph":[{"@type":"Article","@id":"https:\/\/aeroespacio.com.ar\/?p=17023#article","isPartOf":{"@id":"https:\/\/aeroespacio.com.ar\/?p=17023"},"author":{"name":"Jose Operto","@id":"https:\/\/aeroespacio.com.ar\/#\/schema\/person\/6ed044bb77d2eec9f7615badbe365ffa"},"headline":"Vuelos de alto valor: m\u00e1s demanda, m\u00e1s inversi\u00f3n y m\u00e1s fidelidad","datePublished":"2025-08-18T11:37:50+00:00","dateModified":"2025-08-18T11:37:51+00:00","mainEntityOfPage":{"@id":"https:\/\/aeroespacio.com.ar\/?p=17023"},"wordCount":424,"commentCount":0,"image":{"@id":"https:\/\/aeroespacio.com.ar\/?p=17023#primaryimage"},"thumbnailUrl":"https:\/\/aeroespacio.com.ar\/wp-content\/uploads\/2025\/08\/boeing-737-max-9-1.png","keywords":["#claseBusiness\u00a0y\u00a0First","#ClaseFirst","#Confortabordo","#Iata","#Viajerofrecuente","#Viajesaereos"],"articleSection":["Aviaci\u00f3n Comercial"],"inLanguage":"es-AR","potentialAction":[{"@type":"CommentAction","name":"Comment","target":["https:\/\/aeroespacio.com.ar\/?p=17023#respond"]}]},{"@type":"WebPage","@id":"https:\/\/aeroespacio.com.ar\/?p=17023","url":"https:\/\/aeroespacio.com.ar\/?p=17023","name":"Vuelos de alto valor: m\u00e1s demanda, m\u00e1s inversi\u00f3n y m\u00e1s fidelidad - Aeroespacio","isPartOf":{"@id":"https:\/\/aeroespacio.com.ar\/#website"},"primaryImageOfPage":{"@id":"https:\/\/aeroespacio.com.ar\/?p=17023#primaryimage"},"image":{"@id":"https:\/\/aeroespacio.com.ar\/?p=17023#primaryimage"},"thumbnailUrl":"https:\/\/aeroespacio.com.ar\/wp-content\/uploads\/2025\/08\/boeing-737-max-9-1.png","datePublished":"2025-08-18T11:37:50+00:00","dateModified":"2025-08-18T11:37:51+00:00","author":{"@id":"https:\/\/aeroespacio.com.ar\/#\/schema\/person\/6ed044bb77d2eec9f7615badbe365ffa"},"breadcrumb":{"@id":"https:\/\/aeroespacio.com.ar\/?p=17023#breadcrumb"},"inLanguage":"es-AR","potentialAction":[{"@type":"ReadAction","target":["https:\/\/aeroespacio.com.ar\/?p=17023"]}]},{"@type":"ImageObject","inLanguage":"es-AR","@id":"https:\/\/aeroespacio.com.ar\/?p=17023#primaryimage","url":"https:\/\/aeroespacio.com.ar\/wp-content\/uploads\/2025\/08\/boeing-737-max-9-1.png","contentUrl":"https:\/\/aeroespacio.com.ar\/wp-content\/uploads\/2025\/08\/boeing-737-max-9-1.png","width":702,"height":350},{"@type":"BreadcrumbList","@id":"https:\/\/aeroespacio.com.ar\/?p=17023#breadcrumb","itemListElement":[{"@type":"ListItem","position":1,"name":"Inicio","item":"https:\/\/aeroespacio.com.ar\/"},{"@type":"ListItem","position":2,"name":"Vuelos de alto valor: m\u00e1s demanda, m\u00e1s inversi\u00f3n y m\u00e1s fidelidad"}]},{"@type":"WebSite","@id":"https:\/\/aeroespacio.com.ar\/#website","url":"https:\/\/aeroespacio.com.ar\/","name":"aeroespacio.com.ar","description":"","potentialAction":[{"@type":"SearchAction","target":{"@type":"EntryPoint","urlTemplate":"https:\/\/aeroespacio.com.ar\/?s={search_term_string}"},"query-input":{"@type":"PropertyValueSpecification","valueRequired":true,"valueName":"search_term_string"}}],"inLanguage":"es-AR"},{"@type":"Person","@id":"https:\/\/aeroespacio.com.ar\/#\/schema\/person\/6ed044bb77d2eec9f7615badbe365ffa","name":"Jose Operto","image":{"@type":"ImageObject","inLanguage":"es-AR","@id":"https:\/\/secure.gravatar.com\/avatar\/46c91e2630685531c0b0dd365ca4b4c391e308a6e5811841f817a41623f5da65?s=96&d=mm&r=g","url":"https:\/\/secure.gravatar.com\/avatar\/46c91e2630685531c0b0dd365ca4b4c391e308a6e5811841f817a41623f5da65?s=96&d=mm&r=g","contentUrl":"https:\/\/secure.gravatar.com\/avatar\/46c91e2630685531c0b0dd365ca4b4c391e308a6e5811841f817a41623f5da65?s=96&d=mm&r=g","caption":"Jose Operto"},"url":"https:\/\/aeroespacio.com.ar\/?author=20"}]}},"rttpg_featured_image_url":{"full":["https:\/\/aeroespacio.com.ar\/wp-content\/uploads\/2025\/08\/boeing-737-max-9-1.png",702,350,false],"landscape":["https:\/\/aeroespacio.com.ar\/wp-content\/uploads\/2025\/08\/boeing-737-max-9-1.png",702,350,false],"portraits":["https:\/\/aeroespacio.com.ar\/wp-content\/uploads\/2025\/08\/boeing-737-max-9-1.png",702,350,false],"thumbnail":["https:\/\/aeroespacio.com.ar\/wp-content\/uploads\/2025\/08\/boeing-737-max-9-1-150x150.png",150,150,true],"medium":["https:\/\/aeroespacio.com.ar\/wp-content\/uploads\/2025\/08\/boeing-737-max-9-1-300x150.png",300,150,true],"large":["https:\/\/aeroespacio.com.ar\/wp-content\/uploads\/2025\/08\/boeing-737-max-9-1.png",702,350,false],"1536x1536":["https:\/\/aeroespacio.com.ar\/wp-content\/uploads\/2025\/08\/boeing-737-max-9-1.png",702,350,false],"2048x2048":["https:\/\/aeroespacio.com.ar\/wp-content\/uploads\/2025\/08\/boeing-737-max-9-1.png",702,350,false]},"rttpg_author":{"display_name":"Jose Operto","author_link":"https:\/\/aeroespacio.com.ar\/?author=20"},"rttpg_comment":0,"rttpg_category":"<a href=\"https:\/\/aeroespacio.com.ar\/?cat=1438\" rel=\"category\">Aviaci\u00f3n Comercial<\/a>","rttpg_excerpt":"El segmento de viajes internacionales en clases\u00a0Business\u00a0y\u00a0First\u00a0contin\u00faa en alza y supera las expectativas de las compa\u00f1\u00edas a\u00e9reas. Seg\u00fan el \u00faltimo [&hellip;]","_links":{"self":[{"href":"https:\/\/aeroespacio.com.ar\/index.php?rest_route=\/wp\/v2\/posts\/17023","targetHints":{"allow":["GET"]}}],"collection":[{"href":"https:\/\/aeroespacio.com.ar\/index.php?rest_route=\/wp\/v2\/posts"}],"about":[{"href":"https:\/\/aeroespacio.com.ar\/index.php?rest_route=\/wp\/v2\/types\/post"}],"author":[{"embeddable":true,"href":"https:\/\/aeroespacio.com.ar\/index.php?rest_route=\/wp\/v2\/users\/20"}],"replies":[{"embeddable":true,"href":"https:\/\/aeroespacio.com.ar\/index.php?rest_route=%2Fwp%2Fv2%2Fcomments&post=17023"}],"version-history":[{"count":1,"href":"https:\/\/aeroespacio.com.ar\/index.php?rest_route=\/wp\/v2\/posts\/17023\/revisions"}],"predecessor-version":[{"id":17041,"href":"https:\/\/aeroespacio.com.ar\/index.php?rest_route=\/wp\/v2\/posts\/17023\/revisions\/17041"}],"wp:featuredmedia":[{"embeddable":true,"href":"https:\/\/aeroespacio.com.ar\/index.php?rest_route=\/wp\/v2\/media\/17024"}],"wp:attachment":[{"href":"https:\/\/aeroespacio.com.ar\/index.php?rest_route=%2Fwp%2Fv2%2Fmedia&parent=17023"}],"wp:term":[{"taxonomy":"category","embeddable":true,"href":"https:\/\/aeroespacio.com.ar\/index.php?rest_route=%2Fwp%2Fv2%2Fcategories&post=17023"},{"taxonomy":"post_tag","embeddable":true,"href":"https:\/\/aeroespacio.com.ar\/index.php?rest_route=%2Fwp%2Fv2%2Ftags&post=17023"}],"curies":[{"name":"wp","href":"https:\/\/api.w.org\/{rel}","templated":true}]}}