{"id":16990,"date":"2025-08-07T13:17:04","date_gmt":"2025-08-07T13:17:04","guid":{"rendered":"http:\/\/192.168.0.98\/?p=16990"},"modified":"2025-08-07T13:19:44","modified_gmt":"2025-08-07T13:19:44","slug":"aeroparque-duplico-a-ezeiza-en-pasajeros","status":"publish","type":"post","link":"https:\/\/aeroespacio.com.ar\/?p=16990","title":{"rendered":"Aeroparque duplic\u00f3 a Ezeiza en pasajeros"},"content":{"rendered":"\n<p>Un informe de la Administraci\u00f3n Nacional de Aviaci\u00f3n Civil (ANAC), correspondiente al \u00faltimo mes, revel\u00f3 que el Aeroparque Jorge Newbery duplic\u00f3, en cantidad de pasajeros, al Aeropuerto Internacional de Ezeiza.<\/p>\n\n\n\n<p>Las estad\u00edsticas ofrecieron datos destacados: la ciudad de Buenos Aires cerr\u00f3 el mes con m\u00e1s de dos millones de pasajeros, sumando los movimientos en ambos aeropuertos. Aeroparque concentr\u00f3 el mayor flujo, con 1 375 000 pasajeros, mientras que Ezeiza registr\u00f3 740 000. Del total movilizado en Aeroparque, 981 000 corresponden a vuelos de cabotaje y 394 000 a vuelos internacionales. En el caso de Ezeiza, 165 000 fueron pasajeros de cabotaje, y 575 000, al exterior.<\/p>\n\n\n\n<figure class=\"wp-block-image size-large\"><img fetchpriority=\"high\" decoding=\"async\" width=\"1024\" height=\"478\" src=\"https:\/\/aeroespacio.com.ar\/wp-content\/uploads\/2025\/08\/aeroparque-1024x478.jpeg\" alt=\"\" class=\"wp-image-16992\" srcset=\"https:\/\/aeroespacio.com.ar\/wp-content\/uploads\/2025\/08\/aeroparque-1024x478.jpeg 1024w, https:\/\/aeroespacio.com.ar\/wp-content\/uploads\/2025\/08\/aeroparque-300x140.jpeg 300w, https:\/\/aeroespacio.com.ar\/wp-content\/uploads\/2025\/08\/aeroparque-768x358.jpeg 768w, https:\/\/aeroespacio.com.ar\/wp-content\/uploads\/2025\/08\/aeroparque.jpeg 1500w\" sizes=\"(max-width: 1024px) 100vw, 1024px\" \/><\/figure>\n\n\n\n<p>La diferencia entre ambas terminales no solo se refleja en la cantidad de pasajeros, sino tambi\u00e9n en el n\u00famero de operaciones: Aeroparque duplic\u00f3 a Ezeiza en cantidad de vuelos. Esta tendencia de crecimiento sostenido ampli\u00f3 la brecha entre ambos centros aeroportuarios con el paso del tiempo, especialmente tras la pandemia de COVID-19. Esto se debe a que varias compa\u00f1\u00edas a\u00e9reas sumaron vuelos a la terminal ubicada en la costanera \u2013entre ellas Avianca y, pr\u00f3ximamente, Copa Airlines\u2013. Cabe mencionar que GOL, JetSMART, LATAM y Sky tambi\u00e9n est\u00e1n trasladando operaciones desde Ezeiza y abriendo nuevas rutas.<\/p>\n\n\n\n<p>En definitiva, Aeroparque se consolid\u00f3 como la principal terminal a\u00e9rea del pa\u00eds en cuanto a movimiento de turistas, especialmente en vuelos de cabotaje. Ezeiza, por su parte, mantiene su relevancia en vuelos internacionales y regionales, aunque su recuperaci\u00f3n fue m\u00e1s lenta.<\/p>\n\n\n\n<p>En lo que respecta a la infraestructura, la terminal metropolitana realiz\u00f3 obras de ampliaci\u00f3n para adaptarse al aumento de pasajeros, aunque su ubicaci\u00f3n geogr\u00e1fica restringe el potencial de crecimiento. En cambio, la otra, cuenta con un predio m\u00e1s extenso, con terreno disponible en sus alrededores, lo que le brinda una ventaja estrat\u00e9gica para futuras expansiones y mejoras operativas.<\/p>\n\n\n\n<figure class=\"wp-block-image size-large\"><img decoding=\"async\" width=\"1024\" height=\"522\" src=\"https:\/\/aeroespacio.com.ar\/wp-content\/uploads\/2025\/08\/aeroparque-credito-avionescom-1024x522.jpg\" alt=\"\" class=\"wp-image-16993\" srcset=\"https:\/\/aeroespacio.com.ar\/wp-content\/uploads\/2025\/08\/aeroparque-credito-avionescom-1024x522.jpg 1024w, https:\/\/aeroespacio.com.ar\/wp-content\/uploads\/2025\/08\/aeroparque-credito-avionescom-300x153.jpg 300w, https:\/\/aeroespacio.com.ar\/wp-content\/uploads\/2025\/08\/aeroparque-credito-avionescom-768x391.jpg 768w, https:\/\/aeroespacio.com.ar\/wp-content\/uploads\/2025\/08\/aeroparque-credito-avionescom.jpg 1439w\" sizes=\"(max-width: 1024px) 100vw, 1024px\" \/><\/figure>\n\n\n\n<p>Fuente: ANAC<\/p>\n\n\n\n<p>Fotos: ALN News y Aviones.com<\/p>\n\n\n\n<p><\/p>\n","protected":false},"excerpt":{"rendered":"<p>Un informe de la Administraci\u00f3n Nacional de Aviaci\u00f3n Civil (ANAC), correspondiente al \u00faltimo mes, revel\u00f3 que el Aeroparque Jorge Newbery [&hellip;]<\/p>\n","protected":false},"author":20,"featured_media":16991,"comment_status":"open","ping_status":"open","sticky":false,"template":"","format":"standard","meta":{"site-sidebar-layout":"default","site-content-layout":"","ast-site-content-layout":"default","site-content-style":"default","site-sidebar-style":"default","ast-global-header-display":"","ast-banner-title-visibility":"","ast-main-header-display":"","ast-hfb-above-header-display":"","ast-hfb-below-header-display":"","ast-hfb-mobile-header-display":"","site-post-title":"","ast-breadcrumbs-content":"","ast-featured-img":"","footer-sml-layout":"","ast-disable-related-posts":"","theme-transparent-header-meta":"","adv-header-id-meta":"","stick-header-meta":"","header-above-stick-meta":"","header-main-stick-meta":"","header-below-stick-meta":"","astra-migrate-meta-layouts":"default","ast-page-background-enabled":"default","ast-page-background-meta":{"desktop":{"background-color":"var(--ast-global-color-5)","background-image":"","background-repeat":"repeat","background-position":"center center","background-size":"auto","background-attachment":"scroll","background-type":"","background-media":"","overlay-type":"","overlay-color":"","overlay-opacity":"","overlay-gradient":""},"tablet":{"background-color":"","background-image":"","background-repeat":"repeat","background-position":"center center","background-size":"auto","background-attachment":"scroll","background-type":"","background-media":"","overlay-type":"","overlay-color":"","overlay-opacity":"","overlay-gradient":""},"mobile":{"background-color":"","background-image":"","background-repeat":"repeat","background-position":"center center","background-size":"auto","background-attachment":"scroll","background-type":"","background-media":"","overlay-type":"","overlay-color":"","overlay-opacity":"","overlay-gradient":""}},"ast-content-background-meta":{"desktop":{"background-color":"var(--ast-global-color-4)","background-image":"","background-repeat":"repeat","background-position":"center center","background-size":"auto","background-attachment":"scroll","background-type":"","background-media":"","overlay-type":"","overlay-color":"","overlay-opacity":"","overlay-gradient":""},"tablet":{"background-color":"var(--ast-global-color-4)","background-image":"","background-repeat":"repeat","background-position":"center center","background-size":"auto","background-attachment":"scroll","background-type":"","background-media":"","overlay-type":"","overlay-color":"","overlay-opacity":"","overlay-gradient":""},"mobile":{"background-color":"var(--ast-global-color-4)","background-image":"","background-repeat":"repeat","background-position":"center center","background-size":"auto","background-attachment":"scroll","background-type":"","background-media":"","overlay-type":"","overlay-color":"","overlay-opacity":"","overlay-gradient":""}},"_joinchat":[],"footnotes":""},"categories":[1444,1438],"tags":[1491,10,11],"class_list":["post-16990","post","type-post","status-publish","format-standard","has-post-thumbnail","hentry","category-aeropuertos","category-aviacion-comercial","tag-aeroparque-2","tag-aviacion-2","tag-aviacioncomercial-2"],"yoast_head":"<!-- This site is optimized with the Yoast SEO plugin v27.3 - https:\/\/yoast.com\/product\/yoast-seo-wordpress\/ -->\n<title>Aeroparque duplic\u00f3 a Ezeiza en pasajeros - Aeroespacio<\/title>\n<meta name=\"robots\" content=\"index, follow, max-snippet:-1, max-image-preview:large, max-video-preview:-1\" \/>\n<link rel=\"canonical\" href=\"https:\/\/aeroespacio.com.ar\/?p=16990\" \/>\n<meta property=\"og:locale\" content=\"es_ES\" \/>\n<meta property=\"og:type\" content=\"article\" \/>\n<meta property=\"og:title\" content=\"Aeroparque duplic\u00f3 a Ezeiza en pasajeros - Aeroespacio\" \/>\n<meta property=\"og:description\" content=\"Un informe de la Administraci\u00f3n Nacional de Aviaci\u00f3n Civil (ANAC), correspondiente al \u00faltimo mes, revel\u00f3 que el Aeroparque Jorge Newbery [&hellip;]\" \/>\n<meta property=\"og:url\" content=\"https:\/\/aeroespacio.com.ar\/?p=16990\" \/>\n<meta property=\"og:site_name\" content=\"Aeroespacio\" \/>\n<meta property=\"article:published_time\" content=\"2025-08-07T13:17:04+00:00\" \/>\n<meta property=\"article:modified_time\" content=\"2025-08-07T13:19:44+00:00\" \/>\n<meta property=\"og:image\" content=\"https:\/\/aeroespacio.com.ar\/wp-content\/uploads\/2025\/08\/ALN-News.jpg\" \/>\n\t<meta property=\"og:image:width\" content=\"2128\" \/>\n\t<meta property=\"og:image:height\" content=\"1416\" \/>\n\t<meta property=\"og:image:type\" content=\"image\/jpeg\" \/>\n<meta name=\"author\" content=\"Jose Operto\" \/>\n<meta name=\"twitter:card\" content=\"summary_large_image\" \/>\n<meta name=\"twitter:label1\" content=\"Escrito por\" \/>\n\t<meta name=\"twitter:data1\" content=\"Jose Operto\" \/>\n\t<meta name=\"twitter:label2\" content=\"Tiempo de lectura\" \/>\n\t<meta name=\"twitter:data2\" content=\"2 minutos\" \/>\n<script type=\"application\/ld+json\" class=\"yoast-schema-graph\">{\"@context\":\"https:\\\/\\\/schema.org\",\"@graph\":[{\"@type\":\"Article\",\"@id\":\"https:\\\/\\\/aeroespacio.com.ar\\\/?p=16990#article\",\"isPartOf\":{\"@id\":\"https:\\\/\\\/aeroespacio.com.ar\\\/?p=16990\"},\"author\":{\"name\":\"Jose Operto\",\"@id\":\"https:\\\/\\\/aeroespacio.com.ar\\\/#\\\/schema\\\/person\\\/6ed044bb77d2eec9f7615badbe365ffa\"},\"headline\":\"Aeroparque duplic\u00f3 a Ezeiza en pasajeros\",\"datePublished\":\"2025-08-07T13:17:04+00:00\",\"dateModified\":\"2025-08-07T13:19:44+00:00\",\"mainEntityOfPage\":{\"@id\":\"https:\\\/\\\/aeroespacio.com.ar\\\/?p=16990\"},\"wordCount\":320,\"commentCount\":0,\"image\":{\"@id\":\"https:\\\/\\\/aeroespacio.com.ar\\\/?p=16990#primaryimage\"},\"thumbnailUrl\":\"https:\\\/\\\/aeroespacio.com.ar\\\/wp-content\\\/uploads\\\/2025\\\/08\\\/ALN-News.jpg\",\"keywords\":[\"#aeroparque\",\"#aviacion\",\"#aviacioncomercial\"],\"articleSection\":[\"Aeropuertos\",\"Aviaci\u00f3n Comercial\"],\"inLanguage\":\"es-AR\",\"potentialAction\":[{\"@type\":\"CommentAction\",\"name\":\"Comment\",\"target\":[\"https:\\\/\\\/aeroespacio.com.ar\\\/?p=16990#respond\"]}]},{\"@type\":\"WebPage\",\"@id\":\"https:\\\/\\\/aeroespacio.com.ar\\\/?p=16990\",\"url\":\"https:\\\/\\\/aeroespacio.com.ar\\\/?p=16990\",\"name\":\"Aeroparque duplic\u00f3 a Ezeiza en pasajeros - Aeroespacio\",\"isPartOf\":{\"@id\":\"https:\\\/\\\/aeroespacio.com.ar\\\/#website\"},\"primaryImageOfPage\":{\"@id\":\"https:\\\/\\\/aeroespacio.com.ar\\\/?p=16990#primaryimage\"},\"image\":{\"@id\":\"https:\\\/\\\/aeroespacio.com.ar\\\/?p=16990#primaryimage\"},\"thumbnailUrl\":\"https:\\\/\\\/aeroespacio.com.ar\\\/wp-content\\\/uploads\\\/2025\\\/08\\\/ALN-News.jpg\",\"datePublished\":\"2025-08-07T13:17:04+00:00\",\"dateModified\":\"2025-08-07T13:19:44+00:00\",\"author\":{\"@id\":\"https:\\\/\\\/aeroespacio.com.ar\\\/#\\\/schema\\\/person\\\/6ed044bb77d2eec9f7615badbe365ffa\"},\"breadcrumb\":{\"@id\":\"https:\\\/\\\/aeroespacio.com.ar\\\/?p=16990#breadcrumb\"},\"inLanguage\":\"es-AR\",\"potentialAction\":[{\"@type\":\"ReadAction\",\"target\":[\"https:\\\/\\\/aeroespacio.com.ar\\\/?p=16990\"]}]},{\"@type\":\"ImageObject\",\"inLanguage\":\"es-AR\",\"@id\":\"https:\\\/\\\/aeroespacio.com.ar\\\/?p=16990#primaryimage\",\"url\":\"https:\\\/\\\/aeroespacio.com.ar\\\/wp-content\\\/uploads\\\/2025\\\/08\\\/ALN-News.jpg\",\"contentUrl\":\"https:\\\/\\\/aeroespacio.com.ar\\\/wp-content\\\/uploads\\\/2025\\\/08\\\/ALN-News.jpg\",\"width\":2128,\"height\":1416,\"caption\":\"PLZphoto\"},{\"@type\":\"BreadcrumbList\",\"@id\":\"https:\\\/\\\/aeroespacio.com.ar\\\/?p=16990#breadcrumb\",\"itemListElement\":[{\"@type\":\"ListItem\",\"position\":1,\"name\":\"Inicio\",\"item\":\"https:\\\/\\\/aeroespacio.com.ar\\\/\"},{\"@type\":\"ListItem\",\"position\":2,\"name\":\"Aeroparque duplic\u00f3 a Ezeiza en pasajeros\"}]},{\"@type\":\"WebSite\",\"@id\":\"https:\\\/\\\/aeroespacio.com.ar\\\/#website\",\"url\":\"https:\\\/\\\/aeroespacio.com.ar\\\/\",\"name\":\"aeroespacio.com.ar\",\"description\":\"\",\"potentialAction\":[{\"@type\":\"SearchAction\",\"target\":{\"@type\":\"EntryPoint\",\"urlTemplate\":\"https:\\\/\\\/aeroespacio.com.ar\\\/?s={search_term_string}\"},\"query-input\":{\"@type\":\"PropertyValueSpecification\",\"valueRequired\":true,\"valueName\":\"search_term_string\"}}],\"inLanguage\":\"es-AR\"},{\"@type\":\"Person\",\"@id\":\"https:\\\/\\\/aeroespacio.com.ar\\\/#\\\/schema\\\/person\\\/6ed044bb77d2eec9f7615badbe365ffa\",\"name\":\"Jose Operto\",\"image\":{\"@type\":\"ImageObject\",\"inLanguage\":\"es-AR\",\"@id\":\"https:\\\/\\\/secure.gravatar.com\\\/avatar\\\/46c91e2630685531c0b0dd365ca4b4c391e308a6e5811841f817a41623f5da65?s=96&d=mm&r=g\",\"url\":\"https:\\\/\\\/secure.gravatar.com\\\/avatar\\\/46c91e2630685531c0b0dd365ca4b4c391e308a6e5811841f817a41623f5da65?s=96&d=mm&r=g\",\"contentUrl\":\"https:\\\/\\\/secure.gravatar.com\\\/avatar\\\/46c91e2630685531c0b0dd365ca4b4c391e308a6e5811841f817a41623f5da65?s=96&d=mm&r=g\",\"caption\":\"Jose Operto\"},\"url\":\"https:\\\/\\\/aeroespacio.com.ar\\\/?author=20\"}]}<\/script>\n<!-- \/ Yoast SEO plugin. -->","yoast_head_json":{"title":"Aeroparque duplic\u00f3 a Ezeiza en pasajeros - Aeroespacio","robots":{"index":"index","follow":"follow","max-snippet":"max-snippet:-1","max-image-preview":"max-image-preview:large","max-video-preview":"max-video-preview:-1"},"canonical":"https:\/\/aeroespacio.com.ar\/?p=16990","og_locale":"es_ES","og_type":"article","og_title":"Aeroparque duplic\u00f3 a Ezeiza en pasajeros - Aeroespacio","og_description":"Un informe de la Administraci\u00f3n Nacional de Aviaci\u00f3n Civil (ANAC), correspondiente al \u00faltimo mes, revel\u00f3 que el Aeroparque Jorge Newbery [&hellip;]","og_url":"https:\/\/aeroespacio.com.ar\/?p=16990","og_site_name":"Aeroespacio","article_published_time":"2025-08-07T13:17:04+00:00","article_modified_time":"2025-08-07T13:19:44+00:00","og_image":[{"width":2128,"height":1416,"url":"https:\/\/aeroespacio.com.ar\/wp-content\/uploads\/2025\/08\/ALN-News.jpg","type":"image\/jpeg"}],"author":"Jose Operto","twitter_card":"summary_large_image","twitter_misc":{"Escrito por":"Jose Operto","Tiempo de lectura":"2 minutos"},"schema":{"@context":"https:\/\/schema.org","@graph":[{"@type":"Article","@id":"https:\/\/aeroespacio.com.ar\/?p=16990#article","isPartOf":{"@id":"https:\/\/aeroespacio.com.ar\/?p=16990"},"author":{"name":"Jose Operto","@id":"https:\/\/aeroespacio.com.ar\/#\/schema\/person\/6ed044bb77d2eec9f7615badbe365ffa"},"headline":"Aeroparque duplic\u00f3 a Ezeiza en pasajeros","datePublished":"2025-08-07T13:17:04+00:00","dateModified":"2025-08-07T13:19:44+00:00","mainEntityOfPage":{"@id":"https:\/\/aeroespacio.com.ar\/?p=16990"},"wordCount":320,"commentCount":0,"image":{"@id":"https:\/\/aeroespacio.com.ar\/?p=16990#primaryimage"},"thumbnailUrl":"https:\/\/aeroespacio.com.ar\/wp-content\/uploads\/2025\/08\/ALN-News.jpg","keywords":["#aeroparque","#aviacion","#aviacioncomercial"],"articleSection":["Aeropuertos","Aviaci\u00f3n Comercial"],"inLanguage":"es-AR","potentialAction":[{"@type":"CommentAction","name":"Comment","target":["https:\/\/aeroespacio.com.ar\/?p=16990#respond"]}]},{"@type":"WebPage","@id":"https:\/\/aeroespacio.com.ar\/?p=16990","url":"https:\/\/aeroespacio.com.ar\/?p=16990","name":"Aeroparque duplic\u00f3 a Ezeiza en pasajeros - Aeroespacio","isPartOf":{"@id":"https:\/\/aeroespacio.com.ar\/#website"},"primaryImageOfPage":{"@id":"https:\/\/aeroespacio.com.ar\/?p=16990#primaryimage"},"image":{"@id":"https:\/\/aeroespacio.com.ar\/?p=16990#primaryimage"},"thumbnailUrl":"https:\/\/aeroespacio.com.ar\/wp-content\/uploads\/2025\/08\/ALN-News.jpg","datePublished":"2025-08-07T13:17:04+00:00","dateModified":"2025-08-07T13:19:44+00:00","author":{"@id":"https:\/\/aeroespacio.com.ar\/#\/schema\/person\/6ed044bb77d2eec9f7615badbe365ffa"},"breadcrumb":{"@id":"https:\/\/aeroespacio.com.ar\/?p=16990#breadcrumb"},"inLanguage":"es-AR","potentialAction":[{"@type":"ReadAction","target":["https:\/\/aeroespacio.com.ar\/?p=16990"]}]},{"@type":"ImageObject","inLanguage":"es-AR","@id":"https:\/\/aeroespacio.com.ar\/?p=16990#primaryimage","url":"https:\/\/aeroespacio.com.ar\/wp-content\/uploads\/2025\/08\/ALN-News.jpg","contentUrl":"https:\/\/aeroespacio.com.ar\/wp-content\/uploads\/2025\/08\/ALN-News.jpg","width":2128,"height":1416,"caption":"PLZphoto"},{"@type":"BreadcrumbList","@id":"https:\/\/aeroespacio.com.ar\/?p=16990#breadcrumb","itemListElement":[{"@type":"ListItem","position":1,"name":"Inicio","item":"https:\/\/aeroespacio.com.ar\/"},{"@type":"ListItem","position":2,"name":"Aeroparque duplic\u00f3 a Ezeiza en pasajeros"}]},{"@type":"WebSite","@id":"https:\/\/aeroespacio.com.ar\/#website","url":"https:\/\/aeroespacio.com.ar\/","name":"aeroespacio.com.ar","description":"","potentialAction":[{"@type":"SearchAction","target":{"@type":"EntryPoint","urlTemplate":"https:\/\/aeroespacio.com.ar\/?s={search_term_string}"},"query-input":{"@type":"PropertyValueSpecification","valueRequired":true,"valueName":"search_term_string"}}],"inLanguage":"es-AR"},{"@type":"Person","@id":"https:\/\/aeroespacio.com.ar\/#\/schema\/person\/6ed044bb77d2eec9f7615badbe365ffa","name":"Jose Operto","image":{"@type":"ImageObject","inLanguage":"es-AR","@id":"https:\/\/secure.gravatar.com\/avatar\/46c91e2630685531c0b0dd365ca4b4c391e308a6e5811841f817a41623f5da65?s=96&d=mm&r=g","url":"https:\/\/secure.gravatar.com\/avatar\/46c91e2630685531c0b0dd365ca4b4c391e308a6e5811841f817a41623f5da65?s=96&d=mm&r=g","contentUrl":"https:\/\/secure.gravatar.com\/avatar\/46c91e2630685531c0b0dd365ca4b4c391e308a6e5811841f817a41623f5da65?s=96&d=mm&r=g","caption":"Jose Operto"},"url":"https:\/\/aeroespacio.com.ar\/?author=20"}]}},"rttpg_featured_image_url":{"full":["https:\/\/aeroespacio.com.ar\/wp-content\/uploads\/2025\/08\/ALN-News.jpg",2128,1416,false],"landscape":["https:\/\/aeroespacio.com.ar\/wp-content\/uploads\/2025\/08\/ALN-News.jpg",2128,1416,false],"portraits":["https:\/\/aeroespacio.com.ar\/wp-content\/uploads\/2025\/08\/ALN-News.jpg",2128,1416,false],"thumbnail":["https:\/\/aeroespacio.com.ar\/wp-content\/uploads\/2025\/08\/ALN-News-150x150.jpg",150,150,true],"medium":["https:\/\/aeroespacio.com.ar\/wp-content\/uploads\/2025\/08\/ALN-News-300x200.jpg",300,200,true],"large":["https:\/\/aeroespacio.com.ar\/wp-content\/uploads\/2025\/08\/ALN-News-1024x681.jpg",1024,681,true],"1536x1536":["https:\/\/aeroespacio.com.ar\/wp-content\/uploads\/2025\/08\/ALN-News-1536x1022.jpg",1536,1022,true],"2048x2048":["https:\/\/aeroespacio.com.ar\/wp-content\/uploads\/2025\/08\/ALN-News-2048x1363.jpg",2048,1363,true]},"rttpg_author":{"display_name":"Jose Operto","author_link":"https:\/\/aeroespacio.com.ar\/?author=20"},"rttpg_comment":0,"rttpg_category":"<a href=\"https:\/\/aeroespacio.com.ar\/?cat=1444\" rel=\"category\">Aeropuertos<\/a> <a href=\"https:\/\/aeroespacio.com.ar\/?cat=1438\" rel=\"category\">Aviaci\u00f3n Comercial<\/a>","rttpg_excerpt":"Un informe de la Administraci\u00f3n Nacional de Aviaci\u00f3n Civil (ANAC), correspondiente al \u00faltimo mes, revel\u00f3 que el Aeroparque Jorge Newbery [&hellip;]","_links":{"self":[{"href":"https:\/\/aeroespacio.com.ar\/index.php?rest_route=\/wp\/v2\/posts\/16990","targetHints":{"allow":["GET"]}}],"collection":[{"href":"https:\/\/aeroespacio.com.ar\/index.php?rest_route=\/wp\/v2\/posts"}],"about":[{"href":"https:\/\/aeroespacio.com.ar\/index.php?rest_route=\/wp\/v2\/types\/post"}],"author":[{"embeddable":true,"href":"https:\/\/aeroespacio.com.ar\/index.php?rest_route=\/wp\/v2\/users\/20"}],"replies":[{"embeddable":true,"href":"https:\/\/aeroespacio.com.ar\/index.php?rest_route=%2Fwp%2Fv2%2Fcomments&post=16990"}],"version-history":[{"count":1,"href":"https:\/\/aeroespacio.com.ar\/index.php?rest_route=\/wp\/v2\/posts\/16990\/revisions"}],"predecessor-version":[{"id":16994,"href":"https:\/\/aeroespacio.com.ar\/index.php?rest_route=\/wp\/v2\/posts\/16990\/revisions\/16994"}],"wp:featuredmedia":[{"embeddable":true,"href":"https:\/\/aeroespacio.com.ar\/index.php?rest_route=\/wp\/v2\/media\/16991"}],"wp:attachment":[{"href":"https:\/\/aeroespacio.com.ar\/index.php?rest_route=%2Fwp%2Fv2%2Fmedia&parent=16990"}],"wp:term":[{"taxonomy":"category","embeddable":true,"href":"https:\/\/aeroespacio.com.ar\/index.php?rest_route=%2Fwp%2Fv2%2Fcategories&post=16990"},{"taxonomy":"post_tag","embeddable":true,"href":"https:\/\/aeroespacio.com.ar\/index.php?rest_route=%2Fwp%2Fv2%2Ftags&post=16990"}],"curies":[{"name":"wp","href":"https:\/\/api.w.org\/{rel}","templated":true}]}}