{"id":16986,"date":"2025-08-06T11:52:28","date_gmt":"2025-08-06T11:52:28","guid":{"rendered":"http:\/\/192.168.0.98\/?p=16986"},"modified":"2025-08-06T11:52:29","modified_gmt":"2025-08-06T11:52:29","slug":"spacex-lanza-nuevos-starlink-v2-mini-y-amplia-su-constelacion-de-internet-global","status":"publish","type":"post","link":"https:\/\/aeroespacio.com.ar\/?p=16986","title":{"rendered":"SpaceX lanza nuevos Starlink V2 Mini y ampl\u00eda su constelaci\u00f3n de internet global"},"content":{"rendered":"\n<figure class=\"wp-block-image size-large\"><img fetchpriority=\"high\" decoding=\"async\" width=\"1024\" height=\"576\" src=\"https:\/\/aeroespacio.com.ar\/wp-content\/uploads\/2025\/08\/foto-2-1024x576.jpeg\" alt=\"\" class=\"wp-image-16987\" srcset=\"https:\/\/aeroespacio.com.ar\/wp-content\/uploads\/2025\/08\/foto-2-1024x576.jpeg 1024w, https:\/\/aeroespacio.com.ar\/wp-content\/uploads\/2025\/08\/foto-2-300x169.jpeg 300w, https:\/\/aeroespacio.com.ar\/wp-content\/uploads\/2025\/08\/foto-2-768x432.jpeg 768w, https:\/\/aeroespacio.com.ar\/wp-content\/uploads\/2025\/08\/foto-2.jpeg 1280w\" sizes=\"(max-width: 1024px) 100vw, 1024px\" \/><\/figure>\n\n\n\n<p>La empresa aeroespacial&nbsp;SpaceX dio otro paso firme en su ambicioso plan de conectar el mundo con internet satelital de alta velocidad. En la noche del 29 de julio, se lanzaron, con \u00e9xito, 28 nuevos sat\u00e9lites&nbsp;Starlink V2 Mini&nbsp;a bordo de un cohete&nbsp;Falcon 9, desde la estaci\u00f3n de la Fuerza Espacial de Estados Unidos, en Cabo Ca\u00f1averal, Florida.<\/p>\n\n\n\n<p>El despegue, correspondiente a la misi\u00f3n&nbsp;Starlink 10\u201129, se produjo poco antes de la medianoche y es uno de los m\u00e1s recientes de la segunda generaci\u00f3n de sat\u00e9lites, dise\u00f1ados para mejorar el ancho de banda, la cobertura global y la eficiencia de la red.<\/p>\n\n\n\n<p>Los&nbsp;V2 Mini&nbsp;representan una versi\u00f3n intermedia entre la primera generaci\u00f3n y los futuros sat\u00e9lites de mayor capacidad que SpaceX planea lanzar con su sistema Starship. Estos incorporan tecnolog\u00eda de avanzada como los enlaces l\u00e1ser para comunicaci\u00f3n intersatelital y sistemas de propulsi\u00f3n el\u00e9ctrica mejorada, lo que les permite operar de manera m\u00e1s aut\u00f3noma y segura en \u00f3rbita baja.<\/p>\n\n\n\n<p>Tras cumplir su misi\u00f3n, el propulsor del Falcon 9 aterriz\u00f3 con \u00e9xito en la plataforma flotante \u201cA Shortfall of Gravitas\u201d, ubicada en el Atl\u00e1ntico. Esta maniobra, que es una rutina para SpaceX, forma parte del modelo de reutilizaci\u00f3n que reduce costos y tiempos entre misiones.<\/p>\n\n\n\n<p>Con este lanzamiento, la constelaci\u00f3n&nbsp;Starlink supera los 6100 sat\u00e9lites activos, convirti\u00e9ndose en la red de telecomunicaciones orbital m\u00e1s grande desplegada. En la actualidad brinda servicio en 70 pa\u00edses y se proyecta como soluci\u00f3n para zonas rurales o de dif\u00edcil acceso, adem\u00e1s de usos estrat\u00e9gicos en emergencias, navegaci\u00f3n y defensa.<\/p>\n\n\n\n<p>SpaceX proyecta lanzar sat\u00e9lites m\u00e1s potentes con el cohete Starship. De esta manera, con el nuevo lote de V2 Mini, la empresa aeroespacial reforzar\u00e1 su liderazgo en la carrera por el control del internet orbital. Cada lanzamiento no solo suma cobertura, sino que acerca a la \u00f3rbita terrestre a una nueva etapa de conectividad global.<\/p>\n\n\n\n<p>Fuente y foto: Spaceflight&nbsp;<\/p>\n","protected":false},"excerpt":{"rendered":"<p>La empresa aeroespacial&nbsp;SpaceX dio otro paso firme en su ambicioso plan de conectar el mundo con internet satelital de alta [&hellip;]<\/p>\n","protected":false},"author":20,"featured_media":16987,"comment_status":"open","ping_status":"open","sticky":false,"template":"","format":"standard","meta":{"site-sidebar-layout":"default","site-content-layout":"","ast-site-content-layout":"default","site-content-style":"default","site-sidebar-style":"default","ast-global-header-display":"","ast-banner-title-visibility":"","ast-main-header-display":"","ast-hfb-above-header-display":"","ast-hfb-below-header-display":"","ast-hfb-mobile-header-display":"","site-post-title":"","ast-breadcrumbs-content":"","ast-featured-img":"","footer-sml-layout":"","ast-disable-related-posts":"","theme-transparent-header-meta":"","adv-header-id-meta":"","stick-header-meta":"","header-above-stick-meta":"","header-main-stick-meta":"","header-below-stick-meta":"","astra-migrate-meta-layouts":"default","ast-page-background-enabled":"default","ast-page-background-meta":{"desktop":{"background-color":"var(--ast-global-color-5)","background-image":"","background-repeat":"repeat","background-position":"center center","background-size":"auto","background-attachment":"scroll","background-type":"","background-media":"","overlay-type":"","overlay-color":"","overlay-opacity":"","overlay-gradient":""},"tablet":{"background-color":"","background-image":"","background-repeat":"repeat","background-position":"center center","background-size":"auto","background-attachment":"scroll","background-type":"","background-media":"","overlay-type":"","overlay-color":"","overlay-opacity":"","overlay-gradient":""},"mobile":{"background-color":"","background-image":"","background-repeat":"repeat","background-position":"center center","background-size":"auto","background-attachment":"scroll","background-type":"","background-media":"","overlay-type":"","overlay-color":"","overlay-opacity":"","overlay-gradient":""}},"ast-content-background-meta":{"desktop":{"background-color":"var(--ast-global-color-4)","background-image":"","background-repeat":"repeat","background-position":"center center","background-size":"auto","background-attachment":"scroll","background-type":"","background-media":"","overlay-type":"","overlay-color":"","overlay-opacity":"","overlay-gradient":""},"tablet":{"background-color":"var(--ast-global-color-4)","background-image":"","background-repeat":"repeat","background-position":"center center","background-size":"auto","background-attachment":"scroll","background-type":"","background-media":"","overlay-type":"","overlay-color":"","overlay-opacity":"","overlay-gradient":""},"mobile":{"background-color":"var(--ast-global-color-4)","background-image":"","background-repeat":"repeat","background-position":"center center","background-size":"auto","background-attachment":"scroll","background-type":"","background-media":"","overlay-type":"","overlay-color":"","overlay-opacity":"","overlay-gradient":""}},"_joinchat":[],"footnotes":""},"categories":[1446],"tags":[1861,1860,1859,1857,1858],"class_list":["post-16986","post","type-post","status-publish","format-standard","has-post-thumbnail","hentry","category-espacio","tag-cohetestarship","tag-lanzamientodesatelite","tag-satelitestarlinkv2","tag-spacex-2","tag-sateliteaeroespacialspacex"],"yoast_head":"<!-- This site is optimized with the Yoast SEO plugin v27.3 - https:\/\/yoast.com\/product\/yoast-seo-wordpress\/ -->\n<title>SpaceX lanza nuevos Starlink V2 Mini y ampl\u00eda su constelaci\u00f3n de internet global - Aeroespacio<\/title>\n<meta name=\"robots\" content=\"index, follow, max-snippet:-1, max-image-preview:large, max-video-preview:-1\" \/>\n<link rel=\"canonical\" href=\"https:\/\/aeroespacio.com.ar\/?p=16986\" \/>\n<meta property=\"og:locale\" content=\"es_ES\" \/>\n<meta property=\"og:type\" content=\"article\" \/>\n<meta property=\"og:title\" content=\"SpaceX lanza nuevos Starlink V2 Mini y ampl\u00eda su constelaci\u00f3n de internet global - Aeroespacio\" \/>\n<meta property=\"og:description\" content=\"La empresa aeroespacial&nbsp;SpaceX dio otro paso firme en su ambicioso plan de conectar el mundo con internet satelital de alta [&hellip;]\" \/>\n<meta property=\"og:url\" content=\"https:\/\/aeroespacio.com.ar\/?p=16986\" \/>\n<meta property=\"og:site_name\" content=\"Aeroespacio\" \/>\n<meta property=\"article:published_time\" content=\"2025-08-06T11:52:28+00:00\" \/>\n<meta property=\"article:modified_time\" content=\"2025-08-06T11:52:29+00:00\" \/>\n<meta property=\"og:image\" content=\"https:\/\/aeroespacio.com.ar\/wp-content\/uploads\/2025\/08\/foto-2.jpeg\" \/>\n\t<meta property=\"og:image:width\" content=\"1280\" \/>\n\t<meta property=\"og:image:height\" content=\"720\" \/>\n\t<meta property=\"og:image:type\" content=\"image\/jpeg\" \/>\n<meta name=\"author\" content=\"Jose Operto\" \/>\n<meta name=\"twitter:card\" content=\"summary_large_image\" \/>\n<meta name=\"twitter:label1\" content=\"Escrito por\" \/>\n\t<meta name=\"twitter:data1\" content=\"Jose Operto\" \/>\n\t<meta name=\"twitter:label2\" content=\"Tiempo de lectura\" \/>\n\t<meta name=\"twitter:data2\" content=\"2 minutos\" \/>\n<script type=\"application\/ld+json\" class=\"yoast-schema-graph\">{\"@context\":\"https:\\\/\\\/schema.org\",\"@graph\":[{\"@type\":\"Article\",\"@id\":\"https:\\\/\\\/aeroespacio.com.ar\\\/?p=16986#article\",\"isPartOf\":{\"@id\":\"https:\\\/\\\/aeroespacio.com.ar\\\/?p=16986\"},\"author\":{\"name\":\"Jose Operto\",\"@id\":\"https:\\\/\\\/aeroespacio.com.ar\\\/#\\\/schema\\\/person\\\/6ed044bb77d2eec9f7615badbe365ffa\"},\"headline\":\"SpaceX lanza nuevos Starlink V2 Mini y ampl\u00eda su constelaci\u00f3n de internet global\",\"datePublished\":\"2025-08-06T11:52:28+00:00\",\"dateModified\":\"2025-08-06T11:52:29+00:00\",\"mainEntityOfPage\":{\"@id\":\"https:\\\/\\\/aeroespacio.com.ar\\\/?p=16986\"},\"wordCount\":366,\"commentCount\":0,\"image\":{\"@id\":\"https:\\\/\\\/aeroespacio.com.ar\\\/?p=16986#primaryimage\"},\"thumbnailUrl\":\"https:\\\/\\\/aeroespacio.com.ar\\\/wp-content\\\/uploads\\\/2025\\\/08\\\/foto-2.jpeg\",\"keywords\":[\"#CoheteStarship\",\"#Lanzamientodesatelite\",\"#SateliteStarlinkV2\",\"#SpaceX\",\"SateliteaeroespacialSpaceX\"],\"articleSection\":[\"Espacio\"],\"inLanguage\":\"es-AR\",\"potentialAction\":[{\"@type\":\"CommentAction\",\"name\":\"Comment\",\"target\":[\"https:\\\/\\\/aeroespacio.com.ar\\\/?p=16986#respond\"]}]},{\"@type\":\"WebPage\",\"@id\":\"https:\\\/\\\/aeroespacio.com.ar\\\/?p=16986\",\"url\":\"https:\\\/\\\/aeroespacio.com.ar\\\/?p=16986\",\"name\":\"SpaceX lanza nuevos Starlink V2 Mini y ampl\u00eda su constelaci\u00f3n de internet global - Aeroespacio\",\"isPartOf\":{\"@id\":\"https:\\\/\\\/aeroespacio.com.ar\\\/#website\"},\"primaryImageOfPage\":{\"@id\":\"https:\\\/\\\/aeroespacio.com.ar\\\/?p=16986#primaryimage\"},\"image\":{\"@id\":\"https:\\\/\\\/aeroespacio.com.ar\\\/?p=16986#primaryimage\"},\"thumbnailUrl\":\"https:\\\/\\\/aeroespacio.com.ar\\\/wp-content\\\/uploads\\\/2025\\\/08\\\/foto-2.jpeg\",\"datePublished\":\"2025-08-06T11:52:28+00:00\",\"dateModified\":\"2025-08-06T11:52:29+00:00\",\"author\":{\"@id\":\"https:\\\/\\\/aeroespacio.com.ar\\\/#\\\/schema\\\/person\\\/6ed044bb77d2eec9f7615badbe365ffa\"},\"breadcrumb\":{\"@id\":\"https:\\\/\\\/aeroespacio.com.ar\\\/?p=16986#breadcrumb\"},\"inLanguage\":\"es-AR\",\"potentialAction\":[{\"@type\":\"ReadAction\",\"target\":[\"https:\\\/\\\/aeroespacio.com.ar\\\/?p=16986\"]}]},{\"@type\":\"ImageObject\",\"inLanguage\":\"es-AR\",\"@id\":\"https:\\\/\\\/aeroespacio.com.ar\\\/?p=16986#primaryimage\",\"url\":\"https:\\\/\\\/aeroespacio.com.ar\\\/wp-content\\\/uploads\\\/2025\\\/08\\\/foto-2.jpeg\",\"contentUrl\":\"https:\\\/\\\/aeroespacio.com.ar\\\/wp-content\\\/uploads\\\/2025\\\/08\\\/foto-2.jpeg\",\"width\":1280,\"height\":720},{\"@type\":\"BreadcrumbList\",\"@id\":\"https:\\\/\\\/aeroespacio.com.ar\\\/?p=16986#breadcrumb\",\"itemListElement\":[{\"@type\":\"ListItem\",\"position\":1,\"name\":\"Inicio\",\"item\":\"https:\\\/\\\/aeroespacio.com.ar\\\/\"},{\"@type\":\"ListItem\",\"position\":2,\"name\":\"SpaceX lanza nuevos Starlink V2 Mini y ampl\u00eda su constelaci\u00f3n de internet global\"}]},{\"@type\":\"WebSite\",\"@id\":\"https:\\\/\\\/aeroespacio.com.ar\\\/#website\",\"url\":\"https:\\\/\\\/aeroespacio.com.ar\\\/\",\"name\":\"aeroespacio.com.ar\",\"description\":\"\",\"potentialAction\":[{\"@type\":\"SearchAction\",\"target\":{\"@type\":\"EntryPoint\",\"urlTemplate\":\"https:\\\/\\\/aeroespacio.com.ar\\\/?s={search_term_string}\"},\"query-input\":{\"@type\":\"PropertyValueSpecification\",\"valueRequired\":true,\"valueName\":\"search_term_string\"}}],\"inLanguage\":\"es-AR\"},{\"@type\":\"Person\",\"@id\":\"https:\\\/\\\/aeroespacio.com.ar\\\/#\\\/schema\\\/person\\\/6ed044bb77d2eec9f7615badbe365ffa\",\"name\":\"Jose Operto\",\"image\":{\"@type\":\"ImageObject\",\"inLanguage\":\"es-AR\",\"@id\":\"https:\\\/\\\/secure.gravatar.com\\\/avatar\\\/46c91e2630685531c0b0dd365ca4b4c391e308a6e5811841f817a41623f5da65?s=96&d=mm&r=g\",\"url\":\"https:\\\/\\\/secure.gravatar.com\\\/avatar\\\/46c91e2630685531c0b0dd365ca4b4c391e308a6e5811841f817a41623f5da65?s=96&d=mm&r=g\",\"contentUrl\":\"https:\\\/\\\/secure.gravatar.com\\\/avatar\\\/46c91e2630685531c0b0dd365ca4b4c391e308a6e5811841f817a41623f5da65?s=96&d=mm&r=g\",\"caption\":\"Jose Operto\"},\"url\":\"https:\\\/\\\/aeroespacio.com.ar\\\/?author=20\"}]}<\/script>\n<!-- \/ Yoast SEO plugin. -->","yoast_head_json":{"title":"SpaceX lanza nuevos Starlink V2 Mini y ampl\u00eda su constelaci\u00f3n de internet global - Aeroespacio","robots":{"index":"index","follow":"follow","max-snippet":"max-snippet:-1","max-image-preview":"max-image-preview:large","max-video-preview":"max-video-preview:-1"},"canonical":"https:\/\/aeroespacio.com.ar\/?p=16986","og_locale":"es_ES","og_type":"article","og_title":"SpaceX lanza nuevos Starlink V2 Mini y ampl\u00eda su constelaci\u00f3n de internet global - Aeroespacio","og_description":"La empresa aeroespacial&nbsp;SpaceX dio otro paso firme en su ambicioso plan de conectar el mundo con internet satelital de alta [&hellip;]","og_url":"https:\/\/aeroespacio.com.ar\/?p=16986","og_site_name":"Aeroespacio","article_published_time":"2025-08-06T11:52:28+00:00","article_modified_time":"2025-08-06T11:52:29+00:00","og_image":[{"width":1280,"height":720,"url":"https:\/\/aeroespacio.com.ar\/wp-content\/uploads\/2025\/08\/foto-2.jpeg","type":"image\/jpeg"}],"author":"Jose Operto","twitter_card":"summary_large_image","twitter_misc":{"Escrito por":"Jose Operto","Tiempo de lectura":"2 minutos"},"schema":{"@context":"https:\/\/schema.org","@graph":[{"@type":"Article","@id":"https:\/\/aeroespacio.com.ar\/?p=16986#article","isPartOf":{"@id":"https:\/\/aeroespacio.com.ar\/?p=16986"},"author":{"name":"Jose Operto","@id":"https:\/\/aeroespacio.com.ar\/#\/schema\/person\/6ed044bb77d2eec9f7615badbe365ffa"},"headline":"SpaceX lanza nuevos Starlink V2 Mini y ampl\u00eda su constelaci\u00f3n de internet global","datePublished":"2025-08-06T11:52:28+00:00","dateModified":"2025-08-06T11:52:29+00:00","mainEntityOfPage":{"@id":"https:\/\/aeroespacio.com.ar\/?p=16986"},"wordCount":366,"commentCount":0,"image":{"@id":"https:\/\/aeroespacio.com.ar\/?p=16986#primaryimage"},"thumbnailUrl":"https:\/\/aeroespacio.com.ar\/wp-content\/uploads\/2025\/08\/foto-2.jpeg","keywords":["#CoheteStarship","#Lanzamientodesatelite","#SateliteStarlinkV2","#SpaceX","SateliteaeroespacialSpaceX"],"articleSection":["Espacio"],"inLanguage":"es-AR","potentialAction":[{"@type":"CommentAction","name":"Comment","target":["https:\/\/aeroespacio.com.ar\/?p=16986#respond"]}]},{"@type":"WebPage","@id":"https:\/\/aeroespacio.com.ar\/?p=16986","url":"https:\/\/aeroespacio.com.ar\/?p=16986","name":"SpaceX lanza nuevos Starlink V2 Mini y ampl\u00eda su constelaci\u00f3n de internet global - Aeroespacio","isPartOf":{"@id":"https:\/\/aeroespacio.com.ar\/#website"},"primaryImageOfPage":{"@id":"https:\/\/aeroespacio.com.ar\/?p=16986#primaryimage"},"image":{"@id":"https:\/\/aeroespacio.com.ar\/?p=16986#primaryimage"},"thumbnailUrl":"https:\/\/aeroespacio.com.ar\/wp-content\/uploads\/2025\/08\/foto-2.jpeg","datePublished":"2025-08-06T11:52:28+00:00","dateModified":"2025-08-06T11:52:29+00:00","author":{"@id":"https:\/\/aeroespacio.com.ar\/#\/schema\/person\/6ed044bb77d2eec9f7615badbe365ffa"},"breadcrumb":{"@id":"https:\/\/aeroespacio.com.ar\/?p=16986#breadcrumb"},"inLanguage":"es-AR","potentialAction":[{"@type":"ReadAction","target":["https:\/\/aeroespacio.com.ar\/?p=16986"]}]},{"@type":"ImageObject","inLanguage":"es-AR","@id":"https:\/\/aeroespacio.com.ar\/?p=16986#primaryimage","url":"https:\/\/aeroespacio.com.ar\/wp-content\/uploads\/2025\/08\/foto-2.jpeg","contentUrl":"https:\/\/aeroespacio.com.ar\/wp-content\/uploads\/2025\/08\/foto-2.jpeg","width":1280,"height":720},{"@type":"BreadcrumbList","@id":"https:\/\/aeroespacio.com.ar\/?p=16986#breadcrumb","itemListElement":[{"@type":"ListItem","position":1,"name":"Inicio","item":"https:\/\/aeroespacio.com.ar\/"},{"@type":"ListItem","position":2,"name":"SpaceX lanza nuevos Starlink V2 Mini y ampl\u00eda su constelaci\u00f3n de internet global"}]},{"@type":"WebSite","@id":"https:\/\/aeroespacio.com.ar\/#website","url":"https:\/\/aeroespacio.com.ar\/","name":"aeroespacio.com.ar","description":"","potentialAction":[{"@type":"SearchAction","target":{"@type":"EntryPoint","urlTemplate":"https:\/\/aeroespacio.com.ar\/?s={search_term_string}"},"query-input":{"@type":"PropertyValueSpecification","valueRequired":true,"valueName":"search_term_string"}}],"inLanguage":"es-AR"},{"@type":"Person","@id":"https:\/\/aeroespacio.com.ar\/#\/schema\/person\/6ed044bb77d2eec9f7615badbe365ffa","name":"Jose Operto","image":{"@type":"ImageObject","inLanguage":"es-AR","@id":"https:\/\/secure.gravatar.com\/avatar\/46c91e2630685531c0b0dd365ca4b4c391e308a6e5811841f817a41623f5da65?s=96&d=mm&r=g","url":"https:\/\/secure.gravatar.com\/avatar\/46c91e2630685531c0b0dd365ca4b4c391e308a6e5811841f817a41623f5da65?s=96&d=mm&r=g","contentUrl":"https:\/\/secure.gravatar.com\/avatar\/46c91e2630685531c0b0dd365ca4b4c391e308a6e5811841f817a41623f5da65?s=96&d=mm&r=g","caption":"Jose Operto"},"url":"https:\/\/aeroespacio.com.ar\/?author=20"}]}},"rttpg_featured_image_url":{"full":["https:\/\/aeroespacio.com.ar\/wp-content\/uploads\/2025\/08\/foto-2.jpeg",1280,720,false],"landscape":["https:\/\/aeroespacio.com.ar\/wp-content\/uploads\/2025\/08\/foto-2.jpeg",1280,720,false],"portraits":["https:\/\/aeroespacio.com.ar\/wp-content\/uploads\/2025\/08\/foto-2.jpeg",1280,720,false],"thumbnail":["https:\/\/aeroespacio.com.ar\/wp-content\/uploads\/2025\/08\/foto-2-150x150.jpeg",150,150,true],"medium":["https:\/\/aeroespacio.com.ar\/wp-content\/uploads\/2025\/08\/foto-2-300x169.jpeg",300,169,true],"large":["https:\/\/aeroespacio.com.ar\/wp-content\/uploads\/2025\/08\/foto-2-1024x576.jpeg",1024,576,true],"1536x1536":["https:\/\/aeroespacio.com.ar\/wp-content\/uploads\/2025\/08\/foto-2.jpeg",1280,720,false],"2048x2048":["https:\/\/aeroespacio.com.ar\/wp-content\/uploads\/2025\/08\/foto-2.jpeg",1280,720,false]},"rttpg_author":{"display_name":"Jose Operto","author_link":"https:\/\/aeroespacio.com.ar\/?author=20"},"rttpg_comment":0,"rttpg_category":"<a href=\"https:\/\/aeroespacio.com.ar\/?cat=1446\" rel=\"category\">Espacio<\/a>","rttpg_excerpt":"La empresa aeroespacial&nbsp;SpaceX dio otro paso firme en su ambicioso plan de conectar el mundo con internet satelital de alta [&hellip;]","_links":{"self":[{"href":"https:\/\/aeroespacio.com.ar\/index.php?rest_route=\/wp\/v2\/posts\/16986","targetHints":{"allow":["GET"]}}],"collection":[{"href":"https:\/\/aeroespacio.com.ar\/index.php?rest_route=\/wp\/v2\/posts"}],"about":[{"href":"https:\/\/aeroespacio.com.ar\/index.php?rest_route=\/wp\/v2\/types\/post"}],"author":[{"embeddable":true,"href":"https:\/\/aeroespacio.com.ar\/index.php?rest_route=\/wp\/v2\/users\/20"}],"replies":[{"embeddable":true,"href":"https:\/\/aeroespacio.com.ar\/index.php?rest_route=%2Fwp%2Fv2%2Fcomments&post=16986"}],"version-history":[{"count":1,"href":"https:\/\/aeroespacio.com.ar\/index.php?rest_route=\/wp\/v2\/posts\/16986\/revisions"}],"predecessor-version":[{"id":16988,"href":"https:\/\/aeroespacio.com.ar\/index.php?rest_route=\/wp\/v2\/posts\/16986\/revisions\/16988"}],"wp:featuredmedia":[{"embeddable":true,"href":"https:\/\/aeroespacio.com.ar\/index.php?rest_route=\/wp\/v2\/media\/16987"}],"wp:attachment":[{"href":"https:\/\/aeroespacio.com.ar\/index.php?rest_route=%2Fwp%2Fv2%2Fmedia&parent=16986"}],"wp:term":[{"taxonomy":"category","embeddable":true,"href":"https:\/\/aeroespacio.com.ar\/index.php?rest_route=%2Fwp%2Fv2%2Fcategories&post=16986"},{"taxonomy":"post_tag","embeddable":true,"href":"https:\/\/aeroespacio.com.ar\/index.php?rest_route=%2Fwp%2Fv2%2Ftags&post=16986"}],"curies":[{"name":"wp","href":"https:\/\/api.w.org\/{rel}","templated":true}]}}