{"id":16982,"date":"2025-08-05T11:49:10","date_gmt":"2025-08-05T11:49:10","guid":{"rendered":"http:\/\/192.168.0.98\/?p=16982"},"modified":"2025-08-05T11:49:11","modified_gmt":"2025-08-05T11:49:11","slug":"patrullaje-inteligente-francia-despliega-la-robotica-para-proteger-sus-aeropuertos","status":"publish","type":"post","link":"https:\/\/aeroespacio.com.ar\/?p=16982","title":{"rendered":"Patrullaje inteligente: Francia despliega la rob\u00f3tica para proteger sus aeropuertos"},"content":{"rendered":"\n<figure class=\"wp-block-image size-full\"><img fetchpriority=\"high\" decoding=\"async\" width=\"800\" height=\"449\" src=\"https:\/\/aeroespacio.com.ar\/wp-content\/uploads\/2025\/08\/foto.jpeg\" alt=\"\" class=\"wp-image-16983\" srcset=\"https:\/\/aeroespacio.com.ar\/wp-content\/uploads\/2025\/08\/foto.jpeg 800w, https:\/\/aeroespacio.com.ar\/wp-content\/uploads\/2025\/08\/foto-300x168.jpeg 300w, https:\/\/aeroespacio.com.ar\/wp-content\/uploads\/2025\/08\/foto-768x431.jpeg 768w\" sizes=\"(max-width: 800px) 100vw, 800px\" \/><\/figure>\n\n\n\n<p>La aviaci\u00f3n atraviesa una transformaci\u00f3n silenciosa pero contundente. Ya no se trata solo de aviones m\u00e1s r\u00e1pidos o eficientes, sino de c\u00f3mo la inteligencia artificial (IA) y los drones aut\u00f3nomos empiezan a ocupar un lugar activo en la operaci\u00f3n diaria de los aeropuertos, el tr\u00e1fico a\u00e9reo y la seguridad de vuelo.<\/p>\n\n\n\n<p>En Estados Unidos, la Administraci\u00f3n Federal de Aviaci\u00f3n (FAA, por sus siglas en ingl\u00e9s) realiza pruebas intensivas con drones comerciales para detectar, identificar e incluso neutralizar amenazas potenciales en entornos reales. M\u00e1s de 100 drones fueron desplegados en Nueva Jersey para testear tecnolog\u00edas que act\u00faan sin interferir con la navegaci\u00f3n a\u00e9rea tradicional. En paralelo, el Congreso otorg\u00f3 nuevas atribuciones a la FAA para operar sistemas de contramedidas cerca de aeropuertos, lo que evidencia una creciente preocupaci\u00f3n \u2014y al mismo tiempo confianza\u2014 en el uso de IA para gestionar situaciones de alto riesgo.<\/p>\n\n\n\n<p>Desde la NASA tambi\u00e9n se impulsa una revoluci\u00f3n m\u00e1s silenciosa pero igual de profunda. En su Centro Ames, desarrollan un sistema extensible de gesti\u00f3n de tr\u00e1fico a\u00e9reo, llamado xTM, pensado para permitir que drones, eVTOL y aeronaves tradicionales compartan el espacio a\u00e9reo sin conflicto. Las simulaciones permiten analizar miles de trayectorias en minutos, algo que de manera manual llevar\u00eda horas, y ofrecen una validaci\u00f3n casi inmediata sobre la viabilidad de nuevas rutas aut\u00f3nomas.<\/p>\n\n\n\n<p>En California se realizaron las primeras pruebas de vuelos de carga no tripulada que despegan desde aeropuertos regionales y se integran directamente en el espacio a\u00e9reo controlado. Son vuelos operativos reales, con paquetes grandes y trayectorias aut\u00f3nomas, supervisados de manera remota, pero sin intervenci\u00f3n directa. La FAA acompa\u00f1a estas iniciativas con su hoja de ruta, para certificar la IA en aeronaves: un marco t\u00e9cnico que permitir\u00e1 validar, regular y, eventualmente, autorizarla en procesos de vuelo.<\/p>\n\n\n\n<p>Europa tambi\u00e9n avanza. En Francia, el proyecto Pandrone \u2014cofinanciado por el programa estatal France 2030\u2014 desarrolla un sistema de drones aut\u00f3nomos con IA para patrullar per\u00edmetros aeroportuarios. Son sistemas que detectan movimientos sospechosos, alertan a las autoridades y cubren amplias zonas con m\u00e1xima eficiencia.<\/p>\n\n\n\n<p>Incluso la inspecci\u00f3n de aviones empieza a cambiar. El proyecto Air\u2011Cobot, tambi\u00e9n en Francia, mostr\u00f3 un robot colaborativo aut\u00f3nomo capaz de recorrer un fuselaje con sensores 3D, c\u00e1maras y algoritmos de reconocimiento para detectar grietas sin intervenci\u00f3n humana. Es como si la aeronave tuviera su propio inspector digital, siempre disponible y atento.<\/p>\n\n\n\n<p>En los laboratorios y centros de investigaci\u00f3n, como la prestigiosa Universidad de Cornell, en&nbsp;Ithaca, estado de Nueva York,&nbsp;se desarrollan plataformas de gesti\u00f3n a\u00e9rea basadas en IA para simular c\u00f3mo ser\u00e1 el tr\u00e1fico en ciudades donde drones, taxis voladores y aviones convivan en el aire. Todo esto ya est\u00e1 ocurriendo, a escala peque\u00f1a pero constante, bajo supervisi\u00f3n de organismos como la FAA, la NASA o la agencia de innovaci\u00f3n francesa.<\/p>\n\n\n\n<p>Fuente: Administraci\u00f3n Federal de Aviaci\u00f3n, NASA\/ Foto: Innov-atm.org<\/p>\n","protected":false},"excerpt":{"rendered":"<p>La aviaci\u00f3n atraviesa una transformaci\u00f3n silenciosa pero contundente. Ya no se trata solo de aviones m\u00e1s r\u00e1pidos o eficientes, sino [&hellip;]<\/p>\n","protected":false},"author":20,"featured_media":16983,"comment_status":"open","ping_status":"open","sticky":false,"template":"","format":"standard","meta":{"site-sidebar-layout":"default","site-content-layout":"","ast-site-content-layout":"default","site-content-style":"default","site-sidebar-style":"default","ast-global-header-display":"","ast-banner-title-visibility":"","ast-main-header-display":"","ast-hfb-above-header-display":"","ast-hfb-below-header-display":"","ast-hfb-mobile-header-display":"","site-post-title":"","ast-breadcrumbs-content":"","ast-featured-img":"","footer-sml-layout":"","ast-disable-related-posts":"","theme-transparent-header-meta":"","adv-header-id-meta":"","stick-header-meta":"","header-above-stick-meta":"","header-main-stick-meta":"","header-below-stick-meta":"","astra-migrate-meta-layouts":"default","ast-page-background-enabled":"default","ast-page-background-meta":{"desktop":{"background-color":"var(--ast-global-color-5)","background-image":"","background-repeat":"repeat","background-position":"center center","background-size":"auto","background-attachment":"scroll","background-type":"","background-media":"","overlay-type":"","overlay-color":"","overlay-opacity":"","overlay-gradient":""},"tablet":{"background-color":"","background-image":"","background-repeat":"repeat","background-position":"center center","background-size":"auto","background-attachment":"scroll","background-type":"","background-media":"","overlay-type":"","overlay-color":"","overlay-opacity":"","overlay-gradient":""},"mobile":{"background-color":"","background-image":"","background-repeat":"repeat","background-position":"center center","background-size":"auto","background-attachment":"scroll","background-type":"","background-media":"","overlay-type":"","overlay-color":"","overlay-opacity":"","overlay-gradient":""}},"ast-content-background-meta":{"desktop":{"background-color":"var(--ast-global-color-4)","background-image":"","background-repeat":"repeat","background-position":"center center","background-size":"auto","background-attachment":"scroll","background-type":"","background-media":"","overlay-type":"","overlay-color":"","overlay-opacity":"","overlay-gradient":""},"tablet":{"background-color":"var(--ast-global-color-4)","background-image":"","background-repeat":"repeat","background-position":"center center","background-size":"auto","background-attachment":"scroll","background-type":"","background-media":"","overlay-type":"","overlay-color":"","overlay-opacity":"","overlay-gradient":""},"mobile":{"background-color":"var(--ast-global-color-4)","background-image":"","background-repeat":"repeat","background-position":"center center","background-size":"auto","background-attachment":"scroll","background-type":"","background-media":"","overlay-type":"","overlay-color":"","overlay-opacity":"","overlay-gradient":""}},"_joinchat":[],"footnotes":""},"categories":[1434,1523,1766,1441],"tags":[1455,10,11,28,580,193,1856,187],"class_list":["post-16982","post","type-post","status-publish","format-standard","has-post-thumbnail","hentry","category-aviacion-general","category-aviacion-sostenible","category-evtol","category-industria-y-tecnologia","tag-aeropuertos-2","tag-aviacion-2","tag-aviacioncomercial-2","tag-evtol","tag-faa-2","tag-nasa-3","tag-patruyajeinteligenteenaeropuertos","tag-seguridadaerea"],"yoast_head":"<!-- This site is optimized with the Yoast SEO plugin v27.3 - https:\/\/yoast.com\/product\/yoast-seo-wordpress\/ -->\n<title>Patrullaje inteligente: Francia despliega la rob\u00f3tica para proteger sus aeropuertos - Aeroespacio<\/title>\n<meta name=\"robots\" content=\"index, follow, max-snippet:-1, max-image-preview:large, max-video-preview:-1\" \/>\n<link rel=\"canonical\" href=\"https:\/\/aeroespacio.com.ar\/?p=16982\" \/>\n<meta property=\"og:locale\" content=\"es_ES\" \/>\n<meta property=\"og:type\" content=\"article\" \/>\n<meta property=\"og:title\" content=\"Patrullaje inteligente: Francia despliega la rob\u00f3tica para proteger sus aeropuertos - Aeroespacio\" \/>\n<meta property=\"og:description\" content=\"La aviaci\u00f3n atraviesa una transformaci\u00f3n silenciosa pero contundente. Ya no se trata solo de aviones m\u00e1s r\u00e1pidos o eficientes, sino [&hellip;]\" \/>\n<meta property=\"og:url\" content=\"https:\/\/aeroespacio.com.ar\/?p=16982\" \/>\n<meta property=\"og:site_name\" content=\"Aeroespacio\" \/>\n<meta property=\"article:published_time\" content=\"2025-08-05T11:49:10+00:00\" \/>\n<meta property=\"article:modified_time\" content=\"2025-08-05T11:49:11+00:00\" \/>\n<meta property=\"og:image\" content=\"https:\/\/aeroespacio.com.ar\/wp-content\/uploads\/2025\/08\/foto.jpeg\" \/>\n\t<meta property=\"og:image:width\" content=\"800\" \/>\n\t<meta property=\"og:image:height\" content=\"449\" \/>\n\t<meta property=\"og:image:type\" content=\"image\/jpeg\" \/>\n<meta name=\"author\" content=\"Jose Operto\" \/>\n<meta name=\"twitter:card\" content=\"summary_large_image\" \/>\n<meta name=\"twitter:label1\" content=\"Escrito por\" \/>\n\t<meta name=\"twitter:data1\" content=\"Jose Operto\" \/>\n\t<meta name=\"twitter:label2\" content=\"Tiempo de lectura\" \/>\n\t<meta name=\"twitter:data2\" content=\"3 minutos\" \/>\n<script type=\"application\/ld+json\" class=\"yoast-schema-graph\">{\"@context\":\"https:\\\/\\\/schema.org\",\"@graph\":[{\"@type\":\"Article\",\"@id\":\"https:\\\/\\\/aeroespacio.com.ar\\\/?p=16982#article\",\"isPartOf\":{\"@id\":\"https:\\\/\\\/aeroespacio.com.ar\\\/?p=16982\"},\"author\":{\"name\":\"Jose Operto\",\"@id\":\"https:\\\/\\\/aeroespacio.com.ar\\\/#\\\/schema\\\/person\\\/6ed044bb77d2eec9f7615badbe365ffa\"},\"headline\":\"Patrullaje inteligente: Francia despliega la rob\u00f3tica para proteger sus aeropuertos\",\"datePublished\":\"2025-08-05T11:49:10+00:00\",\"dateModified\":\"2025-08-05T11:49:11+00:00\",\"mainEntityOfPage\":{\"@id\":\"https:\\\/\\\/aeroespacio.com.ar\\\/?p=16982\"},\"wordCount\":531,\"commentCount\":0,\"image\":{\"@id\":\"https:\\\/\\\/aeroespacio.com.ar\\\/?p=16982#primaryimage\"},\"thumbnailUrl\":\"https:\\\/\\\/aeroespacio.com.ar\\\/wp-content\\\/uploads\\\/2025\\\/08\\\/foto.jpeg\",\"keywords\":[\"#aeropuertos\",\"#aviacion\",\"#aviacioncomercial\",\"#eVTOL\",\"#FAA\",\"#NASA\",\"#Patruyajeinteligenteenaeropuertos\",\"SeguridadAerea\"],\"articleSection\":[\"Aviaci\u00f3n General\",\"Aviaci\u00f3n Sostenible\",\"eVTOL\",\"Industria y Tecnolog\u00eda\"],\"inLanguage\":\"es-AR\",\"potentialAction\":[{\"@type\":\"CommentAction\",\"name\":\"Comment\",\"target\":[\"https:\\\/\\\/aeroespacio.com.ar\\\/?p=16982#respond\"]}]},{\"@type\":\"WebPage\",\"@id\":\"https:\\\/\\\/aeroespacio.com.ar\\\/?p=16982\",\"url\":\"https:\\\/\\\/aeroespacio.com.ar\\\/?p=16982\",\"name\":\"Patrullaje inteligente: Francia despliega la rob\u00f3tica para proteger sus aeropuertos - Aeroespacio\",\"isPartOf\":{\"@id\":\"https:\\\/\\\/aeroespacio.com.ar\\\/#website\"},\"primaryImageOfPage\":{\"@id\":\"https:\\\/\\\/aeroespacio.com.ar\\\/?p=16982#primaryimage\"},\"image\":{\"@id\":\"https:\\\/\\\/aeroespacio.com.ar\\\/?p=16982#primaryimage\"},\"thumbnailUrl\":\"https:\\\/\\\/aeroespacio.com.ar\\\/wp-content\\\/uploads\\\/2025\\\/08\\\/foto.jpeg\",\"datePublished\":\"2025-08-05T11:49:10+00:00\",\"dateModified\":\"2025-08-05T11:49:11+00:00\",\"author\":{\"@id\":\"https:\\\/\\\/aeroespacio.com.ar\\\/#\\\/schema\\\/person\\\/6ed044bb77d2eec9f7615badbe365ffa\"},\"breadcrumb\":{\"@id\":\"https:\\\/\\\/aeroespacio.com.ar\\\/?p=16982#breadcrumb\"},\"inLanguage\":\"es-AR\",\"potentialAction\":[{\"@type\":\"ReadAction\",\"target\":[\"https:\\\/\\\/aeroespacio.com.ar\\\/?p=16982\"]}]},{\"@type\":\"ImageObject\",\"inLanguage\":\"es-AR\",\"@id\":\"https:\\\/\\\/aeroespacio.com.ar\\\/?p=16982#primaryimage\",\"url\":\"https:\\\/\\\/aeroespacio.com.ar\\\/wp-content\\\/uploads\\\/2025\\\/08\\\/foto.jpeg\",\"contentUrl\":\"https:\\\/\\\/aeroespacio.com.ar\\\/wp-content\\\/uploads\\\/2025\\\/08\\\/foto.jpeg\",\"width\":800,\"height\":449},{\"@type\":\"BreadcrumbList\",\"@id\":\"https:\\\/\\\/aeroespacio.com.ar\\\/?p=16982#breadcrumb\",\"itemListElement\":[{\"@type\":\"ListItem\",\"position\":1,\"name\":\"Inicio\",\"item\":\"https:\\\/\\\/aeroespacio.com.ar\\\/\"},{\"@type\":\"ListItem\",\"position\":2,\"name\":\"Patrullaje inteligente: Francia despliega la rob\u00f3tica para proteger sus aeropuertos\"}]},{\"@type\":\"WebSite\",\"@id\":\"https:\\\/\\\/aeroespacio.com.ar\\\/#website\",\"url\":\"https:\\\/\\\/aeroespacio.com.ar\\\/\",\"name\":\"aeroespacio.com.ar\",\"description\":\"\",\"potentialAction\":[{\"@type\":\"SearchAction\",\"target\":{\"@type\":\"EntryPoint\",\"urlTemplate\":\"https:\\\/\\\/aeroespacio.com.ar\\\/?s={search_term_string}\"},\"query-input\":{\"@type\":\"PropertyValueSpecification\",\"valueRequired\":true,\"valueName\":\"search_term_string\"}}],\"inLanguage\":\"es-AR\"},{\"@type\":\"Person\",\"@id\":\"https:\\\/\\\/aeroespacio.com.ar\\\/#\\\/schema\\\/person\\\/6ed044bb77d2eec9f7615badbe365ffa\",\"name\":\"Jose Operto\",\"image\":{\"@type\":\"ImageObject\",\"inLanguage\":\"es-AR\",\"@id\":\"https:\\\/\\\/secure.gravatar.com\\\/avatar\\\/46c91e2630685531c0b0dd365ca4b4c391e308a6e5811841f817a41623f5da65?s=96&d=mm&r=g\",\"url\":\"https:\\\/\\\/secure.gravatar.com\\\/avatar\\\/46c91e2630685531c0b0dd365ca4b4c391e308a6e5811841f817a41623f5da65?s=96&d=mm&r=g\",\"contentUrl\":\"https:\\\/\\\/secure.gravatar.com\\\/avatar\\\/46c91e2630685531c0b0dd365ca4b4c391e308a6e5811841f817a41623f5da65?s=96&d=mm&r=g\",\"caption\":\"Jose Operto\"},\"url\":\"https:\\\/\\\/aeroespacio.com.ar\\\/?author=20\"}]}<\/script>\n<!-- \/ Yoast SEO plugin. -->","yoast_head_json":{"title":"Patrullaje inteligente: Francia despliega la rob\u00f3tica para proteger sus aeropuertos - Aeroespacio","robots":{"index":"index","follow":"follow","max-snippet":"max-snippet:-1","max-image-preview":"max-image-preview:large","max-video-preview":"max-video-preview:-1"},"canonical":"https:\/\/aeroespacio.com.ar\/?p=16982","og_locale":"es_ES","og_type":"article","og_title":"Patrullaje inteligente: Francia despliega la rob\u00f3tica para proteger sus aeropuertos - Aeroespacio","og_description":"La aviaci\u00f3n atraviesa una transformaci\u00f3n silenciosa pero contundente. Ya no se trata solo de aviones m\u00e1s r\u00e1pidos o eficientes, sino [&hellip;]","og_url":"https:\/\/aeroespacio.com.ar\/?p=16982","og_site_name":"Aeroespacio","article_published_time":"2025-08-05T11:49:10+00:00","article_modified_time":"2025-08-05T11:49:11+00:00","og_image":[{"width":800,"height":449,"url":"https:\/\/aeroespacio.com.ar\/wp-content\/uploads\/2025\/08\/foto.jpeg","type":"image\/jpeg"}],"author":"Jose Operto","twitter_card":"summary_large_image","twitter_misc":{"Escrito por":"Jose Operto","Tiempo de lectura":"3 minutos"},"schema":{"@context":"https:\/\/schema.org","@graph":[{"@type":"Article","@id":"https:\/\/aeroespacio.com.ar\/?p=16982#article","isPartOf":{"@id":"https:\/\/aeroespacio.com.ar\/?p=16982"},"author":{"name":"Jose Operto","@id":"https:\/\/aeroespacio.com.ar\/#\/schema\/person\/6ed044bb77d2eec9f7615badbe365ffa"},"headline":"Patrullaje inteligente: Francia despliega la rob\u00f3tica para proteger sus aeropuertos","datePublished":"2025-08-05T11:49:10+00:00","dateModified":"2025-08-05T11:49:11+00:00","mainEntityOfPage":{"@id":"https:\/\/aeroespacio.com.ar\/?p=16982"},"wordCount":531,"commentCount":0,"image":{"@id":"https:\/\/aeroespacio.com.ar\/?p=16982#primaryimage"},"thumbnailUrl":"https:\/\/aeroespacio.com.ar\/wp-content\/uploads\/2025\/08\/foto.jpeg","keywords":["#aeropuertos","#aviacion","#aviacioncomercial","#eVTOL","#FAA","#NASA","#Patruyajeinteligenteenaeropuertos","SeguridadAerea"],"articleSection":["Aviaci\u00f3n General","Aviaci\u00f3n Sostenible","eVTOL","Industria y Tecnolog\u00eda"],"inLanguage":"es-AR","potentialAction":[{"@type":"CommentAction","name":"Comment","target":["https:\/\/aeroespacio.com.ar\/?p=16982#respond"]}]},{"@type":"WebPage","@id":"https:\/\/aeroespacio.com.ar\/?p=16982","url":"https:\/\/aeroespacio.com.ar\/?p=16982","name":"Patrullaje inteligente: Francia despliega la rob\u00f3tica para proteger sus aeropuertos - Aeroespacio","isPartOf":{"@id":"https:\/\/aeroespacio.com.ar\/#website"},"primaryImageOfPage":{"@id":"https:\/\/aeroespacio.com.ar\/?p=16982#primaryimage"},"image":{"@id":"https:\/\/aeroespacio.com.ar\/?p=16982#primaryimage"},"thumbnailUrl":"https:\/\/aeroespacio.com.ar\/wp-content\/uploads\/2025\/08\/foto.jpeg","datePublished":"2025-08-05T11:49:10+00:00","dateModified":"2025-08-05T11:49:11+00:00","author":{"@id":"https:\/\/aeroespacio.com.ar\/#\/schema\/person\/6ed044bb77d2eec9f7615badbe365ffa"},"breadcrumb":{"@id":"https:\/\/aeroespacio.com.ar\/?p=16982#breadcrumb"},"inLanguage":"es-AR","potentialAction":[{"@type":"ReadAction","target":["https:\/\/aeroespacio.com.ar\/?p=16982"]}]},{"@type":"ImageObject","inLanguage":"es-AR","@id":"https:\/\/aeroespacio.com.ar\/?p=16982#primaryimage","url":"https:\/\/aeroespacio.com.ar\/wp-content\/uploads\/2025\/08\/foto.jpeg","contentUrl":"https:\/\/aeroespacio.com.ar\/wp-content\/uploads\/2025\/08\/foto.jpeg","width":800,"height":449},{"@type":"BreadcrumbList","@id":"https:\/\/aeroespacio.com.ar\/?p=16982#breadcrumb","itemListElement":[{"@type":"ListItem","position":1,"name":"Inicio","item":"https:\/\/aeroespacio.com.ar\/"},{"@type":"ListItem","position":2,"name":"Patrullaje inteligente: Francia despliega la rob\u00f3tica para proteger sus aeropuertos"}]},{"@type":"WebSite","@id":"https:\/\/aeroespacio.com.ar\/#website","url":"https:\/\/aeroespacio.com.ar\/","name":"aeroespacio.com.ar","description":"","potentialAction":[{"@type":"SearchAction","target":{"@type":"EntryPoint","urlTemplate":"https:\/\/aeroespacio.com.ar\/?s={search_term_string}"},"query-input":{"@type":"PropertyValueSpecification","valueRequired":true,"valueName":"search_term_string"}}],"inLanguage":"es-AR"},{"@type":"Person","@id":"https:\/\/aeroespacio.com.ar\/#\/schema\/person\/6ed044bb77d2eec9f7615badbe365ffa","name":"Jose Operto","image":{"@type":"ImageObject","inLanguage":"es-AR","@id":"https:\/\/secure.gravatar.com\/avatar\/46c91e2630685531c0b0dd365ca4b4c391e308a6e5811841f817a41623f5da65?s=96&d=mm&r=g","url":"https:\/\/secure.gravatar.com\/avatar\/46c91e2630685531c0b0dd365ca4b4c391e308a6e5811841f817a41623f5da65?s=96&d=mm&r=g","contentUrl":"https:\/\/secure.gravatar.com\/avatar\/46c91e2630685531c0b0dd365ca4b4c391e308a6e5811841f817a41623f5da65?s=96&d=mm&r=g","caption":"Jose Operto"},"url":"https:\/\/aeroespacio.com.ar\/?author=20"}]}},"rttpg_featured_image_url":{"full":["https:\/\/aeroespacio.com.ar\/wp-content\/uploads\/2025\/08\/foto.jpeg",800,449,false],"landscape":["https:\/\/aeroespacio.com.ar\/wp-content\/uploads\/2025\/08\/foto.jpeg",800,449,false],"portraits":["https:\/\/aeroespacio.com.ar\/wp-content\/uploads\/2025\/08\/foto.jpeg",800,449,false],"thumbnail":["https:\/\/aeroespacio.com.ar\/wp-content\/uploads\/2025\/08\/foto-150x150.jpeg",150,150,true],"medium":["https:\/\/aeroespacio.com.ar\/wp-content\/uploads\/2025\/08\/foto-300x168.jpeg",300,168,true],"large":["https:\/\/aeroespacio.com.ar\/wp-content\/uploads\/2025\/08\/foto.jpeg",800,449,false],"1536x1536":["https:\/\/aeroespacio.com.ar\/wp-content\/uploads\/2025\/08\/foto.jpeg",800,449,false],"2048x2048":["https:\/\/aeroespacio.com.ar\/wp-content\/uploads\/2025\/08\/foto.jpeg",800,449,false]},"rttpg_author":{"display_name":"Jose Operto","author_link":"https:\/\/aeroespacio.com.ar\/?author=20"},"rttpg_comment":0,"rttpg_category":"<a href=\"https:\/\/aeroespacio.com.ar\/?cat=1434\" rel=\"category\">Aviaci\u00f3n General<\/a> <a href=\"https:\/\/aeroespacio.com.ar\/?cat=1523\" rel=\"category\">Aviaci\u00f3n Sostenible<\/a> <a href=\"https:\/\/aeroespacio.com.ar\/?cat=1766\" rel=\"category\">eVTOL<\/a> <a href=\"https:\/\/aeroespacio.com.ar\/?cat=1441\" rel=\"category\">Industria y Tecnolog\u00eda<\/a>","rttpg_excerpt":"La aviaci\u00f3n atraviesa una transformaci\u00f3n silenciosa pero contundente. Ya no se trata solo de aviones m\u00e1s r\u00e1pidos o eficientes, sino [&hellip;]","_links":{"self":[{"href":"https:\/\/aeroespacio.com.ar\/index.php?rest_route=\/wp\/v2\/posts\/16982","targetHints":{"allow":["GET"]}}],"collection":[{"href":"https:\/\/aeroespacio.com.ar\/index.php?rest_route=\/wp\/v2\/posts"}],"about":[{"href":"https:\/\/aeroespacio.com.ar\/index.php?rest_route=\/wp\/v2\/types\/post"}],"author":[{"embeddable":true,"href":"https:\/\/aeroespacio.com.ar\/index.php?rest_route=\/wp\/v2\/users\/20"}],"replies":[{"embeddable":true,"href":"https:\/\/aeroespacio.com.ar\/index.php?rest_route=%2Fwp%2Fv2%2Fcomments&post=16982"}],"version-history":[{"count":1,"href":"https:\/\/aeroespacio.com.ar\/index.php?rest_route=\/wp\/v2\/posts\/16982\/revisions"}],"predecessor-version":[{"id":16984,"href":"https:\/\/aeroespacio.com.ar\/index.php?rest_route=\/wp\/v2\/posts\/16982\/revisions\/16984"}],"wp:featuredmedia":[{"embeddable":true,"href":"https:\/\/aeroespacio.com.ar\/index.php?rest_route=\/wp\/v2\/media\/16983"}],"wp:attachment":[{"href":"https:\/\/aeroespacio.com.ar\/index.php?rest_route=%2Fwp%2Fv2%2Fmedia&parent=16982"}],"wp:term":[{"taxonomy":"category","embeddable":true,"href":"https:\/\/aeroespacio.com.ar\/index.php?rest_route=%2Fwp%2Fv2%2Fcategories&post=16982"},{"taxonomy":"post_tag","embeddable":true,"href":"https:\/\/aeroespacio.com.ar\/index.php?rest_route=%2Fwp%2Fv2%2Ftags&post=16982"}],"curies":[{"name":"wp","href":"https:\/\/api.w.org\/{rel}","templated":true}]}}