{"id":16643,"date":"2025-06-17T12:02:57","date_gmt":"2025-06-17T12:02:57","guid":{"rendered":"http:\/\/192.168.0.98\/?p=16643"},"modified":"2025-06-17T12:02:59","modified_gmt":"2025-06-17T12:02:59","slug":"nuevo-aeropuerto-internacional-jorge-chavez-de-lima-con-tecnologia-de-ultima-generacion","status":"publish","type":"post","link":"https:\/\/aeroespacio.com.ar\/?p=16643","title":{"rendered":"Nuevo Aeropuerto Internacional Jorge Ch\u00e1vez de Lima con tecnolog\u00eda de \u00faltima generaci\u00f3n"},"content":{"rendered":"\n<figure class=\"wp-block-image size-large\"><img fetchpriority=\"high\" decoding=\"async\" width=\"1024\" height=\"641\" src=\"https:\/\/aeroespacio.com.ar\/wp-content\/uploads\/2025\/06\/6829e4580e9ef-1024x641.png\" alt=\"\" class=\"wp-image-16644\" srcset=\"https:\/\/aeroespacio.com.ar\/wp-content\/uploads\/2025\/06\/6829e4580e9ef-1024x641.png 1024w, https:\/\/aeroespacio.com.ar\/wp-content\/uploads\/2025\/06\/6829e4580e9ef-300x188.png 300w, https:\/\/aeroespacio.com.ar\/wp-content\/uploads\/2025\/06\/6829e4580e9ef-768x481.png 768w, https:\/\/aeroespacio.com.ar\/wp-content\/uploads\/2025\/06\/6829e4580e9ef-1536x961.png 1536w, https:\/\/aeroespacio.com.ar\/wp-content\/uploads\/2025\/06\/6829e4580e9ef.png 1556w\" sizes=\"(max-width: 1024px) 100vw, 1024px\" \/><\/figure>\n\n\n\n<p>La apertura del nuevo Aeropuerto Internacional Jorge Ch\u00e1vez marc\u00f3 un antes y un despu\u00e9s en la aviaci\u00f3n comercial de Am\u00e9rica Latina. Con una inversi\u00f3n superior a los 2000 millones de d\u00f3lares, la moderna terminal \u2014que comenz\u00f3 a operar el 1 de junio\u2014 busca posicionarse como la m\u00e1s avanzada de la regi\u00f3n. En este objetivo, la compa\u00f1\u00eda tecnol\u00f3gica SITA desempe\u00f1a un papel fundamental al dotar al aeropuerto con una plataforma integral de autoservicio que revolucionar\u00e1 la experiencia de viaje.<\/p>\n\n\n\n<p>Con una superficie de 270 000 metros cuadrados y 46 puertas de embarque, el edificio tiene capacidad para atender hasta 40 millones de pasajeros anuales. En ese marco, SITA \u2014l\u00edder global en soluciones tecnol\u00f3gicas para el transporte a\u00e9reo\u2014 fue elegida por Lima Airport Partners (LAP), concesionaria aeroportuaria, para suministrar un conjunto de herramientas de autoservicio dise\u00f1adas para agilizar y simplificar los procesos previos al vuelo.<\/p>\n\n\n\n<p>La plataforma implementada incluye quioscos de auto&nbsp;<em>check-in<\/em>, etiquetas de equipaje autom\u00e1ticas, puertas biom\u00e9tricas para embarque sin contacto y sistemas avanzados de gesti\u00f3n de flujos. Estas soluciones est\u00e1n orientadas no solo a mejorar la experiencia del pasajero, sino tambi\u00e9n a optimizar la eficiencia operativa de las aerol\u00edneas y del aeropuerto en su conjunto.<\/p>\n\n\n\n<p>Augusto Santos, vicepresidente de SITA para Am\u00e9rica Latina, afirm\u00f3: \u201cNuestra misi\u00f3n es transformar la experiencia del pasajero con soluciones innovadoras y eficientes que optimicen el funcionamiento en el Jorge Ch\u00e1vez\u201d. Y agreg\u00f3: \u201cLa tecnolog\u00eda que implementamos no solo facilitar\u00e1 procesos m\u00e1s \u00e1giles, sino que garantizar\u00e1 est\u00e1ndares de seguridad y conectividad de primer nivel\u201d.<\/p>\n\n\n\n<p>Por su parte, el gerente central de operaciones de LAP, Turgay Kircar, destac\u00f3 que: \u201cLa adopci\u00f3n de esta infraestructura nos permite ofrecer tecnolog\u00eda de punta a todas las aerol\u00edneas, asegurando la circulaci\u00f3n de pasajeros m\u00e1s fluida, segura y eficiente\u201d.<\/p>\n\n\n\n<p>El aer\u00f3dromo no solo estrena un nuevo terminal, sino tambi\u00e9n una segunda pista de aterrizaje y una moderna torre de control, elementos clave para permitir operaciones simult\u00e1neas y garantizar mayor frecuencia y puntualidad en los vuelos.<\/p>\n\n\n\n<p>En las semanas previas a su inauguraci\u00f3n, el nuevo Jorge Ch\u00e1vez realiz\u00f3 una serie de vuelos de prueba bajo el esquema de &#8220;marcha blanca&#8221;, movilizando m\u00e1s de 22 000 pasajeros y 116 vuelos internacionales. Esta etapa sirvi\u00f3 para poner a punto los sistemas, capacitar al personal y validar los procesos automatizados implementados por SITA.<\/p>\n\n\n\n<p>Con esta alianza estrat\u00e9gica, el Aeropuerto Internacional se posiciona como un modelo a seguir en la regi\u00f3n, integrando innovaci\u00f3n tecnol\u00f3gica, eficiencia operativa e inclusi\u00f3n para recibir a millones de pasajeros, cada a\u00f1o, en un entorno moderno, seguro y sostenible.Fuente: SITA, prensa. Fotos: Infobae<\/p>\n","protected":false},"excerpt":{"rendered":"<p>La apertura del nuevo Aeropuerto Internacional Jorge Ch\u00e1vez marc\u00f3 un antes y un despu\u00e9s en la aviaci\u00f3n comercial de Am\u00e9rica [&hellip;]<\/p>\n","protected":false},"author":20,"featured_media":16644,"comment_status":"open","ping_status":"open","sticky":false,"template":"","format":"standard","meta":{"site-sidebar-layout":"default","site-content-layout":"","ast-site-content-layout":"default","site-content-style":"default","site-sidebar-style":"default","ast-global-header-display":"","ast-banner-title-visibility":"","ast-main-header-display":"","ast-hfb-above-header-display":"","ast-hfb-below-header-display":"","ast-hfb-mobile-header-display":"","site-post-title":"","ast-breadcrumbs-content":"","ast-featured-img":"","footer-sml-layout":"","ast-disable-related-posts":"","theme-transparent-header-meta":"","adv-header-id-meta":"","stick-header-meta":"","header-above-stick-meta":"","header-main-stick-meta":"","header-below-stick-meta":"","astra-migrate-meta-layouts":"default","ast-page-background-enabled":"default","ast-page-background-meta":{"desktop":{"background-color":"var(--ast-global-color-5)","background-image":"","background-repeat":"repeat","background-position":"center center","background-size":"auto","background-attachment":"scroll","background-type":"","background-media":"","overlay-type":"","overlay-color":"","overlay-opacity":"","overlay-gradient":""},"tablet":{"background-color":"","background-image":"","background-repeat":"repeat","background-position":"center center","background-size":"auto","background-attachment":"scroll","background-type":"","background-media":"","overlay-type":"","overlay-color":"","overlay-opacity":"","overlay-gradient":""},"mobile":{"background-color":"","background-image":"","background-repeat":"repeat","background-position":"center center","background-size":"auto","background-attachment":"scroll","background-type":"","background-media":"","overlay-type":"","overlay-color":"","overlay-opacity":"","overlay-gradient":""}},"ast-content-background-meta":{"desktop":{"background-color":"var(--ast-global-color-4)","background-image":"","background-repeat":"repeat","background-position":"center center","background-size":"auto","background-attachment":"scroll","background-type":"","background-media":"","overlay-type":"","overlay-color":"","overlay-opacity":"","overlay-gradient":""},"tablet":{"background-color":"var(--ast-global-color-4)","background-image":"","background-repeat":"repeat","background-position":"center center","background-size":"auto","background-attachment":"scroll","background-type":"","background-media":"","overlay-type":"","overlay-color":"","overlay-opacity":"","overlay-gradient":""},"mobile":{"background-color":"var(--ast-global-color-4)","background-image":"","background-repeat":"repeat","background-position":"center center","background-size":"auto","background-attachment":"scroll","background-type":"","background-media":"","overlay-type":"","overlay-color":"","overlay-opacity":"","overlay-gradient":""}},"_joinchat":[],"footnotes":""},"categories":[1444],"tags":[1780,1784,1781,1785,1782,1783],"class_list":["post-16643","post","type-post","status-publish","format-standard","has-post-thumbnail","hentry","category-aeropuertos","tag-aeropuertointernacionaljorgechavez","tag-limaairportpartners","tag-nuevoaeropuertodelima","tag-peru","tag-sita","tag-tecnologiaaeroportuaria"],"yoast_head":"<!-- This site is optimized with the Yoast SEO plugin v27.3 - https:\/\/yoast.com\/product\/yoast-seo-wordpress\/ -->\n<title>Nuevo Aeropuerto Internacional Jorge Ch\u00e1vez de Lima con tecnolog\u00eda de \u00faltima generaci\u00f3n - Aeroespacio<\/title>\n<meta name=\"robots\" content=\"index, follow, max-snippet:-1, max-image-preview:large, max-video-preview:-1\" \/>\n<link rel=\"canonical\" href=\"https:\/\/aeroespacio.com.ar\/?p=16643\" \/>\n<meta property=\"og:locale\" content=\"es_ES\" \/>\n<meta property=\"og:type\" content=\"article\" \/>\n<meta property=\"og:title\" content=\"Nuevo Aeropuerto Internacional Jorge Ch\u00e1vez de Lima con tecnolog\u00eda de \u00faltima generaci\u00f3n - Aeroespacio\" \/>\n<meta property=\"og:description\" content=\"La apertura del nuevo Aeropuerto Internacional Jorge Ch\u00e1vez marc\u00f3 un antes y un despu\u00e9s en la aviaci\u00f3n comercial de Am\u00e9rica [&hellip;]\" \/>\n<meta property=\"og:url\" content=\"https:\/\/aeroespacio.com.ar\/?p=16643\" \/>\n<meta property=\"og:site_name\" content=\"Aeroespacio\" \/>\n<meta property=\"article:published_time\" content=\"2025-06-17T12:02:57+00:00\" \/>\n<meta property=\"article:modified_time\" content=\"2025-06-17T12:02:59+00:00\" \/>\n<meta property=\"og:image\" content=\"https:\/\/aeroespacio.com.ar\/wp-content\/uploads\/2025\/06\/6829e4580e9ef-1024x641.png\" \/>\n\t<meta property=\"og:image:width\" content=\"1024\" \/>\n\t<meta property=\"og:image:height\" content=\"641\" \/>\n\t<meta property=\"og:image:type\" content=\"image\/png\" \/>\n<meta name=\"author\" content=\"Jose Operto\" \/>\n<meta name=\"twitter:card\" content=\"summary_large_image\" \/>\n<meta name=\"twitter:label1\" content=\"Escrito por\" \/>\n\t<meta name=\"twitter:data1\" content=\"Jose Operto\" \/>\n<script type=\"application\/ld+json\" class=\"yoast-schema-graph\">{\"@context\":\"https:\\\/\\\/schema.org\",\"@graph\":[{\"@type\":\"Article\",\"@id\":\"https:\\\/\\\/aeroespacio.com.ar\\\/?p=16643#article\",\"isPartOf\":{\"@id\":\"https:\\\/\\\/aeroespacio.com.ar\\\/?p=16643\"},\"author\":{\"name\":\"Jose Operto\",\"@id\":\"https:\\\/\\\/aeroespacio.com.ar\\\/#\\\/schema\\\/person\\\/6ed044bb77d2eec9f7615badbe365ffa\"},\"headline\":\"Nuevo Aeropuerto Internacional Jorge Ch\u00e1vez de Lima con tecnolog\u00eda de \u00faltima generaci\u00f3n\",\"datePublished\":\"2025-06-17T12:02:57+00:00\",\"dateModified\":\"2025-06-17T12:02:59+00:00\",\"mainEntityOfPage\":{\"@id\":\"https:\\\/\\\/aeroespacio.com.ar\\\/?p=16643\"},\"wordCount\":473,\"commentCount\":0,\"image\":{\"@id\":\"https:\\\/\\\/aeroespacio.com.ar\\\/?p=16643#primaryimage\"},\"thumbnailUrl\":\"https:\\\/\\\/aeroespacio.com.ar\\\/wp-content\\\/uploads\\\/2025\\\/06\\\/6829e4580e9ef.png\",\"keywords\":[\"#aeropuertoInternacionalJorgeChavez\",\"#LimaAirportPartners\",\"#NuevoaeropuertodeLima\",\"#Peru\",\"#SITA\",\"#Tecnologiaaeroportuaria\"],\"articleSection\":[\"Aeropuertos\"],\"inLanguage\":\"es-AR\",\"potentialAction\":[{\"@type\":\"CommentAction\",\"name\":\"Comment\",\"target\":[\"https:\\\/\\\/aeroespacio.com.ar\\\/?p=16643#respond\"]}]},{\"@type\":\"WebPage\",\"@id\":\"https:\\\/\\\/aeroespacio.com.ar\\\/?p=16643\",\"url\":\"https:\\\/\\\/aeroespacio.com.ar\\\/?p=16643\",\"name\":\"Nuevo Aeropuerto Internacional Jorge Ch\u00e1vez de Lima con tecnolog\u00eda de \u00faltima generaci\u00f3n - Aeroespacio\",\"isPartOf\":{\"@id\":\"https:\\\/\\\/aeroespacio.com.ar\\\/#website\"},\"primaryImageOfPage\":{\"@id\":\"https:\\\/\\\/aeroespacio.com.ar\\\/?p=16643#primaryimage\"},\"image\":{\"@id\":\"https:\\\/\\\/aeroespacio.com.ar\\\/?p=16643#primaryimage\"},\"thumbnailUrl\":\"https:\\\/\\\/aeroespacio.com.ar\\\/wp-content\\\/uploads\\\/2025\\\/06\\\/6829e4580e9ef.png\",\"datePublished\":\"2025-06-17T12:02:57+00:00\",\"dateModified\":\"2025-06-17T12:02:59+00:00\",\"author\":{\"@id\":\"https:\\\/\\\/aeroespacio.com.ar\\\/#\\\/schema\\\/person\\\/6ed044bb77d2eec9f7615badbe365ffa\"},\"breadcrumb\":{\"@id\":\"https:\\\/\\\/aeroespacio.com.ar\\\/?p=16643#breadcrumb\"},\"inLanguage\":\"es-AR\",\"potentialAction\":[{\"@type\":\"ReadAction\",\"target\":[\"https:\\\/\\\/aeroespacio.com.ar\\\/?p=16643\"]}]},{\"@type\":\"ImageObject\",\"inLanguage\":\"es-AR\",\"@id\":\"https:\\\/\\\/aeroespacio.com.ar\\\/?p=16643#primaryimage\",\"url\":\"https:\\\/\\\/aeroespacio.com.ar\\\/wp-content\\\/uploads\\\/2025\\\/06\\\/6829e4580e9ef.png\",\"contentUrl\":\"https:\\\/\\\/aeroespacio.com.ar\\\/wp-content\\\/uploads\\\/2025\\\/06\\\/6829e4580e9ef.png\",\"width\":1556,\"height\":974},{\"@type\":\"BreadcrumbList\",\"@id\":\"https:\\\/\\\/aeroespacio.com.ar\\\/?p=16643#breadcrumb\",\"itemListElement\":[{\"@type\":\"ListItem\",\"position\":1,\"name\":\"Inicio\",\"item\":\"https:\\\/\\\/aeroespacio.com.ar\\\/\"},{\"@type\":\"ListItem\",\"position\":2,\"name\":\"Nuevo Aeropuerto Internacional Jorge Ch\u00e1vez de Lima con tecnolog\u00eda de \u00faltima generaci\u00f3n\"}]},{\"@type\":\"WebSite\",\"@id\":\"https:\\\/\\\/aeroespacio.com.ar\\\/#website\",\"url\":\"https:\\\/\\\/aeroespacio.com.ar\\\/\",\"name\":\"aeroespacio.com.ar\",\"description\":\"\",\"potentialAction\":[{\"@type\":\"SearchAction\",\"target\":{\"@type\":\"EntryPoint\",\"urlTemplate\":\"https:\\\/\\\/aeroespacio.com.ar\\\/?s={search_term_string}\"},\"query-input\":{\"@type\":\"PropertyValueSpecification\",\"valueRequired\":true,\"valueName\":\"search_term_string\"}}],\"inLanguage\":\"es-AR\"},{\"@type\":\"Person\",\"@id\":\"https:\\\/\\\/aeroespacio.com.ar\\\/#\\\/schema\\\/person\\\/6ed044bb77d2eec9f7615badbe365ffa\",\"name\":\"Jose Operto\",\"image\":{\"@type\":\"ImageObject\",\"inLanguage\":\"es-AR\",\"@id\":\"https:\\\/\\\/secure.gravatar.com\\\/avatar\\\/46c91e2630685531c0b0dd365ca4b4c391e308a6e5811841f817a41623f5da65?s=96&d=mm&r=g\",\"url\":\"https:\\\/\\\/secure.gravatar.com\\\/avatar\\\/46c91e2630685531c0b0dd365ca4b4c391e308a6e5811841f817a41623f5da65?s=96&d=mm&r=g\",\"contentUrl\":\"https:\\\/\\\/secure.gravatar.com\\\/avatar\\\/46c91e2630685531c0b0dd365ca4b4c391e308a6e5811841f817a41623f5da65?s=96&d=mm&r=g\",\"caption\":\"Jose Operto\"},\"url\":\"https:\\\/\\\/aeroespacio.com.ar\\\/?author=20\"}]}<\/script>\n<!-- \/ Yoast SEO plugin. -->","yoast_head_json":{"title":"Nuevo Aeropuerto Internacional Jorge Ch\u00e1vez de Lima con tecnolog\u00eda de \u00faltima generaci\u00f3n - Aeroespacio","robots":{"index":"index","follow":"follow","max-snippet":"max-snippet:-1","max-image-preview":"max-image-preview:large","max-video-preview":"max-video-preview:-1"},"canonical":"https:\/\/aeroespacio.com.ar\/?p=16643","og_locale":"es_ES","og_type":"article","og_title":"Nuevo Aeropuerto Internacional Jorge Ch\u00e1vez de Lima con tecnolog\u00eda de \u00faltima generaci\u00f3n - Aeroespacio","og_description":"La apertura del nuevo Aeropuerto Internacional Jorge Ch\u00e1vez marc\u00f3 un antes y un despu\u00e9s en la aviaci\u00f3n comercial de Am\u00e9rica [&hellip;]","og_url":"https:\/\/aeroespacio.com.ar\/?p=16643","og_site_name":"Aeroespacio","article_published_time":"2025-06-17T12:02:57+00:00","article_modified_time":"2025-06-17T12:02:59+00:00","og_image":[{"width":1024,"height":641,"url":"https:\/\/aeroespacio.com.ar\/wp-content\/uploads\/2025\/06\/6829e4580e9ef-1024x641.png","type":"image\/png"}],"author":"Jose Operto","twitter_card":"summary_large_image","twitter_misc":{"Escrito por":"Jose Operto"},"schema":{"@context":"https:\/\/schema.org","@graph":[{"@type":"Article","@id":"https:\/\/aeroespacio.com.ar\/?p=16643#article","isPartOf":{"@id":"https:\/\/aeroespacio.com.ar\/?p=16643"},"author":{"name":"Jose Operto","@id":"https:\/\/aeroespacio.com.ar\/#\/schema\/person\/6ed044bb77d2eec9f7615badbe365ffa"},"headline":"Nuevo Aeropuerto Internacional Jorge Ch\u00e1vez de Lima con tecnolog\u00eda de \u00faltima generaci\u00f3n","datePublished":"2025-06-17T12:02:57+00:00","dateModified":"2025-06-17T12:02:59+00:00","mainEntityOfPage":{"@id":"https:\/\/aeroespacio.com.ar\/?p=16643"},"wordCount":473,"commentCount":0,"image":{"@id":"https:\/\/aeroespacio.com.ar\/?p=16643#primaryimage"},"thumbnailUrl":"https:\/\/aeroespacio.com.ar\/wp-content\/uploads\/2025\/06\/6829e4580e9ef.png","keywords":["#aeropuertoInternacionalJorgeChavez","#LimaAirportPartners","#NuevoaeropuertodeLima","#Peru","#SITA","#Tecnologiaaeroportuaria"],"articleSection":["Aeropuertos"],"inLanguage":"es-AR","potentialAction":[{"@type":"CommentAction","name":"Comment","target":["https:\/\/aeroespacio.com.ar\/?p=16643#respond"]}]},{"@type":"WebPage","@id":"https:\/\/aeroespacio.com.ar\/?p=16643","url":"https:\/\/aeroespacio.com.ar\/?p=16643","name":"Nuevo Aeropuerto Internacional Jorge Ch\u00e1vez de Lima con tecnolog\u00eda de \u00faltima generaci\u00f3n - Aeroespacio","isPartOf":{"@id":"https:\/\/aeroespacio.com.ar\/#website"},"primaryImageOfPage":{"@id":"https:\/\/aeroespacio.com.ar\/?p=16643#primaryimage"},"image":{"@id":"https:\/\/aeroespacio.com.ar\/?p=16643#primaryimage"},"thumbnailUrl":"https:\/\/aeroespacio.com.ar\/wp-content\/uploads\/2025\/06\/6829e4580e9ef.png","datePublished":"2025-06-17T12:02:57+00:00","dateModified":"2025-06-17T12:02:59+00:00","author":{"@id":"https:\/\/aeroespacio.com.ar\/#\/schema\/person\/6ed044bb77d2eec9f7615badbe365ffa"},"breadcrumb":{"@id":"https:\/\/aeroespacio.com.ar\/?p=16643#breadcrumb"},"inLanguage":"es-AR","potentialAction":[{"@type":"ReadAction","target":["https:\/\/aeroespacio.com.ar\/?p=16643"]}]},{"@type":"ImageObject","inLanguage":"es-AR","@id":"https:\/\/aeroespacio.com.ar\/?p=16643#primaryimage","url":"https:\/\/aeroespacio.com.ar\/wp-content\/uploads\/2025\/06\/6829e4580e9ef.png","contentUrl":"https:\/\/aeroespacio.com.ar\/wp-content\/uploads\/2025\/06\/6829e4580e9ef.png","width":1556,"height":974},{"@type":"BreadcrumbList","@id":"https:\/\/aeroespacio.com.ar\/?p=16643#breadcrumb","itemListElement":[{"@type":"ListItem","position":1,"name":"Inicio","item":"https:\/\/aeroespacio.com.ar\/"},{"@type":"ListItem","position":2,"name":"Nuevo Aeropuerto Internacional Jorge Ch\u00e1vez de Lima con tecnolog\u00eda de \u00faltima generaci\u00f3n"}]},{"@type":"WebSite","@id":"https:\/\/aeroespacio.com.ar\/#website","url":"https:\/\/aeroespacio.com.ar\/","name":"aeroespacio.com.ar","description":"","potentialAction":[{"@type":"SearchAction","target":{"@type":"EntryPoint","urlTemplate":"https:\/\/aeroespacio.com.ar\/?s={search_term_string}"},"query-input":{"@type":"PropertyValueSpecification","valueRequired":true,"valueName":"search_term_string"}}],"inLanguage":"es-AR"},{"@type":"Person","@id":"https:\/\/aeroespacio.com.ar\/#\/schema\/person\/6ed044bb77d2eec9f7615badbe365ffa","name":"Jose Operto","image":{"@type":"ImageObject","inLanguage":"es-AR","@id":"https:\/\/secure.gravatar.com\/avatar\/46c91e2630685531c0b0dd365ca4b4c391e308a6e5811841f817a41623f5da65?s=96&d=mm&r=g","url":"https:\/\/secure.gravatar.com\/avatar\/46c91e2630685531c0b0dd365ca4b4c391e308a6e5811841f817a41623f5da65?s=96&d=mm&r=g","contentUrl":"https:\/\/secure.gravatar.com\/avatar\/46c91e2630685531c0b0dd365ca4b4c391e308a6e5811841f817a41623f5da65?s=96&d=mm&r=g","caption":"Jose Operto"},"url":"https:\/\/aeroespacio.com.ar\/?author=20"}]}},"rttpg_featured_image_url":{"full":["https:\/\/aeroespacio.com.ar\/wp-content\/uploads\/2025\/06\/6829e4580e9ef.png",1556,974,false],"landscape":["https:\/\/aeroespacio.com.ar\/wp-content\/uploads\/2025\/06\/6829e4580e9ef.png",1556,974,false],"portraits":["https:\/\/aeroespacio.com.ar\/wp-content\/uploads\/2025\/06\/6829e4580e9ef.png",1556,974,false],"thumbnail":["https:\/\/aeroespacio.com.ar\/wp-content\/uploads\/2025\/06\/6829e4580e9ef-150x150.png",150,150,true],"medium":["https:\/\/aeroespacio.com.ar\/wp-content\/uploads\/2025\/06\/6829e4580e9ef-300x188.png",300,188,true],"large":["https:\/\/aeroespacio.com.ar\/wp-content\/uploads\/2025\/06\/6829e4580e9ef-1024x641.png",1024,641,true],"1536x1536":["https:\/\/aeroespacio.com.ar\/wp-content\/uploads\/2025\/06\/6829e4580e9ef-1536x961.png",1536,961,true],"2048x2048":["https:\/\/aeroespacio.com.ar\/wp-content\/uploads\/2025\/06\/6829e4580e9ef.png",1556,974,false]},"rttpg_author":{"display_name":"Jose Operto","author_link":"https:\/\/aeroespacio.com.ar\/?author=20"},"rttpg_comment":0,"rttpg_category":"<a href=\"https:\/\/aeroespacio.com.ar\/?cat=1444\" rel=\"category\">Aeropuertos<\/a>","rttpg_excerpt":"La apertura del nuevo Aeropuerto Internacional Jorge Ch\u00e1vez marc\u00f3 un antes y un despu\u00e9s en la aviaci\u00f3n comercial de Am\u00e9rica [&hellip;]","_links":{"self":[{"href":"https:\/\/aeroespacio.com.ar\/index.php?rest_route=\/wp\/v2\/posts\/16643","targetHints":{"allow":["GET"]}}],"collection":[{"href":"https:\/\/aeroespacio.com.ar\/index.php?rest_route=\/wp\/v2\/posts"}],"about":[{"href":"https:\/\/aeroespacio.com.ar\/index.php?rest_route=\/wp\/v2\/types\/post"}],"author":[{"embeddable":true,"href":"https:\/\/aeroespacio.com.ar\/index.php?rest_route=\/wp\/v2\/users\/20"}],"replies":[{"embeddable":true,"href":"https:\/\/aeroespacio.com.ar\/index.php?rest_route=%2Fwp%2Fv2%2Fcomments&post=16643"}],"version-history":[{"count":2,"href":"https:\/\/aeroespacio.com.ar\/index.php?rest_route=\/wp\/v2\/posts\/16643\/revisions"}],"predecessor-version":[{"id":16648,"href":"https:\/\/aeroespacio.com.ar\/index.php?rest_route=\/wp\/v2\/posts\/16643\/revisions\/16648"}],"wp:featuredmedia":[{"embeddable":true,"href":"https:\/\/aeroespacio.com.ar\/index.php?rest_route=\/wp\/v2\/media\/16644"}],"wp:attachment":[{"href":"https:\/\/aeroespacio.com.ar\/index.php?rest_route=%2Fwp%2Fv2%2Fmedia&parent=16643"}],"wp:term":[{"taxonomy":"category","embeddable":true,"href":"https:\/\/aeroespacio.com.ar\/index.php?rest_route=%2Fwp%2Fv2%2Fcategories&post=16643"},{"taxonomy":"post_tag","embeddable":true,"href":"https:\/\/aeroespacio.com.ar\/index.php?rest_route=%2Fwp%2Fv2%2Ftags&post=16643"}],"curies":[{"name":"wp","href":"https:\/\/api.w.org\/{rel}","templated":true}]}}