{"id":16417,"date":"2025-04-23T09:19:00","date_gmt":"2025-04-23T09:19:00","guid":{"rendered":"http:\/\/192.168.0.98\/?p=16417"},"modified":"2025-04-22T19:28:43","modified_gmt":"2025-04-22T19:28:43","slug":"el-ejercito-recibe-dos-nuevos-helicopteros-bell-407-para-operativos-en-alta-montana","status":"publish","type":"post","link":"https:\/\/aeroespacio.com.ar\/?p=16417","title":{"rendered":"El Ej\u00e9rcito recibe dos nuevos helic\u00f3pteros Bell 407 para operativos en alta monta\u00f1a\u00a0"},"content":{"rendered":"\n<figure class=\"wp-block-image size-large\"><img fetchpriority=\"high\" decoding=\"async\" width=\"1024\" height=\"682\" src=\"https:\/\/aeroespacio.com.ar\/wp-content\/uploads\/2025\/04\/7-04-1024x682.jpg\" alt=\"\" class=\"wp-image-16418\" srcset=\"https:\/\/aeroespacio.com.ar\/wp-content\/uploads\/2025\/04\/7-04-1024x682.jpg 1024w, https:\/\/aeroespacio.com.ar\/wp-content\/uploads\/2025\/04\/7-04-300x200.jpg 300w, https:\/\/aeroespacio.com.ar\/wp-content\/uploads\/2025\/04\/7-04-768x512.jpg 768w, https:\/\/aeroespacio.com.ar\/wp-content\/uploads\/2025\/04\/7-04-1536x1023.jpg 1536w, https:\/\/aeroespacio.com.ar\/wp-content\/uploads\/2025\/04\/7-04.jpg 1621w\" sizes=\"(max-width: 1024px) 100vw, 1024px\" \/><\/figure>\n\n\n\n<p>El ministro de Defensa,&nbsp;Luis Petri,&nbsp;present\u00f3 y entreg\u00f3, en la provincia de Mendoza,&nbsp;dos nuevos helic\u00f3pteros Bell 407 GXi,&nbsp;destinados al Ej\u00e9rcito Argentino (EA), que reemplazar\u00e1n a los&nbsp;legendarios SA 315B LAMA, helic\u00f3pteros que fueron un \u00edcono en tareas de rescate y apoyo operativas, desde 1976, en la cordillera de los Andes.<\/p>\n\n\n\n<p>Los Bell 407 representan un salto cualitativo en tecnolog\u00eda, autonom\u00eda y eficiencia operativa. Estos helic\u00f3pteros cuentan con instrumentaci\u00f3n digital de \u00faltima generaci\u00f3n, que incluye pantallas multifunci\u00f3n, visi\u00f3n sint\u00e9tica y piloto autom\u00e1tico de tres ejes. Dicha tecnolog\u00eda no solo mejora la navegaci\u00f3n y seguridad en vuelo, sino que permite operar con mayor precisi\u00f3n en condiciones clim\u00e1ticas adversas.<\/p>\n\n\n\n<p>En t\u00e9rminos de rendimiento, las nuevas aeronaves ofrecen una mayor autonom\u00eda y velocidad final con menos consumo de combustible que sus predecesores. Adem\u00e1s, gracias a su turbina Rolls Royce equipada con sistema FADEC, tienen una performance superior para volar en entornos de alta monta\u00f1a. Su cabina, m\u00e1s amplia, permite trasladar hasta cinco pasajeros, mientras que su capacidad de carga \u2014tanto interna como externa\u2014 habilita nuevas posibilidades en tareas de transporte, rescate, combate contra incendios y prop\u00f3sitos generales en la cordillera de los Andes.<\/p>\n\n\n\n<p>El programa de incorporaci\u00f3n incluye no solo las aeronaves, sino tambi\u00e9n capacitaci\u00f3n integral para pilotos y t\u00e9cnicos, manuales, herramientas espec\u00edficas y equipos de apoyo terrestre, lo que garantiza una puesta en servicio completa.<\/p>\n\n\n\n<p>Los primeros dos helic\u00f3pteros, matriculados AE-340 y AE-341, ser\u00e1n destinados a la Secci\u00f3n de Aviaci\u00f3n de Ej\u00e9rcito de Monta\u00f1a 8, El Plumerillo, provincia de Mendoza. Se espera que, en los pr\u00f3ximos d\u00edas, arribe una tercera unidad para complementar la renovaci\u00f3n de la flota de aeronaves destinadas a la aviaci\u00f3n de monta\u00f1a del EA.<\/p>\n\n\n\n<p>Durante la ceremonia de presentaci\u00f3n, el ministro de Defensa se\u00f1al\u00f3: \u201cSomos conocedores de los desaf\u00edos que supone esa monta\u00f1a y que requiere de helic\u00f3pteros que est\u00e9n a la altura de las circunstancias. Pero es fundamental que los hombres y las mujeres est\u00e9n adiestrados, capacitados y listos no solo para salvar la vida de miles de compatriotas, sino tambi\u00e9n para poner la suya al servicio de la patria\u201d.<\/p>\n\n\n\n<p>En el acto, estuvieron&nbsp;presentes la jefa de Gabinete del ministerio de Defensa, Luciana Carrasco; el jefe del Estado Mayor Conjunto de las Fuerzas Armadas, brigadier general Xavier Juli\u00e1n Isaac; los jefes del Estado Mayor General del Ej\u00e9rcito, de la Armada y&nbsp;&nbsp;de la Fuerza A\u00e9rea, teniente general Carlos Alberto Presti, almirante Carlos Mar\u00eda Allievi y brigadier Gustavo Javier Valverde, respectivamente.&nbsp;<\/p>\n\n\n\n<p>\u201cEsos helic\u00f3pteros cumplieron con su objetivo, su misi\u00f3n principal. Pero lo m\u00e1s importante es que no fueron solamente esos 49 a\u00f1os de los helic\u00f3pteros, sino del personal, los hombres y las mujeres de la VIII Brigada de Monta\u00f1a, de la Aviaci\u00f3n del Ej\u00e9rcito, que hicieron posible que esas vidas en riesgo ante los temporales y las inclemencias del tiempo fueran salvadas y volvieran a sus hogares\u201d, concluy\u00f3 Petri.<\/p>\n\n\n\n<p>Fuente y foto: Ministerio de Defensa de la Naci\u00f3n<\/p>\n","protected":false},"excerpt":{"rendered":"<p>El ministro de Defensa,&nbsp;Luis Petri,&nbsp;present\u00f3 y entreg\u00f3, en la provincia de Mendoza,&nbsp;dos nuevos helic\u00f3pteros Bell 407 GXi,&nbsp;destinados al Ej\u00e9rcito Argentino [&hellip;]<\/p>\n","protected":false},"author":20,"featured_media":16418,"comment_status":"open","ping_status":"open","sticky":false,"template":"","format":"standard","meta":{"site-sidebar-layout":"default","site-content-layout":"","ast-site-content-layout":"default","site-content-style":"default","site-sidebar-style":"default","ast-global-header-display":"","ast-banner-title-visibility":"","ast-main-header-display":"","ast-hfb-above-header-display":"","ast-hfb-below-header-display":"","ast-hfb-mobile-header-display":"","site-post-title":"","ast-breadcrumbs-content":"","ast-featured-img":"","footer-sml-layout":"","ast-disable-related-posts":"","theme-transparent-header-meta":"","adv-header-id-meta":"","stick-header-meta":"","header-above-stick-meta":"","header-main-stick-meta":"","header-below-stick-meta":"","astra-migrate-meta-layouts":"default","ast-page-background-enabled":"default","ast-page-background-meta":{"desktop":{"background-color":"var(--ast-global-color-5)","background-image":"","background-repeat":"repeat","background-position":"center center","background-size":"auto","background-attachment":"scroll","background-type":"","background-media":"","overlay-type":"","overlay-color":"","overlay-opacity":"","overlay-gradient":""},"tablet":{"background-color":"","background-image":"","background-repeat":"repeat","background-position":"center center","background-size":"auto","background-attachment":"scroll","background-type":"","background-media":"","overlay-type":"","overlay-color":"","overlay-opacity":"","overlay-gradient":""},"mobile":{"background-color":"","background-image":"","background-repeat":"repeat","background-position":"center center","background-size":"auto","background-attachment":"scroll","background-type":"","background-media":"","overlay-type":"","overlay-color":"","overlay-opacity":"","overlay-gradient":""}},"ast-content-background-meta":{"desktop":{"background-color":"var(--ast-global-color-4)","background-image":"","background-repeat":"repeat","background-position":"center center","background-size":"auto","background-attachment":"scroll","background-type":"","background-media":"","overlay-type":"","overlay-color":"","overlay-opacity":"","overlay-gradient":""},"tablet":{"background-color":"var(--ast-global-color-4)","background-image":"","background-repeat":"repeat","background-position":"center center","background-size":"auto","background-attachment":"scroll","background-type":"","background-media":"","overlay-type":"","overlay-color":"","overlay-opacity":"","overlay-gradient":""},"mobile":{"background-color":"var(--ast-global-color-4)","background-image":"","background-repeat":"repeat","background-position":"center center","background-size":"auto","background-attachment":"scroll","background-type":"","background-media":"","overlay-type":"","overlay-color":"","overlay-opacity":"","overlay-gradient":""}},"_joinchat":[],"footnotes":""},"categories":[1442],"tags":[310,835,836,1580,635],"class_list":["post-16417","post","type-post","status-publish","format-standard","has-post-thumbnail","hentry","category-aviacion-militar","tag-aviacionmilitar-2","tag-bell407gxi","tag-ejercitoargentino","tag-ministeriodedefensadelanacion","tag-ministrodedefensa"],"yoast_head":"<!-- This site is optimized with the Yoast SEO plugin v27.3 - https:\/\/yoast.com\/product\/yoast-seo-wordpress\/ -->\n<title>El Ej\u00e9rcito recibe dos nuevos helic\u00f3pteros Bell 407 para operativos en alta monta\u00f1a\u00a0 - Aeroespacio<\/title>\n<meta name=\"robots\" content=\"index, follow, max-snippet:-1, max-image-preview:large, max-video-preview:-1\" \/>\n<link rel=\"canonical\" href=\"https:\/\/aeroespacio.com.ar\/?p=16417\" \/>\n<meta property=\"og:locale\" content=\"es_ES\" \/>\n<meta property=\"og:type\" content=\"article\" \/>\n<meta property=\"og:title\" content=\"El Ej\u00e9rcito recibe dos nuevos helic\u00f3pteros Bell 407 para operativos en alta monta\u00f1a\u00a0 - Aeroespacio\" \/>\n<meta property=\"og:description\" content=\"El ministro de Defensa,&nbsp;Luis Petri,&nbsp;present\u00f3 y entreg\u00f3, en la provincia de Mendoza,&nbsp;dos nuevos helic\u00f3pteros Bell 407 GXi,&nbsp;destinados al Ej\u00e9rcito Argentino [&hellip;]\" \/>\n<meta property=\"og:url\" content=\"https:\/\/aeroespacio.com.ar\/?p=16417\" \/>\n<meta property=\"og:site_name\" content=\"Aeroespacio\" \/>\n<meta property=\"article:published_time\" content=\"2025-04-23T09:19:00+00:00\" \/>\n<meta property=\"og:image\" content=\"https:\/\/aeroespacio.com.ar\/wp-content\/uploads\/2025\/04\/7-04.jpg\" \/>\n\t<meta property=\"og:image:width\" content=\"1621\" \/>\n\t<meta property=\"og:image:height\" content=\"1080\" \/>\n\t<meta property=\"og:image:type\" content=\"image\/jpeg\" \/>\n<meta name=\"author\" content=\"Jose Operto\" \/>\n<meta name=\"twitter:card\" content=\"summary_large_image\" \/>\n<meta name=\"twitter:label1\" content=\"Escrito por\" \/>\n\t<meta name=\"twitter:data1\" content=\"Jose Operto\" \/>\n\t<meta name=\"twitter:label2\" content=\"Tiempo de lectura\" \/>\n\t<meta name=\"twitter:data2\" content=\"3 minutos\" \/>\n<script type=\"application\/ld+json\" class=\"yoast-schema-graph\">{\"@context\":\"https:\\\/\\\/schema.org\",\"@graph\":[{\"@type\":\"Article\",\"@id\":\"https:\\\/\\\/aeroespacio.com.ar\\\/?p=16417#article\",\"isPartOf\":{\"@id\":\"https:\\\/\\\/aeroespacio.com.ar\\\/?p=16417\"},\"author\":{\"name\":\"Jose Operto\",\"@id\":\"https:\\\/\\\/aeroespacio.com.ar\\\/#\\\/schema\\\/person\\\/6ed044bb77d2eec9f7615badbe365ffa\"},\"headline\":\"El Ej\u00e9rcito recibe dos nuevos helic\u00f3pteros Bell 407 para operativos en alta monta\u00f1a\u00a0\",\"datePublished\":\"2025-04-23T09:19:00+00:00\",\"mainEntityOfPage\":{\"@id\":\"https:\\\/\\\/aeroespacio.com.ar\\\/?p=16417\"},\"wordCount\":562,\"commentCount\":0,\"image\":{\"@id\":\"https:\\\/\\\/aeroespacio.com.ar\\\/?p=16417#primaryimage\"},\"thumbnailUrl\":\"https:\\\/\\\/aeroespacio.com.ar\\\/wp-content\\\/uploads\\\/2025\\\/04\\\/7-04.jpg\",\"keywords\":[\"#aviacionmilitar\",\"#Bell407GXI\",\"#EjercitoArgentino\",\"#MinisteriodeDefensadelaNacion\",\"#MinistrodeDefensa\"],\"articleSection\":[\"Aviaci\u00f3n Militar\"],\"inLanguage\":\"es-AR\",\"potentialAction\":[{\"@type\":\"CommentAction\",\"name\":\"Comment\",\"target\":[\"https:\\\/\\\/aeroespacio.com.ar\\\/?p=16417#respond\"]}]},{\"@type\":\"WebPage\",\"@id\":\"https:\\\/\\\/aeroespacio.com.ar\\\/?p=16417\",\"url\":\"https:\\\/\\\/aeroespacio.com.ar\\\/?p=16417\",\"name\":\"El Ej\u00e9rcito recibe dos nuevos helic\u00f3pteros Bell 407 para operativos en alta monta\u00f1a\u00a0 - Aeroespacio\",\"isPartOf\":{\"@id\":\"https:\\\/\\\/aeroespacio.com.ar\\\/#website\"},\"primaryImageOfPage\":{\"@id\":\"https:\\\/\\\/aeroespacio.com.ar\\\/?p=16417#primaryimage\"},\"image\":{\"@id\":\"https:\\\/\\\/aeroespacio.com.ar\\\/?p=16417#primaryimage\"},\"thumbnailUrl\":\"https:\\\/\\\/aeroespacio.com.ar\\\/wp-content\\\/uploads\\\/2025\\\/04\\\/7-04.jpg\",\"datePublished\":\"2025-04-23T09:19:00+00:00\",\"author\":{\"@id\":\"https:\\\/\\\/aeroespacio.com.ar\\\/#\\\/schema\\\/person\\\/6ed044bb77d2eec9f7615badbe365ffa\"},\"breadcrumb\":{\"@id\":\"https:\\\/\\\/aeroespacio.com.ar\\\/?p=16417#breadcrumb\"},\"inLanguage\":\"es-AR\",\"potentialAction\":[{\"@type\":\"ReadAction\",\"target\":[\"https:\\\/\\\/aeroespacio.com.ar\\\/?p=16417\"]}]},{\"@type\":\"ImageObject\",\"inLanguage\":\"es-AR\",\"@id\":\"https:\\\/\\\/aeroespacio.com.ar\\\/?p=16417#primaryimage\",\"url\":\"https:\\\/\\\/aeroespacio.com.ar\\\/wp-content\\\/uploads\\\/2025\\\/04\\\/7-04.jpg\",\"contentUrl\":\"https:\\\/\\\/aeroespacio.com.ar\\\/wp-content\\\/uploads\\\/2025\\\/04\\\/7-04.jpg\",\"width\":1621,\"height\":1080},{\"@type\":\"BreadcrumbList\",\"@id\":\"https:\\\/\\\/aeroespacio.com.ar\\\/?p=16417#breadcrumb\",\"itemListElement\":[{\"@type\":\"ListItem\",\"position\":1,\"name\":\"Inicio\",\"item\":\"https:\\\/\\\/aeroespacio.com.ar\\\/\"},{\"@type\":\"ListItem\",\"position\":2,\"name\":\"El Ej\u00e9rcito recibe dos nuevos helic\u00f3pteros Bell 407 para operativos en alta monta\u00f1a\u00a0\"}]},{\"@type\":\"WebSite\",\"@id\":\"https:\\\/\\\/aeroespacio.com.ar\\\/#website\",\"url\":\"https:\\\/\\\/aeroespacio.com.ar\\\/\",\"name\":\"aeroespacio.com.ar\",\"description\":\"\",\"potentialAction\":[{\"@type\":\"SearchAction\",\"target\":{\"@type\":\"EntryPoint\",\"urlTemplate\":\"https:\\\/\\\/aeroespacio.com.ar\\\/?s={search_term_string}\"},\"query-input\":{\"@type\":\"PropertyValueSpecification\",\"valueRequired\":true,\"valueName\":\"search_term_string\"}}],\"inLanguage\":\"es-AR\"},{\"@type\":\"Person\",\"@id\":\"https:\\\/\\\/aeroespacio.com.ar\\\/#\\\/schema\\\/person\\\/6ed044bb77d2eec9f7615badbe365ffa\",\"name\":\"Jose Operto\",\"image\":{\"@type\":\"ImageObject\",\"inLanguage\":\"es-AR\",\"@id\":\"https:\\\/\\\/secure.gravatar.com\\\/avatar\\\/46c91e2630685531c0b0dd365ca4b4c391e308a6e5811841f817a41623f5da65?s=96&d=mm&r=g\",\"url\":\"https:\\\/\\\/secure.gravatar.com\\\/avatar\\\/46c91e2630685531c0b0dd365ca4b4c391e308a6e5811841f817a41623f5da65?s=96&d=mm&r=g\",\"contentUrl\":\"https:\\\/\\\/secure.gravatar.com\\\/avatar\\\/46c91e2630685531c0b0dd365ca4b4c391e308a6e5811841f817a41623f5da65?s=96&d=mm&r=g\",\"caption\":\"Jose Operto\"},\"url\":\"https:\\\/\\\/aeroespacio.com.ar\\\/?author=20\"}]}<\/script>\n<!-- \/ Yoast SEO plugin. -->","yoast_head_json":{"title":"El Ej\u00e9rcito recibe dos nuevos helic\u00f3pteros Bell 407 para operativos en alta monta\u00f1a\u00a0 - Aeroespacio","robots":{"index":"index","follow":"follow","max-snippet":"max-snippet:-1","max-image-preview":"max-image-preview:large","max-video-preview":"max-video-preview:-1"},"canonical":"https:\/\/aeroespacio.com.ar\/?p=16417","og_locale":"es_ES","og_type":"article","og_title":"El Ej\u00e9rcito recibe dos nuevos helic\u00f3pteros Bell 407 para operativos en alta monta\u00f1a\u00a0 - Aeroespacio","og_description":"El ministro de Defensa,&nbsp;Luis Petri,&nbsp;present\u00f3 y entreg\u00f3, en la provincia de Mendoza,&nbsp;dos nuevos helic\u00f3pteros Bell 407 GXi,&nbsp;destinados al Ej\u00e9rcito Argentino [&hellip;]","og_url":"https:\/\/aeroespacio.com.ar\/?p=16417","og_site_name":"Aeroespacio","article_published_time":"2025-04-23T09:19:00+00:00","og_image":[{"width":1621,"height":1080,"url":"https:\/\/aeroespacio.com.ar\/wp-content\/uploads\/2025\/04\/7-04.jpg","type":"image\/jpeg"}],"author":"Jose Operto","twitter_card":"summary_large_image","twitter_misc":{"Escrito por":"Jose Operto","Tiempo de lectura":"3 minutos"},"schema":{"@context":"https:\/\/schema.org","@graph":[{"@type":"Article","@id":"https:\/\/aeroespacio.com.ar\/?p=16417#article","isPartOf":{"@id":"https:\/\/aeroespacio.com.ar\/?p=16417"},"author":{"name":"Jose Operto","@id":"https:\/\/aeroespacio.com.ar\/#\/schema\/person\/6ed044bb77d2eec9f7615badbe365ffa"},"headline":"El Ej\u00e9rcito recibe dos nuevos helic\u00f3pteros Bell 407 para operativos en alta monta\u00f1a\u00a0","datePublished":"2025-04-23T09:19:00+00:00","mainEntityOfPage":{"@id":"https:\/\/aeroespacio.com.ar\/?p=16417"},"wordCount":562,"commentCount":0,"image":{"@id":"https:\/\/aeroespacio.com.ar\/?p=16417#primaryimage"},"thumbnailUrl":"https:\/\/aeroespacio.com.ar\/wp-content\/uploads\/2025\/04\/7-04.jpg","keywords":["#aviacionmilitar","#Bell407GXI","#EjercitoArgentino","#MinisteriodeDefensadelaNacion","#MinistrodeDefensa"],"articleSection":["Aviaci\u00f3n Militar"],"inLanguage":"es-AR","potentialAction":[{"@type":"CommentAction","name":"Comment","target":["https:\/\/aeroespacio.com.ar\/?p=16417#respond"]}]},{"@type":"WebPage","@id":"https:\/\/aeroespacio.com.ar\/?p=16417","url":"https:\/\/aeroespacio.com.ar\/?p=16417","name":"El Ej\u00e9rcito recibe dos nuevos helic\u00f3pteros Bell 407 para operativos en alta monta\u00f1a\u00a0 - Aeroespacio","isPartOf":{"@id":"https:\/\/aeroespacio.com.ar\/#website"},"primaryImageOfPage":{"@id":"https:\/\/aeroespacio.com.ar\/?p=16417#primaryimage"},"image":{"@id":"https:\/\/aeroespacio.com.ar\/?p=16417#primaryimage"},"thumbnailUrl":"https:\/\/aeroespacio.com.ar\/wp-content\/uploads\/2025\/04\/7-04.jpg","datePublished":"2025-04-23T09:19:00+00:00","author":{"@id":"https:\/\/aeroespacio.com.ar\/#\/schema\/person\/6ed044bb77d2eec9f7615badbe365ffa"},"breadcrumb":{"@id":"https:\/\/aeroespacio.com.ar\/?p=16417#breadcrumb"},"inLanguage":"es-AR","potentialAction":[{"@type":"ReadAction","target":["https:\/\/aeroespacio.com.ar\/?p=16417"]}]},{"@type":"ImageObject","inLanguage":"es-AR","@id":"https:\/\/aeroespacio.com.ar\/?p=16417#primaryimage","url":"https:\/\/aeroespacio.com.ar\/wp-content\/uploads\/2025\/04\/7-04.jpg","contentUrl":"https:\/\/aeroespacio.com.ar\/wp-content\/uploads\/2025\/04\/7-04.jpg","width":1621,"height":1080},{"@type":"BreadcrumbList","@id":"https:\/\/aeroespacio.com.ar\/?p=16417#breadcrumb","itemListElement":[{"@type":"ListItem","position":1,"name":"Inicio","item":"https:\/\/aeroespacio.com.ar\/"},{"@type":"ListItem","position":2,"name":"El Ej\u00e9rcito recibe dos nuevos helic\u00f3pteros Bell 407 para operativos en alta monta\u00f1a\u00a0"}]},{"@type":"WebSite","@id":"https:\/\/aeroespacio.com.ar\/#website","url":"https:\/\/aeroespacio.com.ar\/","name":"aeroespacio.com.ar","description":"","potentialAction":[{"@type":"SearchAction","target":{"@type":"EntryPoint","urlTemplate":"https:\/\/aeroespacio.com.ar\/?s={search_term_string}"},"query-input":{"@type":"PropertyValueSpecification","valueRequired":true,"valueName":"search_term_string"}}],"inLanguage":"es-AR"},{"@type":"Person","@id":"https:\/\/aeroespacio.com.ar\/#\/schema\/person\/6ed044bb77d2eec9f7615badbe365ffa","name":"Jose Operto","image":{"@type":"ImageObject","inLanguage":"es-AR","@id":"https:\/\/secure.gravatar.com\/avatar\/46c91e2630685531c0b0dd365ca4b4c391e308a6e5811841f817a41623f5da65?s=96&d=mm&r=g","url":"https:\/\/secure.gravatar.com\/avatar\/46c91e2630685531c0b0dd365ca4b4c391e308a6e5811841f817a41623f5da65?s=96&d=mm&r=g","contentUrl":"https:\/\/secure.gravatar.com\/avatar\/46c91e2630685531c0b0dd365ca4b4c391e308a6e5811841f817a41623f5da65?s=96&d=mm&r=g","caption":"Jose Operto"},"url":"https:\/\/aeroespacio.com.ar\/?author=20"}]}},"rttpg_featured_image_url":{"full":["https:\/\/aeroespacio.com.ar\/wp-content\/uploads\/2025\/04\/7-04.jpg",1621,1080,false],"landscape":["https:\/\/aeroespacio.com.ar\/wp-content\/uploads\/2025\/04\/7-04.jpg",1621,1080,false],"portraits":["https:\/\/aeroespacio.com.ar\/wp-content\/uploads\/2025\/04\/7-04.jpg",1621,1080,false],"thumbnail":["https:\/\/aeroespacio.com.ar\/wp-content\/uploads\/2025\/04\/7-04-150x150.jpg",150,150,true],"medium":["https:\/\/aeroespacio.com.ar\/wp-content\/uploads\/2025\/04\/7-04-300x200.jpg",300,200,true],"large":["https:\/\/aeroespacio.com.ar\/wp-content\/uploads\/2025\/04\/7-04-1024x682.jpg",1024,682,true],"1536x1536":["https:\/\/aeroespacio.com.ar\/wp-content\/uploads\/2025\/04\/7-04-1536x1023.jpg",1536,1023,true],"2048x2048":["https:\/\/aeroespacio.com.ar\/wp-content\/uploads\/2025\/04\/7-04.jpg",1621,1080,false]},"rttpg_author":{"display_name":"Jose Operto","author_link":"https:\/\/aeroespacio.com.ar\/?author=20"},"rttpg_comment":0,"rttpg_category":"<a href=\"https:\/\/aeroespacio.com.ar\/?cat=1442\" rel=\"category\">Aviaci\u00f3n Militar<\/a>","rttpg_excerpt":"El ministro de Defensa,&nbsp;Luis Petri,&nbsp;present\u00f3 y entreg\u00f3, en la provincia de Mendoza,&nbsp;dos nuevos helic\u00f3pteros Bell 407 GXi,&nbsp;destinados al Ej\u00e9rcito Argentino [&hellip;]","_links":{"self":[{"href":"https:\/\/aeroespacio.com.ar\/index.php?rest_route=\/wp\/v2\/posts\/16417","targetHints":{"allow":["GET"]}}],"collection":[{"href":"https:\/\/aeroespacio.com.ar\/index.php?rest_route=\/wp\/v2\/posts"}],"about":[{"href":"https:\/\/aeroespacio.com.ar\/index.php?rest_route=\/wp\/v2\/types\/post"}],"author":[{"embeddable":true,"href":"https:\/\/aeroespacio.com.ar\/index.php?rest_route=\/wp\/v2\/users\/20"}],"replies":[{"embeddable":true,"href":"https:\/\/aeroespacio.com.ar\/index.php?rest_route=%2Fwp%2Fv2%2Fcomments&post=16417"}],"version-history":[{"count":1,"href":"https:\/\/aeroespacio.com.ar\/index.php?rest_route=\/wp\/v2\/posts\/16417\/revisions"}],"predecessor-version":[{"id":16419,"href":"https:\/\/aeroespacio.com.ar\/index.php?rest_route=\/wp\/v2\/posts\/16417\/revisions\/16419"}],"wp:featuredmedia":[{"embeddable":true,"href":"https:\/\/aeroespacio.com.ar\/index.php?rest_route=\/wp\/v2\/media\/16418"}],"wp:attachment":[{"href":"https:\/\/aeroespacio.com.ar\/index.php?rest_route=%2Fwp%2Fv2%2Fmedia&parent=16417"}],"wp:term":[{"taxonomy":"category","embeddable":true,"href":"https:\/\/aeroespacio.com.ar\/index.php?rest_route=%2Fwp%2Fv2%2Fcategories&post=16417"},{"taxonomy":"post_tag","embeddable":true,"href":"https:\/\/aeroespacio.com.ar\/index.php?rest_route=%2Fwp%2Fv2%2Ftags&post=16417"}],"curies":[{"name":"wp","href":"https:\/\/api.w.org\/{rel}","templated":true}]}}