{"id":15687,"date":"2025-01-13T15:05:21","date_gmt":"2025-01-13T15:05:21","guid":{"rendered":"http:\/\/192.168.0.98\/?p=15687"},"modified":"2025-01-13T15:05:21","modified_gmt":"2025-01-13T15:05:21","slug":"aerolineas-argentinas-amplia-la-oferta-de-vuelos-nacionales-e-internaciones-con-salida-desde-las-provincias","status":"publish","type":"post","link":"https:\/\/aeroespacio.com.ar\/?p=15687","title":{"rendered":"Aerol\u00edneas Argentinas ampl\u00eda la oferta de vuelos nacionales e internaciones con salida desde las provincias"},"content":{"rendered":"\n<figure class=\"wp-block-image size-large\"><img fetchpriority=\"high\" decoding=\"async\" width=\"819\" height=\"1024\" src=\"https:\/\/aeroespacio.com.ar\/wp-content\/uploads\/2025\/01\/466386443_986462010173084_5180968304174009172_n-819x1024.jpg\" alt=\"\" class=\"wp-image-15688\" srcset=\"https:\/\/aeroespacio.com.ar\/wp-content\/uploads\/2025\/01\/466386443_986462010173084_5180968304174009172_n-819x1024.jpg 819w, https:\/\/aeroespacio.com.ar\/wp-content\/uploads\/2025\/01\/466386443_986462010173084_5180968304174009172_n-240x300.jpg 240w, https:\/\/aeroespacio.com.ar\/wp-content\/uploads\/2025\/01\/466386443_986462010173084_5180968304174009172_n-768x960.jpg 768w, https:\/\/aeroespacio.com.ar\/wp-content\/uploads\/2025\/01\/466386443_986462010173084_5180968304174009172_n.jpg 1200w\" sizes=\"(max-width: 819px) 100vw, 819px\" \/><\/figure>\n\n\n\n<p>Durante el primer feriado tur\u00edstico por el inicio del 2025, la aerol\u00ednea de bandera argentina marc\u00f3 el r\u00e9cord anual con m\u00e1s de 250 000 turistas&nbsp;&nbsp;transportados, lo que&nbsp;&nbsp;pone de manifiesto el inicio de una temporada de verano con un gran volumen de pasajeros para la compa\u00f1\u00eda.&nbsp;<\/p>\n\n\n\n<p>Este verano, Aerol\u00edneas Argentinas aument\u00f3 su oferta de vuelos a destinos vacacionales en el pa\u00eds y hacia el exterior con salidas desde diferentes provincias, siendo Bariloche, Iguaz\u00fa, El Calafate, Ushuaia, C\u00f3rdoba, Mendoza, R\u00edo de Janeiro, Salta, Neuqu\u00e9n y Tucum\u00e1n los diez destinos nacionales m\u00e1s elegidos para esta temporada.<\/p>\n\n\n\n<p>El domingo 5 de enero parti\u00f3 desde el aeropuerto Benjam\u00edn Matienzo de la ciudad de Tucum\u00e1n el vuelo inaugural de AA rumbo a Punta Cana. La empresa operar\u00e1 una vez a la semana con los Boeing 737 MAX durante todo el a\u00f1o.&nbsp;Lo mismo&nbsp;&nbsp;ocurri\u00f3 con la ruta a\u00e9rea Rosario-Punta Cana, que al principio estaba programada para el verano, y recientemente&nbsp;&nbsp;confirmaron que mantendr\u00e1n la frecuencia semanal fuera de temporada.<\/p>\n\n\n\n<p>La oferta internacional y regional durante la temporada contar\u00e1 con seis vuelos semanales a Punta Cana desde Buenos Aires y vuelos directos desde C\u00f3rdoba, Rosario y Tucum\u00e1n. Canc\u00fan tendr\u00e1 seis frecuencias semanales, mientras que Miami contar\u00e1 con dos vuelos diarios, todos desde Buenos Aires.<\/p>\n\n\n\n<p><br>En el caso de Brasil, y partiendo desde Buenos Aires, la compa\u00f1\u00eda operar\u00e1 32 viajes semanales hacia R\u00edo de Janeiro, 27 a San Pablo, 14 a Florian\u00f3polis, siete a San Salvador de Bah\u00eda, seis&nbsp;&nbsp;a Curitiba, cinco&nbsp;&nbsp;a Porto Alegre y dos&nbsp;&nbsp;a Porto Seguro. Desde el interior del pa\u00eds, tambi\u00e9n se ampliar\u00e1 la oferta: de&nbsp;&nbsp;C\u00f3rdoba a R\u00edo de Janeiro,&nbsp;&nbsp;Florian\u00f3polis y&nbsp;&nbsp;San Salvador de Bah\u00eda; desde Rosario a R\u00edo de Janeiro y a Florian\u00f3polis. Adem\u00e1s, se mantendr\u00e1 activa la frecuencia semanal entre San Pablo y Salta. Es para destacar que los destinos de San Salvador de Bah\u00eda y Porto Seguro no se operaban desde antes de la pandemia.<\/p>\n\n\n\n<p><br>Fuente y fotos: Prensa Aerol\u00edneas Argentina&nbsp;<\/p>\n","protected":false},"excerpt":{"rendered":"<p>Durante el primer feriado tur\u00edstico por el inicio del 2025, la aerol\u00ednea de bandera argentina marc\u00f3 el r\u00e9cord anual con [&hellip;]<\/p>\n","protected":false},"author":20,"featured_media":15688,"comment_status":"open","ping_status":"open","sticky":false,"template":"","format":"standard","meta":{"site-sidebar-layout":"default","site-content-layout":"","ast-site-content-layout":"default","site-content-style":"default","site-sidebar-style":"default","ast-global-header-display":"","ast-banner-title-visibility":"","ast-main-header-display":"","ast-hfb-above-header-display":"","ast-hfb-below-header-display":"","ast-hfb-mobile-header-display":"","site-post-title":"","ast-breadcrumbs-content":"","ast-featured-img":"","footer-sml-layout":"","ast-disable-related-posts":"","theme-transparent-header-meta":"","adv-header-id-meta":"","stick-header-meta":"","header-above-stick-meta":"","header-main-stick-meta":"","header-below-stick-meta":"","astra-migrate-meta-layouts":"default","ast-page-background-enabled":"default","ast-page-background-meta":{"desktop":{"background-color":"var(--ast-global-color-5)","background-image":"","background-repeat":"repeat","background-position":"center center","background-size":"auto","background-attachment":"scroll","background-type":"","background-media":"","overlay-type":"","overlay-color":"","overlay-opacity":"","overlay-gradient":""},"tablet":{"background-color":"","background-image":"","background-repeat":"repeat","background-position":"center center","background-size":"auto","background-attachment":"scroll","background-type":"","background-media":"","overlay-type":"","overlay-color":"","overlay-opacity":"","overlay-gradient":""},"mobile":{"background-color":"","background-image":"","background-repeat":"repeat","background-position":"center center","background-size":"auto","background-attachment":"scroll","background-type":"","background-media":"","overlay-type":"","overlay-color":"","overlay-opacity":"","overlay-gradient":""}},"ast-content-background-meta":{"desktop":{"background-color":"var(--ast-global-color-4)","background-image":"","background-repeat":"repeat","background-position":"center center","background-size":"auto","background-attachment":"scroll","background-type":"","background-media":"","overlay-type":"","overlay-color":"","overlay-opacity":"","overlay-gradient":""},"tablet":{"background-color":"var(--ast-global-color-4)","background-image":"","background-repeat":"repeat","background-position":"center center","background-size":"auto","background-attachment":"scroll","background-type":"","background-media":"","overlay-type":"","overlay-color":"","overlay-opacity":"","overlay-gradient":""},"mobile":{"background-color":"var(--ast-global-color-4)","background-image":"","background-repeat":"repeat","background-position":"center center","background-size":"auto","background-attachment":"scroll","background-type":"","background-media":"","overlay-type":"","overlay-color":"","overlay-opacity":"","overlay-gradient":""}},"_joinchat":[],"footnotes":""},"categories":[1438],"tags":[1536,1465,1535,747],"class_list":["post-15687","post","type-post","status-publish","format-standard","has-post-thumbnail","hentry","category-aviacion-comercial","tag-vuelosaerolineasargentinas","tag-aerolineasargentinas","tag-temporadadeverano2025","tag-vuelosnacionales"],"yoast_head":"<!-- This site is optimized with the Yoast SEO plugin v27.3 - https:\/\/yoast.com\/product\/yoast-seo-wordpress\/ -->\n<title>Aerol\u00edneas Argentinas ampl\u00eda la oferta de vuelos nacionales e internaciones con salida desde las provincias - Aeroespacio<\/title>\n<meta name=\"robots\" content=\"index, follow, max-snippet:-1, max-image-preview:large, max-video-preview:-1\" \/>\n<link rel=\"canonical\" href=\"https:\/\/aeroespacio.com.ar\/?p=15687\" \/>\n<meta property=\"og:locale\" content=\"es_ES\" \/>\n<meta property=\"og:type\" content=\"article\" \/>\n<meta property=\"og:title\" content=\"Aerol\u00edneas Argentinas ampl\u00eda la oferta de vuelos nacionales e internaciones con salida desde las provincias - Aeroespacio\" \/>\n<meta property=\"og:description\" content=\"Durante el primer feriado tur\u00edstico por el inicio del 2025, la aerol\u00ednea de bandera argentina marc\u00f3 el r\u00e9cord anual con [&hellip;]\" \/>\n<meta property=\"og:url\" content=\"https:\/\/aeroespacio.com.ar\/?p=15687\" \/>\n<meta property=\"og:site_name\" content=\"Aeroespacio\" \/>\n<meta property=\"article:published_time\" content=\"2025-01-13T15:05:21+00:00\" \/>\n<meta property=\"og:image\" content=\"https:\/\/aeroespacio.com.ar\/wp-content\/uploads\/2025\/01\/466386443_986462010173084_5180968304174009172_n.jpg\" \/>\n\t<meta property=\"og:image:width\" content=\"1200\" \/>\n\t<meta property=\"og:image:height\" content=\"1500\" \/>\n\t<meta property=\"og:image:type\" content=\"image\/jpeg\" \/>\n<meta name=\"author\" content=\"Jose Operto\" \/>\n<meta name=\"twitter:card\" content=\"summary_large_image\" \/>\n<meta name=\"twitter:label1\" content=\"Escrito por\" \/>\n\t<meta name=\"twitter:data1\" content=\"Jose Operto\" \/>\n\t<meta name=\"twitter:label2\" content=\"Tiempo de lectura\" \/>\n\t<meta name=\"twitter:data2\" content=\"2 minutos\" \/>\n<script type=\"application\/ld+json\" class=\"yoast-schema-graph\">{\"@context\":\"https:\\\/\\\/schema.org\",\"@graph\":[{\"@type\":\"Article\",\"@id\":\"https:\\\/\\\/aeroespacio.com.ar\\\/?p=15687#article\",\"isPartOf\":{\"@id\":\"https:\\\/\\\/aeroespacio.com.ar\\\/?p=15687\"},\"author\":{\"name\":\"Jose Operto\",\"@id\":\"https:\\\/\\\/aeroespacio.com.ar\\\/#\\\/schema\\\/person\\\/6ed044bb77d2eec9f7615badbe365ffa\"},\"headline\":\"Aerol\u00edneas Argentinas ampl\u00eda la oferta de vuelos nacionales e internaciones con salida desde las provincias\",\"datePublished\":\"2025-01-13T15:05:21+00:00\",\"mainEntityOfPage\":{\"@id\":\"https:\\\/\\\/aeroespacio.com.ar\\\/?p=15687\"},\"wordCount\":392,\"commentCount\":0,\"image\":{\"@id\":\"https:\\\/\\\/aeroespacio.com.ar\\\/?p=15687#primaryimage\"},\"thumbnailUrl\":\"https:\\\/\\\/aeroespacio.com.ar\\\/wp-content\\\/uploads\\\/2025\\\/01\\\/466386443_986462010173084_5180968304174009172_n.jpg\",\"keywords\":[\"##vuelosAerolineasArgentinas\",\"#AerolineasArgentinas\",\"#Temporadadeverano2025\",\"#Vuelosnacionales\"],\"articleSection\":[\"Aviaci\u00f3n Comercial\"],\"inLanguage\":\"es-AR\",\"potentialAction\":[{\"@type\":\"CommentAction\",\"name\":\"Comment\",\"target\":[\"https:\\\/\\\/aeroespacio.com.ar\\\/?p=15687#respond\"]}]},{\"@type\":\"WebPage\",\"@id\":\"https:\\\/\\\/aeroespacio.com.ar\\\/?p=15687\",\"url\":\"https:\\\/\\\/aeroespacio.com.ar\\\/?p=15687\",\"name\":\"Aerol\u00edneas Argentinas ampl\u00eda la oferta de vuelos nacionales e internaciones con salida desde las provincias - Aeroespacio\",\"isPartOf\":{\"@id\":\"https:\\\/\\\/aeroespacio.com.ar\\\/#website\"},\"primaryImageOfPage\":{\"@id\":\"https:\\\/\\\/aeroespacio.com.ar\\\/?p=15687#primaryimage\"},\"image\":{\"@id\":\"https:\\\/\\\/aeroespacio.com.ar\\\/?p=15687#primaryimage\"},\"thumbnailUrl\":\"https:\\\/\\\/aeroespacio.com.ar\\\/wp-content\\\/uploads\\\/2025\\\/01\\\/466386443_986462010173084_5180968304174009172_n.jpg\",\"datePublished\":\"2025-01-13T15:05:21+00:00\",\"author\":{\"@id\":\"https:\\\/\\\/aeroespacio.com.ar\\\/#\\\/schema\\\/person\\\/6ed044bb77d2eec9f7615badbe365ffa\"},\"breadcrumb\":{\"@id\":\"https:\\\/\\\/aeroespacio.com.ar\\\/?p=15687#breadcrumb\"},\"inLanguage\":\"es-AR\",\"potentialAction\":[{\"@type\":\"ReadAction\",\"target\":[\"https:\\\/\\\/aeroespacio.com.ar\\\/?p=15687\"]}]},{\"@type\":\"ImageObject\",\"inLanguage\":\"es-AR\",\"@id\":\"https:\\\/\\\/aeroespacio.com.ar\\\/?p=15687#primaryimage\",\"url\":\"https:\\\/\\\/aeroespacio.com.ar\\\/wp-content\\\/uploads\\\/2025\\\/01\\\/466386443_986462010173084_5180968304174009172_n.jpg\",\"contentUrl\":\"https:\\\/\\\/aeroespacio.com.ar\\\/wp-content\\\/uploads\\\/2025\\\/01\\\/466386443_986462010173084_5180968304174009172_n.jpg\",\"width\":1200,\"height\":1500},{\"@type\":\"BreadcrumbList\",\"@id\":\"https:\\\/\\\/aeroespacio.com.ar\\\/?p=15687#breadcrumb\",\"itemListElement\":[{\"@type\":\"ListItem\",\"position\":1,\"name\":\"Inicio\",\"item\":\"https:\\\/\\\/aeroespacio.com.ar\\\/\"},{\"@type\":\"ListItem\",\"position\":2,\"name\":\"Aerol\u00edneas Argentinas ampl\u00eda la oferta de vuelos nacionales e internaciones con salida desde las provincias\"}]},{\"@type\":\"WebSite\",\"@id\":\"https:\\\/\\\/aeroespacio.com.ar\\\/#website\",\"url\":\"https:\\\/\\\/aeroespacio.com.ar\\\/\",\"name\":\"aeroespacio.com.ar\",\"description\":\"\",\"potentialAction\":[{\"@type\":\"SearchAction\",\"target\":{\"@type\":\"EntryPoint\",\"urlTemplate\":\"https:\\\/\\\/aeroespacio.com.ar\\\/?s={search_term_string}\"},\"query-input\":{\"@type\":\"PropertyValueSpecification\",\"valueRequired\":true,\"valueName\":\"search_term_string\"}}],\"inLanguage\":\"es-AR\"},{\"@type\":\"Person\",\"@id\":\"https:\\\/\\\/aeroespacio.com.ar\\\/#\\\/schema\\\/person\\\/6ed044bb77d2eec9f7615badbe365ffa\",\"name\":\"Jose Operto\",\"image\":{\"@type\":\"ImageObject\",\"inLanguage\":\"es-AR\",\"@id\":\"https:\\\/\\\/secure.gravatar.com\\\/avatar\\\/46c91e2630685531c0b0dd365ca4b4c391e308a6e5811841f817a41623f5da65?s=96&d=mm&r=g\",\"url\":\"https:\\\/\\\/secure.gravatar.com\\\/avatar\\\/46c91e2630685531c0b0dd365ca4b4c391e308a6e5811841f817a41623f5da65?s=96&d=mm&r=g\",\"contentUrl\":\"https:\\\/\\\/secure.gravatar.com\\\/avatar\\\/46c91e2630685531c0b0dd365ca4b4c391e308a6e5811841f817a41623f5da65?s=96&d=mm&r=g\",\"caption\":\"Jose Operto\"},\"url\":\"https:\\\/\\\/aeroespacio.com.ar\\\/?author=20\"}]}<\/script>\n<!-- \/ Yoast SEO plugin. -->","yoast_head_json":{"title":"Aerol\u00edneas Argentinas ampl\u00eda la oferta de vuelos nacionales e internaciones con salida desde las provincias - Aeroespacio","robots":{"index":"index","follow":"follow","max-snippet":"max-snippet:-1","max-image-preview":"max-image-preview:large","max-video-preview":"max-video-preview:-1"},"canonical":"https:\/\/aeroespacio.com.ar\/?p=15687","og_locale":"es_ES","og_type":"article","og_title":"Aerol\u00edneas Argentinas ampl\u00eda la oferta de vuelos nacionales e internaciones con salida desde las provincias - Aeroespacio","og_description":"Durante el primer feriado tur\u00edstico por el inicio del 2025, la aerol\u00ednea de bandera argentina marc\u00f3 el r\u00e9cord anual con [&hellip;]","og_url":"https:\/\/aeroespacio.com.ar\/?p=15687","og_site_name":"Aeroespacio","article_published_time":"2025-01-13T15:05:21+00:00","og_image":[{"width":1200,"height":1500,"url":"https:\/\/aeroespacio.com.ar\/wp-content\/uploads\/2025\/01\/466386443_986462010173084_5180968304174009172_n.jpg","type":"image\/jpeg"}],"author":"Jose Operto","twitter_card":"summary_large_image","twitter_misc":{"Escrito por":"Jose Operto","Tiempo de lectura":"2 minutos"},"schema":{"@context":"https:\/\/schema.org","@graph":[{"@type":"Article","@id":"https:\/\/aeroespacio.com.ar\/?p=15687#article","isPartOf":{"@id":"https:\/\/aeroespacio.com.ar\/?p=15687"},"author":{"name":"Jose Operto","@id":"https:\/\/aeroespacio.com.ar\/#\/schema\/person\/6ed044bb77d2eec9f7615badbe365ffa"},"headline":"Aerol\u00edneas Argentinas ampl\u00eda la oferta de vuelos nacionales e internaciones con salida desde las provincias","datePublished":"2025-01-13T15:05:21+00:00","mainEntityOfPage":{"@id":"https:\/\/aeroespacio.com.ar\/?p=15687"},"wordCount":392,"commentCount":0,"image":{"@id":"https:\/\/aeroespacio.com.ar\/?p=15687#primaryimage"},"thumbnailUrl":"https:\/\/aeroespacio.com.ar\/wp-content\/uploads\/2025\/01\/466386443_986462010173084_5180968304174009172_n.jpg","keywords":["##vuelosAerolineasArgentinas","#AerolineasArgentinas","#Temporadadeverano2025","#Vuelosnacionales"],"articleSection":["Aviaci\u00f3n Comercial"],"inLanguage":"es-AR","potentialAction":[{"@type":"CommentAction","name":"Comment","target":["https:\/\/aeroespacio.com.ar\/?p=15687#respond"]}]},{"@type":"WebPage","@id":"https:\/\/aeroespacio.com.ar\/?p=15687","url":"https:\/\/aeroespacio.com.ar\/?p=15687","name":"Aerol\u00edneas Argentinas ampl\u00eda la oferta de vuelos nacionales e internaciones con salida desde las provincias - Aeroespacio","isPartOf":{"@id":"https:\/\/aeroespacio.com.ar\/#website"},"primaryImageOfPage":{"@id":"https:\/\/aeroespacio.com.ar\/?p=15687#primaryimage"},"image":{"@id":"https:\/\/aeroespacio.com.ar\/?p=15687#primaryimage"},"thumbnailUrl":"https:\/\/aeroespacio.com.ar\/wp-content\/uploads\/2025\/01\/466386443_986462010173084_5180968304174009172_n.jpg","datePublished":"2025-01-13T15:05:21+00:00","author":{"@id":"https:\/\/aeroespacio.com.ar\/#\/schema\/person\/6ed044bb77d2eec9f7615badbe365ffa"},"breadcrumb":{"@id":"https:\/\/aeroespacio.com.ar\/?p=15687#breadcrumb"},"inLanguage":"es-AR","potentialAction":[{"@type":"ReadAction","target":["https:\/\/aeroespacio.com.ar\/?p=15687"]}]},{"@type":"ImageObject","inLanguage":"es-AR","@id":"https:\/\/aeroespacio.com.ar\/?p=15687#primaryimage","url":"https:\/\/aeroespacio.com.ar\/wp-content\/uploads\/2025\/01\/466386443_986462010173084_5180968304174009172_n.jpg","contentUrl":"https:\/\/aeroespacio.com.ar\/wp-content\/uploads\/2025\/01\/466386443_986462010173084_5180968304174009172_n.jpg","width":1200,"height":1500},{"@type":"BreadcrumbList","@id":"https:\/\/aeroespacio.com.ar\/?p=15687#breadcrumb","itemListElement":[{"@type":"ListItem","position":1,"name":"Inicio","item":"https:\/\/aeroespacio.com.ar\/"},{"@type":"ListItem","position":2,"name":"Aerol\u00edneas Argentinas ampl\u00eda la oferta de vuelos nacionales e internaciones con salida desde las provincias"}]},{"@type":"WebSite","@id":"https:\/\/aeroespacio.com.ar\/#website","url":"https:\/\/aeroespacio.com.ar\/","name":"aeroespacio.com.ar","description":"","potentialAction":[{"@type":"SearchAction","target":{"@type":"EntryPoint","urlTemplate":"https:\/\/aeroespacio.com.ar\/?s={search_term_string}"},"query-input":{"@type":"PropertyValueSpecification","valueRequired":true,"valueName":"search_term_string"}}],"inLanguage":"es-AR"},{"@type":"Person","@id":"https:\/\/aeroespacio.com.ar\/#\/schema\/person\/6ed044bb77d2eec9f7615badbe365ffa","name":"Jose Operto","image":{"@type":"ImageObject","inLanguage":"es-AR","@id":"https:\/\/secure.gravatar.com\/avatar\/46c91e2630685531c0b0dd365ca4b4c391e308a6e5811841f817a41623f5da65?s=96&d=mm&r=g","url":"https:\/\/secure.gravatar.com\/avatar\/46c91e2630685531c0b0dd365ca4b4c391e308a6e5811841f817a41623f5da65?s=96&d=mm&r=g","contentUrl":"https:\/\/secure.gravatar.com\/avatar\/46c91e2630685531c0b0dd365ca4b4c391e308a6e5811841f817a41623f5da65?s=96&d=mm&r=g","caption":"Jose Operto"},"url":"https:\/\/aeroespacio.com.ar\/?author=20"}]}},"rttpg_featured_image_url":{"full":["https:\/\/aeroespacio.com.ar\/wp-content\/uploads\/2025\/01\/466386443_986462010173084_5180968304174009172_n.jpg",1200,1500,false],"landscape":["https:\/\/aeroespacio.com.ar\/wp-content\/uploads\/2025\/01\/466386443_986462010173084_5180968304174009172_n.jpg",1200,1500,false],"portraits":["https:\/\/aeroespacio.com.ar\/wp-content\/uploads\/2025\/01\/466386443_986462010173084_5180968304174009172_n.jpg",1200,1500,false],"thumbnail":["https:\/\/aeroespacio.com.ar\/wp-content\/uploads\/2025\/01\/466386443_986462010173084_5180968304174009172_n-150x150.jpg",150,150,true],"medium":["https:\/\/aeroespacio.com.ar\/wp-content\/uploads\/2025\/01\/466386443_986462010173084_5180968304174009172_n-240x300.jpg",240,300,true],"large":["https:\/\/aeroespacio.com.ar\/wp-content\/uploads\/2025\/01\/466386443_986462010173084_5180968304174009172_n-819x1024.jpg",819,1024,true],"1536x1536":["https:\/\/aeroespacio.com.ar\/wp-content\/uploads\/2025\/01\/466386443_986462010173084_5180968304174009172_n.jpg",1200,1500,false],"2048x2048":["https:\/\/aeroespacio.com.ar\/wp-content\/uploads\/2025\/01\/466386443_986462010173084_5180968304174009172_n.jpg",1200,1500,false]},"rttpg_author":{"display_name":"Jose Operto","author_link":"https:\/\/aeroespacio.com.ar\/?author=20"},"rttpg_comment":0,"rttpg_category":"<a href=\"https:\/\/aeroespacio.com.ar\/?cat=1438\" rel=\"category\">Aviaci\u00f3n Comercial<\/a>","rttpg_excerpt":"Durante el primer feriado tur\u00edstico por el inicio del 2025, la aerol\u00ednea de bandera argentina marc\u00f3 el r\u00e9cord anual con [&hellip;]","_links":{"self":[{"href":"https:\/\/aeroespacio.com.ar\/index.php?rest_route=\/wp\/v2\/posts\/15687","targetHints":{"allow":["GET"]}}],"collection":[{"href":"https:\/\/aeroespacio.com.ar\/index.php?rest_route=\/wp\/v2\/posts"}],"about":[{"href":"https:\/\/aeroespacio.com.ar\/index.php?rest_route=\/wp\/v2\/types\/post"}],"author":[{"embeddable":true,"href":"https:\/\/aeroespacio.com.ar\/index.php?rest_route=\/wp\/v2\/users\/20"}],"replies":[{"embeddable":true,"href":"https:\/\/aeroespacio.com.ar\/index.php?rest_route=%2Fwp%2Fv2%2Fcomments&post=15687"}],"version-history":[{"count":1,"href":"https:\/\/aeroespacio.com.ar\/index.php?rest_route=\/wp\/v2\/posts\/15687\/revisions"}],"predecessor-version":[{"id":15689,"href":"https:\/\/aeroespacio.com.ar\/index.php?rest_route=\/wp\/v2\/posts\/15687\/revisions\/15689"}],"wp:featuredmedia":[{"embeddable":true,"href":"https:\/\/aeroespacio.com.ar\/index.php?rest_route=\/wp\/v2\/media\/15688"}],"wp:attachment":[{"href":"https:\/\/aeroespacio.com.ar\/index.php?rest_route=%2Fwp%2Fv2%2Fmedia&parent=15687"}],"wp:term":[{"taxonomy":"category","embeddable":true,"href":"https:\/\/aeroespacio.com.ar\/index.php?rest_route=%2Fwp%2Fv2%2Fcategories&post=15687"},{"taxonomy":"post_tag","embeddable":true,"href":"https:\/\/aeroespacio.com.ar\/index.php?rest_route=%2Fwp%2Fv2%2Ftags&post=15687"}],"curies":[{"name":"wp","href":"https:\/\/api.w.org\/{rel}","templated":true}]}}