{"id":15684,"date":"2025-01-09T14:45:56","date_gmt":"2025-01-09T14:45:56","guid":{"rendered":"http:\/\/192.168.0.98\/?p=15684"},"modified":"2025-01-10T16:26:40","modified_gmt":"2025-01-10T16:26:40","slug":"proyecto-para-la-produccion-de-combustible-sostenible-de-aviacion-en-argentina","status":"publish","type":"post","link":"https:\/\/aeroespacio.com.ar\/?p=15684","title":{"rendered":"Proyecto para la producci\u00f3n de Combustible Sostenible de Aviaci\u00f3n en Argentina"},"content":{"rendered":"\n<figure class=\"wp-block-image size-large\"><img fetchpriority=\"high\" decoding=\"async\" width=\"1024\" height=\"682\" src=\"https:\/\/aeroespacio.com.ar\/wp-content\/uploads\/2025\/01\/IMG-20241207-WA0032-2-1024x682.jpg\" alt=\"\" class=\"wp-image-15685\" srcset=\"https:\/\/aeroespacio.com.ar\/wp-content\/uploads\/2025\/01\/IMG-20241207-WA0032-2-1024x682.jpg 1024w, https:\/\/aeroespacio.com.ar\/wp-content\/uploads\/2025\/01\/IMG-20241207-WA0032-2-300x200.jpg 300w, https:\/\/aeroespacio.com.ar\/wp-content\/uploads\/2025\/01\/IMG-20241207-WA0032-2-768x512.jpg 768w, https:\/\/aeroespacio.com.ar\/wp-content\/uploads\/2025\/01\/IMG-20241207-WA0032-2-1536x1023.jpg 1536w, https:\/\/aeroespacio.com.ar\/wp-content\/uploads\/2025\/01\/IMG-20241207-WA0032-2.jpg 1600w\" sizes=\"(max-width: 1024px) 100vw, 1024px\" \/><\/figure>\n\n\n\n<p><\/p>\n\n\n\n<p>El gobierno de la provincia de Chubut present\u00f3 en el Honorable Senado de la Naci\u00f3n el proyecto\u00a0Eco-Refiner\u00edas del Sur (ERS)\u00a0para producir\u00a0Combustible Sostenible de Aviaci\u00f3n (SAF, por sus<strong> <\/strong>siglas en ingl\u00e9s)\u00a0a partir de energ\u00eda e\u00f3lica. El proceso conocido como\u00a0Fischer-Tropsch<strong>\u00a0<\/strong>combina hidr\u00f3geno verde con CO2. Esta iniciativa promete transformar la industria y el desarrollo econ\u00f3mico de la Patagonia argentina, a trav\u00e9s de una serie de procesos conocidos como\u00a0Power to Liquid (PtL).<\/p>\n\n\n\n<p>La iniciativa liderada por la compa\u00f1\u00eda alemana GreenSinnergy GmbH, junto a especialistas argentinos,\u00a0es un paso significativo hacia la descarbonizaci\u00f3n del sector aeron\u00e1utico en el fomento de las energ\u00edas renovables en nuestro pa\u00eds.\u00a0\u00a0La\u00a0\u00a0producci\u00f3n inicial ser\u00e1 de\u00a0100 000 toneladas de SAF anuales a partir de 2030, y luego tendr\u00e1 un aumento\u00a0\u00a0progresivo de hasta las\u00a0500 000 toneladas anuales.<strong> <\/strong>Realiz\u00e1ndose por etapas, la\u00a0\u00a0primera fase contempla una\u00a0inversi\u00f3n inicial de 2500 millones de d\u00f3lares. En l\u00ednea con los objetivos de cero emisiones de carbono a nivel global, se espera reducir cerca de un mill\u00f3n y medio de toneladas de CO2 por a\u00f1o.<\/p>\n\n\n\n<p>Adem\u00e1s, durante el proceso y la construcci\u00f3n se prev\u00e9 la creaci\u00f3n de empleos directos e indirectos, desde ingenieros y\u00a0\u00a0t\u00e9cnicos especializados, hasta trabajadores en \u00e1reas de log\u00edstica, transporte y servicios complementarios. Una vez en operaci\u00f3n,\u00a0la planta generar\u00e1 oportunidades laborales en mantenimiento, gesti\u00f3n y operaciones de las instalaciones, beneficiando a la comunidad local de manera sostenida.<\/p>\n\n\n\n<p>A nivel global,\u00a0Eco-Refiner\u00edas del Sur contribuir\u00e1 a la descarbonizaci\u00f3n del sector aeron\u00e1utico, responsable del 2.5% de las emisiones de CO2 a nivel mundial.<strong>\u00a0<\/strong>La utilizaci\u00f3n de\u00a0SAF\u00a0puede generar una reducci\u00f3n de combusti\u00f3n de hasta un 99%\u00a0\u00a0respecto al uso de combustibles f\u00f3siles lo que\u00a0<strong>\u00a0<\/strong>ayudar\u00e1 a alcanzar los objetivos de descarbonizaci\u00f3n para 2050 establecidos por acuerdos internacionales.<\/p>\n\n\n\n<p>El proyecto se encuentra en la fase final de desarrollo conceptual y en la consolidaci\u00f3n del ecosistema integral de las partes interesadas, compuesto por tecn\u00f3logos, compradores e inversores estrat\u00e9gicos, entre otros.\u00a0Se espera poder ingresar al sistema RIGI, promulgado recientemente en la Ley de Bases, que propicia la realizaci\u00f3n de inversiones de la magnitud que este tipo de proyectos requiere.\u00a0Las fases de ingenier\u00eda b\u00e1sica y detallada avanzar\u00e1n en los pr\u00f3ximos a\u00f1os, con el objetivo de entrar en operaci\u00f3n a partir de 2030.\u00a0<\/p>\n\n\n\n<p><\/p>\n\n\n\n<p>El Dr, Juan Pablo Zagorodony representante de GreenSinnergy en Argentina y experto en transici\u00f3n energ\u00e9tica e hidr\u00f3geno, explic\u00f3: \u201cFischer-Tropsch (FT) es un proceso qu\u00edmico que convierte el gas de s\u00edntesis en l\u00edquidos sint\u00e9ticos que pueden usarse como combustibles, incluidos el SAF. Este m\u00e9todo es clave para transformar materias primas sostenibles, como el hidr\u00f3geno verde y el di\u00f3xido de carbono (CO2) en combustibles l\u00edquidos limpios.\u201d<\/p>\n\n\n\n<p>Fuente y foto: Hidrogen Verde\/ EconoSus<\/p>\n\n\n\n<p><\/p>\n","protected":false},"excerpt":{"rendered":"<p>El gobierno de la provincia de Chubut present\u00f3 en el Honorable Senado de la Naci\u00f3n el proyecto\u00a0Eco-Refiner\u00edas del Sur (ERS)\u00a0para [&hellip;]<\/p>\n","protected":false},"author":20,"featured_media":15685,"comment_status":"open","ping_status":"open","sticky":false,"template":"","format":"standard","meta":{"site-sidebar-layout":"default","site-content-layout":"","ast-site-content-layout":"default","site-content-style":"default","site-sidebar-style":"default","ast-global-header-display":"","ast-banner-title-visibility":"","ast-main-header-display":"","ast-hfb-above-header-display":"","ast-hfb-below-header-display":"","ast-hfb-mobile-header-display":"","site-post-title":"","ast-breadcrumbs-content":"","ast-featured-img":"","footer-sml-layout":"","ast-disable-related-posts":"","theme-transparent-header-meta":"","adv-header-id-meta":"","stick-header-meta":"","header-above-stick-meta":"","header-main-stick-meta":"","header-below-stick-meta":"","astra-migrate-meta-layouts":"default","ast-page-background-enabled":"default","ast-page-background-meta":{"desktop":{"background-color":"var(--ast-global-color-5)","background-image":"","background-repeat":"repeat","background-position":"center center","background-size":"auto","background-attachment":"scroll","background-type":"","background-media":"","overlay-type":"","overlay-color":"","overlay-opacity":"","overlay-gradient":""},"tablet":{"background-color":"","background-image":"","background-repeat":"repeat","background-position":"center center","background-size":"auto","background-attachment":"scroll","background-type":"","background-media":"","overlay-type":"","overlay-color":"","overlay-opacity":"","overlay-gradient":""},"mobile":{"background-color":"","background-image":"","background-repeat":"repeat","background-position":"center center","background-size":"auto","background-attachment":"scroll","background-type":"","background-media":"","overlay-type":"","overlay-color":"","overlay-opacity":"","overlay-gradient":""}},"ast-content-background-meta":{"desktop":{"background-color":"var(--ast-global-color-4)","background-image":"","background-repeat":"repeat","background-position":"center center","background-size":"auto","background-attachment":"scroll","background-type":"","background-media":"","overlay-type":"","overlay-color":"","overlay-opacity":"","overlay-gradient":""},"tablet":{"background-color":"var(--ast-global-color-4)","background-image":"","background-repeat":"repeat","background-position":"center center","background-size":"auto","background-attachment":"scroll","background-type":"","background-media":"","overlay-type":"","overlay-color":"","overlay-opacity":"","overlay-gradient":""},"mobile":{"background-color":"var(--ast-global-color-4)","background-image":"","background-repeat":"repeat","background-position":"center center","background-size":"auto","background-attachment":"scroll","background-type":"","background-media":"","overlay-type":"","overlay-color":"","overlay-opacity":"","overlay-gradient":""}},"_joinchat":[],"footnotes":""},"categories":[1439,1441],"tags":[],"class_list":["post-15684","post","type-post","status-publish","format-standard","has-post-thumbnail","hentry","category-blog","category-industria-y-tecnologia"],"yoast_head":"<!-- This site is optimized with the Yoast SEO plugin v27.3 - https:\/\/yoast.com\/product\/yoast-seo-wordpress\/ -->\n<title>Proyecto para la producci\u00f3n de Combustible Sostenible de Aviaci\u00f3n en Argentina - Aeroespacio<\/title>\n<meta name=\"robots\" content=\"index, follow, max-snippet:-1, max-image-preview:large, max-video-preview:-1\" \/>\n<link rel=\"canonical\" href=\"https:\/\/aeroespacio.com.ar\/?p=15684\" \/>\n<meta property=\"og:locale\" content=\"es_ES\" \/>\n<meta property=\"og:type\" content=\"article\" \/>\n<meta property=\"og:title\" content=\"Proyecto para la producci\u00f3n de Combustible Sostenible de Aviaci\u00f3n en Argentina - Aeroespacio\" \/>\n<meta property=\"og:description\" content=\"El gobierno de la provincia de Chubut present\u00f3 en el Honorable Senado de la Naci\u00f3n el proyecto\u00a0Eco-Refiner\u00edas del Sur (ERS)\u00a0para [&hellip;]\" \/>\n<meta property=\"og:url\" content=\"https:\/\/aeroespacio.com.ar\/?p=15684\" \/>\n<meta property=\"og:site_name\" content=\"Aeroespacio\" \/>\n<meta property=\"article:published_time\" content=\"2025-01-09T14:45:56+00:00\" \/>\n<meta property=\"article:modified_time\" content=\"2025-01-10T16:26:40+00:00\" \/>\n<meta property=\"og:image\" content=\"https:\/\/aeroespacio.com.ar\/wp-content\/uploads\/2025\/01\/IMG-20241207-WA0032-2.jpg\" \/>\n\t<meta property=\"og:image:width\" content=\"1600\" \/>\n\t<meta property=\"og:image:height\" content=\"1066\" \/>\n\t<meta property=\"og:image:type\" content=\"image\/jpeg\" \/>\n<meta name=\"author\" content=\"Jose Operto\" \/>\n<meta name=\"twitter:card\" content=\"summary_large_image\" \/>\n<meta name=\"twitter:label1\" content=\"Escrito por\" \/>\n\t<meta name=\"twitter:data1\" content=\"Jose Operto\" \/>\n\t<meta name=\"twitter:label2\" content=\"Tiempo de lectura\" \/>\n\t<meta name=\"twitter:data2\" content=\"2 minutos\" \/>\n<script type=\"application\/ld+json\" class=\"yoast-schema-graph\">{\"@context\":\"https:\\\/\\\/schema.org\",\"@graph\":[{\"@type\":\"Article\",\"@id\":\"https:\\\/\\\/aeroespacio.com.ar\\\/?p=15684#article\",\"isPartOf\":{\"@id\":\"https:\\\/\\\/aeroespacio.com.ar\\\/?p=15684\"},\"author\":{\"name\":\"Jose Operto\",\"@id\":\"https:\\\/\\\/aeroespacio.com.ar\\\/#\\\/schema\\\/person\\\/6ed044bb77d2eec9f7615badbe365ffa\"},\"headline\":\"Proyecto para la producci\u00f3n de Combustible Sostenible de Aviaci\u00f3n en Argentina\",\"datePublished\":\"2025-01-09T14:45:56+00:00\",\"dateModified\":\"2025-01-10T16:26:40+00:00\",\"mainEntityOfPage\":{\"@id\":\"https:\\\/\\\/aeroespacio.com.ar\\\/?p=15684\"},\"wordCount\":507,\"commentCount\":0,\"image\":{\"@id\":\"https:\\\/\\\/aeroespacio.com.ar\\\/?p=15684#primaryimage\"},\"thumbnailUrl\":\"https:\\\/\\\/aeroespacio.com.ar\\\/wp-content\\\/uploads\\\/2025\\\/01\\\/IMG-20241207-WA0032-2.jpg\",\"articleSection\":[\"Blog\",\"Industria y Tecnolog\u00eda\"],\"inLanguage\":\"es-AR\",\"potentialAction\":[{\"@type\":\"CommentAction\",\"name\":\"Comment\",\"target\":[\"https:\\\/\\\/aeroespacio.com.ar\\\/?p=15684#respond\"]}]},{\"@type\":\"WebPage\",\"@id\":\"https:\\\/\\\/aeroespacio.com.ar\\\/?p=15684\",\"url\":\"https:\\\/\\\/aeroespacio.com.ar\\\/?p=15684\",\"name\":\"Proyecto para la producci\u00f3n de Combustible Sostenible de Aviaci\u00f3n en Argentina - Aeroespacio\",\"isPartOf\":{\"@id\":\"https:\\\/\\\/aeroespacio.com.ar\\\/#website\"},\"primaryImageOfPage\":{\"@id\":\"https:\\\/\\\/aeroespacio.com.ar\\\/?p=15684#primaryimage\"},\"image\":{\"@id\":\"https:\\\/\\\/aeroespacio.com.ar\\\/?p=15684#primaryimage\"},\"thumbnailUrl\":\"https:\\\/\\\/aeroespacio.com.ar\\\/wp-content\\\/uploads\\\/2025\\\/01\\\/IMG-20241207-WA0032-2.jpg\",\"datePublished\":\"2025-01-09T14:45:56+00:00\",\"dateModified\":\"2025-01-10T16:26:40+00:00\",\"author\":{\"@id\":\"https:\\\/\\\/aeroespacio.com.ar\\\/#\\\/schema\\\/person\\\/6ed044bb77d2eec9f7615badbe365ffa\"},\"breadcrumb\":{\"@id\":\"https:\\\/\\\/aeroespacio.com.ar\\\/?p=15684#breadcrumb\"},\"inLanguage\":\"es-AR\",\"potentialAction\":[{\"@type\":\"ReadAction\",\"target\":[\"https:\\\/\\\/aeroespacio.com.ar\\\/?p=15684\"]}]},{\"@type\":\"ImageObject\",\"inLanguage\":\"es-AR\",\"@id\":\"https:\\\/\\\/aeroespacio.com.ar\\\/?p=15684#primaryimage\",\"url\":\"https:\\\/\\\/aeroespacio.com.ar\\\/wp-content\\\/uploads\\\/2025\\\/01\\\/IMG-20241207-WA0032-2.jpg\",\"contentUrl\":\"https:\\\/\\\/aeroespacio.com.ar\\\/wp-content\\\/uploads\\\/2025\\\/01\\\/IMG-20241207-WA0032-2.jpg\",\"width\":1600,\"height\":1066},{\"@type\":\"BreadcrumbList\",\"@id\":\"https:\\\/\\\/aeroespacio.com.ar\\\/?p=15684#breadcrumb\",\"itemListElement\":[{\"@type\":\"ListItem\",\"position\":1,\"name\":\"Inicio\",\"item\":\"https:\\\/\\\/aeroespacio.com.ar\\\/\"},{\"@type\":\"ListItem\",\"position\":2,\"name\":\"Proyecto para la producci\u00f3n de Combustible Sostenible de Aviaci\u00f3n en Argentina\"}]},{\"@type\":\"WebSite\",\"@id\":\"https:\\\/\\\/aeroespacio.com.ar\\\/#website\",\"url\":\"https:\\\/\\\/aeroespacio.com.ar\\\/\",\"name\":\"aeroespacio.com.ar\",\"description\":\"\",\"potentialAction\":[{\"@type\":\"SearchAction\",\"target\":{\"@type\":\"EntryPoint\",\"urlTemplate\":\"https:\\\/\\\/aeroespacio.com.ar\\\/?s={search_term_string}\"},\"query-input\":{\"@type\":\"PropertyValueSpecification\",\"valueRequired\":true,\"valueName\":\"search_term_string\"}}],\"inLanguage\":\"es-AR\"},{\"@type\":\"Person\",\"@id\":\"https:\\\/\\\/aeroespacio.com.ar\\\/#\\\/schema\\\/person\\\/6ed044bb77d2eec9f7615badbe365ffa\",\"name\":\"Jose Operto\",\"image\":{\"@type\":\"ImageObject\",\"inLanguage\":\"es-AR\",\"@id\":\"https:\\\/\\\/secure.gravatar.com\\\/avatar\\\/46c91e2630685531c0b0dd365ca4b4c391e308a6e5811841f817a41623f5da65?s=96&d=mm&r=g\",\"url\":\"https:\\\/\\\/secure.gravatar.com\\\/avatar\\\/46c91e2630685531c0b0dd365ca4b4c391e308a6e5811841f817a41623f5da65?s=96&d=mm&r=g\",\"contentUrl\":\"https:\\\/\\\/secure.gravatar.com\\\/avatar\\\/46c91e2630685531c0b0dd365ca4b4c391e308a6e5811841f817a41623f5da65?s=96&d=mm&r=g\",\"caption\":\"Jose Operto\"},\"url\":\"https:\\\/\\\/aeroespacio.com.ar\\\/?author=20\"}]}<\/script>\n<!-- \/ Yoast SEO plugin. -->","yoast_head_json":{"title":"Proyecto para la producci\u00f3n de Combustible Sostenible de Aviaci\u00f3n en Argentina - Aeroespacio","robots":{"index":"index","follow":"follow","max-snippet":"max-snippet:-1","max-image-preview":"max-image-preview:large","max-video-preview":"max-video-preview:-1"},"canonical":"https:\/\/aeroespacio.com.ar\/?p=15684","og_locale":"es_ES","og_type":"article","og_title":"Proyecto para la producci\u00f3n de Combustible Sostenible de Aviaci\u00f3n en Argentina - Aeroespacio","og_description":"El gobierno de la provincia de Chubut present\u00f3 en el Honorable Senado de la Naci\u00f3n el proyecto\u00a0Eco-Refiner\u00edas del Sur (ERS)\u00a0para [&hellip;]","og_url":"https:\/\/aeroespacio.com.ar\/?p=15684","og_site_name":"Aeroespacio","article_published_time":"2025-01-09T14:45:56+00:00","article_modified_time":"2025-01-10T16:26:40+00:00","og_image":[{"width":1600,"height":1066,"url":"https:\/\/aeroespacio.com.ar\/wp-content\/uploads\/2025\/01\/IMG-20241207-WA0032-2.jpg","type":"image\/jpeg"}],"author":"Jose Operto","twitter_card":"summary_large_image","twitter_misc":{"Escrito por":"Jose Operto","Tiempo de lectura":"2 minutos"},"schema":{"@context":"https:\/\/schema.org","@graph":[{"@type":"Article","@id":"https:\/\/aeroespacio.com.ar\/?p=15684#article","isPartOf":{"@id":"https:\/\/aeroespacio.com.ar\/?p=15684"},"author":{"name":"Jose Operto","@id":"https:\/\/aeroespacio.com.ar\/#\/schema\/person\/6ed044bb77d2eec9f7615badbe365ffa"},"headline":"Proyecto para la producci\u00f3n de Combustible Sostenible de Aviaci\u00f3n en Argentina","datePublished":"2025-01-09T14:45:56+00:00","dateModified":"2025-01-10T16:26:40+00:00","mainEntityOfPage":{"@id":"https:\/\/aeroespacio.com.ar\/?p=15684"},"wordCount":507,"commentCount":0,"image":{"@id":"https:\/\/aeroespacio.com.ar\/?p=15684#primaryimage"},"thumbnailUrl":"https:\/\/aeroespacio.com.ar\/wp-content\/uploads\/2025\/01\/IMG-20241207-WA0032-2.jpg","articleSection":["Blog","Industria y Tecnolog\u00eda"],"inLanguage":"es-AR","potentialAction":[{"@type":"CommentAction","name":"Comment","target":["https:\/\/aeroespacio.com.ar\/?p=15684#respond"]}]},{"@type":"WebPage","@id":"https:\/\/aeroespacio.com.ar\/?p=15684","url":"https:\/\/aeroespacio.com.ar\/?p=15684","name":"Proyecto para la producci\u00f3n de Combustible Sostenible de Aviaci\u00f3n en Argentina - Aeroespacio","isPartOf":{"@id":"https:\/\/aeroespacio.com.ar\/#website"},"primaryImageOfPage":{"@id":"https:\/\/aeroespacio.com.ar\/?p=15684#primaryimage"},"image":{"@id":"https:\/\/aeroespacio.com.ar\/?p=15684#primaryimage"},"thumbnailUrl":"https:\/\/aeroespacio.com.ar\/wp-content\/uploads\/2025\/01\/IMG-20241207-WA0032-2.jpg","datePublished":"2025-01-09T14:45:56+00:00","dateModified":"2025-01-10T16:26:40+00:00","author":{"@id":"https:\/\/aeroespacio.com.ar\/#\/schema\/person\/6ed044bb77d2eec9f7615badbe365ffa"},"breadcrumb":{"@id":"https:\/\/aeroespacio.com.ar\/?p=15684#breadcrumb"},"inLanguage":"es-AR","potentialAction":[{"@type":"ReadAction","target":["https:\/\/aeroespacio.com.ar\/?p=15684"]}]},{"@type":"ImageObject","inLanguage":"es-AR","@id":"https:\/\/aeroespacio.com.ar\/?p=15684#primaryimage","url":"https:\/\/aeroespacio.com.ar\/wp-content\/uploads\/2025\/01\/IMG-20241207-WA0032-2.jpg","contentUrl":"https:\/\/aeroespacio.com.ar\/wp-content\/uploads\/2025\/01\/IMG-20241207-WA0032-2.jpg","width":1600,"height":1066},{"@type":"BreadcrumbList","@id":"https:\/\/aeroespacio.com.ar\/?p=15684#breadcrumb","itemListElement":[{"@type":"ListItem","position":1,"name":"Inicio","item":"https:\/\/aeroespacio.com.ar\/"},{"@type":"ListItem","position":2,"name":"Proyecto para la producci\u00f3n de Combustible Sostenible de Aviaci\u00f3n en Argentina"}]},{"@type":"WebSite","@id":"https:\/\/aeroespacio.com.ar\/#website","url":"https:\/\/aeroespacio.com.ar\/","name":"aeroespacio.com.ar","description":"","potentialAction":[{"@type":"SearchAction","target":{"@type":"EntryPoint","urlTemplate":"https:\/\/aeroespacio.com.ar\/?s={search_term_string}"},"query-input":{"@type":"PropertyValueSpecification","valueRequired":true,"valueName":"search_term_string"}}],"inLanguage":"es-AR"},{"@type":"Person","@id":"https:\/\/aeroespacio.com.ar\/#\/schema\/person\/6ed044bb77d2eec9f7615badbe365ffa","name":"Jose Operto","image":{"@type":"ImageObject","inLanguage":"es-AR","@id":"https:\/\/secure.gravatar.com\/avatar\/46c91e2630685531c0b0dd365ca4b4c391e308a6e5811841f817a41623f5da65?s=96&d=mm&r=g","url":"https:\/\/secure.gravatar.com\/avatar\/46c91e2630685531c0b0dd365ca4b4c391e308a6e5811841f817a41623f5da65?s=96&d=mm&r=g","contentUrl":"https:\/\/secure.gravatar.com\/avatar\/46c91e2630685531c0b0dd365ca4b4c391e308a6e5811841f817a41623f5da65?s=96&d=mm&r=g","caption":"Jose Operto"},"url":"https:\/\/aeroespacio.com.ar\/?author=20"}]}},"rttpg_featured_image_url":{"full":["https:\/\/aeroespacio.com.ar\/wp-content\/uploads\/2025\/01\/IMG-20241207-WA0032-2.jpg",1600,1066,false],"landscape":["https:\/\/aeroespacio.com.ar\/wp-content\/uploads\/2025\/01\/IMG-20241207-WA0032-2.jpg",1600,1066,false],"portraits":["https:\/\/aeroespacio.com.ar\/wp-content\/uploads\/2025\/01\/IMG-20241207-WA0032-2.jpg",1600,1066,false],"thumbnail":["https:\/\/aeroespacio.com.ar\/wp-content\/uploads\/2025\/01\/IMG-20241207-WA0032-2-150x150.jpg",150,150,true],"medium":["https:\/\/aeroespacio.com.ar\/wp-content\/uploads\/2025\/01\/IMG-20241207-WA0032-2-300x200.jpg",300,200,true],"large":["https:\/\/aeroespacio.com.ar\/wp-content\/uploads\/2025\/01\/IMG-20241207-WA0032-2-1024x682.jpg",1024,682,true],"1536x1536":["https:\/\/aeroespacio.com.ar\/wp-content\/uploads\/2025\/01\/IMG-20241207-WA0032-2-1536x1023.jpg",1536,1023,true],"2048x2048":["https:\/\/aeroespacio.com.ar\/wp-content\/uploads\/2025\/01\/IMG-20241207-WA0032-2.jpg",1600,1066,false]},"rttpg_author":{"display_name":"Jose Operto","author_link":"https:\/\/aeroespacio.com.ar\/?author=20"},"rttpg_comment":0,"rttpg_category":"<a href=\"https:\/\/aeroespacio.com.ar\/?cat=1439\" rel=\"category\">Blog<\/a> <a href=\"https:\/\/aeroespacio.com.ar\/?cat=1441\" rel=\"category\">Industria y Tecnolog\u00eda<\/a>","rttpg_excerpt":"El gobierno de la provincia de Chubut present\u00f3 en el Honorable Senado de la Naci\u00f3n el proyecto\u00a0Eco-Refiner\u00edas del Sur (ERS)\u00a0para [&hellip;]","_links":{"self":[{"href":"https:\/\/aeroespacio.com.ar\/index.php?rest_route=\/wp\/v2\/posts\/15684","targetHints":{"allow":["GET"]}}],"collection":[{"href":"https:\/\/aeroespacio.com.ar\/index.php?rest_route=\/wp\/v2\/posts"}],"about":[{"href":"https:\/\/aeroespacio.com.ar\/index.php?rest_route=\/wp\/v2\/types\/post"}],"author":[{"embeddable":true,"href":"https:\/\/aeroespacio.com.ar\/index.php?rest_route=\/wp\/v2\/users\/20"}],"replies":[{"embeddable":true,"href":"https:\/\/aeroespacio.com.ar\/index.php?rest_route=%2Fwp%2Fv2%2Fcomments&post=15684"}],"version-history":[{"count":1,"href":"https:\/\/aeroespacio.com.ar\/index.php?rest_route=\/wp\/v2\/posts\/15684\/revisions"}],"predecessor-version":[{"id":15686,"href":"https:\/\/aeroespacio.com.ar\/index.php?rest_route=\/wp\/v2\/posts\/15684\/revisions\/15686"}],"wp:featuredmedia":[{"embeddable":true,"href":"https:\/\/aeroespacio.com.ar\/index.php?rest_route=\/wp\/v2\/media\/15685"}],"wp:attachment":[{"href":"https:\/\/aeroespacio.com.ar\/index.php?rest_route=%2Fwp%2Fv2%2Fmedia&parent=15684"}],"wp:term":[{"taxonomy":"category","embeddable":true,"href":"https:\/\/aeroespacio.com.ar\/index.php?rest_route=%2Fwp%2Fv2%2Fcategories&post=15684"},{"taxonomy":"post_tag","embeddable":true,"href":"https:\/\/aeroespacio.com.ar\/index.php?rest_route=%2Fwp%2Fv2%2Ftags&post=15684"}],"curies":[{"name":"wp","href":"https:\/\/api.w.org\/{rel}","templated":true}]}}