{"id":15630,"date":"2025-01-08T12:42:58","date_gmt":"2025-01-08T12:42:58","guid":{"rendered":"http:\/\/192.168.0.98\/?p=15630"},"modified":"2025-01-08T12:42:58","modified_gmt":"2025-01-08T12:42:58","slug":"primera-empresa-para-realizar-los-servicios-de-rampa-en-aeropuertos-de-argentina","status":"publish","type":"post","link":"https:\/\/aeroespacio.com.ar\/?p=15630","title":{"rendered":"Primera empresa para realizar los servicios de rampa en aeropuertos de Argentina"},"content":{"rendered":"\n<figure class=\"wp-block-image size-large\"><img fetchpriority=\"high\" decoding=\"async\" width=\"1024\" height=\"683\" src=\"https:\/\/aeroespacio.com.ar\/wp-content\/uploads\/2025\/01\/24.03.25_relevamiento_aep_semana_santa-37-1024x683.jpg\" alt=\"\" class=\"wp-image-15631\" srcset=\"https:\/\/aeroespacio.com.ar\/wp-content\/uploads\/2025\/01\/24.03.25_relevamiento_aep_semana_santa-37-1024x683.jpg 1024w, https:\/\/aeroespacio.com.ar\/wp-content\/uploads\/2025\/01\/24.03.25_relevamiento_aep_semana_santa-37-300x200.jpg 300w, https:\/\/aeroespacio.com.ar\/wp-content\/uploads\/2025\/01\/24.03.25_relevamiento_aep_semana_santa-37-768x512.jpg 768w, https:\/\/aeroespacio.com.ar\/wp-content\/uploads\/2025\/01\/24.03.25_relevamiento_aep_semana_santa-37-1536x1024.jpg 1536w, https:\/\/aeroespacio.com.ar\/wp-content\/uploads\/2025\/01\/24.03.25_relevamiento_aep_semana_santa-37.jpg 1620w\" sizes=\"(max-width: 1024px) 100vw, 1024px\" \/><\/figure>\n\n\n\n<p>Esta semana, la Secretar\u00eda de Transporte de la Naci\u00f3n anunci\u00f3 que habilit\u00f3 a la empresa uruguaya Air Class Cargo S.A. a prestar servicios de rampa en aeropuertos de todo el pa\u00eds. Se trata de la primera empresa habilitada para realizar actividades de&nbsp;<em>handling<\/em>&nbsp;en la Argentina en el marco de desregulaci\u00f3n del sector a\u00e9reo. De esta manera, se espera generar mayor competitividad y ampliaci\u00f3n de la oferta de operaciones en el sistema aeroportuario.<\/p>\n\n\n\n<p>El servicio de&nbsp;<em>handling<\/em>&nbsp;incluye toda la asistencia en tierra a los aviones e&nbsp;&nbsp;involucra las maniobras de&nbsp;<em>push back<\/em>, colocaci\u00f3n de las escaleras para el embarque y desembarque de pasajeros, y la gesti\u00f3n de la carga y descarga de equipaje, entre otras funciones. La liberalizaci\u00f3n de este servicio aeroportuario se gener\u00f3 en el reclamo que, desde hace muchos a\u00f1os, vienen solicitando las c\u00e1maras que re\u00fanen a las l\u00edneas a\u00e9reas para hacerlo m\u00e1s \u00e1gil y eficaz. El Gobierno Nacional hab\u00eda habilitado a prestar estas operaciones a terceros que se autoprestaban la actividad. A partir de ahora, se agrega la posibilidad de que comiencen a operar nuevas empresas.<\/p>\n\n\n\n<p>Air Class Cargo opera vuelos en diferentes pa\u00edses de Sudam\u00e9rica y proporciona servicios de transporte de cargas de alto est\u00e1ndar.&nbsp;Esta compa\u00f1\u00eda, que iniciar\u00e1 sus operaciones en el Aeropuerto Internacional de Ezeiza, es la primera que se incorpora a la prestaci\u00f3n de este servicio y su habilitaci\u00f3n tendr\u00e1 una vigencia de 15 a\u00f1os.<\/p>\n\n\n\n<p>Fuente y foto: Secretar\u00eda de Transporte de la Naci\u00f3n\/ Air Class Cargo<\/p>\n","protected":false},"excerpt":{"rendered":"<p>Esta semana, la Secretar\u00eda de Transporte de la Naci\u00f3n anunci\u00f3 que habilit\u00f3 a la empresa uruguaya Air Class Cargo S.A. [&hellip;]<\/p>\n","protected":false},"author":20,"featured_media":15631,"comment_status":"open","ping_status":"open","sticky":false,"template":"","format":"standard","meta":{"site-sidebar-layout":"default","site-content-layout":"","ast-site-content-layout":"default","site-content-style":"default","site-sidebar-style":"default","ast-global-header-display":"","ast-banner-title-visibility":"","ast-main-header-display":"","ast-hfb-above-header-display":"","ast-hfb-below-header-display":"","ast-hfb-mobile-header-display":"","site-post-title":"","ast-breadcrumbs-content":"","ast-featured-img":"","footer-sml-layout":"","ast-disable-related-posts":"","theme-transparent-header-meta":"","adv-header-id-meta":"","stick-header-meta":"","header-above-stick-meta":"","header-main-stick-meta":"","header-below-stick-meta":"","astra-migrate-meta-layouts":"default","ast-page-background-enabled":"default","ast-page-background-meta":{"desktop":{"background-color":"var(--ast-global-color-5)","background-image":"","background-repeat":"repeat","background-position":"center center","background-size":"auto","background-attachment":"scroll","background-type":"","background-media":"","overlay-type":"","overlay-color":"","overlay-opacity":"","overlay-gradient":""},"tablet":{"background-color":"","background-image":"","background-repeat":"repeat","background-position":"center center","background-size":"auto","background-attachment":"scroll","background-type":"","background-media":"","overlay-type":"","overlay-color":"","overlay-opacity":"","overlay-gradient":""},"mobile":{"background-color":"","background-image":"","background-repeat":"repeat","background-position":"center center","background-size":"auto","background-attachment":"scroll","background-type":"","background-media":"","overlay-type":"","overlay-color":"","overlay-opacity":"","overlay-gradient":""}},"ast-content-background-meta":{"desktop":{"background-color":"var(--ast-global-color-4)","background-image":"","background-repeat":"repeat","background-position":"center center","background-size":"auto","background-attachment":"scroll","background-type":"","background-media":"","overlay-type":"","overlay-color":"","overlay-opacity":"","overlay-gradient":""},"tablet":{"background-color":"var(--ast-global-color-4)","background-image":"","background-repeat":"repeat","background-position":"center center","background-size":"auto","background-attachment":"scroll","background-type":"","background-media":"","overlay-type":"","overlay-color":"","overlay-opacity":"","overlay-gradient":""},"mobile":{"background-color":"var(--ast-global-color-4)","background-image":"","background-repeat":"repeat","background-position":"center center","background-size":"auto","background-attachment":"scroll","background-type":"","background-media":"","overlay-type":"","overlay-color":"","overlay-opacity":"","overlay-gradient":""}},"_joinchat":[],"footnotes":""},"categories":[1444],"tags":[1455,1534,10,11,1533,1532],"class_list":["post-15630","post","type-post","status-publish","format-standard","has-post-thumbnail","hentry","category-aeropuertos","tag-aeropuertos-2","tag-airclasscargo","tag-aviacion-2","tag-aviacioncomercial-2","tag-handling","tag-serviciderampa"],"yoast_head":"<!-- This site is optimized with the Yoast SEO plugin v27.3 - https:\/\/yoast.com\/product\/yoast-seo-wordpress\/ -->\n<title>Primera empresa para realizar los servicios de rampa en aeropuertos de Argentina - Aeroespacio<\/title>\n<meta name=\"robots\" content=\"index, follow, max-snippet:-1, max-image-preview:large, max-video-preview:-1\" \/>\n<link rel=\"canonical\" href=\"https:\/\/aeroespacio.com.ar\/?p=15630\" \/>\n<meta property=\"og:locale\" content=\"es_ES\" \/>\n<meta property=\"og:type\" content=\"article\" \/>\n<meta property=\"og:title\" content=\"Primera empresa para realizar los servicios de rampa en aeropuertos de Argentina - Aeroespacio\" \/>\n<meta property=\"og:description\" content=\"Esta semana, la Secretar\u00eda de Transporte de la Naci\u00f3n anunci\u00f3 que habilit\u00f3 a la empresa uruguaya Air Class Cargo S.A. [&hellip;]\" \/>\n<meta property=\"og:url\" content=\"https:\/\/aeroespacio.com.ar\/?p=15630\" \/>\n<meta property=\"og:site_name\" content=\"Aeroespacio\" \/>\n<meta property=\"article:published_time\" content=\"2025-01-08T12:42:58+00:00\" \/>\n<meta property=\"og:image\" content=\"https:\/\/aeroespacio.com.ar\/wp-content\/uploads\/2025\/01\/24.03.25_relevamiento_aep_semana_santa-37.jpg\" \/>\n\t<meta property=\"og:image:width\" content=\"1620\" \/>\n\t<meta property=\"og:image:height\" content=\"1080\" \/>\n\t<meta property=\"og:image:type\" content=\"image\/jpeg\" \/>\n<meta name=\"author\" content=\"Jose Operto\" \/>\n<meta name=\"twitter:card\" content=\"summary_large_image\" \/>\n<meta name=\"twitter:label1\" content=\"Escrito por\" \/>\n\t<meta name=\"twitter:data1\" content=\"Jose Operto\" \/>\n\t<meta name=\"twitter:label2\" content=\"Tiempo de lectura\" \/>\n\t<meta name=\"twitter:data2\" content=\"1 minuto\" \/>\n<script type=\"application\/ld+json\" class=\"yoast-schema-graph\">{\"@context\":\"https:\\\/\\\/schema.org\",\"@graph\":[{\"@type\":\"Article\",\"@id\":\"https:\\\/\\\/aeroespacio.com.ar\\\/?p=15630#article\",\"isPartOf\":{\"@id\":\"https:\\\/\\\/aeroespacio.com.ar\\\/?p=15630\"},\"author\":{\"name\":\"Jose Operto\",\"@id\":\"https:\\\/\\\/aeroespacio.com.ar\\\/#\\\/schema\\\/person\\\/6ed044bb77d2eec9f7615badbe365ffa\"},\"headline\":\"Primera empresa para realizar los servicios de rampa en aeropuertos de Argentina\",\"datePublished\":\"2025-01-08T12:42:58+00:00\",\"mainEntityOfPage\":{\"@id\":\"https:\\\/\\\/aeroespacio.com.ar\\\/?p=15630\"},\"wordCount\":290,\"commentCount\":0,\"image\":{\"@id\":\"https:\\\/\\\/aeroespacio.com.ar\\\/?p=15630#primaryimage\"},\"thumbnailUrl\":\"https:\\\/\\\/aeroespacio.com.ar\\\/wp-content\\\/uploads\\\/2025\\\/01\\\/24.03.25_relevamiento_aep_semana_santa-37.jpg\",\"keywords\":[\"#aeropuertos\",\"#AirClassCargo\",\"#aviacion\",\"#aviacioncomercial\",\"#handling\",\"#serviciderampa\"],\"articleSection\":[\"Aeropuertos\"],\"inLanguage\":\"es-AR\",\"potentialAction\":[{\"@type\":\"CommentAction\",\"name\":\"Comment\",\"target\":[\"https:\\\/\\\/aeroespacio.com.ar\\\/?p=15630#respond\"]}]},{\"@type\":\"WebPage\",\"@id\":\"https:\\\/\\\/aeroespacio.com.ar\\\/?p=15630\",\"url\":\"https:\\\/\\\/aeroespacio.com.ar\\\/?p=15630\",\"name\":\"Primera empresa para realizar los servicios de rampa en aeropuertos de Argentina - Aeroespacio\",\"isPartOf\":{\"@id\":\"https:\\\/\\\/aeroespacio.com.ar\\\/#website\"},\"primaryImageOfPage\":{\"@id\":\"https:\\\/\\\/aeroespacio.com.ar\\\/?p=15630#primaryimage\"},\"image\":{\"@id\":\"https:\\\/\\\/aeroespacio.com.ar\\\/?p=15630#primaryimage\"},\"thumbnailUrl\":\"https:\\\/\\\/aeroespacio.com.ar\\\/wp-content\\\/uploads\\\/2025\\\/01\\\/24.03.25_relevamiento_aep_semana_santa-37.jpg\",\"datePublished\":\"2025-01-08T12:42:58+00:00\",\"author\":{\"@id\":\"https:\\\/\\\/aeroespacio.com.ar\\\/#\\\/schema\\\/person\\\/6ed044bb77d2eec9f7615badbe365ffa\"},\"breadcrumb\":{\"@id\":\"https:\\\/\\\/aeroespacio.com.ar\\\/?p=15630#breadcrumb\"},\"inLanguage\":\"es-AR\",\"potentialAction\":[{\"@type\":\"ReadAction\",\"target\":[\"https:\\\/\\\/aeroespacio.com.ar\\\/?p=15630\"]}]},{\"@type\":\"ImageObject\",\"inLanguage\":\"es-AR\",\"@id\":\"https:\\\/\\\/aeroespacio.com.ar\\\/?p=15630#primaryimage\",\"url\":\"https:\\\/\\\/aeroespacio.com.ar\\\/wp-content\\\/uploads\\\/2025\\\/01\\\/24.03.25_relevamiento_aep_semana_santa-37.jpg\",\"contentUrl\":\"https:\\\/\\\/aeroespacio.com.ar\\\/wp-content\\\/uploads\\\/2025\\\/01\\\/24.03.25_relevamiento_aep_semana_santa-37.jpg\",\"width\":1620,\"height\":1080},{\"@type\":\"BreadcrumbList\",\"@id\":\"https:\\\/\\\/aeroespacio.com.ar\\\/?p=15630#breadcrumb\",\"itemListElement\":[{\"@type\":\"ListItem\",\"position\":1,\"name\":\"Inicio\",\"item\":\"https:\\\/\\\/aeroespacio.com.ar\\\/\"},{\"@type\":\"ListItem\",\"position\":2,\"name\":\"Primera empresa para realizar los servicios de rampa en aeropuertos de Argentina\"}]},{\"@type\":\"WebSite\",\"@id\":\"https:\\\/\\\/aeroespacio.com.ar\\\/#website\",\"url\":\"https:\\\/\\\/aeroespacio.com.ar\\\/\",\"name\":\"aeroespacio.com.ar\",\"description\":\"\",\"potentialAction\":[{\"@type\":\"SearchAction\",\"target\":{\"@type\":\"EntryPoint\",\"urlTemplate\":\"https:\\\/\\\/aeroespacio.com.ar\\\/?s={search_term_string}\"},\"query-input\":{\"@type\":\"PropertyValueSpecification\",\"valueRequired\":true,\"valueName\":\"search_term_string\"}}],\"inLanguage\":\"es-AR\"},{\"@type\":\"Person\",\"@id\":\"https:\\\/\\\/aeroespacio.com.ar\\\/#\\\/schema\\\/person\\\/6ed044bb77d2eec9f7615badbe365ffa\",\"name\":\"Jose Operto\",\"image\":{\"@type\":\"ImageObject\",\"inLanguage\":\"es-AR\",\"@id\":\"https:\\\/\\\/secure.gravatar.com\\\/avatar\\\/46c91e2630685531c0b0dd365ca4b4c391e308a6e5811841f817a41623f5da65?s=96&d=mm&r=g\",\"url\":\"https:\\\/\\\/secure.gravatar.com\\\/avatar\\\/46c91e2630685531c0b0dd365ca4b4c391e308a6e5811841f817a41623f5da65?s=96&d=mm&r=g\",\"contentUrl\":\"https:\\\/\\\/secure.gravatar.com\\\/avatar\\\/46c91e2630685531c0b0dd365ca4b4c391e308a6e5811841f817a41623f5da65?s=96&d=mm&r=g\",\"caption\":\"Jose Operto\"},\"url\":\"https:\\\/\\\/aeroespacio.com.ar\\\/?author=20\"}]}<\/script>\n<!-- \/ Yoast SEO plugin. -->","yoast_head_json":{"title":"Primera empresa para realizar los servicios de rampa en aeropuertos de Argentina - Aeroespacio","robots":{"index":"index","follow":"follow","max-snippet":"max-snippet:-1","max-image-preview":"max-image-preview:large","max-video-preview":"max-video-preview:-1"},"canonical":"https:\/\/aeroespacio.com.ar\/?p=15630","og_locale":"es_ES","og_type":"article","og_title":"Primera empresa para realizar los servicios de rampa en aeropuertos de Argentina - Aeroespacio","og_description":"Esta semana, la Secretar\u00eda de Transporte de la Naci\u00f3n anunci\u00f3 que habilit\u00f3 a la empresa uruguaya Air Class Cargo S.A. [&hellip;]","og_url":"https:\/\/aeroespacio.com.ar\/?p=15630","og_site_name":"Aeroespacio","article_published_time":"2025-01-08T12:42:58+00:00","og_image":[{"width":1620,"height":1080,"url":"https:\/\/aeroespacio.com.ar\/wp-content\/uploads\/2025\/01\/24.03.25_relevamiento_aep_semana_santa-37.jpg","type":"image\/jpeg"}],"author":"Jose Operto","twitter_card":"summary_large_image","twitter_misc":{"Escrito por":"Jose Operto","Tiempo de lectura":"1 minuto"},"schema":{"@context":"https:\/\/schema.org","@graph":[{"@type":"Article","@id":"https:\/\/aeroespacio.com.ar\/?p=15630#article","isPartOf":{"@id":"https:\/\/aeroespacio.com.ar\/?p=15630"},"author":{"name":"Jose Operto","@id":"https:\/\/aeroespacio.com.ar\/#\/schema\/person\/6ed044bb77d2eec9f7615badbe365ffa"},"headline":"Primera empresa para realizar los servicios de rampa en aeropuertos de Argentina","datePublished":"2025-01-08T12:42:58+00:00","mainEntityOfPage":{"@id":"https:\/\/aeroespacio.com.ar\/?p=15630"},"wordCount":290,"commentCount":0,"image":{"@id":"https:\/\/aeroespacio.com.ar\/?p=15630#primaryimage"},"thumbnailUrl":"https:\/\/aeroespacio.com.ar\/wp-content\/uploads\/2025\/01\/24.03.25_relevamiento_aep_semana_santa-37.jpg","keywords":["#aeropuertos","#AirClassCargo","#aviacion","#aviacioncomercial","#handling","#serviciderampa"],"articleSection":["Aeropuertos"],"inLanguage":"es-AR","potentialAction":[{"@type":"CommentAction","name":"Comment","target":["https:\/\/aeroespacio.com.ar\/?p=15630#respond"]}]},{"@type":"WebPage","@id":"https:\/\/aeroespacio.com.ar\/?p=15630","url":"https:\/\/aeroespacio.com.ar\/?p=15630","name":"Primera empresa para realizar los servicios de rampa en aeropuertos de Argentina - Aeroespacio","isPartOf":{"@id":"https:\/\/aeroespacio.com.ar\/#website"},"primaryImageOfPage":{"@id":"https:\/\/aeroespacio.com.ar\/?p=15630#primaryimage"},"image":{"@id":"https:\/\/aeroespacio.com.ar\/?p=15630#primaryimage"},"thumbnailUrl":"https:\/\/aeroespacio.com.ar\/wp-content\/uploads\/2025\/01\/24.03.25_relevamiento_aep_semana_santa-37.jpg","datePublished":"2025-01-08T12:42:58+00:00","author":{"@id":"https:\/\/aeroespacio.com.ar\/#\/schema\/person\/6ed044bb77d2eec9f7615badbe365ffa"},"breadcrumb":{"@id":"https:\/\/aeroespacio.com.ar\/?p=15630#breadcrumb"},"inLanguage":"es-AR","potentialAction":[{"@type":"ReadAction","target":["https:\/\/aeroespacio.com.ar\/?p=15630"]}]},{"@type":"ImageObject","inLanguage":"es-AR","@id":"https:\/\/aeroespacio.com.ar\/?p=15630#primaryimage","url":"https:\/\/aeroespacio.com.ar\/wp-content\/uploads\/2025\/01\/24.03.25_relevamiento_aep_semana_santa-37.jpg","contentUrl":"https:\/\/aeroespacio.com.ar\/wp-content\/uploads\/2025\/01\/24.03.25_relevamiento_aep_semana_santa-37.jpg","width":1620,"height":1080},{"@type":"BreadcrumbList","@id":"https:\/\/aeroespacio.com.ar\/?p=15630#breadcrumb","itemListElement":[{"@type":"ListItem","position":1,"name":"Inicio","item":"https:\/\/aeroespacio.com.ar\/"},{"@type":"ListItem","position":2,"name":"Primera empresa para realizar los servicios de rampa en aeropuertos de Argentina"}]},{"@type":"WebSite","@id":"https:\/\/aeroespacio.com.ar\/#website","url":"https:\/\/aeroespacio.com.ar\/","name":"aeroespacio.com.ar","description":"","potentialAction":[{"@type":"SearchAction","target":{"@type":"EntryPoint","urlTemplate":"https:\/\/aeroespacio.com.ar\/?s={search_term_string}"},"query-input":{"@type":"PropertyValueSpecification","valueRequired":true,"valueName":"search_term_string"}}],"inLanguage":"es-AR"},{"@type":"Person","@id":"https:\/\/aeroespacio.com.ar\/#\/schema\/person\/6ed044bb77d2eec9f7615badbe365ffa","name":"Jose Operto","image":{"@type":"ImageObject","inLanguage":"es-AR","@id":"https:\/\/secure.gravatar.com\/avatar\/46c91e2630685531c0b0dd365ca4b4c391e308a6e5811841f817a41623f5da65?s=96&d=mm&r=g","url":"https:\/\/secure.gravatar.com\/avatar\/46c91e2630685531c0b0dd365ca4b4c391e308a6e5811841f817a41623f5da65?s=96&d=mm&r=g","contentUrl":"https:\/\/secure.gravatar.com\/avatar\/46c91e2630685531c0b0dd365ca4b4c391e308a6e5811841f817a41623f5da65?s=96&d=mm&r=g","caption":"Jose Operto"},"url":"https:\/\/aeroespacio.com.ar\/?author=20"}]}},"rttpg_featured_image_url":{"full":["https:\/\/aeroespacio.com.ar\/wp-content\/uploads\/2025\/01\/24.03.25_relevamiento_aep_semana_santa-37.jpg",1620,1080,false],"landscape":["https:\/\/aeroespacio.com.ar\/wp-content\/uploads\/2025\/01\/24.03.25_relevamiento_aep_semana_santa-37.jpg",1620,1080,false],"portraits":["https:\/\/aeroespacio.com.ar\/wp-content\/uploads\/2025\/01\/24.03.25_relevamiento_aep_semana_santa-37.jpg",1620,1080,false],"thumbnail":["https:\/\/aeroespacio.com.ar\/wp-content\/uploads\/2025\/01\/24.03.25_relevamiento_aep_semana_santa-37-150x150.jpg",150,150,true],"medium":["https:\/\/aeroespacio.com.ar\/wp-content\/uploads\/2025\/01\/24.03.25_relevamiento_aep_semana_santa-37-300x200.jpg",300,200,true],"large":["https:\/\/aeroespacio.com.ar\/wp-content\/uploads\/2025\/01\/24.03.25_relevamiento_aep_semana_santa-37-1024x683.jpg",1024,683,true],"1536x1536":["https:\/\/aeroespacio.com.ar\/wp-content\/uploads\/2025\/01\/24.03.25_relevamiento_aep_semana_santa-37-1536x1024.jpg",1536,1024,true],"2048x2048":["https:\/\/aeroespacio.com.ar\/wp-content\/uploads\/2025\/01\/24.03.25_relevamiento_aep_semana_santa-37.jpg",1620,1080,false]},"rttpg_author":{"display_name":"Jose Operto","author_link":"https:\/\/aeroespacio.com.ar\/?author=20"},"rttpg_comment":0,"rttpg_category":"<a href=\"https:\/\/aeroespacio.com.ar\/?cat=1444\" rel=\"category\">Aeropuertos<\/a>","rttpg_excerpt":"Esta semana, la Secretar\u00eda de Transporte de la Naci\u00f3n anunci\u00f3 que habilit\u00f3 a la empresa uruguaya Air Class Cargo S.A. [&hellip;]","_links":{"self":[{"href":"https:\/\/aeroespacio.com.ar\/index.php?rest_route=\/wp\/v2\/posts\/15630","targetHints":{"allow":["GET"]}}],"collection":[{"href":"https:\/\/aeroespacio.com.ar\/index.php?rest_route=\/wp\/v2\/posts"}],"about":[{"href":"https:\/\/aeroespacio.com.ar\/index.php?rest_route=\/wp\/v2\/types\/post"}],"author":[{"embeddable":true,"href":"https:\/\/aeroespacio.com.ar\/index.php?rest_route=\/wp\/v2\/users\/20"}],"replies":[{"embeddable":true,"href":"https:\/\/aeroespacio.com.ar\/index.php?rest_route=%2Fwp%2Fv2%2Fcomments&post=15630"}],"version-history":[{"count":1,"href":"https:\/\/aeroespacio.com.ar\/index.php?rest_route=\/wp\/v2\/posts\/15630\/revisions"}],"predecessor-version":[{"id":15632,"href":"https:\/\/aeroespacio.com.ar\/index.php?rest_route=\/wp\/v2\/posts\/15630\/revisions\/15632"}],"wp:featuredmedia":[{"embeddable":true,"href":"https:\/\/aeroespacio.com.ar\/index.php?rest_route=\/wp\/v2\/media\/15631"}],"wp:attachment":[{"href":"https:\/\/aeroespacio.com.ar\/index.php?rest_route=%2Fwp%2Fv2%2Fmedia&parent=15630"}],"wp:term":[{"taxonomy":"category","embeddable":true,"href":"https:\/\/aeroespacio.com.ar\/index.php?rest_route=%2Fwp%2Fv2%2Fcategories&post=15630"},{"taxonomy":"post_tag","embeddable":true,"href":"https:\/\/aeroespacio.com.ar\/index.php?rest_route=%2Fwp%2Fv2%2Ftags&post=15630"}],"curies":[{"name":"wp","href":"https:\/\/api.w.org\/{rel}","templated":true}]}}