{"id":11701,"date":"2024-11-20T13:58:30","date_gmt":"2024-11-20T16:58:30","guid":{"rendered":"http:\/\/192.168.0.98\/?p=11701"},"modified":"2024-11-20T13:58:30","modified_gmt":"2024-11-20T16:58:30","slug":"internacionalizacion-del-aeropuerto-sauce-viejo-de-la-ciudad-de-santa-fe","status":"publish","type":"post","link":"https:\/\/aeroespacio.com.ar\/?p=11701","title":{"rendered":"Internacionalizaci\u00f3n del Aeropuerto Sauce Viejo de la ciudad de Santa Fe"},"content":{"rendered":"\n<figure class=\"wp-block-image size-full\"><img decoding=\"async\" src=\"https:\/\/aeroespacio.com.ar\/wp-content\/uploads\/2024\/11\/El-Aeropuerto-Sauce-Viejo-pasa-a-ser-Internacional-web02-960x640-1.jpg\" alt=\"\" class=\"wp-image-11702\"\/><\/figure>\n\n\n\n<p>A trav\u00e9s de la Resoluci\u00f3n&nbsp;489\/2024 publicada en el Bolet\u00edn Oficial, se dio a conocer que la&nbsp;Administraci\u00f3n Nacional de Aviaci\u00f3n Civil (ANAC) recategoriz\u00f3 al Aeropuerto Sauce Viejo como&nbsp;\u201cAeropuerto Internacional Sauce Viejo\u201d.&nbsp;Esto permitir\u00e1 la operaci\u00f3n regular de los servicios aerocomerciales desde y hacia el exterior del pa\u00eds.&nbsp;<\/p>\n\n\n\n<p>La ANAC, que depende de la Secretar\u00eda de Transporte del Ministerio de Econom\u00eda de la Naci\u00f3n, luego de realizar un trabajo de inspecciones y verificaciones t\u00e9cnicas, aprob\u00f3 la infraestructura edilicia y tecnol\u00f3gica bajo los par\u00e1metros necesarios para que sea internacional.<\/p>\n\n\n\n<p>La recategorizaci\u00f3n es de gran importancia para el sistema de transporte a\u00e9reo de la regi\u00f3n, que busca potenciar el desarrollo econ\u00f3mico de la provincia de Santa Fe y sus alrededores.<\/p>\n\n\n\n<p>Cabe mencionar que este aeropuerto ya cuenta con la Certificaci\u00f3n otorgada por la ANAC, requisito de la Organizaci\u00f3n de Aviaci\u00f3n Civil Internacional (OACI), que garantiza operaciones seguras con un est\u00e1ndar com\u00fan a todos los pa\u00edses del mundo, para poder recibir m\u00e1s aerol\u00edneas, operar m\u00e1s rutas y ofrecer la posibilidad a los pasajeros de conectar con el exterior sin pasar por Buenos Aires.<\/p>\n\n\n\n<p>Las obras de infraestructura necesarias para lograr la elevaci\u00f3n de categor\u00eda fueron realizadas por el Gobierno de la provincia de Santa Fe. De esta manera, se garantizan los servicios de sanidad, aduana y migraciones, que ser\u00e1n prestados por las autoridades competentes, en coordinaci\u00f3n con el Ente Aut\u00e1rquico Aeropuerto Sauce Viejo.<\/p>\n\n\n\n<p>Fuente y foto: Secretar\u00eda de Transporte de la Naci\u00f3n<\/p>\n","protected":false},"excerpt":{"rendered":"<p>A trav\u00e9s de la Resoluci\u00f3n&nbsp;489\/2024 publicada en el Bolet\u00edn Oficial, se dio a conocer que la&nbsp;Administraci\u00f3n Nacional de Aviaci\u00f3n Civil [&hellip;]<\/p>\n","protected":false},"author":20,"featured_media":11702,"comment_status":"open","ping_status":"open","sticky":false,"template":"","format":"standard","meta":{"site-sidebar-layout":"default","site-content-layout":"","ast-site-content-layout":"default","site-content-style":"default","site-sidebar-style":"default","ast-global-header-display":"","ast-banner-title-visibility":"","ast-main-header-display":"","ast-hfb-above-header-display":"","ast-hfb-below-header-display":"","ast-hfb-mobile-header-display":"","site-post-title":"","ast-breadcrumbs-content":"","ast-featured-img":"","footer-sml-layout":"","ast-disable-related-posts":"","theme-transparent-header-meta":"","adv-header-id-meta":"","stick-header-meta":"","header-above-stick-meta":"","header-main-stick-meta":"","header-below-stick-meta":"","astra-migrate-meta-layouts":"default","ast-page-background-enabled":"default","ast-page-background-meta":{"desktop":{"background-color":"var(--ast-global-color-5)","background-image":"","background-repeat":"repeat","background-position":"center center","background-size":"auto","background-attachment":"scroll","background-type":"","background-media":"","overlay-type":"","overlay-color":"","overlay-opacity":"","overlay-gradient":""},"tablet":{"background-color":"","background-image":"","background-repeat":"repeat","background-position":"center center","background-size":"auto","background-attachment":"scroll","background-type":"","background-media":"","overlay-type":"","overlay-color":"","overlay-opacity":"","overlay-gradient":""},"mobile":{"background-color":"","background-image":"","background-repeat":"repeat","background-position":"center center","background-size":"auto","background-attachment":"scroll","background-type":"","background-media":"","overlay-type":"","overlay-color":"","overlay-opacity":"","overlay-gradient":""}},"ast-content-background-meta":{"desktop":{"background-color":"var(--ast-global-color-4)","background-image":"","background-repeat":"repeat","background-position":"center center","background-size":"auto","background-attachment":"scroll","background-type":"","background-media":"","overlay-type":"","overlay-color":"","overlay-opacity":"","overlay-gradient":""},"tablet":{"background-color":"var(--ast-global-color-4)","background-image":"","background-repeat":"repeat","background-position":"center center","background-size":"auto","background-attachment":"scroll","background-type":"","background-media":"","overlay-type":"","overlay-color":"","overlay-opacity":"","overlay-gradient":""},"mobile":{"background-color":"var(--ast-global-color-4)","background-image":"","background-repeat":"repeat","background-position":"center center","background-size":"auto","background-attachment":"scroll","background-type":"","background-media":"","overlay-type":"","overlay-color":"","overlay-opacity":"","overlay-gradient":""}},"_joinchat":[],"footnotes":""},"categories":[1444],"tags":[1517,1518,1492,10,769,1305,1306],"class_list":["post-11701","post","type-post","status-publish","format-standard","has-post-thumbnail","hentry","category-aeropuertos","tag-aeropuertointernacional","tag-aeropuertointernacionalsauceviejo","tag-anac-2","tag-aviacion-2","tag-oaci-2","tag-santafe","tag-secretariadetransportedelanacion"],"yoast_head":"<!-- This site is optimized with the Yoast SEO plugin v27.3 - https:\/\/yoast.com\/product\/yoast-seo-wordpress\/ -->\n<title>Internacionalizaci\u00f3n del Aeropuerto Sauce Viejo de la ciudad de Santa Fe - Aeroespacio<\/title>\n<meta name=\"robots\" content=\"index, follow, max-snippet:-1, max-image-preview:large, max-video-preview:-1\" \/>\n<link rel=\"canonical\" href=\"https:\/\/aeroespacio.com.ar\/?p=11701\" \/>\n<meta property=\"og:locale\" content=\"es_ES\" \/>\n<meta property=\"og:type\" content=\"article\" \/>\n<meta property=\"og:title\" content=\"Internacionalizaci\u00f3n del Aeropuerto Sauce Viejo de la ciudad de Santa Fe - Aeroespacio\" \/>\n<meta property=\"og:description\" content=\"A trav\u00e9s de la Resoluci\u00f3n&nbsp;489\/2024 publicada en el Bolet\u00edn Oficial, se dio a conocer que la&nbsp;Administraci\u00f3n Nacional de Aviaci\u00f3n Civil [&hellip;]\" \/>\n<meta property=\"og:url\" content=\"https:\/\/aeroespacio.com.ar\/?p=11701\" \/>\n<meta property=\"og:site_name\" content=\"Aeroespacio\" \/>\n<meta property=\"article:published_time\" content=\"2024-11-20T16:58:30+00:00\" \/>\n<meta name=\"author\" content=\"Jose Operto\" \/>\n<meta name=\"twitter:card\" content=\"summary_large_image\" \/>\n<meta name=\"twitter:label1\" content=\"Escrito por\" \/>\n\t<meta name=\"twitter:data1\" content=\"Jose Operto\" \/>\n\t<meta name=\"twitter:label2\" content=\"Tiempo de lectura\" \/>\n\t<meta name=\"twitter:data2\" content=\"2 minutos\" \/>\n<script type=\"application\/ld+json\" class=\"yoast-schema-graph\">{\"@context\":\"https:\\\/\\\/schema.org\",\"@graph\":[{\"@type\":\"Article\",\"@id\":\"https:\\\/\\\/aeroespacio.com.ar\\\/?p=11701#article\",\"isPartOf\":{\"@id\":\"https:\\\/\\\/aeroespacio.com.ar\\\/?p=11701\"},\"author\":{\"name\":\"Jose Operto\",\"@id\":\"https:\\\/\\\/aeroespacio.com.ar\\\/#\\\/schema\\\/person\\\/6ed044bb77d2eec9f7615badbe365ffa\"},\"headline\":\"Internacionalizaci\u00f3n del Aeropuerto Sauce Viejo de la ciudad de Santa Fe\",\"datePublished\":\"2024-11-20T16:58:30+00:00\",\"mainEntityOfPage\":{\"@id\":\"https:\\\/\\\/aeroespacio.com.ar\\\/?p=11701\"},\"wordCount\":289,\"commentCount\":0,\"image\":{\"@id\":\"https:\\\/\\\/aeroespacio.com.ar\\\/?p=11701#primaryimage\"},\"thumbnailUrl\":\"\",\"keywords\":[\"#aeropuertoInternacional\",\"#AeropuertoInternacionalSauceViejo\",\"#ANAC\",\"#aviacion\",\"#OACI\",\"#SantaFe\",\"#SecretariadeTransportedelaNacion\"],\"articleSection\":[\"Aeropuertos\"],\"inLanguage\":\"es-AR\",\"potentialAction\":[{\"@type\":\"CommentAction\",\"name\":\"Comment\",\"target\":[\"https:\\\/\\\/aeroespacio.com.ar\\\/?p=11701#respond\"]}]},{\"@type\":\"WebPage\",\"@id\":\"https:\\\/\\\/aeroespacio.com.ar\\\/?p=11701\",\"url\":\"https:\\\/\\\/aeroespacio.com.ar\\\/?p=11701\",\"name\":\"Internacionalizaci\u00f3n del Aeropuerto Sauce Viejo de la ciudad de Santa Fe - Aeroespacio\",\"isPartOf\":{\"@id\":\"https:\\\/\\\/aeroespacio.com.ar\\\/#website\"},\"primaryImageOfPage\":{\"@id\":\"https:\\\/\\\/aeroespacio.com.ar\\\/?p=11701#primaryimage\"},\"image\":{\"@id\":\"https:\\\/\\\/aeroespacio.com.ar\\\/?p=11701#primaryimage\"},\"thumbnailUrl\":\"\",\"datePublished\":\"2024-11-20T16:58:30+00:00\",\"author\":{\"@id\":\"https:\\\/\\\/aeroespacio.com.ar\\\/#\\\/schema\\\/person\\\/6ed044bb77d2eec9f7615badbe365ffa\"},\"breadcrumb\":{\"@id\":\"https:\\\/\\\/aeroespacio.com.ar\\\/?p=11701#breadcrumb\"},\"inLanguage\":\"es-AR\",\"potentialAction\":[{\"@type\":\"ReadAction\",\"target\":[\"https:\\\/\\\/aeroespacio.com.ar\\\/?p=11701\"]}]},{\"@type\":\"ImageObject\",\"inLanguage\":\"es-AR\",\"@id\":\"https:\\\/\\\/aeroespacio.com.ar\\\/?p=11701#primaryimage\",\"url\":\"\",\"contentUrl\":\"\"},{\"@type\":\"BreadcrumbList\",\"@id\":\"https:\\\/\\\/aeroespacio.com.ar\\\/?p=11701#breadcrumb\",\"itemListElement\":[{\"@type\":\"ListItem\",\"position\":1,\"name\":\"Inicio\",\"item\":\"https:\\\/\\\/aeroespacio.com.ar\\\/\"},{\"@type\":\"ListItem\",\"position\":2,\"name\":\"Internacionalizaci\u00f3n del Aeropuerto Sauce Viejo de la ciudad de Santa Fe\"}]},{\"@type\":\"WebSite\",\"@id\":\"https:\\\/\\\/aeroespacio.com.ar\\\/#website\",\"url\":\"https:\\\/\\\/aeroespacio.com.ar\\\/\",\"name\":\"aeroespacio.com.ar\",\"description\":\"\",\"potentialAction\":[{\"@type\":\"SearchAction\",\"target\":{\"@type\":\"EntryPoint\",\"urlTemplate\":\"https:\\\/\\\/aeroespacio.com.ar\\\/?s={search_term_string}\"},\"query-input\":{\"@type\":\"PropertyValueSpecification\",\"valueRequired\":true,\"valueName\":\"search_term_string\"}}],\"inLanguage\":\"es-AR\"},{\"@type\":\"Person\",\"@id\":\"https:\\\/\\\/aeroespacio.com.ar\\\/#\\\/schema\\\/person\\\/6ed044bb77d2eec9f7615badbe365ffa\",\"name\":\"Jose Operto\",\"image\":{\"@type\":\"ImageObject\",\"inLanguage\":\"es-AR\",\"@id\":\"https:\\\/\\\/secure.gravatar.com\\\/avatar\\\/46c91e2630685531c0b0dd365ca4b4c391e308a6e5811841f817a41623f5da65?s=96&d=mm&r=g\",\"url\":\"https:\\\/\\\/secure.gravatar.com\\\/avatar\\\/46c91e2630685531c0b0dd365ca4b4c391e308a6e5811841f817a41623f5da65?s=96&d=mm&r=g\",\"contentUrl\":\"https:\\\/\\\/secure.gravatar.com\\\/avatar\\\/46c91e2630685531c0b0dd365ca4b4c391e308a6e5811841f817a41623f5da65?s=96&d=mm&r=g\",\"caption\":\"Jose Operto\"},\"url\":\"https:\\\/\\\/aeroespacio.com.ar\\\/?author=20\"}]}<\/script>\n<!-- \/ Yoast SEO plugin. -->","yoast_head_json":{"title":"Internacionalizaci\u00f3n del Aeropuerto Sauce Viejo de la ciudad de Santa Fe - Aeroespacio","robots":{"index":"index","follow":"follow","max-snippet":"max-snippet:-1","max-image-preview":"max-image-preview:large","max-video-preview":"max-video-preview:-1"},"canonical":"https:\/\/aeroespacio.com.ar\/?p=11701","og_locale":"es_ES","og_type":"article","og_title":"Internacionalizaci\u00f3n del Aeropuerto Sauce Viejo de la ciudad de Santa Fe - Aeroespacio","og_description":"A trav\u00e9s de la Resoluci\u00f3n&nbsp;489\/2024 publicada en el Bolet\u00edn Oficial, se dio a conocer que la&nbsp;Administraci\u00f3n Nacional de Aviaci\u00f3n Civil [&hellip;]","og_url":"https:\/\/aeroespacio.com.ar\/?p=11701","og_site_name":"Aeroespacio","article_published_time":"2024-11-20T16:58:30+00:00","author":"Jose Operto","twitter_card":"summary_large_image","twitter_misc":{"Escrito por":"Jose Operto","Tiempo de lectura":"2 minutos"},"schema":{"@context":"https:\/\/schema.org","@graph":[{"@type":"Article","@id":"https:\/\/aeroespacio.com.ar\/?p=11701#article","isPartOf":{"@id":"https:\/\/aeroespacio.com.ar\/?p=11701"},"author":{"name":"Jose Operto","@id":"https:\/\/aeroespacio.com.ar\/#\/schema\/person\/6ed044bb77d2eec9f7615badbe365ffa"},"headline":"Internacionalizaci\u00f3n del Aeropuerto Sauce Viejo de la ciudad de Santa Fe","datePublished":"2024-11-20T16:58:30+00:00","mainEntityOfPage":{"@id":"https:\/\/aeroespacio.com.ar\/?p=11701"},"wordCount":289,"commentCount":0,"image":{"@id":"https:\/\/aeroespacio.com.ar\/?p=11701#primaryimage"},"thumbnailUrl":"","keywords":["#aeropuertoInternacional","#AeropuertoInternacionalSauceViejo","#ANAC","#aviacion","#OACI","#SantaFe","#SecretariadeTransportedelaNacion"],"articleSection":["Aeropuertos"],"inLanguage":"es-AR","potentialAction":[{"@type":"CommentAction","name":"Comment","target":["https:\/\/aeroespacio.com.ar\/?p=11701#respond"]}]},{"@type":"WebPage","@id":"https:\/\/aeroespacio.com.ar\/?p=11701","url":"https:\/\/aeroespacio.com.ar\/?p=11701","name":"Internacionalizaci\u00f3n del Aeropuerto Sauce Viejo de la ciudad de Santa Fe - Aeroespacio","isPartOf":{"@id":"https:\/\/aeroespacio.com.ar\/#website"},"primaryImageOfPage":{"@id":"https:\/\/aeroespacio.com.ar\/?p=11701#primaryimage"},"image":{"@id":"https:\/\/aeroespacio.com.ar\/?p=11701#primaryimage"},"thumbnailUrl":"","datePublished":"2024-11-20T16:58:30+00:00","author":{"@id":"https:\/\/aeroespacio.com.ar\/#\/schema\/person\/6ed044bb77d2eec9f7615badbe365ffa"},"breadcrumb":{"@id":"https:\/\/aeroespacio.com.ar\/?p=11701#breadcrumb"},"inLanguage":"es-AR","potentialAction":[{"@type":"ReadAction","target":["https:\/\/aeroespacio.com.ar\/?p=11701"]}]},{"@type":"ImageObject","inLanguage":"es-AR","@id":"https:\/\/aeroespacio.com.ar\/?p=11701#primaryimage","url":"","contentUrl":""},{"@type":"BreadcrumbList","@id":"https:\/\/aeroespacio.com.ar\/?p=11701#breadcrumb","itemListElement":[{"@type":"ListItem","position":1,"name":"Inicio","item":"https:\/\/aeroespacio.com.ar\/"},{"@type":"ListItem","position":2,"name":"Internacionalizaci\u00f3n del Aeropuerto Sauce Viejo de la ciudad de Santa Fe"}]},{"@type":"WebSite","@id":"https:\/\/aeroespacio.com.ar\/#website","url":"https:\/\/aeroespacio.com.ar\/","name":"aeroespacio.com.ar","description":"","potentialAction":[{"@type":"SearchAction","target":{"@type":"EntryPoint","urlTemplate":"https:\/\/aeroespacio.com.ar\/?s={search_term_string}"},"query-input":{"@type":"PropertyValueSpecification","valueRequired":true,"valueName":"search_term_string"}}],"inLanguage":"es-AR"},{"@type":"Person","@id":"https:\/\/aeroespacio.com.ar\/#\/schema\/person\/6ed044bb77d2eec9f7615badbe365ffa","name":"Jose Operto","image":{"@type":"ImageObject","inLanguage":"es-AR","@id":"https:\/\/secure.gravatar.com\/avatar\/46c91e2630685531c0b0dd365ca4b4c391e308a6e5811841f817a41623f5da65?s=96&d=mm&r=g","url":"https:\/\/secure.gravatar.com\/avatar\/46c91e2630685531c0b0dd365ca4b4c391e308a6e5811841f817a41623f5da65?s=96&d=mm&r=g","contentUrl":"https:\/\/secure.gravatar.com\/avatar\/46c91e2630685531c0b0dd365ca4b4c391e308a6e5811841f817a41623f5da65?s=96&d=mm&r=g","caption":"Jose Operto"},"url":"https:\/\/aeroespacio.com.ar\/?author=20"}]}},"rttpg_featured_image_url":null,"rttpg_author":{"display_name":"Jose Operto","author_link":"https:\/\/aeroespacio.com.ar\/?author=20"},"rttpg_comment":0,"rttpg_category":"<a href=\"https:\/\/aeroespacio.com.ar\/?cat=1444\" rel=\"category\">Aeropuertos<\/a>","rttpg_excerpt":"A trav\u00e9s de la Resoluci\u00f3n&nbsp;489\/2024 publicada en el Bolet\u00edn Oficial, se dio a conocer que la&nbsp;Administraci\u00f3n Nacional de Aviaci\u00f3n Civil [&hellip;]","_links":{"self":[{"href":"https:\/\/aeroespacio.com.ar\/index.php?rest_route=\/wp\/v2\/posts\/11701","targetHints":{"allow":["GET"]}}],"collection":[{"href":"https:\/\/aeroespacio.com.ar\/index.php?rest_route=\/wp\/v2\/posts"}],"about":[{"href":"https:\/\/aeroespacio.com.ar\/index.php?rest_route=\/wp\/v2\/types\/post"}],"author":[{"embeddable":true,"href":"https:\/\/aeroespacio.com.ar\/index.php?rest_route=\/wp\/v2\/users\/20"}],"replies":[{"embeddable":true,"href":"https:\/\/aeroespacio.com.ar\/index.php?rest_route=%2Fwp%2Fv2%2Fcomments&post=11701"}],"version-history":[{"count":0,"href":"https:\/\/aeroespacio.com.ar\/index.php?rest_route=\/wp\/v2\/posts\/11701\/revisions"}],"wp:featuredmedia":[{"embeddable":true,"href":"https:\/\/aeroespacio.com.ar\/index.php?rest_route=\/"}],"wp:attachment":[{"href":"https:\/\/aeroespacio.com.ar\/index.php?rest_route=%2Fwp%2Fv2%2Fmedia&parent=11701"}],"wp:term":[{"taxonomy":"category","embeddable":true,"href":"https:\/\/aeroespacio.com.ar\/index.php?rest_route=%2Fwp%2Fv2%2Fcategories&post=11701"},{"taxonomy":"post_tag","embeddable":true,"href":"https:\/\/aeroespacio.com.ar\/index.php?rest_route=%2Fwp%2Fv2%2Ftags&post=11701"}],"curies":[{"name":"wp","href":"https:\/\/api.w.org\/{rel}","templated":true}]}}